
{"id":4472,"date":"2009-07-29T22:14:03","date_gmt":"2009-07-30T01:14:03","guid":{"rendered":"http:\/\/www.oarcanjo.net\/site\/?p=4472"},"modified":"2009-07-29T22:17:52","modified_gmt":"2009-07-30T01:17:52","slug":"ato-relembra-morte-de-morador-de-rua-e-questiona-atendimento-de-saude-publica","status":"publish","type":"post","link":"https:\/\/www.oarcanjo.net\/site\/ato-relembra-morte-de-morador-de-rua-e-questiona-atendimento-de-saude-publica\/","title":{"rendered":"Ato relembra morte de morador de rua e questiona atendimento de sa\u00fade p\u00fablica"},"content":{"rendered":"<p><span>Ag\u00eancia Adital<\/span><\/p>\n<p><span>Rua 8 de Setembro, Papicu, Fortaleza  (CE). Manh\u00e3 do dia 13 de julho. Um morador de rua passa mal e precisa de  atendimento m\u00e9dico. Moradores da regi\u00e3o chamam o Servi\u00e7o de Atendimento M\u00f3vel de  Urg\u00eancia (SAMU), em v\u00e3o. Ningu\u00e9m aparece. \u00c0 tarde, ainda sem receber cuidados  m\u00e9dicos, o morador n\u00e3o identificado, falece. Apenas nessa hora, aparecem o Ronda  do Quarteir\u00e3o (ronda policial) e o carro do Instituto M\u00e9dico Legal (IML) para  resgatar o corpo.Indignada com a situa\u00e7\u00e3o, a Pastoral do Povo da Rua de Fortaleza, programou  um momento celebrativo em mem\u00f3ria do cidad\u00e3o. De acordo com Fernanda Gon\u00e7alves,  Secret\u00e1ria Executiva da Pastoral, essa n\u00e3o \u00e9 a primeira vez que um morador de  rua v\u00ea negado o acesso \u00e0 sa\u00fade p\u00fablica. Por\u00e9m, neste caso, o resultado foi o  \u00f3bito.<\/span><\/p>\n<p>Uma das lutas da Pastoral do Povo da Rua \u00e9 garantir atendimento m\u00e9dico para  essa popula\u00e7\u00e3o. &#8220;Por que um morador de rua n\u00e3o tem direito \u00e0 sa\u00fade?&#8221;, questiona  a secret\u00e1ria. Para ela, o atendimento m\u00e9dico deve ser feito independente da  identifica\u00e7\u00e3o. &#8220;Todos t\u00eam direito ao atendimento \u00e0 sa\u00fade, mesmo sem documento&#8221;,  afirma.<\/p>\n<p>Ainda segundo Fernanda, o \u2018povo da rua\u2019 tem a caracter\u00edstica, de n\u00e3o revelar  sua origem e seu nome. \u00c0s vezes, eles usam nomes diferentes, o que dificulta na  hora de verificar a identidade real. &#8220;Ficamos muito tristes porque gostar\u00edamos  de saber quem ele era, fazer contato com a fam\u00edlia, saber a cidade onde nasceu,  para fazermos um sepultamento digno. Mesmo assim, celebraremos em mem\u00f3ria ao ser  humano&#8221;, enfatiza Fernanda.<\/p>\n<p>O momento celebrativo ser\u00e1 realizado amanh\u00e3 (30), \u00e0s 16h30, na rua 8 de  Setembro, Papicu, local onde a v\u00edtima viveu e faleceu. Padre Lino Allegri, da  Pastoral do Povo de Rua, conduzir\u00e1 o momento que tem o objetivo de renovar a  esperan\u00e7a para essa popula\u00e7\u00e3o e criticar o atual modelo de atendimento da sa\u00fade  p\u00fablica.<\/p>\n<p>S\u00e3o esperados para a ocasi\u00e3o moradores de rua, Pastorais Sociais, Comunidades  Eclesiais de Base (CEBs), movimentos sociais, Centro de Defesa pela Vida e um  representante do Movimento Nacional da Popula\u00e7\u00e3o de Rua. Al\u00e9m dessas pessoas,  tamb\u00e9m foram convidados representantes da sa\u00fade p\u00fablica da cidade.<\/p>\n<p>Mais informa\u00e7\u00f5es com Fernanda Gon\u00e7alves (85) 3388 8706 &#8211; Secret\u00e1ria Executiva  da Pastoral do Povo da Rua da Arquidiocese Fortaleza.<\/p>\n<p><em>&#8220;Miss\u00e3o \u00e9 partir, caminhar, deixar tudo, sair de si, quebrar a crosta do  ego\u00edsmo que nos fecha no nosso eu. \u00c9 parar de dar voltas ao redor de n\u00f3s mesmos,  como se f\u00f4ssemos o centro do mundo e da vida&#8230;. a humanidade \u00e9 maior.&#8221;<br \/>\n<span style=\"font-style: normal;\">Dom  Helder Camara.<\/span><\/em><\/p>\n<div id=\"themify_builder_content-4472\" data-postid=\"4472\" class=\"themify_builder_content themify_builder_content-4472 themify_builder themify_builder_front\">\n\t<\/div>\n<!-- \/themify_builder_content -->","protected":false},"excerpt":{"rendered":"<p>Ag\u00eancia Adital Rua 8 de Setembro, Papicu, Fortaleza (CE). Manh\u00e3 do dia 13 de julho. Um morador de rua passa mal e precisa de atendimento m\u00e9dico. Moradores da regi\u00e3o chamam o Servi\u00e7o de Atendimento M\u00f3vel de Urg\u00eancia (SAMU), em v\u00e3o. Ningu\u00e9m aparece. \u00c0 tarde, ainda sem receber cuidados m\u00e9dicos, o morador n\u00e3o identificado, falece. Apenas [&hellip;]<\/p>\n","protected":false},"author":5,"featured_media":0,"comment_status":"open","ping_status":"open","sticky":false,"template":"","format":"standard","meta":{"ngg_post_thumbnail":0,"footnotes":""},"categories":[8],"tags":[916,949],"yoast_head":"<!-- This site is optimized with the Yoast SEO plugin v23.5 - https:\/\/yoast.com\/wordpress\/plugins\/seo\/ -->\n<title>Ato relembra morte de morador de rua e questiona atendimento de sa\u00fade p\u00fablica - O Arcanjo no ar<\/title>\n<meta name=\"robots\" content=\"index, follow, max-snippet:-1, max-image-preview:large, max-video-preview:-1\" \/>\n<link rel=\"canonical\" href=\"https:\/\/www.oarcanjo.net\/site\/ato-relembra-morte-de-morador-de-rua-e-questiona-atendimento-de-saude-publica\/\" \/>\n<meta property=\"og:locale\" content=\"pt_BR\" \/>\n<meta property=\"og:type\" content=\"article\" \/>\n<meta property=\"og:title\" content=\"Ato relembra morte de morador de rua e questiona atendimento de sa\u00fade p\u00fablica - O Arcanjo no ar\" \/>\n<meta property=\"og:description\" content=\"Ag\u00eancia Adital Rua 8 de Setembro, Papicu, Fortaleza (CE). Manh\u00e3 do dia 13 de julho. Um morador de rua passa mal e precisa de atendimento m\u00e9dico. Moradores da regi\u00e3o chamam o Servi\u00e7o de Atendimento M\u00f3vel de Urg\u00eancia (SAMU), em v\u00e3o. Ningu\u00e9m aparece. \u00c0 tarde, ainda sem receber cuidados m\u00e9dicos, o morador n\u00e3o identificado, falece. Apenas [&hellip;]\" \/>\n<meta property=\"og:url\" content=\"https:\/\/www.oarcanjo.net\/site\/ato-relembra-morte-de-morador-de-rua-e-questiona-atendimento-de-saude-publica\/\" \/>\n<meta property=\"og:site_name\" content=\"O Arcanjo no ar\" \/>\n<meta property=\"article:publisher\" content=\"https:\/\/www.facebook.com\/OArcanjoNoAr\/\" \/>\n<meta property=\"article:published_time\" content=\"2009-07-30T01:14:03+00:00\" \/>\n<meta property=\"article:modified_time\" content=\"2009-07-30T01:17:52+00:00\" \/>\n<meta property=\"og:image\" content=\"https:\/\/www.oarcanjo.net\/site\/wp-content\/uploads\/logo-o-arcanjo-no-ar-facebook.png\" \/>\n\t<meta property=\"og:image:width\" content=\"300\" \/>\n\t<meta property=\"og:image:height\" content=\"300\" \/>\n\t<meta property=\"og:image:type\" content=\"image\/png\" \/>\n<meta name=\"author\" content=\"editor\" \/>\n<meta name=\"twitter:card\" content=\"summary_large_image\" \/>\n<meta name=\"twitter:label1\" content=\"Escrito por\" \/>\n\t<meta name=\"twitter:data1\" content=\"editor\" \/>\n\t<meta name=\"twitter:label2\" content=\"Est. tempo de leitura\" \/>\n\t<meta name=\"twitter:data2\" content=\"2 minutos\" \/>\n<script type=\"application\/ld+json\" class=\"yoast-schema-graph\">{\"@context\":\"https:\/\/schema.org\",\"@graph\":[{\"@type\":\"Article\",\"@id\":\"https:\/\/www.oarcanjo.net\/site\/ato-relembra-morte-de-morador-de-rua-e-questiona-atendimento-de-saude-publica\/#article\",\"isPartOf\":{\"@id\":\"https:\/\/www.oarcanjo.net\/site\/ato-relembra-morte-de-morador-de-rua-e-questiona-atendimento-de-saude-publica\/\"},\"author\":{\"name\":\"editor\",\"@id\":\"https:\/\/www.oarcanjo.net\/site\/#\/schema\/person\/f7024d007863202483a31326673a0838\"},\"headline\":\"Ato relembra morte de morador de rua e questiona atendimento de sa\u00fade p\u00fablica\",\"datePublished\":\"2009-07-30T01:14:03+00:00\",\"dateModified\":\"2009-07-30T01:17:52+00:00\",\"mainEntityOfPage\":{\"@id\":\"https:\/\/www.oarcanjo.net\/site\/ato-relembra-morte-de-morador-de-rua-e-questiona-atendimento-de-saude-publica\/\"},\"wordCount\":471,\"commentCount\":0,\"publisher\":{\"@id\":\"https:\/\/www.oarcanjo.net\/site\/#organization\"},\"keywords\":[\"exclus\u00e3o social\",\"Pastoral do Povo da Rua\"],\"articleSection\":[\"Not\u00edcias\"],\"inLanguage\":\"pt-BR\",\"potentialAction\":[{\"@type\":\"CommentAction\",\"name\":\"Comment\",\"target\":[\"https:\/\/www.oarcanjo.net\/site\/ato-relembra-morte-de-morador-de-rua-e-questiona-atendimento-de-saude-publica\/#respond\"]}]},{\"@type\":\"WebPage\",\"@id\":\"https:\/\/www.oarcanjo.net\/site\/ato-relembra-morte-de-morador-de-rua-e-questiona-atendimento-de-saude-publica\/\",\"url\":\"https:\/\/www.oarcanjo.net\/site\/ato-relembra-morte-de-morador-de-rua-e-questiona-atendimento-de-saude-publica\/\",\"name\":\"Ato relembra morte de morador de rua e questiona atendimento de sa\u00fade p\u00fablica - O Arcanjo no ar\",\"isPartOf\":{\"@id\":\"https:\/\/www.oarcanjo.net\/site\/#website\"},\"datePublished\":\"2009-07-30T01:14:03+00:00\",\"dateModified\":\"2009-07-30T01:17:52+00:00\",\"breadcrumb\":{\"@id\":\"https:\/\/www.oarcanjo.net\/site\/ato-relembra-morte-de-morador-de-rua-e-questiona-atendimento-de-saude-publica\/#breadcrumb\"},\"inLanguage\":\"pt-BR\",\"potentialAction\":[{\"@type\":\"ReadAction\",\"target\":[\"https:\/\/www.oarcanjo.net\/site\/ato-relembra-morte-de-morador-de-rua-e-questiona-atendimento-de-saude-publica\/\"]}]},{\"@type\":\"BreadcrumbList\",\"@id\":\"https:\/\/www.oarcanjo.net\/site\/ato-relembra-morte-de-morador-de-rua-e-questiona-atendimento-de-saude-publica\/#breadcrumb\",\"itemListElement\":[{\"@type\":\"ListItem\",\"position\":1,\"name\":\"In\u00edcio\",\"item\":\"https:\/\/www.oarcanjo.net\/site\/\"},{\"@type\":\"ListItem\",\"position\":2,\"name\":\"Ato relembra morte de morador de rua e questiona atendimento de sa\u00fade p\u00fablica\"}]},{\"@type\":\"WebSite\",\"@id\":\"https:\/\/www.oarcanjo.net\/site\/#website\",\"url\":\"https:\/\/www.oarcanjo.net\/site\/\",\"name\":\"O Arcanjo no ar\",\"description\":\"Site da Par\u00f3quia S\u00e3o Miguel Arcanjo (Arquidiocese de SP)\",\"publisher\":{\"@id\":\"https:\/\/www.oarcanjo.net\/site\/#organization\"},\"potentialAction\":[{\"@type\":\"SearchAction\",\"target\":{\"@type\":\"EntryPoint\",\"urlTemplate\":\"https:\/\/www.oarcanjo.net\/site\/?s={search_term_string}\"},\"query-input\":{\"@type\":\"PropertyValueSpecification\",\"valueRequired\":true,\"valueName\":\"search_term_string\"}}],\"inLanguage\":\"pt-BR\"},{\"@type\":\"Organization\",\"@id\":\"https:\/\/www.oarcanjo.net\/site\/#organization\",\"name\":\"Par\u00f3quia S\u00e3o Miguel Arcanjo\",\"url\":\"https:\/\/www.oarcanjo.net\/site\/\",\"logo\":{\"@type\":\"ImageObject\",\"inLanguage\":\"pt-BR\",\"@id\":\"https:\/\/www.oarcanjo.net\/site\/#\/schema\/logo\/image\/\",\"url\":\"https:\/\/www.oarcanjo.net\/site\/wp-content\/uploads\/LogoOArcanjo.png\",\"contentUrl\":\"https:\/\/www.oarcanjo.net\/site\/wp-content\/uploads\/LogoOArcanjo.png\",\"width\":319,\"height\":99,\"caption\":\"Par\u00f3quia S\u00e3o Miguel Arcanjo\"},\"image\":{\"@id\":\"https:\/\/www.oarcanjo.net\/site\/#\/schema\/logo\/image\/\"},\"sameAs\":[\"https:\/\/www.facebook.com\/OArcanjoNoAr\/\"]},{\"@type\":\"Person\",\"@id\":\"https:\/\/www.oarcanjo.net\/site\/#\/schema\/person\/f7024d007863202483a31326673a0838\",\"name\":\"editor\",\"sameAs\":[\"http:\/\/www.oarcanjo.net\"]}]}<\/script>\n<!-- \/ Yoast SEO plugin. -->","yoast_head_json":{"title":"Ato relembra morte de morador de rua e questiona atendimento de sa\u00fade p\u00fablica - O Arcanjo no ar","robots":{"index":"index","follow":"follow","max-snippet":"max-snippet:-1","max-image-preview":"max-image-preview:large","max-video-preview":"max-video-preview:-1"},"canonical":"https:\/\/www.oarcanjo.net\/site\/ato-relembra-morte-de-morador-de-rua-e-questiona-atendimento-de-saude-publica\/","og_locale":"pt_BR","og_type":"article","og_title":"Ato relembra morte de morador de rua e questiona atendimento de sa\u00fade p\u00fablica - O Arcanjo no ar","og_description":"Ag\u00eancia Adital Rua 8 de Setembro, Papicu, Fortaleza (CE). Manh\u00e3 do dia 13 de julho. Um morador de rua passa mal e precisa de atendimento m\u00e9dico. Moradores da regi\u00e3o chamam o Servi\u00e7o de Atendimento M\u00f3vel de Urg\u00eancia (SAMU), em v\u00e3o. Ningu\u00e9m aparece. \u00c0 tarde, ainda sem receber cuidados m\u00e9dicos, o morador n\u00e3o identificado, falece. Apenas [&hellip;]","og_url":"https:\/\/www.oarcanjo.net\/site\/ato-relembra-morte-de-morador-de-rua-e-questiona-atendimento-de-saude-publica\/","og_site_name":"O Arcanjo no ar","article_publisher":"https:\/\/www.facebook.com\/OArcanjoNoAr\/","article_published_time":"2009-07-30T01:14:03+00:00","article_modified_time":"2009-07-30T01:17:52+00:00","og_image":[{"width":300,"height":300,"url":"https:\/\/www.oarcanjo.net\/site\/wp-content\/uploads\/logo-o-arcanjo-no-ar-facebook.png","type":"image\/png"}],"author":"editor","twitter_card":"summary_large_image","twitter_misc":{"Escrito por":"editor","Est. tempo de leitura":"2 minutos"},"schema":{"@context":"https:\/\/schema.org","@graph":[{"@type":"Article","@id":"https:\/\/www.oarcanjo.net\/site\/ato-relembra-morte-de-morador-de-rua-e-questiona-atendimento-de-saude-publica\/#article","isPartOf":{"@id":"https:\/\/www.oarcanjo.net\/site\/ato-relembra-morte-de-morador-de-rua-e-questiona-atendimento-de-saude-publica\/"},"author":{"name":"editor","@id":"https:\/\/www.oarcanjo.net\/site\/#\/schema\/person\/f7024d007863202483a31326673a0838"},"headline":"Ato relembra morte de morador de rua e questiona atendimento de sa\u00fade p\u00fablica","datePublished":"2009-07-30T01:14:03+00:00","dateModified":"2009-07-30T01:17:52+00:00","mainEntityOfPage":{"@id":"https:\/\/www.oarcanjo.net\/site\/ato-relembra-morte-de-morador-de-rua-e-questiona-atendimento-de-saude-publica\/"},"wordCount":471,"commentCount":0,"publisher":{"@id":"https:\/\/www.oarcanjo.net\/site\/#organization"},"keywords":["exclus\u00e3o social","Pastoral do Povo da Rua"],"articleSection":["Not\u00edcias"],"inLanguage":"pt-BR","potentialAction":[{"@type":"CommentAction","name":"Comment","target":["https:\/\/www.oarcanjo.net\/site\/ato-relembra-morte-de-morador-de-rua-e-questiona-atendimento-de-saude-publica\/#respond"]}]},{"@type":"WebPage","@id":"https:\/\/www.oarcanjo.net\/site\/ato-relembra-morte-de-morador-de-rua-e-questiona-atendimento-de-saude-publica\/","url":"https:\/\/www.oarcanjo.net\/site\/ato-relembra-morte-de-morador-de-rua-e-questiona-atendimento-de-saude-publica\/","name":"Ato relembra morte de morador de rua e questiona atendimento de sa\u00fade p\u00fablica - O Arcanjo no ar","isPartOf":{"@id":"https:\/\/www.oarcanjo.net\/site\/#website"},"datePublished":"2009-07-30T01:14:03+00:00","dateModified":"2009-07-30T01:17:52+00:00","breadcrumb":{"@id":"https:\/\/www.oarcanjo.net\/site\/ato-relembra-morte-de-morador-de-rua-e-questiona-atendimento-de-saude-publica\/#breadcrumb"},"inLanguage":"pt-BR","potentialAction":[{"@type":"ReadAction","target":["https:\/\/www.oarcanjo.net\/site\/ato-relembra-morte-de-morador-de-rua-e-questiona-atendimento-de-saude-publica\/"]}]},{"@type":"BreadcrumbList","@id":"https:\/\/www.oarcanjo.net\/site\/ato-relembra-morte-de-morador-de-rua-e-questiona-atendimento-de-saude-publica\/#breadcrumb","itemListElement":[{"@type":"ListItem","position":1,"name":"In\u00edcio","item":"https:\/\/www.oarcanjo.net\/site\/"},{"@type":"ListItem","position":2,"name":"Ato relembra morte de morador de rua e questiona atendimento de sa\u00fade p\u00fablica"}]},{"@type":"WebSite","@id":"https:\/\/www.oarcanjo.net\/site\/#website","url":"https:\/\/www.oarcanjo.net\/site\/","name":"O Arcanjo no ar","description":"Site da Par\u00f3quia S\u00e3o Miguel Arcanjo (Arquidiocese de SP)","publisher":{"@id":"https:\/\/www.oarcanjo.net\/site\/#organization"},"potentialAction":[{"@type":"SearchAction","target":{"@type":"EntryPoint","urlTemplate":"https:\/\/www.oarcanjo.net\/site\/?s={search_term_string}"},"query-input":{"@type":"PropertyValueSpecification","valueRequired":true,"valueName":"search_term_string"}}],"inLanguage":"pt-BR"},{"@type":"Organization","@id":"https:\/\/www.oarcanjo.net\/site\/#organization","name":"Par\u00f3quia S\u00e3o Miguel Arcanjo","url":"https:\/\/www.oarcanjo.net\/site\/","logo":{"@type":"ImageObject","inLanguage":"pt-BR","@id":"https:\/\/www.oarcanjo.net\/site\/#\/schema\/logo\/image\/","url":"https:\/\/www.oarcanjo.net\/site\/wp-content\/uploads\/LogoOArcanjo.png","contentUrl":"https:\/\/www.oarcanjo.net\/site\/wp-content\/uploads\/LogoOArcanjo.png","width":319,"height":99,"caption":"Par\u00f3quia S\u00e3o Miguel Arcanjo"},"image":{"@id":"https:\/\/www.oarcanjo.net\/site\/#\/schema\/logo\/image\/"},"sameAs":["https:\/\/www.facebook.com\/OArcanjoNoAr\/"]},{"@type":"Person","@id":"https:\/\/www.oarcanjo.net\/site\/#\/schema\/person\/f7024d007863202483a31326673a0838","name":"editor","sameAs":["http:\/\/www.oarcanjo.net"]}]}},"publishpress_future_action":{"enabled":false,"date":"2026-05-06 10:16:39","action":"category","newStatus":"draft","terms":[],"taxonomy":"category"},"publishpress_future_workflow_manual_trigger":{"enabledWorkflows":[]},"_links":{"self":[{"href":"https:\/\/www.oarcanjo.net\/site\/wp-json\/wp\/v2\/posts\/4472"}],"collection":[{"href":"https:\/\/www.oarcanjo.net\/site\/wp-json\/wp\/v2\/posts"}],"about":[{"href":"https:\/\/www.oarcanjo.net\/site\/wp-json\/wp\/v2\/types\/post"}],"author":[{"embeddable":true,"href":"https:\/\/www.oarcanjo.net\/site\/wp-json\/wp\/v2\/users\/5"}],"replies":[{"embeddable":true,"href":"https:\/\/www.oarcanjo.net\/site\/wp-json\/wp\/v2\/comments?post=4472"}],"version-history":[{"count":0,"href":"https:\/\/www.oarcanjo.net\/site\/wp-json\/wp\/v2\/posts\/4472\/revisions"}],"wp:attachment":[{"href":"https:\/\/www.oarcanjo.net\/site\/wp-json\/wp\/v2\/media?parent=4472"}],"wp:term":[{"taxonomy":"category","embeddable":true,"href":"https:\/\/www.oarcanjo.net\/site\/wp-json\/wp\/v2\/categories?post=4472"},{"taxonomy":"post_tag","embeddable":true,"href":"https:\/\/www.oarcanjo.net\/site\/wp-json\/wp\/v2\/tags?post=4472"}],"curies":[{"name":"wp","href":"https:\/\/api.w.org\/{rel}","templated":true}]}}