
{"id":4478,"date":"2009-07-29T23:19:16","date_gmt":"2009-07-30T02:19:16","guid":{"rendered":"http:\/\/www.oarcanjo.net\/site\/?p=4478"},"modified":"2009-09-06T13:42:32","modified_gmt":"2009-09-06T16:42:32","slug":"vamos-mudar-o-mundo","status":"publish","type":"post","link":"https:\/\/www.oarcanjo.net\/site\/vamos-mudar-o-mundo\/","title":{"rendered":"Vamos mudar o mundo"},"content":{"rendered":"<p>Vamos mudar o mundo, que est\u00e1 t\u00e3o errado, vamos mudar ainda h\u00e1 tempo, vamos mudar antes que seja tarde demais. Vamos nos unir e lutar contra o mal. J\u00e1 est\u00e1 mais do que na hora de arrumar nosso mundo. \u00c8 somente querer, e ter amor em seu cora\u00e7\u00e3o e uni\u00e3o. Vamos espalhar a paz, vamos espalhar o amor e tudo que \u00e9 bom. Chega de injusti\u00e7as, de maldades, de mentiras, de desigualdades de guerras que seja tudo igual a todos sem uns terem muito e outros t\u00e3o pouco, pois ningu\u00e9m e mais que ningu\u00e9m somos todos iguais. Que os maus sejam tocados por Deus e que se arrependem do que fizeram e os que pretendem cometer alguma maldade sejam tamb\u00e9m tocados por Deus e n\u00e3o a fa\u00e7am. Est\u00e1 na hora de por mos em pr\u00e1tica o que Jesus nos ensinou e quer que fa\u00e7amos. Que todas as na\u00e7\u00f5es possam viver em paz e unidas. Vamos amar uns aos outros como Jesus nos amou e respeitar uns aos outros se h\u00e1 alguma magoa de algu\u00e9m perdoe e o ame, pois e isso que Deus quer e nos ensinou. Para mudar o mundo comecemos por n\u00f3s, vejamos se estamos sendo realmente seguindo Jesus se est\u00e1 algo errado mude e ai sim voc\u00ea estar\u00e1 seguindo Jesus e ai comece a mudar o mundo e que finalmente possamos viver como Deus quer. Todos que s\u00e3o bons se unam e lutem por um mundo melhor ter um mundo melhor n\u00e3o e imposs\u00edvel e s\u00f3 nos unirmos e querer mudar o mundo. Que as pessoas tomem consci\u00eancia e mudem que tenham mais Deus em seus cora\u00e7\u00f5es e assim podemos ser irm\u00e3os como Deus quer. Vamos come\u00e7ar a mudar o mundo agora neste instante n\u00e3o percamos mais tempo diga eu vou eu posso e eu consego mudar o mundo. Vamos mudar o mundo eu pe\u00e7o que as na\u00e7\u00f5es se unam que sejam uma s\u00f3 e n\u00e3o briguem mais que sejam unidas. Eu pe\u00e7o que as pessoas queiram mudar o mundo enquanto houver uma pessoa querendo mudar o mundo a esperan\u00e7a nunca acabar\u00e1 e podemos ainda ter a chance de ter um mundo com paz. Vamos mudar o mundo.<\/p>\n<p><img loading=\"lazy\" decoding=\"async\" src=\"http:\/\/www.oarcanjo.net\/site\/wp-content\/uploads\/mudar-o-mundo.JPG\" alt=\"\" width=\"220\" height=\"220\" \/><\/p>\n<p>\u00a0<\/p>\n<p>\u00a0<\/p>\n<p>\u00a0<\/p>\n<p style=\"text-align: center\">\u00a0<\/p>\n<p style=\"text-align: center\">\u00a0<\/p>\n<p style=\"text-align: center\">\u00a0<\/p>\n<div id=\"themify_builder_content-4478\" data-postid=\"4478\" class=\"themify_builder_content themify_builder_content-4478 themify_builder themify_builder_front\">\n\t<\/div>\n<!-- \/themify_builder_content -->","protected":false},"excerpt":{"rendered":"<p>Vamos mudar o mundo, que est\u00e1 t\u00e3o errado, vamos mudar ainda h\u00e1 tempo, vamos mudar antes que seja tarde demais. Vamos nos unir e lutar contra o mal. J\u00e1 est\u00e1 mais do que na hora de arrumar nosso mundo. \u00c8 somente querer, e ter amor em seu cora\u00e7\u00e3o e uni\u00e3o. Vamos espalhar a paz, vamos [&hellip;]<\/p>\n","protected":false},"author":12,"featured_media":0,"comment_status":"open","ping_status":"open","sticky":false,"template":"","format":"standard","meta":{"ngg_post_thumbnail":0,"footnotes":""},"categories":[395],"tags":[165,719,954],"yoast_head":"<!-- This site is optimized with the Yoast SEO plugin v23.5 - https:\/\/yoast.com\/wordpress\/plugins\/seo\/ -->\n<title>Vamos mudar o mundo - O Arcanjo no ar<\/title>\n<meta name=\"robots\" content=\"index, follow, max-snippet:-1, max-image-preview:large, max-video-preview:-1\" \/>\n<link rel=\"canonical\" href=\"https:\/\/www.oarcanjo.net\/site\/vamos-mudar-o-mundo\/\" \/>\n<meta property=\"og:locale\" content=\"pt_BR\" \/>\n<meta property=\"og:type\" content=\"article\" \/>\n<meta property=\"og:title\" content=\"Vamos mudar o mundo - O Arcanjo no ar\" \/>\n<meta property=\"og:description\" content=\"Vamos mudar o mundo, que est\u00e1 t\u00e3o errado, vamos mudar ainda h\u00e1 tempo, vamos mudar antes que seja tarde demais. Vamos nos unir e lutar contra o mal. J\u00e1 est\u00e1 mais do que na hora de arrumar nosso mundo. \u00c8 somente querer, e ter amor em seu cora\u00e7\u00e3o e uni\u00e3o. Vamos espalhar a paz, vamos [&hellip;]\" \/>\n<meta property=\"og:url\" content=\"https:\/\/www.oarcanjo.net\/site\/vamos-mudar-o-mundo\/\" \/>\n<meta property=\"og:site_name\" content=\"O Arcanjo no ar\" \/>\n<meta property=\"article:publisher\" content=\"https:\/\/www.facebook.com\/OArcanjoNoAr\/\" \/>\n<meta property=\"article:published_time\" content=\"2009-07-30T02:19:16+00:00\" \/>\n<meta property=\"article:modified_time\" content=\"2009-09-06T16:42:32+00:00\" \/>\n<meta property=\"og:image\" content=\"http:\/\/www.oarcanjo.net\/site\/wp-content\/uploads\/mudar-o-mundo.JPG\" \/>\n<meta name=\"author\" content=\"mariana\" \/>\n<meta name=\"twitter:card\" content=\"summary_large_image\" \/>\n<meta name=\"twitter:label1\" content=\"Escrito por\" \/>\n\t<meta name=\"twitter:data1\" content=\"mariana\" \/>\n\t<meta name=\"twitter:label2\" content=\"Est. tempo de leitura\" \/>\n\t<meta name=\"twitter:data2\" content=\"2 minutos\" \/>\n<script type=\"application\/ld+json\" class=\"yoast-schema-graph\">{\"@context\":\"https:\/\/schema.org\",\"@graph\":[{\"@type\":\"Article\",\"@id\":\"https:\/\/www.oarcanjo.net\/site\/vamos-mudar-o-mundo\/#article\",\"isPartOf\":{\"@id\":\"https:\/\/www.oarcanjo.net\/site\/vamos-mudar-o-mundo\/\"},\"author\":{\"name\":\"mariana\",\"@id\":\"https:\/\/www.oarcanjo.net\/site\/#\/schema\/person\/e54a5c62347067e278a5d0cf64f6a6e6\"},\"headline\":\"Vamos mudar o mundo\",\"datePublished\":\"2009-07-30T02:19:16+00:00\",\"dateModified\":\"2009-09-06T16:42:32+00:00\",\"mainEntityOfPage\":{\"@id\":\"https:\/\/www.oarcanjo.net\/site\/vamos-mudar-o-mundo\/\"},\"wordCount\":391,\"commentCount\":5,\"publisher\":{\"@id\":\"https:\/\/www.oarcanjo.net\/site\/#organization\"},\"image\":{\"@id\":\"https:\/\/www.oarcanjo.net\/site\/vamos-mudar-o-mundo\/#primaryimage\"},\"thumbnailUrl\":\"http:\/\/www.oarcanjo.net\/site\/wp-content\/uploads\/mudar-o-mundo.JPG\",\"keywords\":[\"compromisso\",\"mudan\u00e7a\",\"Mundo melhor\"],\"articleSection\":[\"Jovens\"],\"inLanguage\":\"pt-BR\",\"potentialAction\":[{\"@type\":\"CommentAction\",\"name\":\"Comment\",\"target\":[\"https:\/\/www.oarcanjo.net\/site\/vamos-mudar-o-mundo\/#respond\"]}]},{\"@type\":\"WebPage\",\"@id\":\"https:\/\/www.oarcanjo.net\/site\/vamos-mudar-o-mundo\/\",\"url\":\"https:\/\/www.oarcanjo.net\/site\/vamos-mudar-o-mundo\/\",\"name\":\"Vamos mudar o mundo - O Arcanjo no ar\",\"isPartOf\":{\"@id\":\"https:\/\/www.oarcanjo.net\/site\/#website\"},\"primaryImageOfPage\":{\"@id\":\"https:\/\/www.oarcanjo.net\/site\/vamos-mudar-o-mundo\/#primaryimage\"},\"image\":{\"@id\":\"https:\/\/www.oarcanjo.net\/site\/vamos-mudar-o-mundo\/#primaryimage\"},\"thumbnailUrl\":\"http:\/\/www.oarcanjo.net\/site\/wp-content\/uploads\/mudar-o-mundo.JPG\",\"datePublished\":\"2009-07-30T02:19:16+00:00\",\"dateModified\":\"2009-09-06T16:42:32+00:00\",\"breadcrumb\":{\"@id\":\"https:\/\/www.oarcanjo.net\/site\/vamos-mudar-o-mundo\/#breadcrumb\"},\"inLanguage\":\"pt-BR\",\"potentialAction\":[{\"@type\":\"ReadAction\",\"target\":[\"https:\/\/www.oarcanjo.net\/site\/vamos-mudar-o-mundo\/\"]}]},{\"@type\":\"ImageObject\",\"inLanguage\":\"pt-BR\",\"@id\":\"https:\/\/www.oarcanjo.net\/site\/vamos-mudar-o-mundo\/#primaryimage\",\"url\":\"https:\/\/www.oarcanjo.net\/site\/wp-content\/uploads\/mudar-o-mundo.JPG\",\"contentUrl\":\"https:\/\/www.oarcanjo.net\/site\/wp-content\/uploads\/mudar-o-mundo.JPG\",\"width\":\"220\",\"height\":\"220\"},{\"@type\":\"BreadcrumbList\",\"@id\":\"https:\/\/www.oarcanjo.net\/site\/vamos-mudar-o-mundo\/#breadcrumb\",\"itemListElement\":[{\"@type\":\"ListItem\",\"position\":1,\"name\":\"In\u00edcio\",\"item\":\"https:\/\/www.oarcanjo.net\/site\/\"},{\"@type\":\"ListItem\",\"position\":2,\"name\":\"Vamos mudar o mundo\"}]},{\"@type\":\"WebSite\",\"@id\":\"https:\/\/www.oarcanjo.net\/site\/#website\",\"url\":\"https:\/\/www.oarcanjo.net\/site\/\",\"name\":\"O Arcanjo no ar\",\"description\":\"Site da Par\u00f3quia S\u00e3o Miguel Arcanjo (Arquidiocese de SP)\",\"publisher\":{\"@id\":\"https:\/\/www.oarcanjo.net\/site\/#organization\"},\"potentialAction\":[{\"@type\":\"SearchAction\",\"target\":{\"@type\":\"EntryPoint\",\"urlTemplate\":\"https:\/\/www.oarcanjo.net\/site\/?s={search_term_string}\"},\"query-input\":{\"@type\":\"PropertyValueSpecification\",\"valueRequired\":true,\"valueName\":\"search_term_string\"}}],\"inLanguage\":\"pt-BR\"},{\"@type\":\"Organization\",\"@id\":\"https:\/\/www.oarcanjo.net\/site\/#organization\",\"name\":\"Par\u00f3quia S\u00e3o Miguel Arcanjo\",\"url\":\"https:\/\/www.oarcanjo.net\/site\/\",\"logo\":{\"@type\":\"ImageObject\",\"inLanguage\":\"pt-BR\",\"@id\":\"https:\/\/www.oarcanjo.net\/site\/#\/schema\/logo\/image\/\",\"url\":\"https:\/\/www.oarcanjo.net\/site\/wp-content\/uploads\/LogoOArcanjo.png\",\"contentUrl\":\"https:\/\/www.oarcanjo.net\/site\/wp-content\/uploads\/LogoOArcanjo.png\",\"width\":319,\"height\":99,\"caption\":\"Par\u00f3quia S\u00e3o Miguel Arcanjo\"},\"image\":{\"@id\":\"https:\/\/www.oarcanjo.net\/site\/#\/schema\/logo\/image\/\"},\"sameAs\":[\"https:\/\/www.facebook.com\/OArcanjoNoAr\/\"]},{\"@type\":\"Person\",\"@id\":\"https:\/\/www.oarcanjo.net\/site\/#\/schema\/person\/e54a5c62347067e278a5d0cf64f6a6e6\",\"name\":\"mariana\"}]}<\/script>\n<!-- \/ Yoast SEO plugin. -->","yoast_head_json":{"title":"Vamos mudar o mundo - O Arcanjo no ar","robots":{"index":"index","follow":"follow","max-snippet":"max-snippet:-1","max-image-preview":"max-image-preview:large","max-video-preview":"max-video-preview:-1"},"canonical":"https:\/\/www.oarcanjo.net\/site\/vamos-mudar-o-mundo\/","og_locale":"pt_BR","og_type":"article","og_title":"Vamos mudar o mundo - O Arcanjo no ar","og_description":"Vamos mudar o mundo, que est\u00e1 t\u00e3o errado, vamos mudar ainda h\u00e1 tempo, vamos mudar antes que seja tarde demais. Vamos nos unir e lutar contra o mal. J\u00e1 est\u00e1 mais do que na hora de arrumar nosso mundo. \u00c8 somente querer, e ter amor em seu cora\u00e7\u00e3o e uni\u00e3o. Vamos espalhar a paz, vamos [&hellip;]","og_url":"https:\/\/www.oarcanjo.net\/site\/vamos-mudar-o-mundo\/","og_site_name":"O Arcanjo no ar","article_publisher":"https:\/\/www.facebook.com\/OArcanjoNoAr\/","article_published_time":"2009-07-30T02:19:16+00:00","article_modified_time":"2009-09-06T16:42:32+00:00","og_image":[{"url":"http:\/\/www.oarcanjo.net\/site\/wp-content\/uploads\/mudar-o-mundo.JPG"}],"author":"mariana","twitter_card":"summary_large_image","twitter_misc":{"Escrito por":"mariana","Est. tempo de leitura":"2 minutos"},"schema":{"@context":"https:\/\/schema.org","@graph":[{"@type":"Article","@id":"https:\/\/www.oarcanjo.net\/site\/vamos-mudar-o-mundo\/#article","isPartOf":{"@id":"https:\/\/www.oarcanjo.net\/site\/vamos-mudar-o-mundo\/"},"author":{"name":"mariana","@id":"https:\/\/www.oarcanjo.net\/site\/#\/schema\/person\/e54a5c62347067e278a5d0cf64f6a6e6"},"headline":"Vamos mudar o mundo","datePublished":"2009-07-30T02:19:16+00:00","dateModified":"2009-09-06T16:42:32+00:00","mainEntityOfPage":{"@id":"https:\/\/www.oarcanjo.net\/site\/vamos-mudar-o-mundo\/"},"wordCount":391,"commentCount":5,"publisher":{"@id":"https:\/\/www.oarcanjo.net\/site\/#organization"},"image":{"@id":"https:\/\/www.oarcanjo.net\/site\/vamos-mudar-o-mundo\/#primaryimage"},"thumbnailUrl":"http:\/\/www.oarcanjo.net\/site\/wp-content\/uploads\/mudar-o-mundo.JPG","keywords":["compromisso","mudan\u00e7a","Mundo melhor"],"articleSection":["Jovens"],"inLanguage":"pt-BR","potentialAction":[{"@type":"CommentAction","name":"Comment","target":["https:\/\/www.oarcanjo.net\/site\/vamos-mudar-o-mundo\/#respond"]}]},{"@type":"WebPage","@id":"https:\/\/www.oarcanjo.net\/site\/vamos-mudar-o-mundo\/","url":"https:\/\/www.oarcanjo.net\/site\/vamos-mudar-o-mundo\/","name":"Vamos mudar o mundo - O Arcanjo no ar","isPartOf":{"@id":"https:\/\/www.oarcanjo.net\/site\/#website"},"primaryImageOfPage":{"@id":"https:\/\/www.oarcanjo.net\/site\/vamos-mudar-o-mundo\/#primaryimage"},"image":{"@id":"https:\/\/www.oarcanjo.net\/site\/vamos-mudar-o-mundo\/#primaryimage"},"thumbnailUrl":"http:\/\/www.oarcanjo.net\/site\/wp-content\/uploads\/mudar-o-mundo.JPG","datePublished":"2009-07-30T02:19:16+00:00","dateModified":"2009-09-06T16:42:32+00:00","breadcrumb":{"@id":"https:\/\/www.oarcanjo.net\/site\/vamos-mudar-o-mundo\/#breadcrumb"},"inLanguage":"pt-BR","potentialAction":[{"@type":"ReadAction","target":["https:\/\/www.oarcanjo.net\/site\/vamos-mudar-o-mundo\/"]}]},{"@type":"ImageObject","inLanguage":"pt-BR","@id":"https:\/\/www.oarcanjo.net\/site\/vamos-mudar-o-mundo\/#primaryimage","url":"https:\/\/www.oarcanjo.net\/site\/wp-content\/uploads\/mudar-o-mundo.JPG","contentUrl":"https:\/\/www.oarcanjo.net\/site\/wp-content\/uploads\/mudar-o-mundo.JPG","width":"220","height":"220"},{"@type":"BreadcrumbList","@id":"https:\/\/www.oarcanjo.net\/site\/vamos-mudar-o-mundo\/#breadcrumb","itemListElement":[{"@type":"ListItem","position":1,"name":"In\u00edcio","item":"https:\/\/www.oarcanjo.net\/site\/"},{"@type":"ListItem","position":2,"name":"Vamos mudar o mundo"}]},{"@type":"WebSite","@id":"https:\/\/www.oarcanjo.net\/site\/#website","url":"https:\/\/www.oarcanjo.net\/site\/","name":"O Arcanjo no ar","description":"Site da Par\u00f3quia S\u00e3o Miguel Arcanjo (Arquidiocese de SP)","publisher":{"@id":"https:\/\/www.oarcanjo.net\/site\/#organization"},"potentialAction":[{"@type":"SearchAction","target":{"@type":"EntryPoint","urlTemplate":"https:\/\/www.oarcanjo.net\/site\/?s={search_term_string}"},"query-input":{"@type":"PropertyValueSpecification","valueRequired":true,"valueName":"search_term_string"}}],"inLanguage":"pt-BR"},{"@type":"Organization","@id":"https:\/\/www.oarcanjo.net\/site\/#organization","name":"Par\u00f3quia S\u00e3o Miguel Arcanjo","url":"https:\/\/www.oarcanjo.net\/site\/","logo":{"@type":"ImageObject","inLanguage":"pt-BR","@id":"https:\/\/www.oarcanjo.net\/site\/#\/schema\/logo\/image\/","url":"https:\/\/www.oarcanjo.net\/site\/wp-content\/uploads\/LogoOArcanjo.png","contentUrl":"https:\/\/www.oarcanjo.net\/site\/wp-content\/uploads\/LogoOArcanjo.png","width":319,"height":99,"caption":"Par\u00f3quia S\u00e3o Miguel Arcanjo"},"image":{"@id":"https:\/\/www.oarcanjo.net\/site\/#\/schema\/logo\/image\/"},"sameAs":["https:\/\/www.facebook.com\/OArcanjoNoAr\/"]},{"@type":"Person","@id":"https:\/\/www.oarcanjo.net\/site\/#\/schema\/person\/e54a5c62347067e278a5d0cf64f6a6e6","name":"mariana"}]}},"publishpress_future_action":{"enabled":false,"date":"2026-05-07 09:36:54","action":"category","newStatus":"draft","terms":[],"taxonomy":"category"},"publishpress_future_workflow_manual_trigger":{"enabledWorkflows":[]},"_links":{"self":[{"href":"https:\/\/www.oarcanjo.net\/site\/wp-json\/wp\/v2\/posts\/4478"}],"collection":[{"href":"https:\/\/www.oarcanjo.net\/site\/wp-json\/wp\/v2\/posts"}],"about":[{"href":"https:\/\/www.oarcanjo.net\/site\/wp-json\/wp\/v2\/types\/post"}],"author":[{"embeddable":true,"href":"https:\/\/www.oarcanjo.net\/site\/wp-json\/wp\/v2\/users\/12"}],"replies":[{"embeddable":true,"href":"https:\/\/www.oarcanjo.net\/site\/wp-json\/wp\/v2\/comments?post=4478"}],"version-history":[{"count":0,"href":"https:\/\/www.oarcanjo.net\/site\/wp-json\/wp\/v2\/posts\/4478\/revisions"}],"wp:attachment":[{"href":"https:\/\/www.oarcanjo.net\/site\/wp-json\/wp\/v2\/media?parent=4478"}],"wp:term":[{"taxonomy":"category","embeddable":true,"href":"https:\/\/www.oarcanjo.net\/site\/wp-json\/wp\/v2\/categories?post=4478"},{"taxonomy":"post_tag","embeddable":true,"href":"https:\/\/www.oarcanjo.net\/site\/wp-json\/wp\/v2\/tags?post=4478"}],"curies":[{"name":"wp","href":"https:\/\/api.w.org\/{rel}","templated":true}]}}