
{"id":4497,"date":"2009-07-31T22:40:33","date_gmt":"2009-08-01T01:40:33","guid":{"rendered":"http:\/\/www.oarcanjo.net\/site\/?p=4497"},"modified":"2009-09-06T13:38:08","modified_gmt":"2009-09-06T16:38:08","slug":"vamos-lutar-por-um-mundo-melhor","status":"publish","type":"post","link":"https:\/\/www.oarcanjo.net\/site\/vamos-lutar-por-um-mundo-melhor\/","title":{"rendered":"Vamos lutar por um mundo melhor"},"content":{"rendered":"<p>Eu mais uma vez repeto\u00a0e vou repetir at\u00e9 que o mundo esteja melhor, vamos lutar com todas as nossas for\u00e7as por um mundo melhor, vamos lutar pelos mais fracos e oprimidos. Como j\u00e1 disse vamos colocar em pr\u00e1tica tudo que Jesus nos ensinou ele vai ficar muito feliz. Vamos lutar por um mundo sem maldade, injusti\u00e7as, desigualdades\u00a0e de tudo que \u00e9 ruim. Vamos lutar por um mundo com amor, paz, alegria, solidariedade, uni\u00e3o, partilha, por um mundo mais o humano como Deus quer que seja o nosso mundo.Quando isso acontecer o c\u00e9u inteiro ficar\u00e1 feliz e aqui na Terra tamb\u00e9m. N\u00e3o deixemos os mares, as florestas, os animais\u00a0chorando por causa do que os seres humanos est\u00e3o fazendo com a Terra vamos fazer eles sorrirem e se encatarem com a gente de como n\u00f3s cuidamos do mundo bem e de que existe amor, solidariedade, uni\u00e3o, paz, justi\u00e7a e que todos se amam como deve ser um irm\u00e3o amando o outro como nosso Pai quer. Eu pe\u00e7o que por favor que as pessoas tomem consci\u00eancia e vejam como nosso mundo est\u00e1 triste n\u00e3o s\u00f3 ele mas Deus, Nossa Senhora, os anjos, os\u00a0 santos e todos do c\u00e9u o mundo assim s\u00f3 est\u00e1 nos prejudicando e nunca vai nos levar a lugar nenhum ent\u00e3o vamos lutar por um mundo melhor\u00a0isso s\u00f3 nos trar\u00e1\u00a0felicidade, a paz\u00a0e tudo de bom.\u00a0N\u00e3o vamos ligar, nem julgar pela apar\u00eancia das pessoas, nem por suas condi\u00e7\u00f5es isso nada importa o que importa \u00e9 a pessoa que est\u00e1 ali que \u00e9 seu irm\u00e3o e que o amor deve existir entre os irm\u00e3os. Que Deus toque nos cora\u00e7\u00f5es das pessoas que tem maldade em seus cora\u00e7\u00f5es\u00a0para que sejam\u00a0boas e lutem por um mundo\u00a0melhor.\u00a0Este \u00e9 o meu maior sonho ver um mundo melhor e sei que ele vai se realizar e vou lutar\u00a0com toda a minha for\u00e7a por um mundo melhor e sei que n\u00e3o estou sozinha estou com Deus e todos os que querem mudar\u00a0o mundo\u00a0e ter um mundo melhor. Quando nosso mundo mudar para melhor Deus estar\u00e1 muito feliz em ver\u00a0que seus filhos mudaram o\u00a0mundo\u00a0e o fizeram um mundo melhor este mundo que Deus sempre quis e sempre\u00a0h\u00e1 de querer\u00a0para n\u00f3s.\u00a0Estamos todos juntos por um mundo melhor. Vamos lutar por um mundo melhor.<\/p>\n<p><img loading=\"lazy\" decoding=\"async\" class=\"aligncenter size-medium wp-image-4498\" src=\"http:\/\/www.oarcanjo.net\/site\/wp-content\/uploads\/aaaaaaaaaaaaa-300x275.jpg\" alt=\"\" width=\"300\" height=\"275\" srcset=\"https:\/\/www.oarcanjo.net\/site\/wp-content\/uploads\/aaaaaaaaaaaaa-300x275.jpg 300w, https:\/\/www.oarcanjo.net\/site\/wp-content\/uploads\/aaaaaaaaaaaaa.jpg 400w\" sizes=\"(max-width: 300px) 100vw, 300px\" \/><\/p>\n<div id=\"themify_builder_content-4497\" data-postid=\"4497\" class=\"themify_builder_content themify_builder_content-4497 themify_builder themify_builder_front\">\n\t<\/div>\n<!-- \/themify_builder_content -->","protected":false},"excerpt":{"rendered":"<p>Eu mais uma vez repeto\u00a0e vou repetir at\u00e9 que o mundo esteja melhor, vamos lutar com todas as nossas for\u00e7as por um mundo melhor, vamos lutar pelos mais fracos e oprimidos. Como j\u00e1 disse vamos colocar em pr\u00e1tica tudo que Jesus nos ensinou ele vai ficar muito feliz. Vamos lutar por um mundo sem maldade, [&hellip;]<\/p>\n","protected":false},"author":12,"featured_media":0,"comment_status":"open","ping_status":"open","sticky":false,"template":"","format":"standard","meta":{"ngg_post_thumbnail":0,"footnotes":""},"categories":[395],"tags":[165,719,954],"yoast_head":"<!-- This site is optimized with the Yoast SEO plugin v23.5 - https:\/\/yoast.com\/wordpress\/plugins\/seo\/ -->\n<title>Vamos lutar por um mundo melhor - O Arcanjo no ar<\/title>\n<meta name=\"robots\" content=\"index, follow, max-snippet:-1, max-image-preview:large, max-video-preview:-1\" \/>\n<link rel=\"canonical\" href=\"https:\/\/www.oarcanjo.net\/site\/vamos-lutar-por-um-mundo-melhor\/\" \/>\n<meta property=\"og:locale\" content=\"pt_BR\" \/>\n<meta property=\"og:type\" content=\"article\" \/>\n<meta property=\"og:title\" content=\"Vamos lutar por um mundo melhor - O Arcanjo no ar\" \/>\n<meta property=\"og:description\" content=\"Eu mais uma vez repeto\u00a0e vou repetir at\u00e9 que o mundo esteja melhor, vamos lutar com todas as nossas for\u00e7as por um mundo melhor, vamos lutar pelos mais fracos e oprimidos. Como j\u00e1 disse vamos colocar em pr\u00e1tica tudo que Jesus nos ensinou ele vai ficar muito feliz. Vamos lutar por um mundo sem maldade, [&hellip;]\" \/>\n<meta property=\"og:url\" content=\"https:\/\/www.oarcanjo.net\/site\/vamos-lutar-por-um-mundo-melhor\/\" \/>\n<meta property=\"og:site_name\" content=\"O Arcanjo no ar\" \/>\n<meta property=\"article:publisher\" content=\"https:\/\/www.facebook.com\/OArcanjoNoAr\/\" \/>\n<meta property=\"article:published_time\" content=\"2009-08-01T01:40:33+00:00\" \/>\n<meta property=\"article:modified_time\" content=\"2009-09-06T16:38:08+00:00\" \/>\n<meta property=\"og:image\" content=\"http:\/\/www.oarcanjo.net\/site\/wp-content\/uploads\/aaaaaaaaaaaaa-300x275.jpg\" \/>\n<meta name=\"author\" content=\"mariana\" \/>\n<meta name=\"twitter:card\" content=\"summary_large_image\" \/>\n<meta name=\"twitter:label1\" content=\"Escrito por\" \/>\n\t<meta name=\"twitter:data1\" content=\"mariana\" \/>\n\t<meta name=\"twitter:label2\" content=\"Est. tempo de leitura\" \/>\n\t<meta name=\"twitter:data2\" content=\"2 minutos\" \/>\n<script type=\"application\/ld+json\" class=\"yoast-schema-graph\">{\"@context\":\"https:\/\/schema.org\",\"@graph\":[{\"@type\":\"Article\",\"@id\":\"https:\/\/www.oarcanjo.net\/site\/vamos-lutar-por-um-mundo-melhor\/#article\",\"isPartOf\":{\"@id\":\"https:\/\/www.oarcanjo.net\/site\/vamos-lutar-por-um-mundo-melhor\/\"},\"author\":{\"name\":\"mariana\",\"@id\":\"https:\/\/www.oarcanjo.net\/site\/#\/schema\/person\/e54a5c62347067e278a5d0cf64f6a6e6\"},\"headline\":\"Vamos lutar por um mundo melhor\",\"datePublished\":\"2009-08-01T01:40:33+00:00\",\"dateModified\":\"2009-09-06T16:38:08+00:00\",\"mainEntityOfPage\":{\"@id\":\"https:\/\/www.oarcanjo.net\/site\/vamos-lutar-por-um-mundo-melhor\/\"},\"wordCount\":423,\"commentCount\":1,\"publisher\":{\"@id\":\"https:\/\/www.oarcanjo.net\/site\/#organization\"},\"image\":{\"@id\":\"https:\/\/www.oarcanjo.net\/site\/vamos-lutar-por-um-mundo-melhor\/#primaryimage\"},\"thumbnailUrl\":\"http:\/\/www.oarcanjo.net\/site\/wp-content\/uploads\/aaaaaaaaaaaaa-300x275.jpg\",\"keywords\":[\"compromisso\",\"mudan\u00e7a\",\"Mundo melhor\"],\"articleSection\":[\"Jovens\"],\"inLanguage\":\"pt-BR\",\"potentialAction\":[{\"@type\":\"CommentAction\",\"name\":\"Comment\",\"target\":[\"https:\/\/www.oarcanjo.net\/site\/vamos-lutar-por-um-mundo-melhor\/#respond\"]}]},{\"@type\":\"WebPage\",\"@id\":\"https:\/\/www.oarcanjo.net\/site\/vamos-lutar-por-um-mundo-melhor\/\",\"url\":\"https:\/\/www.oarcanjo.net\/site\/vamos-lutar-por-um-mundo-melhor\/\",\"name\":\"Vamos lutar por um mundo melhor - O Arcanjo no ar\",\"isPartOf\":{\"@id\":\"https:\/\/www.oarcanjo.net\/site\/#website\"},\"primaryImageOfPage\":{\"@id\":\"https:\/\/www.oarcanjo.net\/site\/vamos-lutar-por-um-mundo-melhor\/#primaryimage\"},\"image\":{\"@id\":\"https:\/\/www.oarcanjo.net\/site\/vamos-lutar-por-um-mundo-melhor\/#primaryimage\"},\"thumbnailUrl\":\"http:\/\/www.oarcanjo.net\/site\/wp-content\/uploads\/aaaaaaaaaaaaa-300x275.jpg\",\"datePublished\":\"2009-08-01T01:40:33+00:00\",\"dateModified\":\"2009-09-06T16:38:08+00:00\",\"breadcrumb\":{\"@id\":\"https:\/\/www.oarcanjo.net\/site\/vamos-lutar-por-um-mundo-melhor\/#breadcrumb\"},\"inLanguage\":\"pt-BR\",\"potentialAction\":[{\"@type\":\"ReadAction\",\"target\":[\"https:\/\/www.oarcanjo.net\/site\/vamos-lutar-por-um-mundo-melhor\/\"]}]},{\"@type\":\"ImageObject\",\"inLanguage\":\"pt-BR\",\"@id\":\"https:\/\/www.oarcanjo.net\/site\/vamos-lutar-por-um-mundo-melhor\/#primaryimage\",\"url\":\"https:\/\/www.oarcanjo.net\/site\/wp-content\/uploads\/aaaaaaaaaaaaa.jpg\",\"contentUrl\":\"https:\/\/www.oarcanjo.net\/site\/wp-content\/uploads\/aaaaaaaaaaaaa.jpg\",\"width\":\"400\",\"height\":\"367\"},{\"@type\":\"BreadcrumbList\",\"@id\":\"https:\/\/www.oarcanjo.net\/site\/vamos-lutar-por-um-mundo-melhor\/#breadcrumb\",\"itemListElement\":[{\"@type\":\"ListItem\",\"position\":1,\"name\":\"In\u00edcio\",\"item\":\"https:\/\/www.oarcanjo.net\/site\/\"},{\"@type\":\"ListItem\",\"position\":2,\"name\":\"Vamos lutar por um mundo melhor\"}]},{\"@type\":\"WebSite\",\"@id\":\"https:\/\/www.oarcanjo.net\/site\/#website\",\"url\":\"https:\/\/www.oarcanjo.net\/site\/\",\"name\":\"O Arcanjo no ar\",\"description\":\"Site da Par\u00f3quia S\u00e3o Miguel Arcanjo (Arquidiocese de SP)\",\"publisher\":{\"@id\":\"https:\/\/www.oarcanjo.net\/site\/#organization\"},\"potentialAction\":[{\"@type\":\"SearchAction\",\"target\":{\"@type\":\"EntryPoint\",\"urlTemplate\":\"https:\/\/www.oarcanjo.net\/site\/?s={search_term_string}\"},\"query-input\":{\"@type\":\"PropertyValueSpecification\",\"valueRequired\":true,\"valueName\":\"search_term_string\"}}],\"inLanguage\":\"pt-BR\"},{\"@type\":\"Organization\",\"@id\":\"https:\/\/www.oarcanjo.net\/site\/#organization\",\"name\":\"Par\u00f3quia S\u00e3o Miguel Arcanjo\",\"url\":\"https:\/\/www.oarcanjo.net\/site\/\",\"logo\":{\"@type\":\"ImageObject\",\"inLanguage\":\"pt-BR\",\"@id\":\"https:\/\/www.oarcanjo.net\/site\/#\/schema\/logo\/image\/\",\"url\":\"https:\/\/www.oarcanjo.net\/site\/wp-content\/uploads\/LogoOArcanjo.png\",\"contentUrl\":\"https:\/\/www.oarcanjo.net\/site\/wp-content\/uploads\/LogoOArcanjo.png\",\"width\":319,\"height\":99,\"caption\":\"Par\u00f3quia S\u00e3o Miguel Arcanjo\"},\"image\":{\"@id\":\"https:\/\/www.oarcanjo.net\/site\/#\/schema\/logo\/image\/\"},\"sameAs\":[\"https:\/\/www.facebook.com\/OArcanjoNoAr\/\"]},{\"@type\":\"Person\",\"@id\":\"https:\/\/www.oarcanjo.net\/site\/#\/schema\/person\/e54a5c62347067e278a5d0cf64f6a6e6\",\"name\":\"mariana\"}]}<\/script>\n<!-- \/ Yoast SEO plugin. -->","yoast_head_json":{"title":"Vamos lutar por um mundo melhor - O Arcanjo no ar","robots":{"index":"index","follow":"follow","max-snippet":"max-snippet:-1","max-image-preview":"max-image-preview:large","max-video-preview":"max-video-preview:-1"},"canonical":"https:\/\/www.oarcanjo.net\/site\/vamos-lutar-por-um-mundo-melhor\/","og_locale":"pt_BR","og_type":"article","og_title":"Vamos lutar por um mundo melhor - O Arcanjo no ar","og_description":"Eu mais uma vez repeto\u00a0e vou repetir at\u00e9 que o mundo esteja melhor, vamos lutar com todas as nossas for\u00e7as por um mundo melhor, vamos lutar pelos mais fracos e oprimidos. Como j\u00e1 disse vamos colocar em pr\u00e1tica tudo que Jesus nos ensinou ele vai ficar muito feliz. Vamos lutar por um mundo sem maldade, [&hellip;]","og_url":"https:\/\/www.oarcanjo.net\/site\/vamos-lutar-por-um-mundo-melhor\/","og_site_name":"O Arcanjo no ar","article_publisher":"https:\/\/www.facebook.com\/OArcanjoNoAr\/","article_published_time":"2009-08-01T01:40:33+00:00","article_modified_time":"2009-09-06T16:38:08+00:00","og_image":[{"url":"http:\/\/www.oarcanjo.net\/site\/wp-content\/uploads\/aaaaaaaaaaaaa-300x275.jpg"}],"author":"mariana","twitter_card":"summary_large_image","twitter_misc":{"Escrito por":"mariana","Est. tempo de leitura":"2 minutos"},"schema":{"@context":"https:\/\/schema.org","@graph":[{"@type":"Article","@id":"https:\/\/www.oarcanjo.net\/site\/vamos-lutar-por-um-mundo-melhor\/#article","isPartOf":{"@id":"https:\/\/www.oarcanjo.net\/site\/vamos-lutar-por-um-mundo-melhor\/"},"author":{"name":"mariana","@id":"https:\/\/www.oarcanjo.net\/site\/#\/schema\/person\/e54a5c62347067e278a5d0cf64f6a6e6"},"headline":"Vamos lutar por um mundo melhor","datePublished":"2009-08-01T01:40:33+00:00","dateModified":"2009-09-06T16:38:08+00:00","mainEntityOfPage":{"@id":"https:\/\/www.oarcanjo.net\/site\/vamos-lutar-por-um-mundo-melhor\/"},"wordCount":423,"commentCount":1,"publisher":{"@id":"https:\/\/www.oarcanjo.net\/site\/#organization"},"image":{"@id":"https:\/\/www.oarcanjo.net\/site\/vamos-lutar-por-um-mundo-melhor\/#primaryimage"},"thumbnailUrl":"http:\/\/www.oarcanjo.net\/site\/wp-content\/uploads\/aaaaaaaaaaaaa-300x275.jpg","keywords":["compromisso","mudan\u00e7a","Mundo melhor"],"articleSection":["Jovens"],"inLanguage":"pt-BR","potentialAction":[{"@type":"CommentAction","name":"Comment","target":["https:\/\/www.oarcanjo.net\/site\/vamos-lutar-por-um-mundo-melhor\/#respond"]}]},{"@type":"WebPage","@id":"https:\/\/www.oarcanjo.net\/site\/vamos-lutar-por-um-mundo-melhor\/","url":"https:\/\/www.oarcanjo.net\/site\/vamos-lutar-por-um-mundo-melhor\/","name":"Vamos lutar por um mundo melhor - O Arcanjo no ar","isPartOf":{"@id":"https:\/\/www.oarcanjo.net\/site\/#website"},"primaryImageOfPage":{"@id":"https:\/\/www.oarcanjo.net\/site\/vamos-lutar-por-um-mundo-melhor\/#primaryimage"},"image":{"@id":"https:\/\/www.oarcanjo.net\/site\/vamos-lutar-por-um-mundo-melhor\/#primaryimage"},"thumbnailUrl":"http:\/\/www.oarcanjo.net\/site\/wp-content\/uploads\/aaaaaaaaaaaaa-300x275.jpg","datePublished":"2009-08-01T01:40:33+00:00","dateModified":"2009-09-06T16:38:08+00:00","breadcrumb":{"@id":"https:\/\/www.oarcanjo.net\/site\/vamos-lutar-por-um-mundo-melhor\/#breadcrumb"},"inLanguage":"pt-BR","potentialAction":[{"@type":"ReadAction","target":["https:\/\/www.oarcanjo.net\/site\/vamos-lutar-por-um-mundo-melhor\/"]}]},{"@type":"ImageObject","inLanguage":"pt-BR","@id":"https:\/\/www.oarcanjo.net\/site\/vamos-lutar-por-um-mundo-melhor\/#primaryimage","url":"https:\/\/www.oarcanjo.net\/site\/wp-content\/uploads\/aaaaaaaaaaaaa.jpg","contentUrl":"https:\/\/www.oarcanjo.net\/site\/wp-content\/uploads\/aaaaaaaaaaaaa.jpg","width":"400","height":"367"},{"@type":"BreadcrumbList","@id":"https:\/\/www.oarcanjo.net\/site\/vamos-lutar-por-um-mundo-melhor\/#breadcrumb","itemListElement":[{"@type":"ListItem","position":1,"name":"In\u00edcio","item":"https:\/\/www.oarcanjo.net\/site\/"},{"@type":"ListItem","position":2,"name":"Vamos lutar por um mundo melhor"}]},{"@type":"WebSite","@id":"https:\/\/www.oarcanjo.net\/site\/#website","url":"https:\/\/www.oarcanjo.net\/site\/","name":"O Arcanjo no ar","description":"Site da Par\u00f3quia S\u00e3o Miguel Arcanjo (Arquidiocese de SP)","publisher":{"@id":"https:\/\/www.oarcanjo.net\/site\/#organization"},"potentialAction":[{"@type":"SearchAction","target":{"@type":"EntryPoint","urlTemplate":"https:\/\/www.oarcanjo.net\/site\/?s={search_term_string}"},"query-input":{"@type":"PropertyValueSpecification","valueRequired":true,"valueName":"search_term_string"}}],"inLanguage":"pt-BR"},{"@type":"Organization","@id":"https:\/\/www.oarcanjo.net\/site\/#organization","name":"Par\u00f3quia S\u00e3o Miguel Arcanjo","url":"https:\/\/www.oarcanjo.net\/site\/","logo":{"@type":"ImageObject","inLanguage":"pt-BR","@id":"https:\/\/www.oarcanjo.net\/site\/#\/schema\/logo\/image\/","url":"https:\/\/www.oarcanjo.net\/site\/wp-content\/uploads\/LogoOArcanjo.png","contentUrl":"https:\/\/www.oarcanjo.net\/site\/wp-content\/uploads\/LogoOArcanjo.png","width":319,"height":99,"caption":"Par\u00f3quia S\u00e3o Miguel Arcanjo"},"image":{"@id":"https:\/\/www.oarcanjo.net\/site\/#\/schema\/logo\/image\/"},"sameAs":["https:\/\/www.facebook.com\/OArcanjoNoAr\/"]},{"@type":"Person","@id":"https:\/\/www.oarcanjo.net\/site\/#\/schema\/person\/e54a5c62347067e278a5d0cf64f6a6e6","name":"mariana"}]}},"publishpress_future_action":{"enabled":false,"date":"2026-05-07 09:47:57","action":"category","newStatus":"draft","terms":[],"taxonomy":"category"},"publishpress_future_workflow_manual_trigger":{"enabledWorkflows":[]},"_links":{"self":[{"href":"https:\/\/www.oarcanjo.net\/site\/wp-json\/wp\/v2\/posts\/4497"}],"collection":[{"href":"https:\/\/www.oarcanjo.net\/site\/wp-json\/wp\/v2\/posts"}],"about":[{"href":"https:\/\/www.oarcanjo.net\/site\/wp-json\/wp\/v2\/types\/post"}],"author":[{"embeddable":true,"href":"https:\/\/www.oarcanjo.net\/site\/wp-json\/wp\/v2\/users\/12"}],"replies":[{"embeddable":true,"href":"https:\/\/www.oarcanjo.net\/site\/wp-json\/wp\/v2\/comments?post=4497"}],"version-history":[{"count":0,"href":"https:\/\/www.oarcanjo.net\/site\/wp-json\/wp\/v2\/posts\/4497\/revisions"}],"wp:attachment":[{"href":"https:\/\/www.oarcanjo.net\/site\/wp-json\/wp\/v2\/media?parent=4497"}],"wp:term":[{"taxonomy":"category","embeddable":true,"href":"https:\/\/www.oarcanjo.net\/site\/wp-json\/wp\/v2\/categories?post=4497"},{"taxonomy":"post_tag","embeddable":true,"href":"https:\/\/www.oarcanjo.net\/site\/wp-json\/wp\/v2\/tags?post=4497"}],"curies":[{"name":"wp","href":"https:\/\/api.w.org\/{rel}","templated":true}]}}