
{"id":4507,"date":"2009-07-31T23:48:51","date_gmt":"2009-08-01T02:48:51","guid":{"rendered":"http:\/\/www.oarcanjo.net\/site\/?p=4507"},"modified":"2009-08-02T11:42:05","modified_gmt":"2009-08-02T14:42:05","slug":"o-guardador-de-rebanhos","status":"publish","type":"post","link":"https:\/\/www.oarcanjo.net\/site\/o-guardador-de-rebanhos\/","title":{"rendered":"O Guardador de Rebanhos"},"content":{"rendered":"<p>H\u00e1 metaf\u00edsica bastante em n\u00e3o pensar em nada.<br \/>\nO que penso eu do mundo?<br \/>\nSei l\u00e1 o que penso do mundo!<br \/>\nSe eu adoecesse pensaria nisso.<br \/>\nQue ideia tenho eu das coisas?<br \/>\nQue opini\u00e3o tenho sobre as causas e os efeitos?<br \/>\nQue tenho eu meditado sobre Deus e a alma<br \/>\nE sobre a cria\u00e7\u00e3o do mundo?<br \/>\nN\u00e3o sei. Para mim pensar nisso \u00e9 fechar os olhos<br \/>\nE n\u00e3o pensar. \u00c9 correr as cortinas<br \/>\nDa minha janela (mas ela n\u00e3o tem cortinas).<\/p>\n<p>O mist\u00e9rio das coisas? Sei l\u00e1 o que \u00e9 mist\u00e9rio!<br \/>\nO \u00fanico mist\u00e9rio \u00e9 haver quem pense no mist\u00e9rio.<br \/>\nQuem est\u00e1 ao sol e fecha os olhos,<br \/>\nCome\u00e7a a n\u00e3o saber o que \u00e9 o Sol<br \/>\nE a pensar muitas coisas cheias de calor.<br \/>\nMas abre os olhos e v\u00ea o Sol,<br \/>\nE j\u00e1 n\u00e3o pode pensar em nada,<br \/>\nPorque a luz do Sol vale mais que os pensamentos<br \/>\nDe todos os fil\u00f3sofos e de todos os poetas.<br \/>\nA luz do Sol n\u00e3o sabe o que faz<br \/>\nE por isso n\u00e3o erra e \u00e9 comum e boa.<\/p>\n<p>Metaf\u00edsica? Que metaf\u00edsica t\u00eam aquelas \u00e1rvores?<br \/>\nA de serem verdes e copadas e de terem ramos<br \/>\nE a de dar fruto na sua hora, o que n\u00e3o nos faz pensar,<br \/>\nA n\u00f3s, que n\u00e3o sabemos dar por elas.<br \/>\nMas que melhor metaf\u00edsica que a delas,<br \/>\nQue \u00e9 a de n\u00e3o saber para que vivem<br \/>\nNem saber que o n\u00e3o sabem?<\/p>\n<p>\u00abConstitui\u00e7\u00e3o \u00edntima das coisas\u00bb&#8230;<br \/>\n\u00abSentido \u00edntimo do Universo\u00bb&#8230;<br \/>\nTudo isto \u00e9 falso, tudo isto n\u00e3o quer dizer nada.<br \/>\n\u00c9 incr\u00edvel que se possa pensar em coisas dessas.<br \/>\n\u00c9 como pensar em raz\u00f5es e fins<br \/>\nQuando o come\u00e7o da manh\u00e3 est\u00e1 raiando, e pelos lados das \u00e1rvores<br \/>\nUm vago ouro lustroso vai perdendo a escurid\u00e3o.<\/p>\n<p>Pensar no sentido \u00edntimo das coisas<br \/>\n\u00c9 acrescentado, como pensar na sa\u00fade<br \/>\nOu levar um copo \u00e0 \u00e1gua das fontes.<br \/>\nO \u00fanico sentido \u00edntimo dos coisas<br \/>\n\u00c9 elas n\u00e3o terem sentido \u00edntimo nenhum.<\/p>\n<p>N\u00e3o acredito em Deus porque nunca o vi.<br \/>\nSe ele quisesse que eu acreditasse nele,<br \/>\nSem d\u00favida que viria falar comigo<br \/>\nE entraria pela minha porta dentro<br \/>\nDizendo-me: Aqui estou!<\/p>\n<p>(Isto \u00e9 talvez rid\u00edculo aos ouvidos<br \/>\nDe quem, por n\u00e3o saber o que \u00e9 olhar para as coisas,<br \/>\nN\u00e3o compreende quem fala delas<br \/>\nCom o modo de falar que reparar para elas ensina.)<\/p>\n<p>Mas se Deus \u00e9 as flores e as \u00e1rvores<br \/>\nE os montes e sol e o luar,<br \/>\nEnt\u00e3o acredito nele,<br \/>\nEnt\u00e3o acredito nele a toda a hora,<br \/>\nE a minha vida \u00e9 toda uma ora\u00e7\u00e3o e uma missa,<br \/>\nE uma comunh\u00e3o com os olhos e pelos ouvidos.<\/p>\n<p>Mas se Deus \u00e9 as \u00e1rvores e as flores<br \/>\nE os montes e o luar e o sol,<br \/>\nPara que lhe chamo eu Deus?<br \/>\nChamo-lhe flores e \u00e1rvores e montes e sol e luar;<br \/>\nPorque, se ele se fez, para eu o ver,<br \/>\nSol e luar e flores e \u00e1rvores e montes,<br \/>\nSe ele me aparece como sendo \u00e1rvores e montes<br \/>\nE luar e sol e flores,<br \/>\n\u00c9 que ele quer que eu o conhe\u00e7a<br \/>\nComo \u00e1rvores e montes e flores e luar e sol.<\/p>\n<p>E por isso eu obede\u00e7o-lhe<br \/>\n(Que mais sei eu de Deus que Deus de si pr\u00f3prio?),<br \/>\nObede\u00e7o-lhe a viver, espontaneamente,<br \/>\nComo quem abre os olhos e v\u00ea.<br \/>\nE chamo-lhe luar e sol e flores e \u00e1rvores e montes,<br \/>\nE amo-o sem pensar nele,<br \/>\nE penso-o vendo e ouvindo,<br \/>\nE ando com ele a toda a hora.<\/p>\n<p><strong><em>Fernando Pessoa<\/em><\/strong><\/p>\n<div id=\"themify_builder_content-4507\" data-postid=\"4507\" class=\"themify_builder_content themify_builder_content-4507 themify_builder themify_builder_front\">\n\t<\/div>\n<!-- \/themify_builder_content -->","protected":false},"excerpt":{"rendered":"<p>H\u00e1 metaf\u00edsica bastante em n\u00e3o pensar em nada. O que penso eu do mundo? Sei l\u00e1 o que penso do mundo! Se eu adoecesse pensaria nisso. Que ideia tenho eu das coisas? Que opini\u00e3o tenho sobre as causas e os efeitos? Que tenho eu meditado sobre Deus e a alma E sobre a cria\u00e7\u00e3o do [&hellip;]<\/p>\n","protected":false},"author":12,"featured_media":0,"comment_status":"open","ping_status":"open","sticky":false,"template":"","format":"standard","meta":{"ngg_post_thumbnail":0,"footnotes":""},"categories":[395],"tags":[956,955],"yoast_head":"<!-- This site is optimized with the Yoast SEO plugin v23.5 - https:\/\/yoast.com\/wordpress\/plugins\/seo\/ -->\n<title>O Guardador de Rebanhos - O Arcanjo no ar<\/title>\n<meta name=\"robots\" content=\"index, follow, max-snippet:-1, max-image-preview:large, max-video-preview:-1\" \/>\n<link rel=\"canonical\" href=\"https:\/\/www.oarcanjo.net\/site\/o-guardador-de-rebanhos\/\" \/>\n<meta property=\"og:locale\" content=\"pt_BR\" \/>\n<meta property=\"og:type\" content=\"article\" \/>\n<meta property=\"og:title\" content=\"O Guardador de Rebanhos - O Arcanjo no ar\" \/>\n<meta property=\"og:description\" content=\"H\u00e1 metaf\u00edsica bastante em n\u00e3o pensar em nada. O que penso eu do mundo? Sei l\u00e1 o que penso do mundo! Se eu adoecesse pensaria nisso. Que ideia tenho eu das coisas? Que opini\u00e3o tenho sobre as causas e os efeitos? Que tenho eu meditado sobre Deus e a alma E sobre a cria\u00e7\u00e3o do [&hellip;]\" \/>\n<meta property=\"og:url\" content=\"https:\/\/www.oarcanjo.net\/site\/o-guardador-de-rebanhos\/\" \/>\n<meta property=\"og:site_name\" content=\"O Arcanjo no ar\" \/>\n<meta property=\"article:publisher\" content=\"https:\/\/www.facebook.com\/OArcanjoNoAr\/\" \/>\n<meta property=\"article:published_time\" content=\"2009-08-01T02:48:51+00:00\" \/>\n<meta property=\"article:modified_time\" content=\"2009-08-02T14:42:05+00:00\" \/>\n<meta property=\"og:image\" content=\"https:\/\/www.oarcanjo.net\/site\/wp-content\/uploads\/logo-o-arcanjo-no-ar-facebook.png\" \/>\n\t<meta property=\"og:image:width\" content=\"300\" \/>\n\t<meta property=\"og:image:height\" content=\"300\" \/>\n\t<meta property=\"og:image:type\" content=\"image\/png\" \/>\n<meta name=\"author\" content=\"mariana\" \/>\n<meta name=\"twitter:card\" content=\"summary_large_image\" \/>\n<meta name=\"twitter:label1\" content=\"Escrito por\" \/>\n\t<meta name=\"twitter:data1\" content=\"mariana\" \/>\n\t<meta name=\"twitter:label2\" content=\"Est. tempo de leitura\" \/>\n\t<meta name=\"twitter:data2\" content=\"3 minutos\" \/>\n<script type=\"application\/ld+json\" class=\"yoast-schema-graph\">{\"@context\":\"https:\/\/schema.org\",\"@graph\":[{\"@type\":\"Article\",\"@id\":\"https:\/\/www.oarcanjo.net\/site\/o-guardador-de-rebanhos\/#article\",\"isPartOf\":{\"@id\":\"https:\/\/www.oarcanjo.net\/site\/o-guardador-de-rebanhos\/\"},\"author\":{\"name\":\"mariana\",\"@id\":\"https:\/\/www.oarcanjo.net\/site\/#\/schema\/person\/e54a5c62347067e278a5d0cf64f6a6e6\"},\"headline\":\"O Guardador de Rebanhos\",\"datePublished\":\"2009-08-01T02:48:51+00:00\",\"dateModified\":\"2009-08-02T14:42:05+00:00\",\"mainEntityOfPage\":{\"@id\":\"https:\/\/www.oarcanjo.net\/site\/o-guardador-de-rebanhos\/\"},\"wordCount\":610,\"commentCount\":2,\"publisher\":{\"@id\":\"https:\/\/www.oarcanjo.net\/site\/#organization\"},\"keywords\":[\"Fernando Pessoa\",\"O Guardador de Rebanhos\"],\"articleSection\":[\"Jovens\"],\"inLanguage\":\"pt-BR\",\"potentialAction\":[{\"@type\":\"CommentAction\",\"name\":\"Comment\",\"target\":[\"https:\/\/www.oarcanjo.net\/site\/o-guardador-de-rebanhos\/#respond\"]}]},{\"@type\":\"WebPage\",\"@id\":\"https:\/\/www.oarcanjo.net\/site\/o-guardador-de-rebanhos\/\",\"url\":\"https:\/\/www.oarcanjo.net\/site\/o-guardador-de-rebanhos\/\",\"name\":\"O Guardador de Rebanhos - O Arcanjo no ar\",\"isPartOf\":{\"@id\":\"https:\/\/www.oarcanjo.net\/site\/#website\"},\"datePublished\":\"2009-08-01T02:48:51+00:00\",\"dateModified\":\"2009-08-02T14:42:05+00:00\",\"breadcrumb\":{\"@id\":\"https:\/\/www.oarcanjo.net\/site\/o-guardador-de-rebanhos\/#breadcrumb\"},\"inLanguage\":\"pt-BR\",\"potentialAction\":[{\"@type\":\"ReadAction\",\"target\":[\"https:\/\/www.oarcanjo.net\/site\/o-guardador-de-rebanhos\/\"]}]},{\"@type\":\"BreadcrumbList\",\"@id\":\"https:\/\/www.oarcanjo.net\/site\/o-guardador-de-rebanhos\/#breadcrumb\",\"itemListElement\":[{\"@type\":\"ListItem\",\"position\":1,\"name\":\"In\u00edcio\",\"item\":\"https:\/\/www.oarcanjo.net\/site\/\"},{\"@type\":\"ListItem\",\"position\":2,\"name\":\"O Guardador de Rebanhos\"}]},{\"@type\":\"WebSite\",\"@id\":\"https:\/\/www.oarcanjo.net\/site\/#website\",\"url\":\"https:\/\/www.oarcanjo.net\/site\/\",\"name\":\"O Arcanjo no ar\",\"description\":\"Site da Par\u00f3quia S\u00e3o Miguel Arcanjo (Arquidiocese de SP)\",\"publisher\":{\"@id\":\"https:\/\/www.oarcanjo.net\/site\/#organization\"},\"potentialAction\":[{\"@type\":\"SearchAction\",\"target\":{\"@type\":\"EntryPoint\",\"urlTemplate\":\"https:\/\/www.oarcanjo.net\/site\/?s={search_term_string}\"},\"query-input\":{\"@type\":\"PropertyValueSpecification\",\"valueRequired\":true,\"valueName\":\"search_term_string\"}}],\"inLanguage\":\"pt-BR\"},{\"@type\":\"Organization\",\"@id\":\"https:\/\/www.oarcanjo.net\/site\/#organization\",\"name\":\"Par\u00f3quia S\u00e3o Miguel Arcanjo\",\"url\":\"https:\/\/www.oarcanjo.net\/site\/\",\"logo\":{\"@type\":\"ImageObject\",\"inLanguage\":\"pt-BR\",\"@id\":\"https:\/\/www.oarcanjo.net\/site\/#\/schema\/logo\/image\/\",\"url\":\"https:\/\/www.oarcanjo.net\/site\/wp-content\/uploads\/LogoOArcanjo.png\",\"contentUrl\":\"https:\/\/www.oarcanjo.net\/site\/wp-content\/uploads\/LogoOArcanjo.png\",\"width\":319,\"height\":99,\"caption\":\"Par\u00f3quia S\u00e3o Miguel Arcanjo\"},\"image\":{\"@id\":\"https:\/\/www.oarcanjo.net\/site\/#\/schema\/logo\/image\/\"},\"sameAs\":[\"https:\/\/www.facebook.com\/OArcanjoNoAr\/\"]},{\"@type\":\"Person\",\"@id\":\"https:\/\/www.oarcanjo.net\/site\/#\/schema\/person\/e54a5c62347067e278a5d0cf64f6a6e6\",\"name\":\"mariana\"}]}<\/script>\n<!-- \/ Yoast SEO plugin. -->","yoast_head_json":{"title":"O Guardador de Rebanhos - O Arcanjo no ar","robots":{"index":"index","follow":"follow","max-snippet":"max-snippet:-1","max-image-preview":"max-image-preview:large","max-video-preview":"max-video-preview:-1"},"canonical":"https:\/\/www.oarcanjo.net\/site\/o-guardador-de-rebanhos\/","og_locale":"pt_BR","og_type":"article","og_title":"O Guardador de Rebanhos - O Arcanjo no ar","og_description":"H\u00e1 metaf\u00edsica bastante em n\u00e3o pensar em nada. O que penso eu do mundo? Sei l\u00e1 o que penso do mundo! Se eu adoecesse pensaria nisso. Que ideia tenho eu das coisas? Que opini\u00e3o tenho sobre as causas e os efeitos? Que tenho eu meditado sobre Deus e a alma E sobre a cria\u00e7\u00e3o do [&hellip;]","og_url":"https:\/\/www.oarcanjo.net\/site\/o-guardador-de-rebanhos\/","og_site_name":"O Arcanjo no ar","article_publisher":"https:\/\/www.facebook.com\/OArcanjoNoAr\/","article_published_time":"2009-08-01T02:48:51+00:00","article_modified_time":"2009-08-02T14:42:05+00:00","og_image":[{"width":300,"height":300,"url":"https:\/\/www.oarcanjo.net\/site\/wp-content\/uploads\/logo-o-arcanjo-no-ar-facebook.png","type":"image\/png"}],"author":"mariana","twitter_card":"summary_large_image","twitter_misc":{"Escrito por":"mariana","Est. tempo de leitura":"3 minutos"},"schema":{"@context":"https:\/\/schema.org","@graph":[{"@type":"Article","@id":"https:\/\/www.oarcanjo.net\/site\/o-guardador-de-rebanhos\/#article","isPartOf":{"@id":"https:\/\/www.oarcanjo.net\/site\/o-guardador-de-rebanhos\/"},"author":{"name":"mariana","@id":"https:\/\/www.oarcanjo.net\/site\/#\/schema\/person\/e54a5c62347067e278a5d0cf64f6a6e6"},"headline":"O Guardador de Rebanhos","datePublished":"2009-08-01T02:48:51+00:00","dateModified":"2009-08-02T14:42:05+00:00","mainEntityOfPage":{"@id":"https:\/\/www.oarcanjo.net\/site\/o-guardador-de-rebanhos\/"},"wordCount":610,"commentCount":2,"publisher":{"@id":"https:\/\/www.oarcanjo.net\/site\/#organization"},"keywords":["Fernando Pessoa","O Guardador de Rebanhos"],"articleSection":["Jovens"],"inLanguage":"pt-BR","potentialAction":[{"@type":"CommentAction","name":"Comment","target":["https:\/\/www.oarcanjo.net\/site\/o-guardador-de-rebanhos\/#respond"]}]},{"@type":"WebPage","@id":"https:\/\/www.oarcanjo.net\/site\/o-guardador-de-rebanhos\/","url":"https:\/\/www.oarcanjo.net\/site\/o-guardador-de-rebanhos\/","name":"O Guardador de Rebanhos - O Arcanjo no ar","isPartOf":{"@id":"https:\/\/www.oarcanjo.net\/site\/#website"},"datePublished":"2009-08-01T02:48:51+00:00","dateModified":"2009-08-02T14:42:05+00:00","breadcrumb":{"@id":"https:\/\/www.oarcanjo.net\/site\/o-guardador-de-rebanhos\/#breadcrumb"},"inLanguage":"pt-BR","potentialAction":[{"@type":"ReadAction","target":["https:\/\/www.oarcanjo.net\/site\/o-guardador-de-rebanhos\/"]}]},{"@type":"BreadcrumbList","@id":"https:\/\/www.oarcanjo.net\/site\/o-guardador-de-rebanhos\/#breadcrumb","itemListElement":[{"@type":"ListItem","position":1,"name":"In\u00edcio","item":"https:\/\/www.oarcanjo.net\/site\/"},{"@type":"ListItem","position":2,"name":"O Guardador de Rebanhos"}]},{"@type":"WebSite","@id":"https:\/\/www.oarcanjo.net\/site\/#website","url":"https:\/\/www.oarcanjo.net\/site\/","name":"O Arcanjo no ar","description":"Site da Par\u00f3quia S\u00e3o Miguel Arcanjo (Arquidiocese de SP)","publisher":{"@id":"https:\/\/www.oarcanjo.net\/site\/#organization"},"potentialAction":[{"@type":"SearchAction","target":{"@type":"EntryPoint","urlTemplate":"https:\/\/www.oarcanjo.net\/site\/?s={search_term_string}"},"query-input":{"@type":"PropertyValueSpecification","valueRequired":true,"valueName":"search_term_string"}}],"inLanguage":"pt-BR"},{"@type":"Organization","@id":"https:\/\/www.oarcanjo.net\/site\/#organization","name":"Par\u00f3quia S\u00e3o Miguel Arcanjo","url":"https:\/\/www.oarcanjo.net\/site\/","logo":{"@type":"ImageObject","inLanguage":"pt-BR","@id":"https:\/\/www.oarcanjo.net\/site\/#\/schema\/logo\/image\/","url":"https:\/\/www.oarcanjo.net\/site\/wp-content\/uploads\/LogoOArcanjo.png","contentUrl":"https:\/\/www.oarcanjo.net\/site\/wp-content\/uploads\/LogoOArcanjo.png","width":319,"height":99,"caption":"Par\u00f3quia S\u00e3o Miguel Arcanjo"},"image":{"@id":"https:\/\/www.oarcanjo.net\/site\/#\/schema\/logo\/image\/"},"sameAs":["https:\/\/www.facebook.com\/OArcanjoNoAr\/"]},{"@type":"Person","@id":"https:\/\/www.oarcanjo.net\/site\/#\/schema\/person\/e54a5c62347067e278a5d0cf64f6a6e6","name":"mariana"}]}},"publishpress_future_action":{"enabled":false,"date":"2026-05-07 07:53:12","action":"category","newStatus":"draft","terms":[],"taxonomy":"category"},"publishpress_future_workflow_manual_trigger":{"enabledWorkflows":[]},"_links":{"self":[{"href":"https:\/\/www.oarcanjo.net\/site\/wp-json\/wp\/v2\/posts\/4507"}],"collection":[{"href":"https:\/\/www.oarcanjo.net\/site\/wp-json\/wp\/v2\/posts"}],"about":[{"href":"https:\/\/www.oarcanjo.net\/site\/wp-json\/wp\/v2\/types\/post"}],"author":[{"embeddable":true,"href":"https:\/\/www.oarcanjo.net\/site\/wp-json\/wp\/v2\/users\/12"}],"replies":[{"embeddable":true,"href":"https:\/\/www.oarcanjo.net\/site\/wp-json\/wp\/v2\/comments?post=4507"}],"version-history":[{"count":0,"href":"https:\/\/www.oarcanjo.net\/site\/wp-json\/wp\/v2\/posts\/4507\/revisions"}],"wp:attachment":[{"href":"https:\/\/www.oarcanjo.net\/site\/wp-json\/wp\/v2\/media?parent=4507"}],"wp:term":[{"taxonomy":"category","embeddable":true,"href":"https:\/\/www.oarcanjo.net\/site\/wp-json\/wp\/v2\/categories?post=4507"},{"taxonomy":"post_tag","embeddable":true,"href":"https:\/\/www.oarcanjo.net\/site\/wp-json\/wp\/v2\/tags?post=4507"}],"curies":[{"name":"wp","href":"https:\/\/api.w.org\/{rel}","templated":true}]}}