
{"id":4527,"date":"2009-08-01T10:28:39","date_gmt":"2009-08-01T13:28:39","guid":{"rendered":"http:\/\/www.oarcanjo.net\/site\/?p=4527"},"modified":"2009-08-03T23:17:10","modified_gmt":"2009-08-04T02:17:10","slug":"o-pao-da-vida","status":"publish","type":"post","link":"https:\/\/www.oarcanjo.net\/site\/o-pao-da-vida\/","title":{"rendered":"O P\u00c3O da VIDA !"},"content":{"rendered":"<p>O Evangelho deste domingo nos questiona e inquieta.<\/p>\n<p>Entendemos a mensagem de Jesus ou queremos que Ele resolva todos os nossos problemas? Acreditar e aceitar a Deus que consequ\u00eancias traz para o nosso viver?<\/p>\n<p>Um grande coment\u00e1rio sobre o Evangelho de Jo\u00e3o traz a seguinte afirma\u00e7\u00e3o:<\/p>\n<p><em>\u00a8Receber o p\u00e3o sem aceitar o seu significado \u00e9 fechar-se \u00e0 comunica\u00e7\u00e3o divina\u00a8 ( Juan Mateos &#8211; Juan Barreto).<\/em><\/p>\n<p>Que devemos fazer para realizar as obras de Deus?<\/p>\n<p>A obra de Deus \u00e9 ACREDITAR NAQUELE QUE ELE ENVIOU.<\/p>\n<p>Acreditar n\u00e3o \u00e9 uma id\u00e9ia, mas uma nova maneira de ver, pensar, sentir e agir.<\/p>\n<p>Acreditar \u00e9 assimilar, assemelhar-se, unir-se\u00a0 de tal modo que o que assimila torna-se o assimilado!<\/p>\n<p>O Povo pede d\u00e1-nos sempre desse p\u00e3o.<\/p>\n<p>JESUS diz: EU sou o p\u00e3o da VIDA. Quem vem a MIM n\u00e3o ter\u00e1 mais fome e qum crer em MIM nunca mais ter\u00e1 sede.<\/p>\n<p>Quem assimila JESUS em sua Vida, quem come desse P\u00c3O , ser\u00e1 uma pessoa da PARTILHA, que supera a acumula\u00e7\u00e3o e o ego\u00edsmo, n\u00e3o vai esperar chover o man\u00e1 do c\u00e9u, mas vai trabalhar com f\u00e9 pela transforma\u00e7\u00e3o da vida .<\/p>\n<p>Acreditar em JESUS \u00e9 impactante e traz consequ\u00eancias!<\/p>\n<p>N\u00e3o se pode celebrar a EUCARISTIA e n\u00e3o perceber seu significado pessoal e social, o compromisso que gera.<\/p>\n<p>Nos alimentarmos do P\u00c3O da VIDA , \u00e9 aceitar a proposta de uma nova maneira de Viver e de ser. \u00c9 configurar-se a ELE.<\/p>\n<p>JESUS ensina-me, alimenta-me, ajuda-me a partilhar e a comprometer-me com uma vida mais humana, onde ningu\u00e9m seja esquecido ou abandonado.<\/p>\n<p>AM\u00c9M.<\/p>\n<hr \/>\n<p>Assista \u00e0 homilia da Missa de 02\/08\/2009:<\/p>\n<p><video style=\"width: 100%; height: auto; aspect-ratio: 480\/334; border: none; overflow: hidden;\" controls>\n                <source src=\"mms:\/\/mms.bizmedia.com.br\/bizmedia\/Homilia20090802-final.wmv\" type=\"video\/x-ms-wmv\">\n                <source src=\"mms:\/\/mms.bizmedia.com.br\/bizmedia\/Homilia20090802-final.wmv\" type=\"video\/wmv\">\n                Your browser does not support the video tag.\n            <\/video><\/p>\n<div id=\"themify_builder_content-4527\" data-postid=\"4527\" class=\"themify_builder_content themify_builder_content-4527 themify_builder themify_builder_front\">\n\t<\/div>\n<!-- \/themify_builder_content -->","protected":false},"excerpt":{"rendered":"<p>O Evangelho deste domingo nos questiona e inquieta. Entendemos a mensagem de Jesus ou queremos que Ele resolva todos os nossos problemas? Acreditar e aceitar a Deus que consequ\u00eancias traz para o nosso viver? Um grande coment\u00e1rio sobre o Evangelho de Jo\u00e3o traz a seguinte afirma\u00e7\u00e3o: \u00a8Receber o p\u00e3o sem aceitar o seu significado \u00e9 [&hellip;]<\/p>\n","protected":false},"author":4,"featured_media":0,"comment_status":"open","ping_status":"open","sticky":false,"template":"","format":"standard","meta":{"ngg_post_thumbnail":0,"footnotes":""},"categories":[4,475],"tags":[165,959,539],"yoast_head":"<!-- This site is optimized with the Yoast SEO plugin v23.5 - https:\/\/yoast.com\/wordpress\/plugins\/seo\/ -->\n<title>O P\u00c3O da VIDA ! - O Arcanjo no ar<\/title>\n<meta name=\"robots\" content=\"index, follow, max-snippet:-1, max-image-preview:large, max-video-preview:-1\" \/>\n<link rel=\"canonical\" href=\"https:\/\/www.oarcanjo.net\/site\/o-pao-da-vida\/\" \/>\n<meta property=\"og:locale\" content=\"pt_BR\" \/>\n<meta property=\"og:type\" content=\"article\" \/>\n<meta property=\"og:title\" content=\"O P\u00c3O da VIDA ! - O Arcanjo no ar\" \/>\n<meta property=\"og:description\" content=\"O Evangelho deste domingo nos questiona e inquieta. Entendemos a mensagem de Jesus ou queremos que Ele resolva todos os nossos problemas? Acreditar e aceitar a Deus que consequ\u00eancias traz para o nosso viver? Um grande coment\u00e1rio sobre o Evangelho de Jo\u00e3o traz a seguinte afirma\u00e7\u00e3o: \u00a8Receber o p\u00e3o sem aceitar o seu significado \u00e9 [&hellip;]\" \/>\n<meta property=\"og:url\" content=\"https:\/\/www.oarcanjo.net\/site\/o-pao-da-vida\/\" \/>\n<meta property=\"og:site_name\" content=\"O Arcanjo no ar\" \/>\n<meta property=\"article:publisher\" content=\"https:\/\/www.facebook.com\/OArcanjoNoAr\/\" \/>\n<meta property=\"article:published_time\" content=\"2009-08-01T13:28:39+00:00\" \/>\n<meta property=\"article:modified_time\" content=\"2009-08-04T02:17:10+00:00\" \/>\n<meta property=\"og:image\" content=\"https:\/\/www.oarcanjo.net\/site\/wp-content\/uploads\/logo-o-arcanjo-no-ar-facebook.png\" \/>\n\t<meta property=\"og:image:width\" content=\"300\" \/>\n\t<meta property=\"og:image:height\" content=\"300\" \/>\n\t<meta property=\"og:image:type\" content=\"image\/png\" \/>\n<meta name=\"author\" content=\"julio\" \/>\n<meta name=\"twitter:card\" content=\"summary_large_image\" \/>\n<meta name=\"twitter:label1\" content=\"Escrito por\" \/>\n\t<meta name=\"twitter:data1\" content=\"julio\" \/>\n\t<meta name=\"twitter:label2\" content=\"Est. tempo de leitura\" \/>\n\t<meta name=\"twitter:data2\" content=\"1 minuto\" \/>\n<script type=\"application\/ld+json\" class=\"yoast-schema-graph\">{\"@context\":\"https:\/\/schema.org\",\"@graph\":[{\"@type\":\"Article\",\"@id\":\"https:\/\/www.oarcanjo.net\/site\/o-pao-da-vida\/#article\",\"isPartOf\":{\"@id\":\"https:\/\/www.oarcanjo.net\/site\/o-pao-da-vida\/\"},\"author\":{\"name\":\"julio\",\"@id\":\"https:\/\/www.oarcanjo.net\/site\/#\/schema\/person\/d78ea01c648c91e29c364b516767079e\"},\"headline\":\"O P\u00c3O da VIDA !\",\"datePublished\":\"2009-08-01T13:28:39+00:00\",\"dateModified\":\"2009-08-04T02:17:10+00:00\",\"mainEntityOfPage\":{\"@id\":\"https:\/\/www.oarcanjo.net\/site\/o-pao-da-vida\/\"},\"wordCount\":291,\"commentCount\":21,\"publisher\":{\"@id\":\"https:\/\/www.oarcanjo.net\/site\/#organization\"},\"keywords\":[\"compromisso\",\"P\u00c3O da VIDA\",\"transforma\u00e7\u00e3o\"],\"articleSection\":[\"Blog\",\"Homilias\"],\"inLanguage\":\"pt-BR\",\"potentialAction\":[{\"@type\":\"CommentAction\",\"name\":\"Comment\",\"target\":[\"https:\/\/www.oarcanjo.net\/site\/o-pao-da-vida\/#respond\"]}]},{\"@type\":\"WebPage\",\"@id\":\"https:\/\/www.oarcanjo.net\/site\/o-pao-da-vida\/\",\"url\":\"https:\/\/www.oarcanjo.net\/site\/o-pao-da-vida\/\",\"name\":\"O P\u00c3O da VIDA ! - O Arcanjo no ar\",\"isPartOf\":{\"@id\":\"https:\/\/www.oarcanjo.net\/site\/#website\"},\"datePublished\":\"2009-08-01T13:28:39+00:00\",\"dateModified\":\"2009-08-04T02:17:10+00:00\",\"breadcrumb\":{\"@id\":\"https:\/\/www.oarcanjo.net\/site\/o-pao-da-vida\/#breadcrumb\"},\"inLanguage\":\"pt-BR\",\"potentialAction\":[{\"@type\":\"ReadAction\",\"target\":[\"https:\/\/www.oarcanjo.net\/site\/o-pao-da-vida\/\"]}]},{\"@type\":\"BreadcrumbList\",\"@id\":\"https:\/\/www.oarcanjo.net\/site\/o-pao-da-vida\/#breadcrumb\",\"itemListElement\":[{\"@type\":\"ListItem\",\"position\":1,\"name\":\"In\u00edcio\",\"item\":\"https:\/\/www.oarcanjo.net\/site\/\"},{\"@type\":\"ListItem\",\"position\":2,\"name\":\"O P\u00c3O da VIDA !\"}]},{\"@type\":\"WebSite\",\"@id\":\"https:\/\/www.oarcanjo.net\/site\/#website\",\"url\":\"https:\/\/www.oarcanjo.net\/site\/\",\"name\":\"O Arcanjo no ar\",\"description\":\"Site da Par\u00f3quia S\u00e3o Miguel Arcanjo (Arquidiocese de SP)\",\"publisher\":{\"@id\":\"https:\/\/www.oarcanjo.net\/site\/#organization\"},\"potentialAction\":[{\"@type\":\"SearchAction\",\"target\":{\"@type\":\"EntryPoint\",\"urlTemplate\":\"https:\/\/www.oarcanjo.net\/site\/?s={search_term_string}\"},\"query-input\":{\"@type\":\"PropertyValueSpecification\",\"valueRequired\":true,\"valueName\":\"search_term_string\"}}],\"inLanguage\":\"pt-BR\"},{\"@type\":\"Organization\",\"@id\":\"https:\/\/www.oarcanjo.net\/site\/#organization\",\"name\":\"Par\u00f3quia S\u00e3o Miguel Arcanjo\",\"url\":\"https:\/\/www.oarcanjo.net\/site\/\",\"logo\":{\"@type\":\"ImageObject\",\"inLanguage\":\"pt-BR\",\"@id\":\"https:\/\/www.oarcanjo.net\/site\/#\/schema\/logo\/image\/\",\"url\":\"https:\/\/www.oarcanjo.net\/site\/wp-content\/uploads\/LogoOArcanjo.png\",\"contentUrl\":\"https:\/\/www.oarcanjo.net\/site\/wp-content\/uploads\/LogoOArcanjo.png\",\"width\":319,\"height\":99,\"caption\":\"Par\u00f3quia S\u00e3o Miguel Arcanjo\"},\"image\":{\"@id\":\"https:\/\/www.oarcanjo.net\/site\/#\/schema\/logo\/image\/\"},\"sameAs\":[\"https:\/\/www.facebook.com\/OArcanjoNoAr\/\"]},{\"@type\":\"Person\",\"@id\":\"https:\/\/www.oarcanjo.net\/site\/#\/schema\/person\/d78ea01c648c91e29c364b516767079e\",\"name\":\"julio\",\"sameAs\":[\"http:\/\/www.oarcanjo.net\"]}]}<\/script>\n<!-- \/ Yoast SEO plugin. -->","yoast_head_json":{"title":"O P\u00c3O da VIDA ! - O Arcanjo no ar","robots":{"index":"index","follow":"follow","max-snippet":"max-snippet:-1","max-image-preview":"max-image-preview:large","max-video-preview":"max-video-preview:-1"},"canonical":"https:\/\/www.oarcanjo.net\/site\/o-pao-da-vida\/","og_locale":"pt_BR","og_type":"article","og_title":"O P\u00c3O da VIDA ! - O Arcanjo no ar","og_description":"O Evangelho deste domingo nos questiona e inquieta. Entendemos a mensagem de Jesus ou queremos que Ele resolva todos os nossos problemas? Acreditar e aceitar a Deus que consequ\u00eancias traz para o nosso viver? Um grande coment\u00e1rio sobre o Evangelho de Jo\u00e3o traz a seguinte afirma\u00e7\u00e3o: \u00a8Receber o p\u00e3o sem aceitar o seu significado \u00e9 [&hellip;]","og_url":"https:\/\/www.oarcanjo.net\/site\/o-pao-da-vida\/","og_site_name":"O Arcanjo no ar","article_publisher":"https:\/\/www.facebook.com\/OArcanjoNoAr\/","article_published_time":"2009-08-01T13:28:39+00:00","article_modified_time":"2009-08-04T02:17:10+00:00","og_image":[{"width":300,"height":300,"url":"https:\/\/www.oarcanjo.net\/site\/wp-content\/uploads\/logo-o-arcanjo-no-ar-facebook.png","type":"image\/png"}],"author":"julio","twitter_card":"summary_large_image","twitter_misc":{"Escrito por":"julio","Est. tempo de leitura":"1 minuto"},"schema":{"@context":"https:\/\/schema.org","@graph":[{"@type":"Article","@id":"https:\/\/www.oarcanjo.net\/site\/o-pao-da-vida\/#article","isPartOf":{"@id":"https:\/\/www.oarcanjo.net\/site\/o-pao-da-vida\/"},"author":{"name":"julio","@id":"https:\/\/www.oarcanjo.net\/site\/#\/schema\/person\/d78ea01c648c91e29c364b516767079e"},"headline":"O P\u00c3O da VIDA !","datePublished":"2009-08-01T13:28:39+00:00","dateModified":"2009-08-04T02:17:10+00:00","mainEntityOfPage":{"@id":"https:\/\/www.oarcanjo.net\/site\/o-pao-da-vida\/"},"wordCount":291,"commentCount":21,"publisher":{"@id":"https:\/\/www.oarcanjo.net\/site\/#organization"},"keywords":["compromisso","P\u00c3O da VIDA","transforma\u00e7\u00e3o"],"articleSection":["Blog","Homilias"],"inLanguage":"pt-BR","potentialAction":[{"@type":"CommentAction","name":"Comment","target":["https:\/\/www.oarcanjo.net\/site\/o-pao-da-vida\/#respond"]}]},{"@type":"WebPage","@id":"https:\/\/www.oarcanjo.net\/site\/o-pao-da-vida\/","url":"https:\/\/www.oarcanjo.net\/site\/o-pao-da-vida\/","name":"O P\u00c3O da VIDA ! - O Arcanjo no ar","isPartOf":{"@id":"https:\/\/www.oarcanjo.net\/site\/#website"},"datePublished":"2009-08-01T13:28:39+00:00","dateModified":"2009-08-04T02:17:10+00:00","breadcrumb":{"@id":"https:\/\/www.oarcanjo.net\/site\/o-pao-da-vida\/#breadcrumb"},"inLanguage":"pt-BR","potentialAction":[{"@type":"ReadAction","target":["https:\/\/www.oarcanjo.net\/site\/o-pao-da-vida\/"]}]},{"@type":"BreadcrumbList","@id":"https:\/\/www.oarcanjo.net\/site\/o-pao-da-vida\/#breadcrumb","itemListElement":[{"@type":"ListItem","position":1,"name":"In\u00edcio","item":"https:\/\/www.oarcanjo.net\/site\/"},{"@type":"ListItem","position":2,"name":"O P\u00c3O da VIDA !"}]},{"@type":"WebSite","@id":"https:\/\/www.oarcanjo.net\/site\/#website","url":"https:\/\/www.oarcanjo.net\/site\/","name":"O Arcanjo no ar","description":"Site da Par\u00f3quia S\u00e3o Miguel Arcanjo (Arquidiocese de SP)","publisher":{"@id":"https:\/\/www.oarcanjo.net\/site\/#organization"},"potentialAction":[{"@type":"SearchAction","target":{"@type":"EntryPoint","urlTemplate":"https:\/\/www.oarcanjo.net\/site\/?s={search_term_string}"},"query-input":{"@type":"PropertyValueSpecification","valueRequired":true,"valueName":"search_term_string"}}],"inLanguage":"pt-BR"},{"@type":"Organization","@id":"https:\/\/www.oarcanjo.net\/site\/#organization","name":"Par\u00f3quia S\u00e3o Miguel Arcanjo","url":"https:\/\/www.oarcanjo.net\/site\/","logo":{"@type":"ImageObject","inLanguage":"pt-BR","@id":"https:\/\/www.oarcanjo.net\/site\/#\/schema\/logo\/image\/","url":"https:\/\/www.oarcanjo.net\/site\/wp-content\/uploads\/LogoOArcanjo.png","contentUrl":"https:\/\/www.oarcanjo.net\/site\/wp-content\/uploads\/LogoOArcanjo.png","width":319,"height":99,"caption":"Par\u00f3quia S\u00e3o Miguel Arcanjo"},"image":{"@id":"https:\/\/www.oarcanjo.net\/site\/#\/schema\/logo\/image\/"},"sameAs":["https:\/\/www.facebook.com\/OArcanjoNoAr\/"]},{"@type":"Person","@id":"https:\/\/www.oarcanjo.net\/site\/#\/schema\/person\/d78ea01c648c91e29c364b516767079e","name":"julio","sameAs":["http:\/\/www.oarcanjo.net"]}]}},"publishpress_future_action":{"enabled":false,"date":"2026-05-09 00:05:03","action":"category","newStatus":"draft","terms":[],"taxonomy":"category"},"publishpress_future_workflow_manual_trigger":{"enabledWorkflows":[]},"_links":{"self":[{"href":"https:\/\/www.oarcanjo.net\/site\/wp-json\/wp\/v2\/posts\/4527"}],"collection":[{"href":"https:\/\/www.oarcanjo.net\/site\/wp-json\/wp\/v2\/posts"}],"about":[{"href":"https:\/\/www.oarcanjo.net\/site\/wp-json\/wp\/v2\/types\/post"}],"author":[{"embeddable":true,"href":"https:\/\/www.oarcanjo.net\/site\/wp-json\/wp\/v2\/users\/4"}],"replies":[{"embeddable":true,"href":"https:\/\/www.oarcanjo.net\/site\/wp-json\/wp\/v2\/comments?post=4527"}],"version-history":[{"count":0,"href":"https:\/\/www.oarcanjo.net\/site\/wp-json\/wp\/v2\/posts\/4527\/revisions"}],"wp:attachment":[{"href":"https:\/\/www.oarcanjo.net\/site\/wp-json\/wp\/v2\/media?parent=4527"}],"wp:term":[{"taxonomy":"category","embeddable":true,"href":"https:\/\/www.oarcanjo.net\/site\/wp-json\/wp\/v2\/categories?post=4527"},{"taxonomy":"post_tag","embeddable":true,"href":"https:\/\/www.oarcanjo.net\/site\/wp-json\/wp\/v2\/tags?post=4527"}],"curies":[{"name":"wp","href":"https:\/\/api.w.org\/{rel}","templated":true}]}}