
{"id":454,"date":"2008-10-27T20:25:59","date_gmt":"2008-10-27T23:25:59","guid":{"rendered":"http:\/\/www.oarcanjo.net\/site\/?p=454"},"modified":"2008-10-30T20:42:26","modified_gmt":"2008-10-30T23:42:26","slug":"cnbb-promove-abaixo-assinado-contra-o-aborto","status":"publish","type":"post","link":"https:\/\/www.oarcanjo.net\/site\/cnbb-promove-abaixo-assinado-contra-o-aborto\/","title":{"rendered":"CNBB promove &#8220;abaixo-assinado&#8221; contra o aborto"},"content":{"rendered":"<p><em>A Comiss\u00e3o para a Vida e a Fam\u00edlia da CNBB &#8211; Confer\u00eancia Nacional dos Bispos do Brasil &#8211; pede o apoio dos cat\u00f3licos ao &#8220;abaixo-assinado&#8221; online produzido pelo instituto cat\u00f3lico C-FAM. Leia abaixo a \u00edntegra da nota, com link para o manifesto:<\/em><\/p>\n<p><strong>Convoca\u00e7\u00e3o para o abaixo-assinado pela vida e contra o aborto na ONU<\/strong><\/p>\n<p>Grupos pr\u00f3-aborto est\u00e3o promovendo um abaixo-assinado para que a ONU reconhe\u00e7a o aborto como um suposto direito universal, aproveitando a festa dos 60 anos da promulga\u00e7\u00e3o da Declara\u00e7\u00e3o Universal dos Diretos Humanos, no dia 10 de dezembro.<\/p>\n<p>N\u00f3s, Comiss\u00e3o Episcopal Pastoral para a Vida e a Fam\u00edlia da CNBB, entidades e movimentos em defesa da vida, estamos promovendo outro abaixo-assinado, ou seja, em favor da vida e contra o aborto. Precisamos de 50.000 assinaturas. Convocamos a todos para que divulguem esta nossa campanha a fim de neutralizar um flagrante desrespeito aos direitos humanos.<\/p>\n<p>Fa\u00e7a sua assinatura, defenda a maternidade e a vida inocente votando a favor da dignidade do embri\u00e3o, do feto e da crian\u00e7a no \u00fatero materno. Para isso, acesse: <a href=\"http:\/\/www.c-fam.org\/publications\/id.101\/default.asp\" target=\"_blank\">http:\/\/www.c-fam.org\/publications\/id.101\/default.asp<\/a><\/p>\n<p>Repasse esta mensagem \u00e0 sua fam\u00edlia, seus amigos, enfim, a todas as pessoas . \u201cEscolhe, pois, a vida\u201d<br \/>\n(Dt 30,19).<\/p>\n<p>Bras\u00edlia, 24 de outubro de 2008.<\/p>\n<p><em>Dom Dimas Lara Barbosa &#8211; Bispo Auxiliar do Rio de Janeiro &#8211; Secret\u00e1rio-Geral da CNBB<br \/>\nDom Orlando Brandes &#8211;  Arcebispo de Londrina e Presidente da Comiss\u00e3o Episcopal Pastoral para a Vida e Fam\u00edlia<\/em><\/p>\n<div id=\"themify_builder_content-454\" data-postid=\"454\" class=\"themify_builder_content themify_builder_content-454 themify_builder themify_builder_front\">\n\t<\/div>\n<!-- \/themify_builder_content -->","protected":false},"excerpt":{"rendered":"<p>A Comiss\u00e3o para a Vida e a Fam\u00edlia da CNBB &#8211; Confer\u00eancia Nacional dos Bispos do Brasil &#8211; pede o apoio dos cat\u00f3licos ao &#8220;abaixo-assinado&#8221; online produzido pelo instituto cat\u00f3lico C-FAM. Leia abaixo a \u00edntegra da nota, com link para o manifesto: Convoca\u00e7\u00e3o para o abaixo-assinado pela vida e contra o aborto na ONU Grupos [&hellip;]<\/p>\n","protected":false},"author":5,"featured_media":0,"comment_status":"open","ping_status":"open","sticky":false,"template":"","format":"standard","meta":{"ngg_post_thumbnail":0,"footnotes":""},"categories":[8],"tags":[61,63,62],"yoast_head":"<!-- This site is optimized with the Yoast SEO plugin v23.5 - https:\/\/yoast.com\/wordpress\/plugins\/seo\/ -->\n<title>CNBB promove &quot;abaixo-assinado&quot; contra o aborto - O Arcanjo no ar<\/title>\n<meta name=\"robots\" content=\"index, follow, max-snippet:-1, max-image-preview:large, max-video-preview:-1\" \/>\n<link rel=\"canonical\" href=\"https:\/\/www.oarcanjo.net\/site\/cnbb-promove-abaixo-assinado-contra-o-aborto\/\" \/>\n<meta property=\"og:locale\" content=\"pt_BR\" \/>\n<meta property=\"og:type\" content=\"article\" \/>\n<meta property=\"og:title\" content=\"CNBB promove &quot;abaixo-assinado&quot; contra o aborto - O Arcanjo no ar\" \/>\n<meta property=\"og:description\" content=\"A Comiss\u00e3o para a Vida e a Fam\u00edlia da CNBB &#8211; Confer\u00eancia Nacional dos Bispos do Brasil &#8211; pede o apoio dos cat\u00f3licos ao &#8220;abaixo-assinado&#8221; online produzido pelo instituto cat\u00f3lico C-FAM. Leia abaixo a \u00edntegra da nota, com link para o manifesto: Convoca\u00e7\u00e3o para o abaixo-assinado pela vida e contra o aborto na ONU Grupos [&hellip;]\" \/>\n<meta property=\"og:url\" content=\"https:\/\/www.oarcanjo.net\/site\/cnbb-promove-abaixo-assinado-contra-o-aborto\/\" \/>\n<meta property=\"og:site_name\" content=\"O Arcanjo no ar\" \/>\n<meta property=\"article:publisher\" content=\"https:\/\/www.facebook.com\/OArcanjoNoAr\/\" \/>\n<meta property=\"article:published_time\" content=\"2008-10-27T23:25:59+00:00\" \/>\n<meta property=\"article:modified_time\" content=\"2008-10-30T23:42:26+00:00\" \/>\n<meta property=\"og:image\" content=\"https:\/\/www.oarcanjo.net\/site\/wp-content\/uploads\/logo-o-arcanjo-no-ar-facebook.png\" \/>\n\t<meta property=\"og:image:width\" content=\"300\" \/>\n\t<meta property=\"og:image:height\" content=\"300\" \/>\n\t<meta property=\"og:image:type\" content=\"image\/png\" \/>\n<meta name=\"author\" content=\"editor\" \/>\n<meta name=\"twitter:card\" content=\"summary_large_image\" \/>\n<meta name=\"twitter:label1\" content=\"Escrito por\" \/>\n\t<meta name=\"twitter:data1\" content=\"editor\" \/>\n\t<meta name=\"twitter:label2\" content=\"Est. tempo de leitura\" \/>\n\t<meta name=\"twitter:data2\" content=\"1 minuto\" \/>\n<script type=\"application\/ld+json\" class=\"yoast-schema-graph\">{\"@context\":\"https:\/\/schema.org\",\"@graph\":[{\"@type\":\"Article\",\"@id\":\"https:\/\/www.oarcanjo.net\/site\/cnbb-promove-abaixo-assinado-contra-o-aborto\/#article\",\"isPartOf\":{\"@id\":\"https:\/\/www.oarcanjo.net\/site\/cnbb-promove-abaixo-assinado-contra-o-aborto\/\"},\"author\":{\"name\":\"editor\",\"@id\":\"https:\/\/www.oarcanjo.net\/site\/#\/schema\/person\/f7024d007863202483a31326673a0838\"},\"headline\":\"CNBB promove &#8220;abaixo-assinado&#8221; contra o aborto\",\"datePublished\":\"2008-10-27T23:25:59+00:00\",\"dateModified\":\"2008-10-30T23:42:26+00:00\",\"mainEntityOfPage\":{\"@id\":\"https:\/\/www.oarcanjo.net\/site\/cnbb-promove-abaixo-assinado-contra-o-aborto\/\"},\"wordCount\":262,\"commentCount\":1,\"publisher\":{\"@id\":\"https:\/\/www.oarcanjo.net\/site\/#organization\"},\"keywords\":[\"aborto\",\"CNBB\",\"vida\"],\"articleSection\":[\"Not\u00edcias\"],\"inLanguage\":\"pt-BR\",\"potentialAction\":[{\"@type\":\"CommentAction\",\"name\":\"Comment\",\"target\":[\"https:\/\/www.oarcanjo.net\/site\/cnbb-promove-abaixo-assinado-contra-o-aborto\/#respond\"]}]},{\"@type\":\"WebPage\",\"@id\":\"https:\/\/www.oarcanjo.net\/site\/cnbb-promove-abaixo-assinado-contra-o-aborto\/\",\"url\":\"https:\/\/www.oarcanjo.net\/site\/cnbb-promove-abaixo-assinado-contra-o-aborto\/\",\"name\":\"CNBB promove \\\"abaixo-assinado\\\" contra o aborto - O Arcanjo no ar\",\"isPartOf\":{\"@id\":\"https:\/\/www.oarcanjo.net\/site\/#website\"},\"datePublished\":\"2008-10-27T23:25:59+00:00\",\"dateModified\":\"2008-10-30T23:42:26+00:00\",\"breadcrumb\":{\"@id\":\"https:\/\/www.oarcanjo.net\/site\/cnbb-promove-abaixo-assinado-contra-o-aborto\/#breadcrumb\"},\"inLanguage\":\"pt-BR\",\"potentialAction\":[{\"@type\":\"ReadAction\",\"target\":[\"https:\/\/www.oarcanjo.net\/site\/cnbb-promove-abaixo-assinado-contra-o-aborto\/\"]}]},{\"@type\":\"BreadcrumbList\",\"@id\":\"https:\/\/www.oarcanjo.net\/site\/cnbb-promove-abaixo-assinado-contra-o-aborto\/#breadcrumb\",\"itemListElement\":[{\"@type\":\"ListItem\",\"position\":1,\"name\":\"In\u00edcio\",\"item\":\"https:\/\/www.oarcanjo.net\/site\/\"},{\"@type\":\"ListItem\",\"position\":2,\"name\":\"CNBB promove &#8220;abaixo-assinado&#8221; contra o aborto\"}]},{\"@type\":\"WebSite\",\"@id\":\"https:\/\/www.oarcanjo.net\/site\/#website\",\"url\":\"https:\/\/www.oarcanjo.net\/site\/\",\"name\":\"O Arcanjo no ar\",\"description\":\"Site da Par\u00f3quia S\u00e3o Miguel Arcanjo (Arquidiocese de SP)\",\"publisher\":{\"@id\":\"https:\/\/www.oarcanjo.net\/site\/#organization\"},\"potentialAction\":[{\"@type\":\"SearchAction\",\"target\":{\"@type\":\"EntryPoint\",\"urlTemplate\":\"https:\/\/www.oarcanjo.net\/site\/?s={search_term_string}\"},\"query-input\":{\"@type\":\"PropertyValueSpecification\",\"valueRequired\":true,\"valueName\":\"search_term_string\"}}],\"inLanguage\":\"pt-BR\"},{\"@type\":\"Organization\",\"@id\":\"https:\/\/www.oarcanjo.net\/site\/#organization\",\"name\":\"Par\u00f3quia S\u00e3o Miguel Arcanjo\",\"url\":\"https:\/\/www.oarcanjo.net\/site\/\",\"logo\":{\"@type\":\"ImageObject\",\"inLanguage\":\"pt-BR\",\"@id\":\"https:\/\/www.oarcanjo.net\/site\/#\/schema\/logo\/image\/\",\"url\":\"https:\/\/www.oarcanjo.net\/site\/wp-content\/uploads\/LogoOArcanjo.png\",\"contentUrl\":\"https:\/\/www.oarcanjo.net\/site\/wp-content\/uploads\/LogoOArcanjo.png\",\"width\":319,\"height\":99,\"caption\":\"Par\u00f3quia S\u00e3o Miguel Arcanjo\"},\"image\":{\"@id\":\"https:\/\/www.oarcanjo.net\/site\/#\/schema\/logo\/image\/\"},\"sameAs\":[\"https:\/\/www.facebook.com\/OArcanjoNoAr\/\"]},{\"@type\":\"Person\",\"@id\":\"https:\/\/www.oarcanjo.net\/site\/#\/schema\/person\/f7024d007863202483a31326673a0838\",\"name\":\"editor\",\"sameAs\":[\"http:\/\/www.oarcanjo.net\"]}]}<\/script>\n<!-- \/ Yoast SEO plugin. -->","yoast_head_json":{"title":"CNBB promove \"abaixo-assinado\" contra o aborto - O Arcanjo no ar","robots":{"index":"index","follow":"follow","max-snippet":"max-snippet:-1","max-image-preview":"max-image-preview:large","max-video-preview":"max-video-preview:-1"},"canonical":"https:\/\/www.oarcanjo.net\/site\/cnbb-promove-abaixo-assinado-contra-o-aborto\/","og_locale":"pt_BR","og_type":"article","og_title":"CNBB promove \"abaixo-assinado\" contra o aborto - O Arcanjo no ar","og_description":"A Comiss\u00e3o para a Vida e a Fam\u00edlia da CNBB &#8211; Confer\u00eancia Nacional dos Bispos do Brasil &#8211; pede o apoio dos cat\u00f3licos ao &#8220;abaixo-assinado&#8221; online produzido pelo instituto cat\u00f3lico C-FAM. Leia abaixo a \u00edntegra da nota, com link para o manifesto: Convoca\u00e7\u00e3o para o abaixo-assinado pela vida e contra o aborto na ONU Grupos [&hellip;]","og_url":"https:\/\/www.oarcanjo.net\/site\/cnbb-promove-abaixo-assinado-contra-o-aborto\/","og_site_name":"O Arcanjo no ar","article_publisher":"https:\/\/www.facebook.com\/OArcanjoNoAr\/","article_published_time":"2008-10-27T23:25:59+00:00","article_modified_time":"2008-10-30T23:42:26+00:00","og_image":[{"width":300,"height":300,"url":"https:\/\/www.oarcanjo.net\/site\/wp-content\/uploads\/logo-o-arcanjo-no-ar-facebook.png","type":"image\/png"}],"author":"editor","twitter_card":"summary_large_image","twitter_misc":{"Escrito por":"editor","Est. tempo de leitura":"1 minuto"},"schema":{"@context":"https:\/\/schema.org","@graph":[{"@type":"Article","@id":"https:\/\/www.oarcanjo.net\/site\/cnbb-promove-abaixo-assinado-contra-o-aborto\/#article","isPartOf":{"@id":"https:\/\/www.oarcanjo.net\/site\/cnbb-promove-abaixo-assinado-contra-o-aborto\/"},"author":{"name":"editor","@id":"https:\/\/www.oarcanjo.net\/site\/#\/schema\/person\/f7024d007863202483a31326673a0838"},"headline":"CNBB promove &#8220;abaixo-assinado&#8221; contra o aborto","datePublished":"2008-10-27T23:25:59+00:00","dateModified":"2008-10-30T23:42:26+00:00","mainEntityOfPage":{"@id":"https:\/\/www.oarcanjo.net\/site\/cnbb-promove-abaixo-assinado-contra-o-aborto\/"},"wordCount":262,"commentCount":1,"publisher":{"@id":"https:\/\/www.oarcanjo.net\/site\/#organization"},"keywords":["aborto","CNBB","vida"],"articleSection":["Not\u00edcias"],"inLanguage":"pt-BR","potentialAction":[{"@type":"CommentAction","name":"Comment","target":["https:\/\/www.oarcanjo.net\/site\/cnbb-promove-abaixo-assinado-contra-o-aborto\/#respond"]}]},{"@type":"WebPage","@id":"https:\/\/www.oarcanjo.net\/site\/cnbb-promove-abaixo-assinado-contra-o-aborto\/","url":"https:\/\/www.oarcanjo.net\/site\/cnbb-promove-abaixo-assinado-contra-o-aborto\/","name":"CNBB promove \"abaixo-assinado\" contra o aborto - O Arcanjo no ar","isPartOf":{"@id":"https:\/\/www.oarcanjo.net\/site\/#website"},"datePublished":"2008-10-27T23:25:59+00:00","dateModified":"2008-10-30T23:42:26+00:00","breadcrumb":{"@id":"https:\/\/www.oarcanjo.net\/site\/cnbb-promove-abaixo-assinado-contra-o-aborto\/#breadcrumb"},"inLanguage":"pt-BR","potentialAction":[{"@type":"ReadAction","target":["https:\/\/www.oarcanjo.net\/site\/cnbb-promove-abaixo-assinado-contra-o-aborto\/"]}]},{"@type":"BreadcrumbList","@id":"https:\/\/www.oarcanjo.net\/site\/cnbb-promove-abaixo-assinado-contra-o-aborto\/#breadcrumb","itemListElement":[{"@type":"ListItem","position":1,"name":"In\u00edcio","item":"https:\/\/www.oarcanjo.net\/site\/"},{"@type":"ListItem","position":2,"name":"CNBB promove &#8220;abaixo-assinado&#8221; contra o aborto"}]},{"@type":"WebSite","@id":"https:\/\/www.oarcanjo.net\/site\/#website","url":"https:\/\/www.oarcanjo.net\/site\/","name":"O Arcanjo no ar","description":"Site da Par\u00f3quia S\u00e3o Miguel Arcanjo (Arquidiocese de SP)","publisher":{"@id":"https:\/\/www.oarcanjo.net\/site\/#organization"},"potentialAction":[{"@type":"SearchAction","target":{"@type":"EntryPoint","urlTemplate":"https:\/\/www.oarcanjo.net\/site\/?s={search_term_string}"},"query-input":{"@type":"PropertyValueSpecification","valueRequired":true,"valueName":"search_term_string"}}],"inLanguage":"pt-BR"},{"@type":"Organization","@id":"https:\/\/www.oarcanjo.net\/site\/#organization","name":"Par\u00f3quia S\u00e3o Miguel Arcanjo","url":"https:\/\/www.oarcanjo.net\/site\/","logo":{"@type":"ImageObject","inLanguage":"pt-BR","@id":"https:\/\/www.oarcanjo.net\/site\/#\/schema\/logo\/image\/","url":"https:\/\/www.oarcanjo.net\/site\/wp-content\/uploads\/LogoOArcanjo.png","contentUrl":"https:\/\/www.oarcanjo.net\/site\/wp-content\/uploads\/LogoOArcanjo.png","width":319,"height":99,"caption":"Par\u00f3quia S\u00e3o Miguel Arcanjo"},"image":{"@id":"https:\/\/www.oarcanjo.net\/site\/#\/schema\/logo\/image\/"},"sameAs":["https:\/\/www.facebook.com\/OArcanjoNoAr\/"]},{"@type":"Person","@id":"https:\/\/www.oarcanjo.net\/site\/#\/schema\/person\/f7024d007863202483a31326673a0838","name":"editor","sameAs":["http:\/\/www.oarcanjo.net"]}]}},"publishpress_future_action":{"enabled":false,"date":"2026-05-08 16:58:01","action":"category","newStatus":"draft","terms":[],"taxonomy":"category"},"publishpress_future_workflow_manual_trigger":{"enabledWorkflows":[]},"_links":{"self":[{"href":"https:\/\/www.oarcanjo.net\/site\/wp-json\/wp\/v2\/posts\/454"}],"collection":[{"href":"https:\/\/www.oarcanjo.net\/site\/wp-json\/wp\/v2\/posts"}],"about":[{"href":"https:\/\/www.oarcanjo.net\/site\/wp-json\/wp\/v2\/types\/post"}],"author":[{"embeddable":true,"href":"https:\/\/www.oarcanjo.net\/site\/wp-json\/wp\/v2\/users\/5"}],"replies":[{"embeddable":true,"href":"https:\/\/www.oarcanjo.net\/site\/wp-json\/wp\/v2\/comments?post=454"}],"version-history":[{"count":0,"href":"https:\/\/www.oarcanjo.net\/site\/wp-json\/wp\/v2\/posts\/454\/revisions"}],"wp:attachment":[{"href":"https:\/\/www.oarcanjo.net\/site\/wp-json\/wp\/v2\/media?parent=454"}],"wp:term":[{"taxonomy":"category","embeddable":true,"href":"https:\/\/www.oarcanjo.net\/site\/wp-json\/wp\/v2\/categories?post=454"},{"taxonomy":"post_tag","embeddable":true,"href":"https:\/\/www.oarcanjo.net\/site\/wp-json\/wp\/v2\/tags?post=454"}],"curies":[{"name":"wp","href":"https:\/\/api.w.org\/{rel}","templated":true}]}}