
{"id":4547,"date":"2009-08-16T14:39:18","date_gmt":"2009-08-16T17:39:18","guid":{"rendered":"http:\/\/www.oarcanjo.net\/site\/?p=4547"},"modified":"2009-08-16T15:00:40","modified_gmt":"2009-08-16T18:00:40","slug":"ajude-o-cddh-pe-ezequiel-ramin","status":"publish","type":"post","link":"https:\/\/www.oarcanjo.net\/site\/ajude-o-cddh-pe-ezequiel-ramin\/","title":{"rendered":"O Centro Pe. Ezequiel Ramin precisa da sua ajuda"},"content":{"rendered":"<p>H\u00e1 23 anos, D. Luciano Mendes de Almeida inaugurou o Centro de Defesa dos Direitos Humanos Pe. Ezequiel Ramin que atua na defesa da vida e dos direitos humanos em nossa cidade.<\/p>\n<p>O\u00a0Centro de Defesa participou na elabora\u00e7\u00e3o e implanta\u00e7\u00e3o do\u00a0Estatuto da Crian\u00e7a e do Adolescente, na execu\u00e7\u00e3o de medidas s\u00f3cio-educativas em meio aberto, al\u00e9m da fiscaliza\u00e7\u00e3o da priva\u00e7\u00e3o de liberdade.<\/p>\n<p>Atualmente atua com destaque na \u00e1rea da inf\u00e2ncia e adolesc\u00eancia no F\u00f3rum das Varas Especiais, de jovens em conflito com a Lei , atendendo, em parceria com a Defensoria P\u00fablica, com a participa\u00e7\u00e3o da Funda\u00e7\u00e3o Casa, Universidade S\u00e3o Judas e Secretaria Especial de Direitos Humanos, cerca de 800 jovens e fam\u00edlias por m\u00eas.<\/p>\n<p>O projeto visa garantir o direito de ampla defesa aos jovens em conflito com a lei e esclarecer esses jovens e familiares\u00a0sobre o processo das oitivas informais. Tem como metas humanizar o atendimento, reduzir o n\u00famero de interna\u00e7\u00f5es provis\u00f3rias e aumentar as medidas em meio aberto.<\/p>\n<p>O Centro de Defesa\u00a0precisa de ajuda\u00a0para dar continuidade a esse importante trabalho para a cidade e manter firme a mem\u00f3ria do Pe. Ezequiel Ramin e sua caminhada em Defesa da VIDA!<\/p>\n<p>Abaixo e ao longo do v\u00eddeo disponibilizamos o n\u00famero da conta para quem puder fazer\u00a0doa\u00e7\u00f5es:<\/p>\n<p><strong>CDDH Pe. Ezequiel Ramin<\/strong><br \/>\nBanco: <strong>Nossa Caixa<br \/>\n<\/strong>Ag\u00eancia: <strong>1235-1<br \/>\n<\/strong>Conta corrente: <strong>04000159-1<\/strong><\/p>\n<p><video style=\"width: 100%; height: auto; aspect-ratio: 480\/334; border: none; overflow: hidden;\" controls>\n                <source src=\"mms:\/\/mms.bizmedia.com.br\/bizmedia\/Ajuda-CDDHPeEzequielRamin-final.wmv\" type=\"video\/x-ms-wmv\">\n                <source src=\"mms:\/\/mms.bizmedia.com.br\/bizmedia\/Ajuda-CDDHPeEzequielRamin-final.wmv\" type=\"video\/wmv\">\n                Your browser does not support the video tag.\n            <\/video><\/p>\n<div id=\"themify_builder_content-4547\" data-postid=\"4547\" class=\"themify_builder_content themify_builder_content-4547 themify_builder themify_builder_front\">\n\t<\/div>\n<!-- \/themify_builder_content -->","protected":false},"excerpt":{"rendered":"<p>H\u00e1 23 anos, D. Luciano Mendes de Almeida inaugurou o Centro de Defesa dos Direitos Humanos Pe. Ezequiel Ramin que atua na defesa da vida e dos direitos humanos em nossa cidade. O\u00a0Centro de Defesa participou na elabora\u00e7\u00e3o e implanta\u00e7\u00e3o do\u00a0Estatuto da Crian\u00e7a e do Adolescente, na execu\u00e7\u00e3o de medidas s\u00f3cio-educativas em meio aberto, al\u00e9m [&hellip;]<\/p>\n","protected":false},"author":5,"featured_media":0,"comment_status":"open","ping_status":"open","sticky":false,"template":"","format":"standard","meta":{"ngg_post_thumbnail":0,"footnotes":""},"categories":[961,3,8],"tags":[960,915,43,3207],"yoast_head":"<!-- This site is optimized with the Yoast SEO plugin v23.5 - https:\/\/yoast.com\/wordpress\/plugins\/seo\/ -->\n<title>O Centro Pe. Ezequiel Ramin precisa da sua ajuda - O Arcanjo no ar<\/title>\n<meta name=\"robots\" content=\"index, follow, max-snippet:-1, max-image-preview:large, max-video-preview:-1\" \/>\n<link rel=\"canonical\" href=\"https:\/\/www.oarcanjo.net\/site\/ajude-o-cddh-pe-ezequiel-ramin\/\" \/>\n<meta property=\"og:locale\" content=\"pt_BR\" \/>\n<meta property=\"og:type\" content=\"article\" \/>\n<meta property=\"og:title\" content=\"O Centro Pe. Ezequiel Ramin precisa da sua ajuda - O Arcanjo no ar\" \/>\n<meta property=\"og:description\" content=\"H\u00e1 23 anos, D. Luciano Mendes de Almeida inaugurou o Centro de Defesa dos Direitos Humanos Pe. Ezequiel Ramin que atua na defesa da vida e dos direitos humanos em nossa cidade. O\u00a0Centro de Defesa participou na elabora\u00e7\u00e3o e implanta\u00e7\u00e3o do\u00a0Estatuto da Crian\u00e7a e do Adolescente, na execu\u00e7\u00e3o de medidas s\u00f3cio-educativas em meio aberto, al\u00e9m [&hellip;]\" \/>\n<meta property=\"og:url\" content=\"https:\/\/www.oarcanjo.net\/site\/ajude-o-cddh-pe-ezequiel-ramin\/\" \/>\n<meta property=\"og:site_name\" content=\"O Arcanjo no ar\" \/>\n<meta property=\"article:publisher\" content=\"https:\/\/www.facebook.com\/OArcanjoNoAr\/\" \/>\n<meta property=\"article:published_time\" content=\"2009-08-16T17:39:18+00:00\" \/>\n<meta property=\"article:modified_time\" content=\"2009-08-16T18:00:40+00:00\" \/>\n<meta property=\"og:image\" content=\"https:\/\/www.oarcanjo.net\/site\/wp-content\/uploads\/logo-o-arcanjo-no-ar-facebook.png\" \/>\n\t<meta property=\"og:image:width\" content=\"300\" \/>\n\t<meta property=\"og:image:height\" content=\"300\" \/>\n\t<meta property=\"og:image:type\" content=\"image\/png\" \/>\n<meta name=\"author\" content=\"editor\" \/>\n<meta name=\"twitter:card\" content=\"summary_large_image\" \/>\n<meta name=\"twitter:label1\" content=\"Escrito por\" \/>\n\t<meta name=\"twitter:data1\" content=\"editor\" \/>\n\t<meta name=\"twitter:label2\" content=\"Est. tempo de leitura\" \/>\n\t<meta name=\"twitter:data2\" content=\"1 minuto\" \/>\n<script type=\"application\/ld+json\" class=\"yoast-schema-graph\">{\"@context\":\"https:\/\/schema.org\",\"@graph\":[{\"@type\":\"Article\",\"@id\":\"https:\/\/www.oarcanjo.net\/site\/ajude-o-cddh-pe-ezequiel-ramin\/#article\",\"isPartOf\":{\"@id\":\"https:\/\/www.oarcanjo.net\/site\/ajude-o-cddh-pe-ezequiel-ramin\/\"},\"author\":{\"name\":\"editor\",\"@id\":\"https:\/\/www.oarcanjo.net\/site\/#\/schema\/person\/f7024d007863202483a31326673a0838\"},\"headline\":\"O Centro Pe. Ezequiel Ramin precisa da sua ajuda\",\"datePublished\":\"2009-08-16T17:39:18+00:00\",\"dateModified\":\"2009-08-16T18:00:40+00:00\",\"mainEntityOfPage\":{\"@id\":\"https:\/\/www.oarcanjo.net\/site\/ajude-o-cddh-pe-ezequiel-ramin\/\"},\"wordCount\":265,\"commentCount\":1,\"publisher\":{\"@id\":\"https:\/\/www.oarcanjo.net\/site\/#organization\"},\"keywords\":[\"Adolescentes\",\"D. Luciano Mendes de Almeida\",\"direitos humanos\",\"Jovens\"],\"articleSection\":[\"Depoimentos\",\"Destaques\",\"Not\u00edcias\"],\"inLanguage\":\"pt-BR\",\"potentialAction\":[{\"@type\":\"CommentAction\",\"name\":\"Comment\",\"target\":[\"https:\/\/www.oarcanjo.net\/site\/ajude-o-cddh-pe-ezequiel-ramin\/#respond\"]}]},{\"@type\":\"WebPage\",\"@id\":\"https:\/\/www.oarcanjo.net\/site\/ajude-o-cddh-pe-ezequiel-ramin\/\",\"url\":\"https:\/\/www.oarcanjo.net\/site\/ajude-o-cddh-pe-ezequiel-ramin\/\",\"name\":\"O Centro Pe. Ezequiel Ramin precisa da sua ajuda - O Arcanjo no ar\",\"isPartOf\":{\"@id\":\"https:\/\/www.oarcanjo.net\/site\/#website\"},\"datePublished\":\"2009-08-16T17:39:18+00:00\",\"dateModified\":\"2009-08-16T18:00:40+00:00\",\"breadcrumb\":{\"@id\":\"https:\/\/www.oarcanjo.net\/site\/ajude-o-cddh-pe-ezequiel-ramin\/#breadcrumb\"},\"inLanguage\":\"pt-BR\",\"potentialAction\":[{\"@type\":\"ReadAction\",\"target\":[\"https:\/\/www.oarcanjo.net\/site\/ajude-o-cddh-pe-ezequiel-ramin\/\"]}]},{\"@type\":\"BreadcrumbList\",\"@id\":\"https:\/\/www.oarcanjo.net\/site\/ajude-o-cddh-pe-ezequiel-ramin\/#breadcrumb\",\"itemListElement\":[{\"@type\":\"ListItem\",\"position\":1,\"name\":\"In\u00edcio\",\"item\":\"https:\/\/www.oarcanjo.net\/site\/\"},{\"@type\":\"ListItem\",\"position\":2,\"name\":\"O Centro Pe. Ezequiel Ramin precisa da sua ajuda\"}]},{\"@type\":\"WebSite\",\"@id\":\"https:\/\/www.oarcanjo.net\/site\/#website\",\"url\":\"https:\/\/www.oarcanjo.net\/site\/\",\"name\":\"O Arcanjo no ar\",\"description\":\"Site da Par\u00f3quia S\u00e3o Miguel Arcanjo (Arquidiocese de SP)\",\"publisher\":{\"@id\":\"https:\/\/www.oarcanjo.net\/site\/#organization\"},\"potentialAction\":[{\"@type\":\"SearchAction\",\"target\":{\"@type\":\"EntryPoint\",\"urlTemplate\":\"https:\/\/www.oarcanjo.net\/site\/?s={search_term_string}\"},\"query-input\":{\"@type\":\"PropertyValueSpecification\",\"valueRequired\":true,\"valueName\":\"search_term_string\"}}],\"inLanguage\":\"pt-BR\"},{\"@type\":\"Organization\",\"@id\":\"https:\/\/www.oarcanjo.net\/site\/#organization\",\"name\":\"Par\u00f3quia S\u00e3o Miguel Arcanjo\",\"url\":\"https:\/\/www.oarcanjo.net\/site\/\",\"logo\":{\"@type\":\"ImageObject\",\"inLanguage\":\"pt-BR\",\"@id\":\"https:\/\/www.oarcanjo.net\/site\/#\/schema\/logo\/image\/\",\"url\":\"https:\/\/www.oarcanjo.net\/site\/wp-content\/uploads\/LogoOArcanjo.png\",\"contentUrl\":\"https:\/\/www.oarcanjo.net\/site\/wp-content\/uploads\/LogoOArcanjo.png\",\"width\":319,\"height\":99,\"caption\":\"Par\u00f3quia S\u00e3o Miguel Arcanjo\"},\"image\":{\"@id\":\"https:\/\/www.oarcanjo.net\/site\/#\/schema\/logo\/image\/\"},\"sameAs\":[\"https:\/\/www.facebook.com\/OArcanjoNoAr\/\"]},{\"@type\":\"Person\",\"@id\":\"https:\/\/www.oarcanjo.net\/site\/#\/schema\/person\/f7024d007863202483a31326673a0838\",\"name\":\"editor\",\"sameAs\":[\"http:\/\/www.oarcanjo.net\"]}]}<\/script>\n<!-- \/ Yoast SEO plugin. -->","yoast_head_json":{"title":"O Centro Pe. Ezequiel Ramin precisa da sua ajuda - O Arcanjo no ar","robots":{"index":"index","follow":"follow","max-snippet":"max-snippet:-1","max-image-preview":"max-image-preview:large","max-video-preview":"max-video-preview:-1"},"canonical":"https:\/\/www.oarcanjo.net\/site\/ajude-o-cddh-pe-ezequiel-ramin\/","og_locale":"pt_BR","og_type":"article","og_title":"O Centro Pe. Ezequiel Ramin precisa da sua ajuda - O Arcanjo no ar","og_description":"H\u00e1 23 anos, D. Luciano Mendes de Almeida inaugurou o Centro de Defesa dos Direitos Humanos Pe. Ezequiel Ramin que atua na defesa da vida e dos direitos humanos em nossa cidade. O\u00a0Centro de Defesa participou na elabora\u00e7\u00e3o e implanta\u00e7\u00e3o do\u00a0Estatuto da Crian\u00e7a e do Adolescente, na execu\u00e7\u00e3o de medidas s\u00f3cio-educativas em meio aberto, al\u00e9m [&hellip;]","og_url":"https:\/\/www.oarcanjo.net\/site\/ajude-o-cddh-pe-ezequiel-ramin\/","og_site_name":"O Arcanjo no ar","article_publisher":"https:\/\/www.facebook.com\/OArcanjoNoAr\/","article_published_time":"2009-08-16T17:39:18+00:00","article_modified_time":"2009-08-16T18:00:40+00:00","og_image":[{"width":300,"height":300,"url":"https:\/\/www.oarcanjo.net\/site\/wp-content\/uploads\/logo-o-arcanjo-no-ar-facebook.png","type":"image\/png"}],"author":"editor","twitter_card":"summary_large_image","twitter_misc":{"Escrito por":"editor","Est. tempo de leitura":"1 minuto"},"schema":{"@context":"https:\/\/schema.org","@graph":[{"@type":"Article","@id":"https:\/\/www.oarcanjo.net\/site\/ajude-o-cddh-pe-ezequiel-ramin\/#article","isPartOf":{"@id":"https:\/\/www.oarcanjo.net\/site\/ajude-o-cddh-pe-ezequiel-ramin\/"},"author":{"name":"editor","@id":"https:\/\/www.oarcanjo.net\/site\/#\/schema\/person\/f7024d007863202483a31326673a0838"},"headline":"O Centro Pe. Ezequiel Ramin precisa da sua ajuda","datePublished":"2009-08-16T17:39:18+00:00","dateModified":"2009-08-16T18:00:40+00:00","mainEntityOfPage":{"@id":"https:\/\/www.oarcanjo.net\/site\/ajude-o-cddh-pe-ezequiel-ramin\/"},"wordCount":265,"commentCount":1,"publisher":{"@id":"https:\/\/www.oarcanjo.net\/site\/#organization"},"keywords":["Adolescentes","D. Luciano Mendes de Almeida","direitos humanos","Jovens"],"articleSection":["Depoimentos","Destaques","Not\u00edcias"],"inLanguage":"pt-BR","potentialAction":[{"@type":"CommentAction","name":"Comment","target":["https:\/\/www.oarcanjo.net\/site\/ajude-o-cddh-pe-ezequiel-ramin\/#respond"]}]},{"@type":"WebPage","@id":"https:\/\/www.oarcanjo.net\/site\/ajude-o-cddh-pe-ezequiel-ramin\/","url":"https:\/\/www.oarcanjo.net\/site\/ajude-o-cddh-pe-ezequiel-ramin\/","name":"O Centro Pe. Ezequiel Ramin precisa da sua ajuda - O Arcanjo no ar","isPartOf":{"@id":"https:\/\/www.oarcanjo.net\/site\/#website"},"datePublished":"2009-08-16T17:39:18+00:00","dateModified":"2009-08-16T18:00:40+00:00","breadcrumb":{"@id":"https:\/\/www.oarcanjo.net\/site\/ajude-o-cddh-pe-ezequiel-ramin\/#breadcrumb"},"inLanguage":"pt-BR","potentialAction":[{"@type":"ReadAction","target":["https:\/\/www.oarcanjo.net\/site\/ajude-o-cddh-pe-ezequiel-ramin\/"]}]},{"@type":"BreadcrumbList","@id":"https:\/\/www.oarcanjo.net\/site\/ajude-o-cddh-pe-ezequiel-ramin\/#breadcrumb","itemListElement":[{"@type":"ListItem","position":1,"name":"In\u00edcio","item":"https:\/\/www.oarcanjo.net\/site\/"},{"@type":"ListItem","position":2,"name":"O Centro Pe. Ezequiel Ramin precisa da sua ajuda"}]},{"@type":"WebSite","@id":"https:\/\/www.oarcanjo.net\/site\/#website","url":"https:\/\/www.oarcanjo.net\/site\/","name":"O Arcanjo no ar","description":"Site da Par\u00f3quia S\u00e3o Miguel Arcanjo (Arquidiocese de SP)","publisher":{"@id":"https:\/\/www.oarcanjo.net\/site\/#organization"},"potentialAction":[{"@type":"SearchAction","target":{"@type":"EntryPoint","urlTemplate":"https:\/\/www.oarcanjo.net\/site\/?s={search_term_string}"},"query-input":{"@type":"PropertyValueSpecification","valueRequired":true,"valueName":"search_term_string"}}],"inLanguage":"pt-BR"},{"@type":"Organization","@id":"https:\/\/www.oarcanjo.net\/site\/#organization","name":"Par\u00f3quia S\u00e3o Miguel Arcanjo","url":"https:\/\/www.oarcanjo.net\/site\/","logo":{"@type":"ImageObject","inLanguage":"pt-BR","@id":"https:\/\/www.oarcanjo.net\/site\/#\/schema\/logo\/image\/","url":"https:\/\/www.oarcanjo.net\/site\/wp-content\/uploads\/LogoOArcanjo.png","contentUrl":"https:\/\/www.oarcanjo.net\/site\/wp-content\/uploads\/LogoOArcanjo.png","width":319,"height":99,"caption":"Par\u00f3quia S\u00e3o Miguel Arcanjo"},"image":{"@id":"https:\/\/www.oarcanjo.net\/site\/#\/schema\/logo\/image\/"},"sameAs":["https:\/\/www.facebook.com\/OArcanjoNoAr\/"]},{"@type":"Person","@id":"https:\/\/www.oarcanjo.net\/site\/#\/schema\/person\/f7024d007863202483a31326673a0838","name":"editor","sameAs":["http:\/\/www.oarcanjo.net"]}]}},"publishpress_future_action":{"enabled":false,"date":"2026-05-09 00:22:03","action":"category","newStatus":"draft","terms":[],"taxonomy":"category"},"publishpress_future_workflow_manual_trigger":{"enabledWorkflows":[]},"_links":{"self":[{"href":"https:\/\/www.oarcanjo.net\/site\/wp-json\/wp\/v2\/posts\/4547"}],"collection":[{"href":"https:\/\/www.oarcanjo.net\/site\/wp-json\/wp\/v2\/posts"}],"about":[{"href":"https:\/\/www.oarcanjo.net\/site\/wp-json\/wp\/v2\/types\/post"}],"author":[{"embeddable":true,"href":"https:\/\/www.oarcanjo.net\/site\/wp-json\/wp\/v2\/users\/5"}],"replies":[{"embeddable":true,"href":"https:\/\/www.oarcanjo.net\/site\/wp-json\/wp\/v2\/comments?post=4547"}],"version-history":[{"count":0,"href":"https:\/\/www.oarcanjo.net\/site\/wp-json\/wp\/v2\/posts\/4547\/revisions"}],"wp:attachment":[{"href":"https:\/\/www.oarcanjo.net\/site\/wp-json\/wp\/v2\/media?parent=4547"}],"wp:term":[{"taxonomy":"category","embeddable":true,"href":"https:\/\/www.oarcanjo.net\/site\/wp-json\/wp\/v2\/categories?post=4547"},{"taxonomy":"post_tag","embeddable":true,"href":"https:\/\/www.oarcanjo.net\/site\/wp-json\/wp\/v2\/tags?post=4547"}],"curies":[{"name":"wp","href":"https:\/\/api.w.org\/{rel}","templated":true}]}}