
{"id":4567,"date":"2011-08-09T00:01:26","date_gmt":"2011-08-09T03:01:26","guid":{"rendered":"http:\/\/www.oarcanjo.net\/site\/?p=4567"},"modified":"2011-08-09T07:03:52","modified_gmt":"2011-08-09T10:03:52","slug":"www-paulio-doce-luz","status":"publish","type":"post","link":"https:\/\/www.oarcanjo.net\/site\/www-paulio-doce-luz\/","title":{"rendered":"\u00d3 Doce Luz"},"content":{"rendered":"<p><em>Edith Stein<\/em><\/p>\n<p>\u00d3 Doce Luz,<br \/>\nque me envolves,<br \/>\ne iluminas as trevas do meu cora\u00e7\u00e3o:<br \/>\nTu me guias<br \/>\ncomo a m\u00e3o de uma m\u00e3e.<br \/>\nSe eu me soltasse,<br \/>\nn\u00e3o poderia dar um s\u00f3 passo mais.<\/p>\n<p>\u00c9s o c\u00edrculo,<br \/>\nque me circunda<br \/>\ne me encerra em si.<\/p>\n<p>Separado de Ti, eu cairia<br \/>\nno abismo do nada,<br \/>\ndo qual me elevaste at\u00e9 ao ser.<\/p>\n<p>Est\u00e1s mais perto de mim<br \/>\ndo que\u00a0eu de mim mesma.<br \/>\nMesmo assim, \u00e9s inacess\u00edvel<br \/>\ne incompreens\u00edvel.<br \/>\nNenhum nome pode Te conter,<br \/>\n\u00f3 Esp\u00edrito Santo, Amor Eterno!<\/p>\n<p><em>Fonte: <strong>Sede de Deus<br \/>\n<\/strong>Ora\u00e7\u00f5es do Juda\u00edsmo, Cristianismo e Isl\u00e3<br \/>\nEditora Vozes<\/em><\/p>\n<div id=\"themify_builder_content-4567\" data-postid=\"4567\" class=\"themify_builder_content themify_builder_content-4567 themify_builder themify_builder_front\">\n\t<\/div>\n<!-- \/themify_builder_content -->","protected":false},"excerpt":{"rendered":"<p>Edith Stein \u00d3 Doce Luz, que me envolves, e iluminas as trevas do meu cora\u00e7\u00e3o: Tu me guias como a m\u00e3o de uma m\u00e3e. Se eu me soltasse, n\u00e3o poderia dar um s\u00f3 passo mais. \u00c9s o c\u00edrculo, que me circunda e me encerra em si. Separado de Ti, eu cairia no abismo do nada, [&hellip;]<\/p>\n","protected":false},"author":5,"featured_media":0,"comment_status":"open","ping_status":"open","sticky":false,"template":"","format":"standard","meta":{"ngg_post_thumbnail":0,"footnotes":""},"categories":[6],"tags":[761,615,3201],"yoast_head":"<!-- This site is optimized with the Yoast SEO plugin v23.5 - https:\/\/yoast.com\/wordpress\/plugins\/seo\/ -->\n<title>\u00d3 Doce Luz - O Arcanjo no ar<\/title>\n<meta name=\"robots\" content=\"index, follow, max-snippet:-1, max-image-preview:large, max-video-preview:-1\" \/>\n<link rel=\"canonical\" href=\"https:\/\/www.oarcanjo.net\/site\/www-paulio-doce-luz\/\" \/>\n<meta property=\"og:locale\" content=\"pt_BR\" \/>\n<meta property=\"og:type\" content=\"article\" \/>\n<meta property=\"og:title\" content=\"\u00d3 Doce Luz - O Arcanjo no ar\" \/>\n<meta property=\"og:description\" content=\"Edith Stein \u00d3 Doce Luz, que me envolves, e iluminas as trevas do meu cora\u00e7\u00e3o: Tu me guias como a m\u00e3o de uma m\u00e3e. Se eu me soltasse, n\u00e3o poderia dar um s\u00f3 passo mais. \u00c9s o c\u00edrculo, que me circunda e me encerra em si. Separado de Ti, eu cairia no abismo do nada, [&hellip;]\" \/>\n<meta property=\"og:url\" content=\"https:\/\/www.oarcanjo.net\/site\/www-paulio-doce-luz\/\" \/>\n<meta property=\"og:site_name\" content=\"O Arcanjo no ar\" \/>\n<meta property=\"article:publisher\" content=\"https:\/\/www.facebook.com\/OArcanjoNoAr\/\" \/>\n<meta property=\"article:published_time\" content=\"2011-08-09T03:01:26+00:00\" \/>\n<meta property=\"article:modified_time\" content=\"2011-08-09T10:03:52+00:00\" \/>\n<meta property=\"og:image\" content=\"https:\/\/www.oarcanjo.net\/site\/wp-content\/uploads\/logo-o-arcanjo-no-ar-facebook.png\" \/>\n\t<meta property=\"og:image:width\" content=\"300\" \/>\n\t<meta property=\"og:image:height\" content=\"300\" \/>\n\t<meta property=\"og:image:type\" content=\"image\/png\" \/>\n<meta name=\"author\" content=\"editor\" \/>\n<meta name=\"twitter:card\" content=\"summary_large_image\" \/>\n<meta name=\"twitter:label1\" content=\"Escrito por\" \/>\n\t<meta name=\"twitter:data1\" content=\"editor\" \/>\n\t<meta name=\"twitter:label2\" content=\"Est. tempo de leitura\" \/>\n\t<meta name=\"twitter:data2\" content=\"1 minuto\" \/>\n<script type=\"application\/ld+json\" class=\"yoast-schema-graph\">{\"@context\":\"https:\/\/schema.org\",\"@graph\":[{\"@type\":\"Article\",\"@id\":\"https:\/\/www.oarcanjo.net\/site\/www-paulio-doce-luz\/#article\",\"isPartOf\":{\"@id\":\"https:\/\/www.oarcanjo.net\/site\/www-paulio-doce-luz\/\"},\"author\":{\"name\":\"editor\",\"@id\":\"https:\/\/www.oarcanjo.net\/site\/#\/schema\/person\/f7024d007863202483a31326673a0838\"},\"headline\":\"\u00d3 Doce Luz\",\"datePublished\":\"2011-08-09T03:01:26+00:00\",\"dateModified\":\"2011-08-09T10:03:52+00:00\",\"mainEntityOfPage\":{\"@id\":\"https:\/\/www.oarcanjo.net\/site\/www-paulio-doce-luz\/\"},\"wordCount\":112,\"commentCount\":0,\"publisher\":{\"@id\":\"https:\/\/www.oarcanjo.net\/site\/#organization\"},\"keywords\":[\"Edith Stein\",\"luz\",\"Ora\u00e7\u00f5es\"],\"articleSection\":[\"Ora\u00e7\u00f5es\"],\"inLanguage\":\"pt-BR\",\"potentialAction\":[{\"@type\":\"CommentAction\",\"name\":\"Comment\",\"target\":[\"https:\/\/www.oarcanjo.net\/site\/www-paulio-doce-luz\/#respond\"]}]},{\"@type\":\"WebPage\",\"@id\":\"https:\/\/www.oarcanjo.net\/site\/www-paulio-doce-luz\/\",\"url\":\"https:\/\/www.oarcanjo.net\/site\/www-paulio-doce-luz\/\",\"name\":\"\u00d3 Doce Luz - O Arcanjo no ar\",\"isPartOf\":{\"@id\":\"https:\/\/www.oarcanjo.net\/site\/#website\"},\"datePublished\":\"2011-08-09T03:01:26+00:00\",\"dateModified\":\"2011-08-09T10:03:52+00:00\",\"breadcrumb\":{\"@id\":\"https:\/\/www.oarcanjo.net\/site\/www-paulio-doce-luz\/#breadcrumb\"},\"inLanguage\":\"pt-BR\",\"potentialAction\":[{\"@type\":\"ReadAction\",\"target\":[\"https:\/\/www.oarcanjo.net\/site\/www-paulio-doce-luz\/\"]}]},{\"@type\":\"BreadcrumbList\",\"@id\":\"https:\/\/www.oarcanjo.net\/site\/www-paulio-doce-luz\/#breadcrumb\",\"itemListElement\":[{\"@type\":\"ListItem\",\"position\":1,\"name\":\"In\u00edcio\",\"item\":\"https:\/\/www.oarcanjo.net\/site\/\"},{\"@type\":\"ListItem\",\"position\":2,\"name\":\"\u00d3 Doce Luz\"}]},{\"@type\":\"WebSite\",\"@id\":\"https:\/\/www.oarcanjo.net\/site\/#website\",\"url\":\"https:\/\/www.oarcanjo.net\/site\/\",\"name\":\"O Arcanjo no ar\",\"description\":\"Site da Par\u00f3quia S\u00e3o Miguel Arcanjo (Arquidiocese de SP)\",\"publisher\":{\"@id\":\"https:\/\/www.oarcanjo.net\/site\/#organization\"},\"potentialAction\":[{\"@type\":\"SearchAction\",\"target\":{\"@type\":\"EntryPoint\",\"urlTemplate\":\"https:\/\/www.oarcanjo.net\/site\/?s={search_term_string}\"},\"query-input\":{\"@type\":\"PropertyValueSpecification\",\"valueRequired\":true,\"valueName\":\"search_term_string\"}}],\"inLanguage\":\"pt-BR\"},{\"@type\":\"Organization\",\"@id\":\"https:\/\/www.oarcanjo.net\/site\/#organization\",\"name\":\"Par\u00f3quia S\u00e3o Miguel Arcanjo\",\"url\":\"https:\/\/www.oarcanjo.net\/site\/\",\"logo\":{\"@type\":\"ImageObject\",\"inLanguage\":\"pt-BR\",\"@id\":\"https:\/\/www.oarcanjo.net\/site\/#\/schema\/logo\/image\/\",\"url\":\"https:\/\/www.oarcanjo.net\/site\/wp-content\/uploads\/LogoOArcanjo.png\",\"contentUrl\":\"https:\/\/www.oarcanjo.net\/site\/wp-content\/uploads\/LogoOArcanjo.png\",\"width\":319,\"height\":99,\"caption\":\"Par\u00f3quia S\u00e3o Miguel Arcanjo\"},\"image\":{\"@id\":\"https:\/\/www.oarcanjo.net\/site\/#\/schema\/logo\/image\/\"},\"sameAs\":[\"https:\/\/www.facebook.com\/OArcanjoNoAr\/\"]},{\"@type\":\"Person\",\"@id\":\"https:\/\/www.oarcanjo.net\/site\/#\/schema\/person\/f7024d007863202483a31326673a0838\",\"name\":\"editor\",\"sameAs\":[\"http:\/\/www.oarcanjo.net\"]}]}<\/script>\n<!-- \/ Yoast SEO plugin. -->","yoast_head_json":{"title":"\u00d3 Doce Luz - O Arcanjo no ar","robots":{"index":"index","follow":"follow","max-snippet":"max-snippet:-1","max-image-preview":"max-image-preview:large","max-video-preview":"max-video-preview:-1"},"canonical":"https:\/\/www.oarcanjo.net\/site\/www-paulio-doce-luz\/","og_locale":"pt_BR","og_type":"article","og_title":"\u00d3 Doce Luz - O Arcanjo no ar","og_description":"Edith Stein \u00d3 Doce Luz, que me envolves, e iluminas as trevas do meu cora\u00e7\u00e3o: Tu me guias como a m\u00e3o de uma m\u00e3e. Se eu me soltasse, n\u00e3o poderia dar um s\u00f3 passo mais. \u00c9s o c\u00edrculo, que me circunda e me encerra em si. Separado de Ti, eu cairia no abismo do nada, [&hellip;]","og_url":"https:\/\/www.oarcanjo.net\/site\/www-paulio-doce-luz\/","og_site_name":"O Arcanjo no ar","article_publisher":"https:\/\/www.facebook.com\/OArcanjoNoAr\/","article_published_time":"2011-08-09T03:01:26+00:00","article_modified_time":"2011-08-09T10:03:52+00:00","og_image":[{"width":300,"height":300,"url":"https:\/\/www.oarcanjo.net\/site\/wp-content\/uploads\/logo-o-arcanjo-no-ar-facebook.png","type":"image\/png"}],"author":"editor","twitter_card":"summary_large_image","twitter_misc":{"Escrito por":"editor","Est. tempo de leitura":"1 minuto"},"schema":{"@context":"https:\/\/schema.org","@graph":[{"@type":"Article","@id":"https:\/\/www.oarcanjo.net\/site\/www-paulio-doce-luz\/#article","isPartOf":{"@id":"https:\/\/www.oarcanjo.net\/site\/www-paulio-doce-luz\/"},"author":{"name":"editor","@id":"https:\/\/www.oarcanjo.net\/site\/#\/schema\/person\/f7024d007863202483a31326673a0838"},"headline":"\u00d3 Doce Luz","datePublished":"2011-08-09T03:01:26+00:00","dateModified":"2011-08-09T10:03:52+00:00","mainEntityOfPage":{"@id":"https:\/\/www.oarcanjo.net\/site\/www-paulio-doce-luz\/"},"wordCount":112,"commentCount":0,"publisher":{"@id":"https:\/\/www.oarcanjo.net\/site\/#organization"},"keywords":["Edith Stein","luz","Ora\u00e7\u00f5es"],"articleSection":["Ora\u00e7\u00f5es"],"inLanguage":"pt-BR","potentialAction":[{"@type":"CommentAction","name":"Comment","target":["https:\/\/www.oarcanjo.net\/site\/www-paulio-doce-luz\/#respond"]}]},{"@type":"WebPage","@id":"https:\/\/www.oarcanjo.net\/site\/www-paulio-doce-luz\/","url":"https:\/\/www.oarcanjo.net\/site\/www-paulio-doce-luz\/","name":"\u00d3 Doce Luz - O Arcanjo no ar","isPartOf":{"@id":"https:\/\/www.oarcanjo.net\/site\/#website"},"datePublished":"2011-08-09T03:01:26+00:00","dateModified":"2011-08-09T10:03:52+00:00","breadcrumb":{"@id":"https:\/\/www.oarcanjo.net\/site\/www-paulio-doce-luz\/#breadcrumb"},"inLanguage":"pt-BR","potentialAction":[{"@type":"ReadAction","target":["https:\/\/www.oarcanjo.net\/site\/www-paulio-doce-luz\/"]}]},{"@type":"BreadcrumbList","@id":"https:\/\/www.oarcanjo.net\/site\/www-paulio-doce-luz\/#breadcrumb","itemListElement":[{"@type":"ListItem","position":1,"name":"In\u00edcio","item":"https:\/\/www.oarcanjo.net\/site\/"},{"@type":"ListItem","position":2,"name":"\u00d3 Doce Luz"}]},{"@type":"WebSite","@id":"https:\/\/www.oarcanjo.net\/site\/#website","url":"https:\/\/www.oarcanjo.net\/site\/","name":"O Arcanjo no ar","description":"Site da Par\u00f3quia S\u00e3o Miguel Arcanjo (Arquidiocese de SP)","publisher":{"@id":"https:\/\/www.oarcanjo.net\/site\/#organization"},"potentialAction":[{"@type":"SearchAction","target":{"@type":"EntryPoint","urlTemplate":"https:\/\/www.oarcanjo.net\/site\/?s={search_term_string}"},"query-input":{"@type":"PropertyValueSpecification","valueRequired":true,"valueName":"search_term_string"}}],"inLanguage":"pt-BR"},{"@type":"Organization","@id":"https:\/\/www.oarcanjo.net\/site\/#organization","name":"Par\u00f3quia S\u00e3o Miguel Arcanjo","url":"https:\/\/www.oarcanjo.net\/site\/","logo":{"@type":"ImageObject","inLanguage":"pt-BR","@id":"https:\/\/www.oarcanjo.net\/site\/#\/schema\/logo\/image\/","url":"https:\/\/www.oarcanjo.net\/site\/wp-content\/uploads\/LogoOArcanjo.png","contentUrl":"https:\/\/www.oarcanjo.net\/site\/wp-content\/uploads\/LogoOArcanjo.png","width":319,"height":99,"caption":"Par\u00f3quia S\u00e3o Miguel Arcanjo"},"image":{"@id":"https:\/\/www.oarcanjo.net\/site\/#\/schema\/logo\/image\/"},"sameAs":["https:\/\/www.facebook.com\/OArcanjoNoAr\/"]},{"@type":"Person","@id":"https:\/\/www.oarcanjo.net\/site\/#\/schema\/person\/f7024d007863202483a31326673a0838","name":"editor","sameAs":["http:\/\/www.oarcanjo.net"]}]}},"publishpress_future_action":{"enabled":false,"date":"2026-05-07 18:46:31","action":"category","newStatus":"draft","terms":[],"taxonomy":"category"},"publishpress_future_workflow_manual_trigger":{"enabledWorkflows":[]},"_links":{"self":[{"href":"https:\/\/www.oarcanjo.net\/site\/wp-json\/wp\/v2\/posts\/4567"}],"collection":[{"href":"https:\/\/www.oarcanjo.net\/site\/wp-json\/wp\/v2\/posts"}],"about":[{"href":"https:\/\/www.oarcanjo.net\/site\/wp-json\/wp\/v2\/types\/post"}],"author":[{"embeddable":true,"href":"https:\/\/www.oarcanjo.net\/site\/wp-json\/wp\/v2\/users\/5"}],"replies":[{"embeddable":true,"href":"https:\/\/www.oarcanjo.net\/site\/wp-json\/wp\/v2\/comments?post=4567"}],"version-history":[{"count":0,"href":"https:\/\/www.oarcanjo.net\/site\/wp-json\/wp\/v2\/posts\/4567\/revisions"}],"wp:attachment":[{"href":"https:\/\/www.oarcanjo.net\/site\/wp-json\/wp\/v2\/media?parent=4567"}],"wp:term":[{"taxonomy":"category","embeddable":true,"href":"https:\/\/www.oarcanjo.net\/site\/wp-json\/wp\/v2\/categories?post=4567"},{"taxonomy":"post_tag","embeddable":true,"href":"https:\/\/www.oarcanjo.net\/site\/wp-json\/wp\/v2\/tags?post=4567"}],"curies":[{"name":"wp","href":"https:\/\/api.w.org\/{rel}","templated":true}]}}