
{"id":4589,"date":"2009-08-04T07:16:27","date_gmt":"2009-08-04T10:16:27","guid":{"rendered":"http:\/\/www.oarcanjo.net\/site\/?p=4589"},"modified":"2009-08-04T07:16:27","modified_gmt":"2009-08-04T10:16:27","slug":"carta-de-dom-claudio-hummes-aos-presbiteros","status":"publish","type":"post","link":"https:\/\/www.oarcanjo.net\/site\/carta-de-dom-claudio-hummes-aos-presbiteros\/","title":{"rendered":"Carta de Dom Claudio Hummes aos presb\u00edteros"},"content":{"rendered":"<p><em>Jesus disse: \u201cEu n\u00e3o vim para julgar o mundo, mas para salv\u00e1-lo\u201d (Jo 12,47).<\/em><\/p>\n<p>Caros Presb\u00edteros,<\/p>\n<p>A atual cultura ocidental dominante, sempre mais difundida em todo o mundo, atrav\u00e9s da m\u00eddia global e da mobilidade humana, tamb\u00e9m nos pa\u00edses de outras culturas, apresenta novos desafios, n\u00e3o pouco empenhativos, para a evangeliza\u00e7\u00e3o. Trata-se de uma cultura marcada profundamente por um relativismo que recusa toda afirma\u00e7\u00e3o de uma verdade absoluta e transcendente e, em consequ\u00eancia,  arruina tamb\u00e9m os fundamentos da moral e se fecha \u00e0 religi\u00e3o. Dessa forma, perde-se a paix\u00e3o pela verdade, relegada a uma \u201cpaix\u00e3o in\u00fatil\u201d. Jesus Cristo, no entanto, apresenta-se como a Verdade, o Logos universal, a Raz\u00e3o que ilumina e explica tudo o que existe. O relativismo, ademais, vem acompanhado de um subjetivismo individualista, que p\u00f5e no centro de tudo o pr\u00f3prio ego. Por fim, chega-se ao niilismo, segundo o qual n\u00e3o h\u00e1 nada nem ningu\u00e9m pelo qual vale a pena investir a pr\u00f3pria inteira vida e, portanto, a vida humana carece de um verdadeiro sentido. Todavia, \u00e9 preciso reconhecer que a atual cultura dominante, p\u00f3s-moderna, traz consigo um grande e verdadeiro progresso cient\u00edfico e tecnol\u00f3gico, que fascina o ser humano, principalmente os jovens. O uso deste progresso, infelizmente, n\u00e3o tem sempre como escopo principal o bem do homem e de todos os homens. Falta-lhe um humanismo integral, capaz de dar-lhe seu verdadeiro sentido e finalidade. Poder\u00edamos referir-nos ainda a outros aspectos dessa cultura: consumismo, libertinagem, cultura do espet\u00e1culo e do corpo.  N\u00e3o se pode, por\u00e9m, n\u00e3o frisar que tudo isso produz um laicismo, que n\u00e3o quer a religi\u00e3o, faz de tudo para enfraquec\u00ea-la ou, ao menos, releg\u00e1-la \u00e0 vida particular das pessoas.<\/p>\n<p>Essa cultura produz uma descristianiza\u00e7\u00e3o, por demais vis\u00edvel, na maioria dos pa\u00edses crist\u00e3os, especialmente no Ocidente. O n\u00famero das voca\u00e7\u00f5es sacerdotais caiu. Diminuiu tamb\u00e9m o n\u00famero dos presb\u00edteros, seja pela falta de voca\u00e7\u00f5es seja pelo influxo do ambiente cultural em que vivem. Tais circunst\u00e2ncias poderiam conduzir-nos \u00e0 tenta\u00e7\u00e3o de um pessimismo desencorajante, que condena o mundo atual, e  induzir-nos \u00e0 retirada para a defensiva, nas trincheiras da resist\u00eancia.<\/p>\n<p>Jesus Cristo, ao inv\u00e9s, afirma: \u201cEu n\u00e3o vim para julgar o mundo, mas para salv\u00e1-lo\u201d (Jo 12,47). N\u00e3o podemos nem desencorajar-nos nem ter medo da sociedade atual nem simplesmente conden\u00e1-la. \u00c9 preciso salv\u00e1-la! Cada cultura humana, tamb\u00e9m a atual, pode ser evangelizada. Em cada cultura h\u00e1 \u201csementes do Verbo\u201d, como aberturas para o Evangelho. Certamente, tamb\u00e9m na nossa atual cultura. Sem d\u00favida, tamb\u00e9m os assim chamados \u201cp\u00f3s-crist\u00e3os\u201d poderiam ser tocados e reabrir-se, caso fossem levados a um verdadeiro encontro pessoal e comunit\u00e1rio com a pessoa de Jesus Cristo vivo. Em tal encontro, cada pessoa humana de boa vontade pode, por Ele, ser alcan\u00e7ada. Ele ama a todos e bate \u00e0 porta de todos, porque quer salvar a todos, sem exce\u00e7\u00e3o. Ele \u00e9 o Caminho, a Verdade e a Vida, para todos. \u00c9 o \u00fanico mediador entre Deus e os homens.<\/p>\n<p>Car\u00edssimos Presb\u00edteros, n\u00f3s, pastores, nos tempos de hoje, somos chamados com urg\u00eancia \u00e0 miss\u00e3o, seja \u201cad gentes\u201d, seja nas regi\u00f5es dos pa\u00edses crist\u00e3os, onde tantos batizados afastaram-se da partecipa\u00e7\u00e3o em nossas comunidades ou, at\u00e9 mesmo, perderam a f\u00e9. N\u00e3o podemos ter medo nem permanecer quietos em casa. O Senhor disse a seus disc\u00edpulos: \u201cPor que tendes medo, homens fracos na f\u00e9?\u201d (Mt 8, 26). \u201cN\u00e3o se acende uma l\u00e2mpada e se coloca debaixo do alqueire, mas no candieiro, para que ilumine a todos os que est\u00e3o na casa\u201d (5,15). \u201cIde por todo o mundo e pregai o Evangelho a toda criatura\u201d (Mc 16,15). \u201cEis que eu estou convosco todos os dias, at\u00e9 a consuma\u00e7\u00e3o dos s\u00e9culos\u201d (Mt 28,20).<\/p>\n<p>N\u00e3o lan\u00e7aremos a semente da Palavra de Deus apenas da janela de nossa casa paroquial, mas sairemos ao campo aberto da nossa sociedade, a come\u00e7ar pelos pobres, para chegar tamb\u00e9m a todas as camadas e institui\u00e7\u00f5es sociais. Iremos visitar as fam\u00edlias, todas as pessoas, principalmente os batizados que se afastaram. Nosso povo quer sentir a proximidade da sua Igreja. Faremo-lo, indo \u00e0 nossa sociedade com alegria e entusiasmo, certos da presen\u00e7a do Senhor conosco na miss\u00e3o e certos de que Ele bater\u00e1 \u00e0 porta dos cora\u00e7\u00f5es aos quais O anunciarmos.<\/p>\n<p>Cardeal Cl\u00e1udio Hummes<br \/>\nArcebispo Em\u00e9rito de S\u00e3o Paulo<br \/>\nPrefeito da Congrega\u00e7\u00e3o para o Clero<\/p>\n<div id=\"themify_builder_content-4589\" data-postid=\"4589\" class=\"themify_builder_content themify_builder_content-4589 themify_builder themify_builder_front\">\n\t<\/div>\n<!-- \/themify_builder_content -->","protected":false},"excerpt":{"rendered":"<p>Jesus disse: \u201cEu n\u00e3o vim para julgar o mundo, mas para salv\u00e1-lo\u201d (Jo 12,47). Caros Presb\u00edteros, A atual cultura ocidental dominante, sempre mais difundida em todo o mundo, atrav\u00e9s da m\u00eddia global e da mobilidade humana, tamb\u00e9m nos pa\u00edses de outras culturas, apresenta novos desafios, n\u00e3o pouco empenhativos, para a evangeliza\u00e7\u00e3o. Trata-se de uma cultura [&hellip;]<\/p>\n","protected":false},"author":5,"featured_media":0,"comment_status":"open","ping_status":"open","sticky":false,"template":"","format":"standard","meta":{"ngg_post_thumbnail":0,"footnotes":""},"categories":[8],"tags":[773,966],"yoast_head":"<!-- This site is optimized with the Yoast SEO plugin v23.5 - https:\/\/yoast.com\/wordpress\/plugins\/seo\/ -->\n<title>Carta de Dom Claudio Hummes aos presb\u00edteros - O Arcanjo no ar<\/title>\n<meta name=\"robots\" content=\"index, follow, max-snippet:-1, max-image-preview:large, max-video-preview:-1\" \/>\n<link rel=\"canonical\" href=\"https:\/\/www.oarcanjo.net\/site\/carta-de-dom-claudio-hummes-aos-presbiteros\/\" \/>\n<meta property=\"og:locale\" content=\"pt_BR\" \/>\n<meta property=\"og:type\" content=\"article\" \/>\n<meta property=\"og:title\" content=\"Carta de Dom Claudio Hummes aos presb\u00edteros - O Arcanjo no ar\" \/>\n<meta property=\"og:description\" content=\"Jesus disse: \u201cEu n\u00e3o vim para julgar o mundo, mas para salv\u00e1-lo\u201d (Jo 12,47). Caros Presb\u00edteros, A atual cultura ocidental dominante, sempre mais difundida em todo o mundo, atrav\u00e9s da m\u00eddia global e da mobilidade humana, tamb\u00e9m nos pa\u00edses de outras culturas, apresenta novos desafios, n\u00e3o pouco empenhativos, para a evangeliza\u00e7\u00e3o. Trata-se de uma cultura [&hellip;]\" \/>\n<meta property=\"og:url\" content=\"https:\/\/www.oarcanjo.net\/site\/carta-de-dom-claudio-hummes-aos-presbiteros\/\" \/>\n<meta property=\"og:site_name\" content=\"O Arcanjo no ar\" \/>\n<meta property=\"article:publisher\" content=\"https:\/\/www.facebook.com\/OArcanjoNoAr\/\" \/>\n<meta property=\"article:published_time\" content=\"2009-08-04T10:16:27+00:00\" \/>\n<meta property=\"og:image\" content=\"https:\/\/www.oarcanjo.net\/site\/wp-content\/uploads\/logo-o-arcanjo-no-ar-facebook.png\" \/>\n\t<meta property=\"og:image:width\" content=\"300\" \/>\n\t<meta property=\"og:image:height\" content=\"300\" \/>\n\t<meta property=\"og:image:type\" content=\"image\/png\" \/>\n<meta name=\"author\" content=\"editor\" \/>\n<meta name=\"twitter:card\" content=\"summary_large_image\" \/>\n<meta name=\"twitter:label1\" content=\"Escrito por\" \/>\n\t<meta name=\"twitter:data1\" content=\"editor\" \/>\n\t<meta name=\"twitter:label2\" content=\"Est. tempo de leitura\" \/>\n\t<meta name=\"twitter:data2\" content=\"4 minutos\" \/>\n<script type=\"application\/ld+json\" class=\"yoast-schema-graph\">{\"@context\":\"https:\/\/schema.org\",\"@graph\":[{\"@type\":\"Article\",\"@id\":\"https:\/\/www.oarcanjo.net\/site\/carta-de-dom-claudio-hummes-aos-presbiteros\/#article\",\"isPartOf\":{\"@id\":\"https:\/\/www.oarcanjo.net\/site\/carta-de-dom-claudio-hummes-aos-presbiteros\/\"},\"author\":{\"name\":\"editor\",\"@id\":\"https:\/\/www.oarcanjo.net\/site\/#\/schema\/person\/f7024d007863202483a31326673a0838\"},\"headline\":\"Carta de Dom Claudio Hummes aos presb\u00edteros\",\"datePublished\":\"2009-08-04T10:16:27+00:00\",\"dateModified\":\"2009-08-04T10:16:27+00:00\",\"mainEntityOfPage\":{\"@id\":\"https:\/\/www.oarcanjo.net\/site\/carta-de-dom-claudio-hummes-aos-presbiteros\/\"},\"wordCount\":786,\"commentCount\":0,\"publisher\":{\"@id\":\"https:\/\/www.oarcanjo.net\/site\/#organization\"},\"keywords\":[\"Ano Sacerdotal\",\"dia do padre\"],\"articleSection\":[\"Not\u00edcias\"],\"inLanguage\":\"pt-BR\",\"potentialAction\":[{\"@type\":\"CommentAction\",\"name\":\"Comment\",\"target\":[\"https:\/\/www.oarcanjo.net\/site\/carta-de-dom-claudio-hummes-aos-presbiteros\/#respond\"]}]},{\"@type\":\"WebPage\",\"@id\":\"https:\/\/www.oarcanjo.net\/site\/carta-de-dom-claudio-hummes-aos-presbiteros\/\",\"url\":\"https:\/\/www.oarcanjo.net\/site\/carta-de-dom-claudio-hummes-aos-presbiteros\/\",\"name\":\"Carta de Dom Claudio Hummes aos presb\u00edteros - O Arcanjo no ar\",\"isPartOf\":{\"@id\":\"https:\/\/www.oarcanjo.net\/site\/#website\"},\"datePublished\":\"2009-08-04T10:16:27+00:00\",\"dateModified\":\"2009-08-04T10:16:27+00:00\",\"breadcrumb\":{\"@id\":\"https:\/\/www.oarcanjo.net\/site\/carta-de-dom-claudio-hummes-aos-presbiteros\/#breadcrumb\"},\"inLanguage\":\"pt-BR\",\"potentialAction\":[{\"@type\":\"ReadAction\",\"target\":[\"https:\/\/www.oarcanjo.net\/site\/carta-de-dom-claudio-hummes-aos-presbiteros\/\"]}]},{\"@type\":\"BreadcrumbList\",\"@id\":\"https:\/\/www.oarcanjo.net\/site\/carta-de-dom-claudio-hummes-aos-presbiteros\/#breadcrumb\",\"itemListElement\":[{\"@type\":\"ListItem\",\"position\":1,\"name\":\"In\u00edcio\",\"item\":\"https:\/\/www.oarcanjo.net\/site\/\"},{\"@type\":\"ListItem\",\"position\":2,\"name\":\"Carta de Dom Claudio Hummes aos presb\u00edteros\"}]},{\"@type\":\"WebSite\",\"@id\":\"https:\/\/www.oarcanjo.net\/site\/#website\",\"url\":\"https:\/\/www.oarcanjo.net\/site\/\",\"name\":\"O Arcanjo no ar\",\"description\":\"Site da Par\u00f3quia S\u00e3o Miguel Arcanjo (Arquidiocese de SP)\",\"publisher\":{\"@id\":\"https:\/\/www.oarcanjo.net\/site\/#organization\"},\"potentialAction\":[{\"@type\":\"SearchAction\",\"target\":{\"@type\":\"EntryPoint\",\"urlTemplate\":\"https:\/\/www.oarcanjo.net\/site\/?s={search_term_string}\"},\"query-input\":{\"@type\":\"PropertyValueSpecification\",\"valueRequired\":true,\"valueName\":\"search_term_string\"}}],\"inLanguage\":\"pt-BR\"},{\"@type\":\"Organization\",\"@id\":\"https:\/\/www.oarcanjo.net\/site\/#organization\",\"name\":\"Par\u00f3quia S\u00e3o Miguel Arcanjo\",\"url\":\"https:\/\/www.oarcanjo.net\/site\/\",\"logo\":{\"@type\":\"ImageObject\",\"inLanguage\":\"pt-BR\",\"@id\":\"https:\/\/www.oarcanjo.net\/site\/#\/schema\/logo\/image\/\",\"url\":\"https:\/\/www.oarcanjo.net\/site\/wp-content\/uploads\/LogoOArcanjo.png\",\"contentUrl\":\"https:\/\/www.oarcanjo.net\/site\/wp-content\/uploads\/LogoOArcanjo.png\",\"width\":319,\"height\":99,\"caption\":\"Par\u00f3quia S\u00e3o Miguel Arcanjo\"},\"image\":{\"@id\":\"https:\/\/www.oarcanjo.net\/site\/#\/schema\/logo\/image\/\"},\"sameAs\":[\"https:\/\/www.facebook.com\/OArcanjoNoAr\/\"]},{\"@type\":\"Person\",\"@id\":\"https:\/\/www.oarcanjo.net\/site\/#\/schema\/person\/f7024d007863202483a31326673a0838\",\"name\":\"editor\",\"sameAs\":[\"http:\/\/www.oarcanjo.net\"]}]}<\/script>\n<!-- \/ Yoast SEO plugin. -->","yoast_head_json":{"title":"Carta de Dom Claudio Hummes aos presb\u00edteros - O Arcanjo no ar","robots":{"index":"index","follow":"follow","max-snippet":"max-snippet:-1","max-image-preview":"max-image-preview:large","max-video-preview":"max-video-preview:-1"},"canonical":"https:\/\/www.oarcanjo.net\/site\/carta-de-dom-claudio-hummes-aos-presbiteros\/","og_locale":"pt_BR","og_type":"article","og_title":"Carta de Dom Claudio Hummes aos presb\u00edteros - O Arcanjo no ar","og_description":"Jesus disse: \u201cEu n\u00e3o vim para julgar o mundo, mas para salv\u00e1-lo\u201d (Jo 12,47). Caros Presb\u00edteros, A atual cultura ocidental dominante, sempre mais difundida em todo o mundo, atrav\u00e9s da m\u00eddia global e da mobilidade humana, tamb\u00e9m nos pa\u00edses de outras culturas, apresenta novos desafios, n\u00e3o pouco empenhativos, para a evangeliza\u00e7\u00e3o. Trata-se de uma cultura [&hellip;]","og_url":"https:\/\/www.oarcanjo.net\/site\/carta-de-dom-claudio-hummes-aos-presbiteros\/","og_site_name":"O Arcanjo no ar","article_publisher":"https:\/\/www.facebook.com\/OArcanjoNoAr\/","article_published_time":"2009-08-04T10:16:27+00:00","og_image":[{"width":300,"height":300,"url":"https:\/\/www.oarcanjo.net\/site\/wp-content\/uploads\/logo-o-arcanjo-no-ar-facebook.png","type":"image\/png"}],"author":"editor","twitter_card":"summary_large_image","twitter_misc":{"Escrito por":"editor","Est. tempo de leitura":"4 minutos"},"schema":{"@context":"https:\/\/schema.org","@graph":[{"@type":"Article","@id":"https:\/\/www.oarcanjo.net\/site\/carta-de-dom-claudio-hummes-aos-presbiteros\/#article","isPartOf":{"@id":"https:\/\/www.oarcanjo.net\/site\/carta-de-dom-claudio-hummes-aos-presbiteros\/"},"author":{"name":"editor","@id":"https:\/\/www.oarcanjo.net\/site\/#\/schema\/person\/f7024d007863202483a31326673a0838"},"headline":"Carta de Dom Claudio Hummes aos presb\u00edteros","datePublished":"2009-08-04T10:16:27+00:00","dateModified":"2009-08-04T10:16:27+00:00","mainEntityOfPage":{"@id":"https:\/\/www.oarcanjo.net\/site\/carta-de-dom-claudio-hummes-aos-presbiteros\/"},"wordCount":786,"commentCount":0,"publisher":{"@id":"https:\/\/www.oarcanjo.net\/site\/#organization"},"keywords":["Ano Sacerdotal","dia do padre"],"articleSection":["Not\u00edcias"],"inLanguage":"pt-BR","potentialAction":[{"@type":"CommentAction","name":"Comment","target":["https:\/\/www.oarcanjo.net\/site\/carta-de-dom-claudio-hummes-aos-presbiteros\/#respond"]}]},{"@type":"WebPage","@id":"https:\/\/www.oarcanjo.net\/site\/carta-de-dom-claudio-hummes-aos-presbiteros\/","url":"https:\/\/www.oarcanjo.net\/site\/carta-de-dom-claudio-hummes-aos-presbiteros\/","name":"Carta de Dom Claudio Hummes aos presb\u00edteros - O Arcanjo no ar","isPartOf":{"@id":"https:\/\/www.oarcanjo.net\/site\/#website"},"datePublished":"2009-08-04T10:16:27+00:00","dateModified":"2009-08-04T10:16:27+00:00","breadcrumb":{"@id":"https:\/\/www.oarcanjo.net\/site\/carta-de-dom-claudio-hummes-aos-presbiteros\/#breadcrumb"},"inLanguage":"pt-BR","potentialAction":[{"@type":"ReadAction","target":["https:\/\/www.oarcanjo.net\/site\/carta-de-dom-claudio-hummes-aos-presbiteros\/"]}]},{"@type":"BreadcrumbList","@id":"https:\/\/www.oarcanjo.net\/site\/carta-de-dom-claudio-hummes-aos-presbiteros\/#breadcrumb","itemListElement":[{"@type":"ListItem","position":1,"name":"In\u00edcio","item":"https:\/\/www.oarcanjo.net\/site\/"},{"@type":"ListItem","position":2,"name":"Carta de Dom Claudio Hummes aos presb\u00edteros"}]},{"@type":"WebSite","@id":"https:\/\/www.oarcanjo.net\/site\/#website","url":"https:\/\/www.oarcanjo.net\/site\/","name":"O Arcanjo no ar","description":"Site da Par\u00f3quia S\u00e3o Miguel Arcanjo (Arquidiocese de SP)","publisher":{"@id":"https:\/\/www.oarcanjo.net\/site\/#organization"},"potentialAction":[{"@type":"SearchAction","target":{"@type":"EntryPoint","urlTemplate":"https:\/\/www.oarcanjo.net\/site\/?s={search_term_string}"},"query-input":{"@type":"PropertyValueSpecification","valueRequired":true,"valueName":"search_term_string"}}],"inLanguage":"pt-BR"},{"@type":"Organization","@id":"https:\/\/www.oarcanjo.net\/site\/#organization","name":"Par\u00f3quia S\u00e3o Miguel Arcanjo","url":"https:\/\/www.oarcanjo.net\/site\/","logo":{"@type":"ImageObject","inLanguage":"pt-BR","@id":"https:\/\/www.oarcanjo.net\/site\/#\/schema\/logo\/image\/","url":"https:\/\/www.oarcanjo.net\/site\/wp-content\/uploads\/LogoOArcanjo.png","contentUrl":"https:\/\/www.oarcanjo.net\/site\/wp-content\/uploads\/LogoOArcanjo.png","width":319,"height":99,"caption":"Par\u00f3quia S\u00e3o Miguel Arcanjo"},"image":{"@id":"https:\/\/www.oarcanjo.net\/site\/#\/schema\/logo\/image\/"},"sameAs":["https:\/\/www.facebook.com\/OArcanjoNoAr\/"]},{"@type":"Person","@id":"https:\/\/www.oarcanjo.net\/site\/#\/schema\/person\/f7024d007863202483a31326673a0838","name":"editor","sameAs":["http:\/\/www.oarcanjo.net"]}]}},"publishpress_future_action":{"enabled":false,"date":"2026-05-09 03:59:22","action":"category","newStatus":"draft","terms":[],"taxonomy":"category"},"publishpress_future_workflow_manual_trigger":{"enabledWorkflows":[]},"_links":{"self":[{"href":"https:\/\/www.oarcanjo.net\/site\/wp-json\/wp\/v2\/posts\/4589"}],"collection":[{"href":"https:\/\/www.oarcanjo.net\/site\/wp-json\/wp\/v2\/posts"}],"about":[{"href":"https:\/\/www.oarcanjo.net\/site\/wp-json\/wp\/v2\/types\/post"}],"author":[{"embeddable":true,"href":"https:\/\/www.oarcanjo.net\/site\/wp-json\/wp\/v2\/users\/5"}],"replies":[{"embeddable":true,"href":"https:\/\/www.oarcanjo.net\/site\/wp-json\/wp\/v2\/comments?post=4589"}],"version-history":[{"count":0,"href":"https:\/\/www.oarcanjo.net\/site\/wp-json\/wp\/v2\/posts\/4589\/revisions"}],"wp:attachment":[{"href":"https:\/\/www.oarcanjo.net\/site\/wp-json\/wp\/v2\/media?parent=4589"}],"wp:term":[{"taxonomy":"category","embeddable":true,"href":"https:\/\/www.oarcanjo.net\/site\/wp-json\/wp\/v2\/categories?post=4589"},{"taxonomy":"post_tag","embeddable":true,"href":"https:\/\/www.oarcanjo.net\/site\/wp-json\/wp\/v2\/tags?post=4589"}],"curies":[{"name":"wp","href":"https:\/\/api.w.org\/{rel}","templated":true}]}}