
{"id":4604,"date":"2009-08-03T03:18:31","date_gmt":"2009-08-03T06:18:31","guid":{"rendered":"http:\/\/www.oarcanjo.net\/site\/?p=4604"},"modified":"2009-08-08T08:34:06","modified_gmt":"2009-08-08T11:34:06","slug":"brasil-mensagem-as-cebs-presenca-do-reino-entre-os-pobres","status":"publish","type":"post","link":"https:\/\/www.oarcanjo.net\/site\/brasil-mensagem-as-cebs-presenca-do-reino-entre-os-pobres\/","title":{"rendered":"Mensagem \u00e0s CEBs, presen\u00e7a do Reino entre os Pobres!"},"content":{"rendered":"<p>Jos\u00e9 Comblin *<br \/>\n<em>Fonte: Adital<\/em><\/p>\n<p>Aos amigos e amigas do Intereclesial de Porto Velho<\/p>\n<p>Gostaria muito de estar presente no meio de voc\u00eas. Os meus 86 anos j\u00e1 n\u00e3o me permitem fazer essa viagem. Mas quero enviar-lhes uma mensagem de solidariedade e de est\u00edmulo. Dou os parab\u00e9ns a todos os presentes que fizeram essa longa viagem.<\/p>\n<p>O Intereclesial re\u00fane-se na regi\u00e3o Norte do Brasil, donde nos v\u00eam hoje em dia os mais fortes testemunhos prof\u00e9ticos. \u00c9 tamb\u00e9m a regi\u00e3o em que a evangeliza\u00e7\u00e3o exige mais energia e provoca mais cansa\u00e7o. Mas \u00e9, por isso mesmo, aquela que mais suscita alegria e entusiasmo.<\/p>\n<p>As CEBs s\u00e3o aquela por\u00e7\u00e3o do povo de Deus que nasceu entre os pobres. Elas s\u00e3o &#8220;povo&#8221; porque nelas os crist\u00e3os n\u00e3o colaboram simplesmente com a pastoral paroquial definida por outros, mas eles mesmos, leigos do mundo popular, tomam iniciativas, orientam as atividades comunit\u00e1rias, sempre em comunh\u00e3o com a grande Igreja, mas com a liberdade que s. Paulo reconhecia \u00e0s comunidades fundadas por ele.<\/p>\n<p>As CEBs acabam de ser de novo aprovadas e estimuladas pela Confer\u00eancia episcopal de Aparecida. Este reconhecimento ser\u00e1 o sinal de uma vida renovada. As CEBs j\u00e1 t\u00eam uma trajet\u00f3ria impressionante, \u00e0s vezes her\u00f3ica, porque muitos membros das CEBs foram m\u00e1rtires. Foram testemunhas da dignidade dos pobres frente a autoridades arrogantes. Defenderam camponeses e oper\u00e1rios injustamente tratados. Buscaram a justi\u00e7a na paz como profetas da n\u00e3o-viol\u00eancia. Esse passado nos mostra o caminho do futuro e nos convence de que as CEBs seguem o caminho de Jesus.<\/p>\n<p>As CEBs foram desde as origens a principal presen\u00e7a da Igreja no mundo popular. Ora, com a imensa migra\u00e7\u00e3o do campo para as cidades, o mundo popular hoje em dia \u00e9 principalmente urbano e a presen\u00e7a da Igreja nessas imensas periferias urbanas e nas favelas ou corti\u00e7os \u00e9 o grande desafio para os crist\u00e3os e crist\u00e3s de boa vontade. Essas massas foram entregues a in\u00fameras congrega\u00e7\u00f5es evang\u00e9licas. Estas, como disse dom Jos\u00e9 Maria Pires, fazem o trabalho que n\u00e3o fazemos e por isso podemos agradecer a Deus pelo trabalho que fazem anunciando Jesus. Mas n\u00f3s tamb\u00e9m poder\u00edamos e dever\u00edamos fazer esse trabalho neste novo mundo dos pobres que se criou nestas \u00faltimas d\u00e9cadas. Isto exige uma enorme multiplica\u00e7\u00e3o de CEBs no mundo urbano. Tenho certeza de que deste Intereclesial sair\u00e1 a firme decis\u00e3o de entrar com muito mais for\u00e7a nesse mundo popular urbano.<\/p>\n<p>Os pobres n\u00e3o freq\u00fcentam muito as par\u00f3quias que n\u00e3o lhes oferecem um ambiente realmente popular. Querem comunidades de pobres, em que tenham a alegria de poder dizer que essa comunidade \u00e9 nossa. Assim s\u00e3o as CEBs. Estas s\u00e3o a melhor forma de participa\u00e7\u00e3o dos obres inventada at\u00e9 agora. Pois ali os crist\u00e3os do mundo popular n\u00e3o colaboram simplesmente com uma pastoral paroquial definida por outros, mas tomam iniciativas e orientam as atividades comunit\u00e1rias entre eles mesmos, sempre em comunh\u00e3o com a grande Igreja. Gozam da mesma liberdade que s. Paulo reconhecia as comunidades fundadas por ele.<\/p>\n<p>As CEBs p\u00f5em em pr\u00e1tica a orienta\u00e7\u00e3o dada pela Confer\u00eancia de Aparecida: passar de uma pastoral de conserva\u00e7\u00e3o para uma pastoral de evangeliza\u00e7\u00e3o. Trata-se de passar uma Igreja tradicionalista fechada em si mesma para uma Igreja aberta ao mundo exterior e fecunda porque suscita muitas comunidades.<\/p>\n<p>As CEBs encarnaram a mensagem de Vaticano II, porque s\u00e3o uma for\u00e7a de transforma\u00e7\u00e3o do mundo em que est\u00e3o vivendo. Relacionam-se com todos e colaboram com todos os grupos situados na mesma vizinhan\u00e7a.<\/p>\n<p>J\u00e1 ouvi pessoas que diziam: as CEBs j\u00e1 foram, pertencem ao passado. Voc\u00eas v\u00e3o mostrar que ainda pertencem ao presente e inclusive ao futuro. N\u00e3o se inventou outra maneira de tornar a Igreja presente no mundo popular.<\/p>\n<p>As CEBs sofreram cr\u00edticas e contesta\u00e7\u00f5es. De modo geral as cr\u00edticas v\u00eam de pessoas que n\u00e3o as conhecem. Foi o que aconteceu com dom Oscar Romero que n\u00e3o as queria. Quando ele as conheceu na diocese de San Salvador, converteu-se e confiou totalmente nelas. Al\u00e9m disso, qualquer movimento de Igreja no mundo popular suscita cr\u00edticas e rea\u00e7\u00f5es \u00e0s vezes violentas. Isto \u00e9 parte do destino dos crist\u00e3os e j\u00e1 foi anunciado pelo pr\u00f3prio Jesus Cristo. As cr\u00edticas procedem do desconhecimento.<\/p>\n<p>Quero pedir para voc\u00eas uma b\u00ean\u00e7\u00e3o especial de mons. Expedito Medeiros, falecido h\u00e1 poucos anos, que foi um dos primeiros promotores das CEBs, talvez o primeiro, como vig\u00e1rio de S\u00e3o Paulo de Potengi no Rio Grande do Norte, durante 53 anos. Foi um grande amigo e um homem totalmente dedicado ao apoio as in\u00fameras comunidades promovidas por ele. Foi um Santo.<\/p>\n<p>Que Jesus mission\u00e1rio esteja sempre com voc\u00eas com toda a for\u00e7a do Esp\u00edrito Santo para a constru\u00e7\u00e3o do Reino do nosso Pai.<\/p>\n<p>Padre Jos\u00e9 Comblin<\/p>\n<p>* Te\u00f3logo<\/p>\n<div id=\"themify_builder_content-4604\" data-postid=\"4604\" class=\"themify_builder_content themify_builder_content-4604 themify_builder themify_builder_front\">\n\t<\/div>\n<!-- \/themify_builder_content -->","protected":false},"excerpt":{"rendered":"<p>Jos\u00e9 Comblin * Fonte: Adital Aos amigos e amigas do Intereclesial de Porto Velho Gostaria muito de estar presente no meio de voc\u00eas. Os meus 86 anos j\u00e1 n\u00e3o me permitem fazer essa viagem. Mas quero enviar-lhes uma mensagem de solidariedade e de est\u00edmulo. Dou os parab\u00e9ns a todos os presentes que fizeram essa longa [&hellip;]<\/p>\n","protected":false},"author":5,"featured_media":0,"comment_status":"open","ping_status":"open","sticky":false,"template":"","format":"standard","meta":{"ngg_post_thumbnail":0,"footnotes":""},"categories":[8],"tags":[],"yoast_head":"<!-- This site is optimized with the Yoast SEO plugin v23.5 - https:\/\/yoast.com\/wordpress\/plugins\/seo\/ -->\n<title>Mensagem \u00e0s CEBs, presen\u00e7a do Reino entre os Pobres! - O Arcanjo no ar<\/title>\n<meta name=\"robots\" content=\"index, follow, max-snippet:-1, max-image-preview:large, max-video-preview:-1\" \/>\n<link rel=\"canonical\" href=\"https:\/\/www.oarcanjo.net\/site\/brasil-mensagem-as-cebs-presenca-do-reino-entre-os-pobres\/\" \/>\n<meta property=\"og:locale\" content=\"pt_BR\" \/>\n<meta property=\"og:type\" content=\"article\" \/>\n<meta property=\"og:title\" content=\"Mensagem \u00e0s CEBs, presen\u00e7a do Reino entre os Pobres! - O Arcanjo no ar\" \/>\n<meta property=\"og:description\" content=\"Jos\u00e9 Comblin * Fonte: Adital Aos amigos e amigas do Intereclesial de Porto Velho Gostaria muito de estar presente no meio de voc\u00eas. Os meus 86 anos j\u00e1 n\u00e3o me permitem fazer essa viagem. Mas quero enviar-lhes uma mensagem de solidariedade e de est\u00edmulo. Dou os parab\u00e9ns a todos os presentes que fizeram essa longa [&hellip;]\" \/>\n<meta property=\"og:url\" content=\"https:\/\/www.oarcanjo.net\/site\/brasil-mensagem-as-cebs-presenca-do-reino-entre-os-pobres\/\" \/>\n<meta property=\"og:site_name\" content=\"O Arcanjo no ar\" \/>\n<meta property=\"article:publisher\" content=\"https:\/\/www.facebook.com\/OArcanjoNoAr\/\" \/>\n<meta property=\"article:published_time\" content=\"2009-08-03T06:18:31+00:00\" \/>\n<meta property=\"article:modified_time\" content=\"2009-08-08T11:34:06+00:00\" \/>\n<meta property=\"og:image\" content=\"https:\/\/www.oarcanjo.net\/site\/wp-content\/uploads\/logo-o-arcanjo-no-ar-facebook.png\" \/>\n\t<meta property=\"og:image:width\" content=\"300\" \/>\n\t<meta property=\"og:image:height\" content=\"300\" \/>\n\t<meta property=\"og:image:type\" content=\"image\/png\" \/>\n<meta name=\"author\" content=\"editor\" \/>\n<meta name=\"twitter:card\" content=\"summary_large_image\" \/>\n<meta name=\"twitter:label1\" content=\"Escrito por\" \/>\n\t<meta name=\"twitter:data1\" content=\"editor\" \/>\n\t<meta name=\"twitter:label2\" content=\"Est. tempo de leitura\" \/>\n\t<meta name=\"twitter:data2\" content=\"4 minutos\" \/>\n<script type=\"application\/ld+json\" class=\"yoast-schema-graph\">{\"@context\":\"https:\/\/schema.org\",\"@graph\":[{\"@type\":\"Article\",\"@id\":\"https:\/\/www.oarcanjo.net\/site\/brasil-mensagem-as-cebs-presenca-do-reino-entre-os-pobres\/#article\",\"isPartOf\":{\"@id\":\"https:\/\/www.oarcanjo.net\/site\/brasil-mensagem-as-cebs-presenca-do-reino-entre-os-pobres\/\"},\"author\":{\"name\":\"editor\",\"@id\":\"https:\/\/www.oarcanjo.net\/site\/#\/schema\/person\/f7024d007863202483a31326673a0838\"},\"headline\":\"Mensagem \u00e0s CEBs, presen\u00e7a do Reino entre os Pobres!\",\"datePublished\":\"2009-08-03T06:18:31+00:00\",\"dateModified\":\"2009-08-08T11:34:06+00:00\",\"mainEntityOfPage\":{\"@id\":\"https:\/\/www.oarcanjo.net\/site\/brasil-mensagem-as-cebs-presenca-do-reino-entre-os-pobres\/\"},\"wordCount\":870,\"commentCount\":0,\"publisher\":{\"@id\":\"https:\/\/www.oarcanjo.net\/site\/#organization\"},\"articleSection\":[\"Not\u00edcias\"],\"inLanguage\":\"pt-BR\",\"potentialAction\":[{\"@type\":\"CommentAction\",\"name\":\"Comment\",\"target\":[\"https:\/\/www.oarcanjo.net\/site\/brasil-mensagem-as-cebs-presenca-do-reino-entre-os-pobres\/#respond\"]}]},{\"@type\":\"WebPage\",\"@id\":\"https:\/\/www.oarcanjo.net\/site\/brasil-mensagem-as-cebs-presenca-do-reino-entre-os-pobres\/\",\"url\":\"https:\/\/www.oarcanjo.net\/site\/brasil-mensagem-as-cebs-presenca-do-reino-entre-os-pobres\/\",\"name\":\"Mensagem \u00e0s CEBs, presen\u00e7a do Reino entre os Pobres! - O Arcanjo no ar\",\"isPartOf\":{\"@id\":\"https:\/\/www.oarcanjo.net\/site\/#website\"},\"datePublished\":\"2009-08-03T06:18:31+00:00\",\"dateModified\":\"2009-08-08T11:34:06+00:00\",\"breadcrumb\":{\"@id\":\"https:\/\/www.oarcanjo.net\/site\/brasil-mensagem-as-cebs-presenca-do-reino-entre-os-pobres\/#breadcrumb\"},\"inLanguage\":\"pt-BR\",\"potentialAction\":[{\"@type\":\"ReadAction\",\"target\":[\"https:\/\/www.oarcanjo.net\/site\/brasil-mensagem-as-cebs-presenca-do-reino-entre-os-pobres\/\"]}]},{\"@type\":\"BreadcrumbList\",\"@id\":\"https:\/\/www.oarcanjo.net\/site\/brasil-mensagem-as-cebs-presenca-do-reino-entre-os-pobres\/#breadcrumb\",\"itemListElement\":[{\"@type\":\"ListItem\",\"position\":1,\"name\":\"In\u00edcio\",\"item\":\"https:\/\/www.oarcanjo.net\/site\/\"},{\"@type\":\"ListItem\",\"position\":2,\"name\":\"Mensagem \u00e0s CEBs, presen\u00e7a do Reino entre os Pobres!\"}]},{\"@type\":\"WebSite\",\"@id\":\"https:\/\/www.oarcanjo.net\/site\/#website\",\"url\":\"https:\/\/www.oarcanjo.net\/site\/\",\"name\":\"O Arcanjo no ar\",\"description\":\"Site da Par\u00f3quia S\u00e3o Miguel Arcanjo (Arquidiocese de SP)\",\"publisher\":{\"@id\":\"https:\/\/www.oarcanjo.net\/site\/#organization\"},\"potentialAction\":[{\"@type\":\"SearchAction\",\"target\":{\"@type\":\"EntryPoint\",\"urlTemplate\":\"https:\/\/www.oarcanjo.net\/site\/?s={search_term_string}\"},\"query-input\":{\"@type\":\"PropertyValueSpecification\",\"valueRequired\":true,\"valueName\":\"search_term_string\"}}],\"inLanguage\":\"pt-BR\"},{\"@type\":\"Organization\",\"@id\":\"https:\/\/www.oarcanjo.net\/site\/#organization\",\"name\":\"Par\u00f3quia S\u00e3o Miguel Arcanjo\",\"url\":\"https:\/\/www.oarcanjo.net\/site\/\",\"logo\":{\"@type\":\"ImageObject\",\"inLanguage\":\"pt-BR\",\"@id\":\"https:\/\/www.oarcanjo.net\/site\/#\/schema\/logo\/image\/\",\"url\":\"https:\/\/www.oarcanjo.net\/site\/wp-content\/uploads\/LogoOArcanjo.png\",\"contentUrl\":\"https:\/\/www.oarcanjo.net\/site\/wp-content\/uploads\/LogoOArcanjo.png\",\"width\":319,\"height\":99,\"caption\":\"Par\u00f3quia S\u00e3o Miguel Arcanjo\"},\"image\":{\"@id\":\"https:\/\/www.oarcanjo.net\/site\/#\/schema\/logo\/image\/\"},\"sameAs\":[\"https:\/\/www.facebook.com\/OArcanjoNoAr\/\"]},{\"@type\":\"Person\",\"@id\":\"https:\/\/www.oarcanjo.net\/site\/#\/schema\/person\/f7024d007863202483a31326673a0838\",\"name\":\"editor\",\"sameAs\":[\"http:\/\/www.oarcanjo.net\"]}]}<\/script>\n<!-- \/ Yoast SEO plugin. -->","yoast_head_json":{"title":"Mensagem \u00e0s CEBs, presen\u00e7a do Reino entre os Pobres! - O Arcanjo no ar","robots":{"index":"index","follow":"follow","max-snippet":"max-snippet:-1","max-image-preview":"max-image-preview:large","max-video-preview":"max-video-preview:-1"},"canonical":"https:\/\/www.oarcanjo.net\/site\/brasil-mensagem-as-cebs-presenca-do-reino-entre-os-pobres\/","og_locale":"pt_BR","og_type":"article","og_title":"Mensagem \u00e0s CEBs, presen\u00e7a do Reino entre os Pobres! - O Arcanjo no ar","og_description":"Jos\u00e9 Comblin * Fonte: Adital Aos amigos e amigas do Intereclesial de Porto Velho Gostaria muito de estar presente no meio de voc\u00eas. Os meus 86 anos j\u00e1 n\u00e3o me permitem fazer essa viagem. Mas quero enviar-lhes uma mensagem de solidariedade e de est\u00edmulo. Dou os parab\u00e9ns a todos os presentes que fizeram essa longa [&hellip;]","og_url":"https:\/\/www.oarcanjo.net\/site\/brasil-mensagem-as-cebs-presenca-do-reino-entre-os-pobres\/","og_site_name":"O Arcanjo no ar","article_publisher":"https:\/\/www.facebook.com\/OArcanjoNoAr\/","article_published_time":"2009-08-03T06:18:31+00:00","article_modified_time":"2009-08-08T11:34:06+00:00","og_image":[{"width":300,"height":300,"url":"https:\/\/www.oarcanjo.net\/site\/wp-content\/uploads\/logo-o-arcanjo-no-ar-facebook.png","type":"image\/png"}],"author":"editor","twitter_card":"summary_large_image","twitter_misc":{"Escrito por":"editor","Est. tempo de leitura":"4 minutos"},"schema":{"@context":"https:\/\/schema.org","@graph":[{"@type":"Article","@id":"https:\/\/www.oarcanjo.net\/site\/brasil-mensagem-as-cebs-presenca-do-reino-entre-os-pobres\/#article","isPartOf":{"@id":"https:\/\/www.oarcanjo.net\/site\/brasil-mensagem-as-cebs-presenca-do-reino-entre-os-pobres\/"},"author":{"name":"editor","@id":"https:\/\/www.oarcanjo.net\/site\/#\/schema\/person\/f7024d007863202483a31326673a0838"},"headline":"Mensagem \u00e0s CEBs, presen\u00e7a do Reino entre os Pobres!","datePublished":"2009-08-03T06:18:31+00:00","dateModified":"2009-08-08T11:34:06+00:00","mainEntityOfPage":{"@id":"https:\/\/www.oarcanjo.net\/site\/brasil-mensagem-as-cebs-presenca-do-reino-entre-os-pobres\/"},"wordCount":870,"commentCount":0,"publisher":{"@id":"https:\/\/www.oarcanjo.net\/site\/#organization"},"articleSection":["Not\u00edcias"],"inLanguage":"pt-BR","potentialAction":[{"@type":"CommentAction","name":"Comment","target":["https:\/\/www.oarcanjo.net\/site\/brasil-mensagem-as-cebs-presenca-do-reino-entre-os-pobres\/#respond"]}]},{"@type":"WebPage","@id":"https:\/\/www.oarcanjo.net\/site\/brasil-mensagem-as-cebs-presenca-do-reino-entre-os-pobres\/","url":"https:\/\/www.oarcanjo.net\/site\/brasil-mensagem-as-cebs-presenca-do-reino-entre-os-pobres\/","name":"Mensagem \u00e0s CEBs, presen\u00e7a do Reino entre os Pobres! - O Arcanjo no ar","isPartOf":{"@id":"https:\/\/www.oarcanjo.net\/site\/#website"},"datePublished":"2009-08-03T06:18:31+00:00","dateModified":"2009-08-08T11:34:06+00:00","breadcrumb":{"@id":"https:\/\/www.oarcanjo.net\/site\/brasil-mensagem-as-cebs-presenca-do-reino-entre-os-pobres\/#breadcrumb"},"inLanguage":"pt-BR","potentialAction":[{"@type":"ReadAction","target":["https:\/\/www.oarcanjo.net\/site\/brasil-mensagem-as-cebs-presenca-do-reino-entre-os-pobres\/"]}]},{"@type":"BreadcrumbList","@id":"https:\/\/www.oarcanjo.net\/site\/brasil-mensagem-as-cebs-presenca-do-reino-entre-os-pobres\/#breadcrumb","itemListElement":[{"@type":"ListItem","position":1,"name":"In\u00edcio","item":"https:\/\/www.oarcanjo.net\/site\/"},{"@type":"ListItem","position":2,"name":"Mensagem \u00e0s CEBs, presen\u00e7a do Reino entre os Pobres!"}]},{"@type":"WebSite","@id":"https:\/\/www.oarcanjo.net\/site\/#website","url":"https:\/\/www.oarcanjo.net\/site\/","name":"O Arcanjo no ar","description":"Site da Par\u00f3quia S\u00e3o Miguel Arcanjo (Arquidiocese de SP)","publisher":{"@id":"https:\/\/www.oarcanjo.net\/site\/#organization"},"potentialAction":[{"@type":"SearchAction","target":{"@type":"EntryPoint","urlTemplate":"https:\/\/www.oarcanjo.net\/site\/?s={search_term_string}"},"query-input":{"@type":"PropertyValueSpecification","valueRequired":true,"valueName":"search_term_string"}}],"inLanguage":"pt-BR"},{"@type":"Organization","@id":"https:\/\/www.oarcanjo.net\/site\/#organization","name":"Par\u00f3quia S\u00e3o Miguel Arcanjo","url":"https:\/\/www.oarcanjo.net\/site\/","logo":{"@type":"ImageObject","inLanguage":"pt-BR","@id":"https:\/\/www.oarcanjo.net\/site\/#\/schema\/logo\/image\/","url":"https:\/\/www.oarcanjo.net\/site\/wp-content\/uploads\/LogoOArcanjo.png","contentUrl":"https:\/\/www.oarcanjo.net\/site\/wp-content\/uploads\/LogoOArcanjo.png","width":319,"height":99,"caption":"Par\u00f3quia S\u00e3o Miguel Arcanjo"},"image":{"@id":"https:\/\/www.oarcanjo.net\/site\/#\/schema\/logo\/image\/"},"sameAs":["https:\/\/www.facebook.com\/OArcanjoNoAr\/"]},{"@type":"Person","@id":"https:\/\/www.oarcanjo.net\/site\/#\/schema\/person\/f7024d007863202483a31326673a0838","name":"editor","sameAs":["http:\/\/www.oarcanjo.net"]}]}},"publishpress_future_action":{"enabled":false,"date":"2026-05-09 03:58:40","action":"category","newStatus":"draft","terms":[],"taxonomy":"category"},"publishpress_future_workflow_manual_trigger":{"enabledWorkflows":[]},"_links":{"self":[{"href":"https:\/\/www.oarcanjo.net\/site\/wp-json\/wp\/v2\/posts\/4604"}],"collection":[{"href":"https:\/\/www.oarcanjo.net\/site\/wp-json\/wp\/v2\/posts"}],"about":[{"href":"https:\/\/www.oarcanjo.net\/site\/wp-json\/wp\/v2\/types\/post"}],"author":[{"embeddable":true,"href":"https:\/\/www.oarcanjo.net\/site\/wp-json\/wp\/v2\/users\/5"}],"replies":[{"embeddable":true,"href":"https:\/\/www.oarcanjo.net\/site\/wp-json\/wp\/v2\/comments?post=4604"}],"version-history":[{"count":0,"href":"https:\/\/www.oarcanjo.net\/site\/wp-json\/wp\/v2\/posts\/4604\/revisions"}],"wp:attachment":[{"href":"https:\/\/www.oarcanjo.net\/site\/wp-json\/wp\/v2\/media?parent=4604"}],"wp:term":[{"taxonomy":"category","embeddable":true,"href":"https:\/\/www.oarcanjo.net\/site\/wp-json\/wp\/v2\/categories?post=4604"},{"taxonomy":"post_tag","embeddable":true,"href":"https:\/\/www.oarcanjo.net\/site\/wp-json\/wp\/v2\/tags?post=4604"}],"curies":[{"name":"wp","href":"https:\/\/api.w.org\/{rel}","templated":true}]}}