
{"id":46046,"date":"2014-06-17T05:30:33","date_gmt":"2014-06-17T08:30:33","guid":{"rendered":"http:\/\/www.oarcanjo.net\/site\/?p=46046"},"modified":"2014-06-16T20:06:58","modified_gmt":"2014-06-16T23:06:58","slug":"a-liturgia-obra-da-santissima-trindade","status":"publish","type":"post","link":"https:\/\/www.oarcanjo.net\/site\/a-liturgia-obra-da-santissima-trindade\/","title":{"rendered":"A Liturgia, obra da Sant\u00edssima Trindade"},"content":{"rendered":"<p><em>Dom\u00a0Edmar Peron<\/em><\/p>\n<p>A liturgia desse \u00faltimo final de semana \u2013 Solenidade da Sant\u00edssima Trindade \u2013 nos inspira a retomar, no Catecismo da Igreja Cat\u00f3lica, a liturgia como obra da Sant\u00edssima Trindade.<\/p>\n<p><em>O Pai, fonte e fim da liturgia<\/em> (1077-1083.1110). A Igreja reconhece que toda a obra de Deus,desde o in\u00edcio at\u00e9 \u00e0 consuma\u00e7\u00e3o dos tempos, desde o poema lit\u00fargico da primeira cria\u00e7\u00e3o (G\u00eanesis) at\u00e9 aos c\u00e2nticos da Jerusal\u00e9m celeste (Apocalipse), \u00e9 uma imensa b\u00ean\u00e7\u00e3o divina. Essa b\u00ean\u00e7\u00e3o \u00e9 plenamente revelada e comunicada na liturgia da Igreja: \u201co Pai \u00e9 reconhecido e adorado como a fonte e o fim de todas as b\u00ean\u00e7\u00e3os da cria\u00e7\u00e3o e da salva\u00e7\u00e3o; no seu Verbo, encarnado, morto e ressuscitado por n\u00f3s, ele nos cumula das suas b\u00ean\u00e7\u00e3os e, por ele, derrama em nossos cora\u00e7\u00f5es o Dom que cont\u00e9m todos os dons: o Esp\u00edrito Santo\u201d (1082). Portanto, \u201cna liturgia da Igreja, Deus Pai \u00e9 bendito e adorado como fonte de todas as b\u00ean\u00e7\u00e3os da cria\u00e7\u00e3o e da salva\u00e7\u00e3o, com que nos aben\u00e7oou no seu Filho, para nos dar o Esp\u00edrito da ado\u00e7\u00e3o filial\u201d (1110). Expressivo, nesse sentido, \u00e9 o hino que encontramos na Carta aos Ef\u00e9sios 1,3-14.<\/p>\n<p><em>A obra de Cristo na Liturgia <\/em>(1084-1090.1111). \u201cA obra de Cristo na liturgia \u00e9 sacramental, primeiramente porque o seu mist\u00e9rio de salva\u00e7\u00e3o se torna presente nela mediante o poder do seu Esp\u00edrito Santo; depois, porque o seu corpo, que \u00e9 a Igreja, \u00e9 como que o sacramento (sinal e instrumento) no qual o Esp\u00edrito Santo dispensa o mist\u00e9rio da salva\u00e7\u00e3o; e, enfim, porque, atrav\u00e9s das suas a\u00e7\u00f5es lit\u00fargicas, a Igreja peregrina j\u00e1 participa, por antecipa\u00e7\u00e3o, da liturgia celeste\u201d (1111). A <em>Sacrosanctum Concilium<\/em>, n. 7, \u00e9 o fundamente para essa compreens\u00e3o. Para continuar na hist\u00f3ria a sua obra salvadora, Cristo est\u00e1 sempre presente em sua Igreja, especialmente na a\u00e7\u00e3o lit\u00fargica. Est\u00e1 presente: no sacrif\u00edcio da Missa, \u201cquer na pessoa do ministro, [&#8230;] quer, sobretudo sob as esp\u00e9cies eucar\u00edsticas\u201d; nos demais Sacramentos; na sua palavra anunciada pela leitura da Sagrada Escritura; na comunidade reunida (Mt 18,20). \u201cEm t\u00e3o grande obra, [&#8230;] Cristo associa sempre a si a Igreja, sua esposa muito amada\u201d. Assim, \u201ccom raz\u00e3o se considera a Liturgia como o exerc\u00edcio da fun\u00e7\u00e3o sacerdotal de Cristo\u201d.<\/p>\n<p><em>O Esp\u00edrito Santo e a Igreja na liturgia <\/em>(1091-1109.1112). \u201cNa liturgia, o Esp\u00edrito Santo \u00e9 o pedagogo da f\u00e9 do povo de Deus. [&#8230;] O desejo e a obra do Esp\u00edrito no cora\u00e7\u00e3o da Igreja \u00e9 que n\u00f3s vivamos da vida de Cristo ressuscitado. Quando Ele encontra em n\u00f3s a resposta da f\u00e9 que ele mesmo suscitou, realiza-se uma verdadeira coopera\u00e7\u00e3o. E, por ela, a liturgia torna-se a obra comum do Esp\u00edrito Santo e da Igreja. Nesta dispensa\u00e7\u00e3o sacramental do mist\u00e9rio de Cristo, o Esp\u00edrito Santo [&#8230;]: prepara a Igreja para o encontro com o seu Senhor; lembra e manifesta Cristo \u00e0 f\u00e9 da assembleia; torna presente e atualiza o mist\u00e9rio de Cristo pelo seu poder transformador; e finalmente, enquanto Esp\u00edrito de comunh\u00e3o, une a Igreja \u00e0 vida e \u00e0 miss\u00e3o de Cristo (1091-1092). Fruto do Esp\u00edrito Santo na liturgia \u00e9, ao mesmo tempo e inseparavelmente, \u201ca comunh\u00e3o com a Sant\u00edssima Trindade e a comunh\u00e3o fraterna entre os irm\u00e3os\u201d (1108).<\/p>\n<p>Eis um pouco da riqueza que o <em>Catecismo <\/em>(muitas vezes desprezado &#8211; !?) oferece a todos n\u00f3s.<\/p>\n<p><em>Gl\u00f3ria ao Pai e ao Filho e ao Esp\u00edrito Santo. Como era no princ\u00edpio, agora e sempre. Am\u00e9m!<\/em><\/p>\n<div id=\"themify_builder_content-46046\" data-postid=\"46046\" class=\"themify_builder_content themify_builder_content-46046 themify_builder themify_builder_front\">\n\t<\/div>\n<!-- \/themify_builder_content -->","protected":false},"excerpt":{"rendered":"<p>Dom\u00a0Edmar Peron A liturgia desse \u00faltimo final de semana \u2013 Solenidade da Sant\u00edssima Trindade \u2013 nos inspira a retomar, no Catecismo da Igreja Cat\u00f3lica, a liturgia como obra da Sant\u00edssima Trindade. O Pai, fonte e fim da liturgia (1077-1083.1110). A Igreja reconhece que toda a obra de Deus,desde o in\u00edcio at\u00e9 \u00e0 consuma\u00e7\u00e3o dos tempos, [&hellip;]<\/p>\n","protected":false},"author":5,"featured_media":0,"comment_status":"open","ping_status":"open","sticky":false,"template":"","format":"standard","meta":{"ngg_post_thumbnail":0,"footnotes":""},"categories":[9],"tags":[3204,2687,764],"yoast_head":"<!-- This site is optimized with the Yoast SEO plugin v23.5 - https:\/\/yoast.com\/wordpress\/plugins\/seo\/ -->\n<title>A Liturgia, obra da Sant\u00edssima Trindade - O Arcanjo no ar<\/title>\n<meta name=\"robots\" content=\"index, follow, max-snippet:-1, max-image-preview:large, max-video-preview:-1\" \/>\n<link rel=\"canonical\" href=\"https:\/\/www.oarcanjo.net\/site\/a-liturgia-obra-da-santissima-trindade\/\" \/>\n<meta property=\"og:locale\" content=\"pt_BR\" \/>\n<meta property=\"og:type\" content=\"article\" \/>\n<meta property=\"og:title\" content=\"A Liturgia, obra da Sant\u00edssima Trindade - O Arcanjo no ar\" \/>\n<meta property=\"og:description\" content=\"Dom\u00a0Edmar Peron A liturgia desse \u00faltimo final de semana \u2013 Solenidade da Sant\u00edssima Trindade \u2013 nos inspira a retomar, no Catecismo da Igreja Cat\u00f3lica, a liturgia como obra da Sant\u00edssima Trindade. O Pai, fonte e fim da liturgia (1077-1083.1110). A Igreja reconhece que toda a obra de Deus,desde o in\u00edcio at\u00e9 \u00e0 consuma\u00e7\u00e3o dos tempos, [&hellip;]\" \/>\n<meta property=\"og:url\" content=\"https:\/\/www.oarcanjo.net\/site\/a-liturgia-obra-da-santissima-trindade\/\" \/>\n<meta property=\"og:site_name\" content=\"O Arcanjo no ar\" \/>\n<meta property=\"article:publisher\" content=\"https:\/\/www.facebook.com\/OArcanjoNoAr\/\" \/>\n<meta property=\"article:published_time\" content=\"2014-06-17T08:30:33+00:00\" \/>\n<meta property=\"article:modified_time\" content=\"2014-06-16T23:06:58+00:00\" \/>\n<meta property=\"og:image\" content=\"https:\/\/www.oarcanjo.net\/site\/wp-content\/uploads\/logo-o-arcanjo-no-ar-facebook.png\" \/>\n\t<meta property=\"og:image:width\" content=\"300\" \/>\n\t<meta property=\"og:image:height\" content=\"300\" \/>\n\t<meta property=\"og:image:type\" content=\"image\/png\" \/>\n<meta name=\"author\" content=\"editor\" \/>\n<meta name=\"twitter:card\" content=\"summary_large_image\" \/>\n<meta name=\"twitter:label1\" content=\"Escrito por\" \/>\n\t<meta name=\"twitter:data1\" content=\"editor\" \/>\n\t<meta name=\"twitter:label2\" content=\"Est. tempo de leitura\" \/>\n\t<meta name=\"twitter:data2\" content=\"3 minutos\" \/>\n<script type=\"application\/ld+json\" class=\"yoast-schema-graph\">{\"@context\":\"https:\/\/schema.org\",\"@graph\":[{\"@type\":\"Article\",\"@id\":\"https:\/\/www.oarcanjo.net\/site\/a-liturgia-obra-da-santissima-trindade\/#article\",\"isPartOf\":{\"@id\":\"https:\/\/www.oarcanjo.net\/site\/a-liturgia-obra-da-santissima-trindade\/\"},\"author\":{\"name\":\"editor\",\"@id\":\"https:\/\/www.oarcanjo.net\/site\/#\/schema\/person\/f7024d007863202483a31326673a0838\"},\"headline\":\"A Liturgia, obra da Sant\u00edssima Trindade\",\"datePublished\":\"2014-06-17T08:30:33+00:00\",\"dateModified\":\"2014-06-16T23:06:58+00:00\",\"mainEntityOfPage\":{\"@id\":\"https:\/\/www.oarcanjo.net\/site\/a-liturgia-obra-da-santissima-trindade\/\"},\"wordCount\":619,\"commentCount\":0,\"publisher\":{\"@id\":\"https:\/\/www.oarcanjo.net\/site\/#organization\"},\"keywords\":[\"Liturgia\",\"Sacrosanctum Concilium\",\"Sant\u00edssima Trindade\"],\"articleSection\":[\"Reflex\u00f5es\"],\"inLanguage\":\"pt-BR\",\"potentialAction\":[{\"@type\":\"CommentAction\",\"name\":\"Comment\",\"target\":[\"https:\/\/www.oarcanjo.net\/site\/a-liturgia-obra-da-santissima-trindade\/#respond\"]}]},{\"@type\":\"WebPage\",\"@id\":\"https:\/\/www.oarcanjo.net\/site\/a-liturgia-obra-da-santissima-trindade\/\",\"url\":\"https:\/\/www.oarcanjo.net\/site\/a-liturgia-obra-da-santissima-trindade\/\",\"name\":\"A Liturgia, obra da Sant\u00edssima Trindade - O Arcanjo no ar\",\"isPartOf\":{\"@id\":\"https:\/\/www.oarcanjo.net\/site\/#website\"},\"datePublished\":\"2014-06-17T08:30:33+00:00\",\"dateModified\":\"2014-06-16T23:06:58+00:00\",\"breadcrumb\":{\"@id\":\"https:\/\/www.oarcanjo.net\/site\/a-liturgia-obra-da-santissima-trindade\/#breadcrumb\"},\"inLanguage\":\"pt-BR\",\"potentialAction\":[{\"@type\":\"ReadAction\",\"target\":[\"https:\/\/www.oarcanjo.net\/site\/a-liturgia-obra-da-santissima-trindade\/\"]}]},{\"@type\":\"BreadcrumbList\",\"@id\":\"https:\/\/www.oarcanjo.net\/site\/a-liturgia-obra-da-santissima-trindade\/#breadcrumb\",\"itemListElement\":[{\"@type\":\"ListItem\",\"position\":1,\"name\":\"In\u00edcio\",\"item\":\"https:\/\/www.oarcanjo.net\/site\/\"},{\"@type\":\"ListItem\",\"position\":2,\"name\":\"A Liturgia, obra da Sant\u00edssima Trindade\"}]},{\"@type\":\"WebSite\",\"@id\":\"https:\/\/www.oarcanjo.net\/site\/#website\",\"url\":\"https:\/\/www.oarcanjo.net\/site\/\",\"name\":\"O Arcanjo no ar\",\"description\":\"Site da Par\u00f3quia S\u00e3o Miguel Arcanjo (Arquidiocese de SP)\",\"publisher\":{\"@id\":\"https:\/\/www.oarcanjo.net\/site\/#organization\"},\"potentialAction\":[{\"@type\":\"SearchAction\",\"target\":{\"@type\":\"EntryPoint\",\"urlTemplate\":\"https:\/\/www.oarcanjo.net\/site\/?s={search_term_string}\"},\"query-input\":{\"@type\":\"PropertyValueSpecification\",\"valueRequired\":true,\"valueName\":\"search_term_string\"}}],\"inLanguage\":\"pt-BR\"},{\"@type\":\"Organization\",\"@id\":\"https:\/\/www.oarcanjo.net\/site\/#organization\",\"name\":\"Par\u00f3quia S\u00e3o Miguel Arcanjo\",\"url\":\"https:\/\/www.oarcanjo.net\/site\/\",\"logo\":{\"@type\":\"ImageObject\",\"inLanguage\":\"pt-BR\",\"@id\":\"https:\/\/www.oarcanjo.net\/site\/#\/schema\/logo\/image\/\",\"url\":\"https:\/\/www.oarcanjo.net\/site\/wp-content\/uploads\/LogoOArcanjo.png\",\"contentUrl\":\"https:\/\/www.oarcanjo.net\/site\/wp-content\/uploads\/LogoOArcanjo.png\",\"width\":319,\"height\":99,\"caption\":\"Par\u00f3quia S\u00e3o Miguel Arcanjo\"},\"image\":{\"@id\":\"https:\/\/www.oarcanjo.net\/site\/#\/schema\/logo\/image\/\"},\"sameAs\":[\"https:\/\/www.facebook.com\/OArcanjoNoAr\/\"]},{\"@type\":\"Person\",\"@id\":\"https:\/\/www.oarcanjo.net\/site\/#\/schema\/person\/f7024d007863202483a31326673a0838\",\"name\":\"editor\",\"sameAs\":[\"http:\/\/www.oarcanjo.net\"]}]}<\/script>\n<!-- \/ Yoast SEO plugin. -->","yoast_head_json":{"title":"A Liturgia, obra da Sant\u00edssima Trindade - O Arcanjo no ar","robots":{"index":"index","follow":"follow","max-snippet":"max-snippet:-1","max-image-preview":"max-image-preview:large","max-video-preview":"max-video-preview:-1"},"canonical":"https:\/\/www.oarcanjo.net\/site\/a-liturgia-obra-da-santissima-trindade\/","og_locale":"pt_BR","og_type":"article","og_title":"A Liturgia, obra da Sant\u00edssima Trindade - O Arcanjo no ar","og_description":"Dom\u00a0Edmar Peron A liturgia desse \u00faltimo final de semana \u2013 Solenidade da Sant\u00edssima Trindade \u2013 nos inspira a retomar, no Catecismo da Igreja Cat\u00f3lica, a liturgia como obra da Sant\u00edssima Trindade. O Pai, fonte e fim da liturgia (1077-1083.1110). A Igreja reconhece que toda a obra de Deus,desde o in\u00edcio at\u00e9 \u00e0 consuma\u00e7\u00e3o dos tempos, [&hellip;]","og_url":"https:\/\/www.oarcanjo.net\/site\/a-liturgia-obra-da-santissima-trindade\/","og_site_name":"O Arcanjo no ar","article_publisher":"https:\/\/www.facebook.com\/OArcanjoNoAr\/","article_published_time":"2014-06-17T08:30:33+00:00","article_modified_time":"2014-06-16T23:06:58+00:00","og_image":[{"width":300,"height":300,"url":"https:\/\/www.oarcanjo.net\/site\/wp-content\/uploads\/logo-o-arcanjo-no-ar-facebook.png","type":"image\/png"}],"author":"editor","twitter_card":"summary_large_image","twitter_misc":{"Escrito por":"editor","Est. tempo de leitura":"3 minutos"},"schema":{"@context":"https:\/\/schema.org","@graph":[{"@type":"Article","@id":"https:\/\/www.oarcanjo.net\/site\/a-liturgia-obra-da-santissima-trindade\/#article","isPartOf":{"@id":"https:\/\/www.oarcanjo.net\/site\/a-liturgia-obra-da-santissima-trindade\/"},"author":{"name":"editor","@id":"https:\/\/www.oarcanjo.net\/site\/#\/schema\/person\/f7024d007863202483a31326673a0838"},"headline":"A Liturgia, obra da Sant\u00edssima Trindade","datePublished":"2014-06-17T08:30:33+00:00","dateModified":"2014-06-16T23:06:58+00:00","mainEntityOfPage":{"@id":"https:\/\/www.oarcanjo.net\/site\/a-liturgia-obra-da-santissima-trindade\/"},"wordCount":619,"commentCount":0,"publisher":{"@id":"https:\/\/www.oarcanjo.net\/site\/#organization"},"keywords":["Liturgia","Sacrosanctum Concilium","Sant\u00edssima Trindade"],"articleSection":["Reflex\u00f5es"],"inLanguage":"pt-BR","potentialAction":[{"@type":"CommentAction","name":"Comment","target":["https:\/\/www.oarcanjo.net\/site\/a-liturgia-obra-da-santissima-trindade\/#respond"]}]},{"@type":"WebPage","@id":"https:\/\/www.oarcanjo.net\/site\/a-liturgia-obra-da-santissima-trindade\/","url":"https:\/\/www.oarcanjo.net\/site\/a-liturgia-obra-da-santissima-trindade\/","name":"A Liturgia, obra da Sant\u00edssima Trindade - O Arcanjo no ar","isPartOf":{"@id":"https:\/\/www.oarcanjo.net\/site\/#website"},"datePublished":"2014-06-17T08:30:33+00:00","dateModified":"2014-06-16T23:06:58+00:00","breadcrumb":{"@id":"https:\/\/www.oarcanjo.net\/site\/a-liturgia-obra-da-santissima-trindade\/#breadcrumb"},"inLanguage":"pt-BR","potentialAction":[{"@type":"ReadAction","target":["https:\/\/www.oarcanjo.net\/site\/a-liturgia-obra-da-santissima-trindade\/"]}]},{"@type":"BreadcrumbList","@id":"https:\/\/www.oarcanjo.net\/site\/a-liturgia-obra-da-santissima-trindade\/#breadcrumb","itemListElement":[{"@type":"ListItem","position":1,"name":"In\u00edcio","item":"https:\/\/www.oarcanjo.net\/site\/"},{"@type":"ListItem","position":2,"name":"A Liturgia, obra da Sant\u00edssima Trindade"}]},{"@type":"WebSite","@id":"https:\/\/www.oarcanjo.net\/site\/#website","url":"https:\/\/www.oarcanjo.net\/site\/","name":"O Arcanjo no ar","description":"Site da Par\u00f3quia S\u00e3o Miguel Arcanjo (Arquidiocese de SP)","publisher":{"@id":"https:\/\/www.oarcanjo.net\/site\/#organization"},"potentialAction":[{"@type":"SearchAction","target":{"@type":"EntryPoint","urlTemplate":"https:\/\/www.oarcanjo.net\/site\/?s={search_term_string}"},"query-input":{"@type":"PropertyValueSpecification","valueRequired":true,"valueName":"search_term_string"}}],"inLanguage":"pt-BR"},{"@type":"Organization","@id":"https:\/\/www.oarcanjo.net\/site\/#organization","name":"Par\u00f3quia S\u00e3o Miguel Arcanjo","url":"https:\/\/www.oarcanjo.net\/site\/","logo":{"@type":"ImageObject","inLanguage":"pt-BR","@id":"https:\/\/www.oarcanjo.net\/site\/#\/schema\/logo\/image\/","url":"https:\/\/www.oarcanjo.net\/site\/wp-content\/uploads\/LogoOArcanjo.png","contentUrl":"https:\/\/www.oarcanjo.net\/site\/wp-content\/uploads\/LogoOArcanjo.png","width":319,"height":99,"caption":"Par\u00f3quia S\u00e3o Miguel Arcanjo"},"image":{"@id":"https:\/\/www.oarcanjo.net\/site\/#\/schema\/logo\/image\/"},"sameAs":["https:\/\/www.facebook.com\/OArcanjoNoAr\/"]},{"@type":"Person","@id":"https:\/\/www.oarcanjo.net\/site\/#\/schema\/person\/f7024d007863202483a31326673a0838","name":"editor","sameAs":["http:\/\/www.oarcanjo.net"]}]}},"publishpress_future_action":{"enabled":false,"date":"2026-05-08 19:06:57","action":"category","newStatus":"draft","terms":[],"taxonomy":"category"},"publishpress_future_workflow_manual_trigger":{"enabledWorkflows":[]},"_links":{"self":[{"href":"https:\/\/www.oarcanjo.net\/site\/wp-json\/wp\/v2\/posts\/46046"}],"collection":[{"href":"https:\/\/www.oarcanjo.net\/site\/wp-json\/wp\/v2\/posts"}],"about":[{"href":"https:\/\/www.oarcanjo.net\/site\/wp-json\/wp\/v2\/types\/post"}],"author":[{"embeddable":true,"href":"https:\/\/www.oarcanjo.net\/site\/wp-json\/wp\/v2\/users\/5"}],"replies":[{"embeddable":true,"href":"https:\/\/www.oarcanjo.net\/site\/wp-json\/wp\/v2\/comments?post=46046"}],"version-history":[{"count":0,"href":"https:\/\/www.oarcanjo.net\/site\/wp-json\/wp\/v2\/posts\/46046\/revisions"}],"wp:attachment":[{"href":"https:\/\/www.oarcanjo.net\/site\/wp-json\/wp\/v2\/media?parent=46046"}],"wp:term":[{"taxonomy":"category","embeddable":true,"href":"https:\/\/www.oarcanjo.net\/site\/wp-json\/wp\/v2\/categories?post=46046"},{"taxonomy":"post_tag","embeddable":true,"href":"https:\/\/www.oarcanjo.net\/site\/wp-json\/wp\/v2\/tags?post=46046"}],"curies":[{"name":"wp","href":"https:\/\/api.w.org\/{rel}","templated":true}]}}