
{"id":46055,"date":"2014-06-16T22:41:13","date_gmt":"2014-06-17T01:41:13","guid":{"rendered":"http:\/\/www.oarcanjo.net\/site\/?p=46055"},"modified":"2014-06-16T22:41:13","modified_gmt":"2014-06-17T01:41:13","slug":"dia-mundial-do-refugiado","status":"publish","type":"post","link":"https:\/\/www.oarcanjo.net\/site\/dia-mundial-do-refugiado\/","title":{"rendered":"Dia mundial do refugiado"},"content":{"rendered":"<p style=\"text-align: justify;\"><em>Pe. Alfredo J. Gon\u00e7alves, CS<\/em><\/p>\n<p style=\"text-align: justify;\">O relat\u00f3rio anual do Alto Comissariado das Na\u00e7\u00f5es Unidas para Refugiados (ACNUR), estima em mais 45 milh\u00f5es o n\u00famero atual de refugiados e deslocados internos ou \u201cdesplazados\u201d. N\u00famero que se equipara aos 45,2 milh\u00f5es de 2012, mas sofreu um aumento em rela\u00e7\u00e3o aos 42,5 milh\u00f5es de 2011. Somente na S\u00edria, para citar um exemplo, nada menos do que 1,6 milh\u00e3o de pessoas foram deslocadas desde o in\u00edcio dos conflitos, em mar\u00e7o de 2011. As motiva\u00e7\u00f5es s\u00e3o conhecidas e not\u00f3rias: diferen\u00e7as pol\u00edtico-ideol\u00f3gicas, viol\u00eancia de tipos e graus diversos, conflitos armados, cat\u00e1strofes clim\u00e1ticas, entre outros.<\/p>\n<p style=\"text-align: justify;\">Para al\u00e9m dos n\u00fameros, por\u00e9m, a situa\u00e7\u00e3o apresenta um lado tr\u00e1gico muitas vezes invis\u00edvel ou ignorado pela indiferen\u00e7a generalizada. O refugiado, quase sempre sem nome e sem rosto, \u00e9 aquele que n\u00e3o pode voltar atr\u00e1s. Habita uma encruzilhada escura e inc\u00f3gnita, sem qualquer possibilidade de retorno. Converte-se em um verdadeiro cidad\u00e3o de um pesadelo, com as ra\u00edzes expostas \u00e0s intemp\u00e9ries. Voltando o olhar para tr\u00e1s, nada v\u00ea al\u00e9m de uma terra hostil, onde a persegui\u00e7\u00e3o (pol\u00edtica, ideol\u00f3gica e\/ou religiosa) pode lev\u00e1-lo \u00e0 pris\u00e3o ou at\u00e9 ao risco de morte. Faltam-lhe \u201co sorriso da p\u00e1tria e o conforto da f\u00e9\u201d, para usar as palavras de Scalabrini, chamado \u201cpai e ap\u00f3stolo dos migrantes\u201d. A \u00fanica alternativa \u00e9 a fuga, \u00e0s vezes desesperada, em busca de um pa\u00eds de acolhida e ref\u00fagio, uma esp\u00e9cie e p\u00e1tria provis\u00f3ria.<\/p>\n<p style=\"text-align: justify;\">Voltando o olhar para a frente, nada v\u00ea al\u00e9m de um c\u00e9u nebuloso e sombrio. As interroga\u00e7\u00f5es tomam o lugar das certezas, o horizonte lhe aparece cerrado e desconhecido. O ch\u00e3o como que lhe fugiu debaixo dos p\u00e9s. A incerteza do futuro n\u00e3o permite aspirar o ar livre e aquecer o cora\u00e7\u00e3o com o sol de uma nova aurora. Encontrar\u00e1 uma terra \u00e0 qual possa dar o nome de p\u00e1tria? Poder\u00e1 reunir a fam\u00edlia e voltar a viver em paz e serenidade? Ser\u00e1 capaz de retomar suas atividades em termos de trabalho e de participa\u00e7\u00e3o pol\u00edtica? Formar\u00e1 um novo c\u00edrculo de amigos e conhecidos? Perguntas sem resposta imediata, deixadas em suspenso, \u00e0 espera de ref\u00fagio e seguran\u00e7a.<\/p>\n<p style=\"text-align: justify;\">Em outras palavras, se o passado recente \u00e9 marcado por sinais de discrimina\u00e7\u00e3o e perigo de morte, o futuro imediato ainda se encontra desprovido de sinais de renova\u00e7\u00e3o e de vida. De fato, o termo <em>refugiado<\/em> indica algu\u00e9m que, pelos mais diversos motivos, foi banido de sua pr\u00f3pria p\u00e1tria e lan\u00e7ado num limbo sem nome, pois ainda n\u00e3o encontrou um novo ch\u00e3o onde replantar suas ra\u00edzes com a firmeza de uma \u00e1rvore cheia de vida e vigor. Oscila entre um \u201contem hostil\u201d e um \u201camanh\u00e3 incerto\u201d, entre um c\u00e9u\/p\u00e1tria que se converteu em inferno\/abandono e do qual teve de escapar, e um inferno\/abandono que ainda n\u00e3o emite sinais claros de um novo c\u00e9u\/p\u00e1tria. Disp\u00f5e apenas de um ref\u00fagio transit\u00f3rio, ou seja, encontra-se na defensiva, sem vislumbre uma esperan\u00e7a s\u00f3lida e segura. Viceja em lugar de viver!<\/p>\n<p style=\"text-align: justify;\">Nesse contexto, que podem significar as palavras da Mensagem do Papa Francisco para o Dia do Migrante e do Refugido de 2014: \u201c<em>Migrantes e refugiados rumo a um mundo melhor<\/em>\u201d? A esperan\u00e7a de \u201cum mundo melhor\u201d permanece como um fio demasiadamente t\u00eanue para quem sofre um tal pesadelo. Um pesadelo real e concreto, sem o al\u00edvio de acordar e dar-se conta de que tudo n\u00e3o passava de um sonho. Pesadelo em que se mesclam e se confundem sentimentos e realidades adversas, tais como o sofrimento da separa\u00e7\u00e3o, a saudade dos familiares e entes queridos, a precariedade dos acampamentos ou casas de acolhida, o risco constante das autoridades de um lado e outro, a falta de documenta\u00e7\u00e3o, a inseguran\u00e7a quanto ao porvir&#8230; para n\u00e3o falar da solid\u00e3o como companheira insepar\u00e1vel!<\/p>\n<p style=\"text-align: justify;\">Apesar de tudo, diante do sofrimento oculto de tantos milh\u00f5es de pessoas (e fam\u00edlias), que tais palavras do Papa possam efetivamente alertar as autoridades, a Igreja, as institui\u00e7\u00f5es e organiza\u00e7\u00f5es de base, enfim, toda a sociedade para a urg\u00eancia de novas rela\u00e7\u00f5es internacionais e de novas leis para refugiados, migrantes e itinerantes \u2013 um \u201cmundo melhor\u201d n\u00e3o somente no universo da mobilidade humana, mas em vista da justi\u00e7a e dos direitos humanos, da paz e do desenvolvimento sustent\u00e1vel em todo planeta.<\/p>\n<p style=\"text-align: justify;\"><em>Roma, It\u00e1lia, 16 de junho de 2014<\/em><\/p>\n<div id=\"themify_builder_content-46055\" data-postid=\"46055\" class=\"themify_builder_content themify_builder_content-46055 themify_builder themify_builder_front\">\n\t<\/div>\n<!-- \/themify_builder_content -->","protected":false},"excerpt":{"rendered":"<p>Pe. Alfredo J. Gon\u00e7alves, CS O relat\u00f3rio anual do Alto Comissariado das Na\u00e7\u00f5es Unidas para Refugiados (ACNUR), estima em mais 45 milh\u00f5es o n\u00famero atual de refugiados e deslocados internos ou \u201cdesplazados\u201d. N\u00famero que se equipara aos 45,2 milh\u00f5es de 2012, mas sofreu um aumento em rela\u00e7\u00e3o aos 42,5 milh\u00f5es de 2011. Somente na S\u00edria, [&hellip;]<\/p>\n","protected":false},"author":15,"featured_media":0,"comment_status":"open","ping_status":"open","sticky":false,"template":"","format":"standard","meta":{"ngg_post_thumbnail":0,"footnotes":""},"categories":[9],"tags":[],"yoast_head":"<!-- This site is optimized with the Yoast SEO plugin v23.5 - https:\/\/yoast.com\/wordpress\/plugins\/seo\/ -->\n<title>Dia mundial do refugiado - O Arcanjo no ar<\/title>\n<meta name=\"robots\" content=\"index, follow, max-snippet:-1, max-image-preview:large, max-video-preview:-1\" \/>\n<link rel=\"canonical\" href=\"https:\/\/www.oarcanjo.net\/site\/dia-mundial-do-refugiado\/\" \/>\n<meta property=\"og:locale\" content=\"pt_BR\" \/>\n<meta property=\"og:type\" content=\"article\" \/>\n<meta property=\"og:title\" content=\"Dia mundial do refugiado - O Arcanjo no ar\" \/>\n<meta property=\"og:description\" content=\"Pe. Alfredo J. Gon\u00e7alves, CS O relat\u00f3rio anual do Alto Comissariado das Na\u00e7\u00f5es Unidas para Refugiados (ACNUR), estima em mais 45 milh\u00f5es o n\u00famero atual de refugiados e deslocados internos ou \u201cdesplazados\u201d. N\u00famero que se equipara aos 45,2 milh\u00f5es de 2012, mas sofreu um aumento em rela\u00e7\u00e3o aos 42,5 milh\u00f5es de 2011. Somente na S\u00edria, [&hellip;]\" \/>\n<meta property=\"og:url\" content=\"https:\/\/www.oarcanjo.net\/site\/dia-mundial-do-refugiado\/\" \/>\n<meta property=\"og:site_name\" content=\"O Arcanjo no ar\" \/>\n<meta property=\"article:publisher\" content=\"https:\/\/www.facebook.com\/OArcanjoNoAr\/\" \/>\n<meta property=\"article:published_time\" content=\"2014-06-17T01:41:13+00:00\" \/>\n<meta property=\"og:image\" content=\"https:\/\/www.oarcanjo.net\/site\/wp-content\/uploads\/logo-o-arcanjo-no-ar-facebook.png\" \/>\n\t<meta property=\"og:image:width\" content=\"300\" \/>\n\t<meta property=\"og:image:height\" content=\"300\" \/>\n\t<meta property=\"og:image:type\" content=\"image\/png\" \/>\n<meta name=\"author\" content=\"Alexandre Nunes\" \/>\n<meta name=\"twitter:card\" content=\"summary_large_image\" \/>\n<meta name=\"twitter:label1\" content=\"Escrito por\" \/>\n\t<meta name=\"twitter:data1\" content=\"Alexandre Nunes\" \/>\n\t<meta name=\"twitter:label2\" content=\"Est. tempo de leitura\" \/>\n\t<meta name=\"twitter:data2\" content=\"4 minutos\" \/>\n<script type=\"application\/ld+json\" class=\"yoast-schema-graph\">{\"@context\":\"https:\/\/schema.org\",\"@graph\":[{\"@type\":\"Article\",\"@id\":\"https:\/\/www.oarcanjo.net\/site\/dia-mundial-do-refugiado\/#article\",\"isPartOf\":{\"@id\":\"https:\/\/www.oarcanjo.net\/site\/dia-mundial-do-refugiado\/\"},\"author\":{\"name\":\"Alexandre Nunes\",\"@id\":\"https:\/\/www.oarcanjo.net\/site\/#\/schema\/person\/0a2ae077c1a09b69d29928e3b9f1c0d1\"},\"headline\":\"Dia mundial do refugiado\",\"datePublished\":\"2014-06-17T01:41:13+00:00\",\"dateModified\":\"2014-06-17T01:41:13+00:00\",\"mainEntityOfPage\":{\"@id\":\"https:\/\/www.oarcanjo.net\/site\/dia-mundial-do-refugiado\/\"},\"wordCount\":796,\"commentCount\":0,\"publisher\":{\"@id\":\"https:\/\/www.oarcanjo.net\/site\/#organization\"},\"articleSection\":[\"Reflex\u00f5es\"],\"inLanguage\":\"pt-BR\",\"potentialAction\":[{\"@type\":\"CommentAction\",\"name\":\"Comment\",\"target\":[\"https:\/\/www.oarcanjo.net\/site\/dia-mundial-do-refugiado\/#respond\"]}]},{\"@type\":\"WebPage\",\"@id\":\"https:\/\/www.oarcanjo.net\/site\/dia-mundial-do-refugiado\/\",\"url\":\"https:\/\/www.oarcanjo.net\/site\/dia-mundial-do-refugiado\/\",\"name\":\"Dia mundial do refugiado - O Arcanjo no ar\",\"isPartOf\":{\"@id\":\"https:\/\/www.oarcanjo.net\/site\/#website\"},\"datePublished\":\"2014-06-17T01:41:13+00:00\",\"dateModified\":\"2014-06-17T01:41:13+00:00\",\"breadcrumb\":{\"@id\":\"https:\/\/www.oarcanjo.net\/site\/dia-mundial-do-refugiado\/#breadcrumb\"},\"inLanguage\":\"pt-BR\",\"potentialAction\":[{\"@type\":\"ReadAction\",\"target\":[\"https:\/\/www.oarcanjo.net\/site\/dia-mundial-do-refugiado\/\"]}]},{\"@type\":\"BreadcrumbList\",\"@id\":\"https:\/\/www.oarcanjo.net\/site\/dia-mundial-do-refugiado\/#breadcrumb\",\"itemListElement\":[{\"@type\":\"ListItem\",\"position\":1,\"name\":\"In\u00edcio\",\"item\":\"https:\/\/www.oarcanjo.net\/site\/\"},{\"@type\":\"ListItem\",\"position\":2,\"name\":\"Dia mundial do refugiado\"}]},{\"@type\":\"WebSite\",\"@id\":\"https:\/\/www.oarcanjo.net\/site\/#website\",\"url\":\"https:\/\/www.oarcanjo.net\/site\/\",\"name\":\"O Arcanjo no ar\",\"description\":\"Site da Par\u00f3quia S\u00e3o Miguel Arcanjo (Arquidiocese de SP)\",\"publisher\":{\"@id\":\"https:\/\/www.oarcanjo.net\/site\/#organization\"},\"potentialAction\":[{\"@type\":\"SearchAction\",\"target\":{\"@type\":\"EntryPoint\",\"urlTemplate\":\"https:\/\/www.oarcanjo.net\/site\/?s={search_term_string}\"},\"query-input\":{\"@type\":\"PropertyValueSpecification\",\"valueRequired\":true,\"valueName\":\"search_term_string\"}}],\"inLanguage\":\"pt-BR\"},{\"@type\":\"Organization\",\"@id\":\"https:\/\/www.oarcanjo.net\/site\/#organization\",\"name\":\"Par\u00f3quia S\u00e3o Miguel Arcanjo\",\"url\":\"https:\/\/www.oarcanjo.net\/site\/\",\"logo\":{\"@type\":\"ImageObject\",\"inLanguage\":\"pt-BR\",\"@id\":\"https:\/\/www.oarcanjo.net\/site\/#\/schema\/logo\/image\/\",\"url\":\"https:\/\/www.oarcanjo.net\/site\/wp-content\/uploads\/LogoOArcanjo.png\",\"contentUrl\":\"https:\/\/www.oarcanjo.net\/site\/wp-content\/uploads\/LogoOArcanjo.png\",\"width\":319,\"height\":99,\"caption\":\"Par\u00f3quia S\u00e3o Miguel Arcanjo\"},\"image\":{\"@id\":\"https:\/\/www.oarcanjo.net\/site\/#\/schema\/logo\/image\/\"},\"sameAs\":[\"https:\/\/www.facebook.com\/OArcanjoNoAr\/\"]},{\"@type\":\"Person\",\"@id\":\"https:\/\/www.oarcanjo.net\/site\/#\/schema\/person\/0a2ae077c1a09b69d29928e3b9f1c0d1\",\"name\":\"Alexandre Nunes\",\"sameAs\":[\"http:\/\/alexandrenu.com\"]}]}<\/script>\n<!-- \/ Yoast SEO plugin. -->","yoast_head_json":{"title":"Dia mundial do refugiado - O Arcanjo no ar","robots":{"index":"index","follow":"follow","max-snippet":"max-snippet:-1","max-image-preview":"max-image-preview:large","max-video-preview":"max-video-preview:-1"},"canonical":"https:\/\/www.oarcanjo.net\/site\/dia-mundial-do-refugiado\/","og_locale":"pt_BR","og_type":"article","og_title":"Dia mundial do refugiado - O Arcanjo no ar","og_description":"Pe. Alfredo J. Gon\u00e7alves, CS O relat\u00f3rio anual do Alto Comissariado das Na\u00e7\u00f5es Unidas para Refugiados (ACNUR), estima em mais 45 milh\u00f5es o n\u00famero atual de refugiados e deslocados internos ou \u201cdesplazados\u201d. N\u00famero que se equipara aos 45,2 milh\u00f5es de 2012, mas sofreu um aumento em rela\u00e7\u00e3o aos 42,5 milh\u00f5es de 2011. Somente na S\u00edria, [&hellip;]","og_url":"https:\/\/www.oarcanjo.net\/site\/dia-mundial-do-refugiado\/","og_site_name":"O Arcanjo no ar","article_publisher":"https:\/\/www.facebook.com\/OArcanjoNoAr\/","article_published_time":"2014-06-17T01:41:13+00:00","og_image":[{"width":300,"height":300,"url":"https:\/\/www.oarcanjo.net\/site\/wp-content\/uploads\/logo-o-arcanjo-no-ar-facebook.png","type":"image\/png"}],"author":"Alexandre Nunes","twitter_card":"summary_large_image","twitter_misc":{"Escrito por":"Alexandre Nunes","Est. tempo de leitura":"4 minutos"},"schema":{"@context":"https:\/\/schema.org","@graph":[{"@type":"Article","@id":"https:\/\/www.oarcanjo.net\/site\/dia-mundial-do-refugiado\/#article","isPartOf":{"@id":"https:\/\/www.oarcanjo.net\/site\/dia-mundial-do-refugiado\/"},"author":{"name":"Alexandre Nunes","@id":"https:\/\/www.oarcanjo.net\/site\/#\/schema\/person\/0a2ae077c1a09b69d29928e3b9f1c0d1"},"headline":"Dia mundial do refugiado","datePublished":"2014-06-17T01:41:13+00:00","dateModified":"2014-06-17T01:41:13+00:00","mainEntityOfPage":{"@id":"https:\/\/www.oarcanjo.net\/site\/dia-mundial-do-refugiado\/"},"wordCount":796,"commentCount":0,"publisher":{"@id":"https:\/\/www.oarcanjo.net\/site\/#organization"},"articleSection":["Reflex\u00f5es"],"inLanguage":"pt-BR","potentialAction":[{"@type":"CommentAction","name":"Comment","target":["https:\/\/www.oarcanjo.net\/site\/dia-mundial-do-refugiado\/#respond"]}]},{"@type":"WebPage","@id":"https:\/\/www.oarcanjo.net\/site\/dia-mundial-do-refugiado\/","url":"https:\/\/www.oarcanjo.net\/site\/dia-mundial-do-refugiado\/","name":"Dia mundial do refugiado - O Arcanjo no ar","isPartOf":{"@id":"https:\/\/www.oarcanjo.net\/site\/#website"},"datePublished":"2014-06-17T01:41:13+00:00","dateModified":"2014-06-17T01:41:13+00:00","breadcrumb":{"@id":"https:\/\/www.oarcanjo.net\/site\/dia-mundial-do-refugiado\/#breadcrumb"},"inLanguage":"pt-BR","potentialAction":[{"@type":"ReadAction","target":["https:\/\/www.oarcanjo.net\/site\/dia-mundial-do-refugiado\/"]}]},{"@type":"BreadcrumbList","@id":"https:\/\/www.oarcanjo.net\/site\/dia-mundial-do-refugiado\/#breadcrumb","itemListElement":[{"@type":"ListItem","position":1,"name":"In\u00edcio","item":"https:\/\/www.oarcanjo.net\/site\/"},{"@type":"ListItem","position":2,"name":"Dia mundial do refugiado"}]},{"@type":"WebSite","@id":"https:\/\/www.oarcanjo.net\/site\/#website","url":"https:\/\/www.oarcanjo.net\/site\/","name":"O Arcanjo no ar","description":"Site da Par\u00f3quia S\u00e3o Miguel Arcanjo (Arquidiocese de SP)","publisher":{"@id":"https:\/\/www.oarcanjo.net\/site\/#organization"},"potentialAction":[{"@type":"SearchAction","target":{"@type":"EntryPoint","urlTemplate":"https:\/\/www.oarcanjo.net\/site\/?s={search_term_string}"},"query-input":{"@type":"PropertyValueSpecification","valueRequired":true,"valueName":"search_term_string"}}],"inLanguage":"pt-BR"},{"@type":"Organization","@id":"https:\/\/www.oarcanjo.net\/site\/#organization","name":"Par\u00f3quia S\u00e3o Miguel Arcanjo","url":"https:\/\/www.oarcanjo.net\/site\/","logo":{"@type":"ImageObject","inLanguage":"pt-BR","@id":"https:\/\/www.oarcanjo.net\/site\/#\/schema\/logo\/image\/","url":"https:\/\/www.oarcanjo.net\/site\/wp-content\/uploads\/LogoOArcanjo.png","contentUrl":"https:\/\/www.oarcanjo.net\/site\/wp-content\/uploads\/LogoOArcanjo.png","width":319,"height":99,"caption":"Par\u00f3quia S\u00e3o Miguel Arcanjo"},"image":{"@id":"https:\/\/www.oarcanjo.net\/site\/#\/schema\/logo\/image\/"},"sameAs":["https:\/\/www.facebook.com\/OArcanjoNoAr\/"]},{"@type":"Person","@id":"https:\/\/www.oarcanjo.net\/site\/#\/schema\/person\/0a2ae077c1a09b69d29928e3b9f1c0d1","name":"Alexandre Nunes","sameAs":["http:\/\/alexandrenu.com"]}]}},"publishpress_future_action":{"enabled":false,"date":"2026-05-08 18:52:34","action":"category","newStatus":"draft","terms":[],"taxonomy":"category"},"publishpress_future_workflow_manual_trigger":{"enabledWorkflows":[]},"_links":{"self":[{"href":"https:\/\/www.oarcanjo.net\/site\/wp-json\/wp\/v2\/posts\/46055"}],"collection":[{"href":"https:\/\/www.oarcanjo.net\/site\/wp-json\/wp\/v2\/posts"}],"about":[{"href":"https:\/\/www.oarcanjo.net\/site\/wp-json\/wp\/v2\/types\/post"}],"author":[{"embeddable":true,"href":"https:\/\/www.oarcanjo.net\/site\/wp-json\/wp\/v2\/users\/15"}],"replies":[{"embeddable":true,"href":"https:\/\/www.oarcanjo.net\/site\/wp-json\/wp\/v2\/comments?post=46055"}],"version-history":[{"count":0,"href":"https:\/\/www.oarcanjo.net\/site\/wp-json\/wp\/v2\/posts\/46055\/revisions"}],"wp:attachment":[{"href":"https:\/\/www.oarcanjo.net\/site\/wp-json\/wp\/v2\/media?parent=46055"}],"wp:term":[{"taxonomy":"category","embeddable":true,"href":"https:\/\/www.oarcanjo.net\/site\/wp-json\/wp\/v2\/categories?post=46055"},{"taxonomy":"post_tag","embeddable":true,"href":"https:\/\/www.oarcanjo.net\/site\/wp-json\/wp\/v2\/tags?post=46055"}],"curies":[{"name":"wp","href":"https:\/\/api.w.org\/{rel}","templated":true}]}}