
{"id":46058,"date":"2014-06-18T11:09:49","date_gmt":"2014-06-18T14:09:49","guid":{"rendered":"http:\/\/www.oarcanjo.net\/site\/?p=46058"},"modified":"2014-06-18T11:15:34","modified_gmt":"2014-06-18T14:15:34","slug":"publicada-a-mensagem-pensando-o-brasil","status":"publish","type":"post","link":"https:\/\/www.oarcanjo.net\/site\/publicada-a-mensagem-pensando-o-brasil\/","title":{"rendered":"Publicada a mensagem Pensando o Brasil"},"content":{"rendered":"<p><img loading=\"lazy\" decoding=\"async\" align=\"left\" hspace=\"10\" src=\"http:\/\/www.oarcanjo.net\/site\/wp-content\/uploads\/capa-pensando-o-brasil.jpg\" alt=\"Pensando o Brasil\" width=\"282\" height=\"282\" \/>A Confer\u00eancia Nacional dos Bispos do Brasil (CNBB) publicou a mensagem \u201cPensando o Brasil: desafios diante das elei\u00e7\u00f5es 2014\u201d, dispon\u00edvel nas Edi\u00e7\u00f5es CNBB e nas livrarias cat\u00f3licas. O texto, aprovado durante a 52\u00aa Assembleia Geral da Confer\u00eancia, realizada em Aparecida (SP), entre os dias 30 de abril e 9 de maio, cont\u00e9m orienta\u00e7\u00f5es sobre o\u00a0per\u00edodo eleitoral, no qual os brasileiros escolher\u00e3o representantes para os cargos de presidente da Rep\u00fablica, governador, senador e deputados estaduais\/distritais e federais.<\/p>\n<p>Focado no voto consciente e na participa\u00e7\u00e3o pol\u00edtica, o texto est\u00e1 dividido em t\u00f3picos que tratam dos desafios da realidade sociopol\u00edtica, da participa\u00e7\u00e3o dos crist\u00e3os na pol\u00edtica, da urg\u00eancia da Reforma Pol\u00edtica, do desenvolvimento econ\u00f4mico e da sustentabilidade social.<\/p>\n<p>Na apresenta\u00e7\u00e3o da publica\u00e7\u00e3o, o bispo auxiliar de Bras\u00edlia e secret\u00e1rio geral da CNBB, dom Leonardo Steiner, afirma a import\u00e2ncia do processo eleitoral, uma vez que \u201cest\u00e1 em jogo o projeto pol\u00edtico, social e econ\u00f4mico para o Brasil\u201d.<\/p>\n<p>\u201cOs crist\u00e3os comprometidos com a sua f\u00e9 e todos os homens e mulheres de boa vontade s\u00e3o chamados a uma participa\u00e7\u00e3o ativa e efetiva. Esta participa\u00e7\u00e3o \u00e9 um modo de contribuir para a constru\u00e7\u00e3o de nosso pa\u00eds\u201d, lembra dom Leonardo.<\/p>\n<p>Ainda a respeito da participa\u00e7\u00e3o, o texto prop\u00f5e uma experi\u00eancia crist\u00e3 \u201cmadura\u201d, capaz de impor \u201co enfrentamento da realidade e sua transforma\u00e7\u00e3o para que todos tenham vida em plenitude\u201d. Uma frase do papa Francisco a respeito da participa\u00e7\u00e3o pol\u00edtica busca motivar as a\u00e7\u00f5es dos crist\u00e3os. \u201cDevemos envolver-nos na pol\u00edtica, pois a pol\u00edtica \u00e9 uma das formas mais altas da caridade, porque busca o bem comum\u201d, recorda o texto.<\/p>\n<p>O acompanhamento do trabalho dos representantes eleitos faz parte, de acordo com a mensagem, da responsabilidade crist\u00e3, juntamente com o di\u00e1logo, a participa\u00e7\u00e3o em grupos e espa\u00e7os institucionais, monitoramento dos poderes p\u00fablicos (executivo, legislativo e judici\u00e1rio) e no combate \u00e0 corrup\u00e7\u00e3o, com a \u201cdefesa dos valores \u00e9ticos, da inviolabilidade da vida humana, da promo\u00e7\u00e3o e resgate da unidade e estabilidade da fam\u00edlia, do direito dos pais a educar seus filhos de acordo com suas convic\u00e7\u00f5es, da justi\u00e7a e da paz, da democracia e do bem comum\u201d, escreve.<\/p>\n<p>O engajamento da juventude na realidade pol\u00edtica \u00e9 tratado como insist\u00eancia na abertura de canais de participa\u00e7\u00e3o, por conta da \u201cespecial confian\u00e7a\u201d da Igreja na \u201cfor\u00e7a transformadora que brota dos jovens\u201d.<\/p>\n<p>O texto ainda refor\u00e7a a urg\u00eancia da Reforma Pol\u00edtica, iniciativa da CNBB e da Ordem dos Advogados do Brasil que deu origem \u00e0 Coaliz\u00e3o Democr\u00e1tica pela Reforma Pol\u00edtica e Elei\u00e7\u00f5es Limpas, apoiada por quase cem entidades e por 170 parlamentares. O projeto buscar efetivar a democracia participativa, por meio de melhor representa\u00e7\u00e3o e evitar a desigualdade na disputa eleitoral, que acontece atualmente por conta do financiamento de campanhas por empresas.<\/p>\n<p>Outras preocupa\u00e7\u00f5es abordadas na mensagem \u201cPensando o Brasil\u201d dizem respeito ao desenvolvimento econ\u00f4mico, \u00e0 sustentabilidade social e ao direito de a livre manifesta\u00e7\u00e3o. Tr\u00eas princ\u00edpios de orienta\u00e7\u00e3o do pensamento e de a\u00e7\u00f5es foram apresentados: o respeito ao ser humano; a equidade, com partilha justa e imparcial de bens, recursos e oportunidades; e o bem-estar das sociedades contempor\u00e2neas e futuras. O texto ainda chama aten\u00e7\u00e3o para os discursos e pr\u00e1ticas que privilegiem aspectos econ\u00f4micos e que geram exclus\u00e3o.<\/p>\n<p>A publica\u00e7\u00e3o pode ser adquirida pelo telefone (61) 2193-3019, no site <a href=\"http:\/\/www.edicoescnbb.com.br\" target=\"_blank\">www.edicoescnbb.com.br<\/a> ou por e-mail\u00a0<a href=\"mailto:vendas@edicoescnbb.com.br\">vendas@edicoescnbb.com.br<\/a>.<\/p>\n<p><em>Fonte: CNBB<\/em><\/p>\n<div id=\"themify_builder_content-46058\" data-postid=\"46058\" class=\"themify_builder_content themify_builder_content-46058 themify_builder themify_builder_front\">\n\t<\/div>\n<!-- \/themify_builder_content -->","protected":false},"excerpt":{"rendered":"<p>A Confer\u00eancia Nacional dos Bispos do Brasil (CNBB) publicou a mensagem \u201cPensando o Brasil: desafios diante das elei\u00e7\u00f5es 2014\u201d, dispon\u00edvel nas Edi\u00e7\u00f5es CNBB e nas livrarias cat\u00f3licas. O texto, aprovado durante a 52\u00aa Assembleia Geral da Confer\u00eancia, realizada em Aparecida (SP), entre os dias 30 de abril e 9 de maio, cont\u00e9m orienta\u00e7\u00f5es sobre o\u00a0per\u00edodo [&hellip;]<\/p>\n","protected":false},"author":5,"featured_media":0,"comment_status":"open","ping_status":"open","sticky":false,"template":"","format":"standard","meta":{"ngg_post_thumbnail":0,"footnotes":""},"categories":[8],"tags":[63,2374,41,71,3083],"yoast_head":"<!-- This site is optimized with the Yoast SEO plugin v23.5 - https:\/\/yoast.com\/wordpress\/plugins\/seo\/ -->\n<title>Publicada a mensagem Pensando o Brasil - O Arcanjo no ar<\/title>\n<meta name=\"robots\" content=\"index, follow, max-snippet:-1, max-image-preview:large, max-video-preview:-1\" \/>\n<link rel=\"canonical\" href=\"https:\/\/www.oarcanjo.net\/site\/publicada-a-mensagem-pensando-o-brasil\/\" \/>\n<meta property=\"og:locale\" content=\"pt_BR\" \/>\n<meta property=\"og:type\" content=\"article\" \/>\n<meta property=\"og:title\" content=\"Publicada a mensagem Pensando o Brasil - O Arcanjo no ar\" \/>\n<meta property=\"og:description\" content=\"A Confer\u00eancia Nacional dos Bispos do Brasil (CNBB) publicou a mensagem \u201cPensando o Brasil: desafios diante das elei\u00e7\u00f5es 2014\u201d, dispon\u00edvel nas Edi\u00e7\u00f5es CNBB e nas livrarias cat\u00f3licas. O texto, aprovado durante a 52\u00aa Assembleia Geral da Confer\u00eancia, realizada em Aparecida (SP), entre os dias 30 de abril e 9 de maio, cont\u00e9m orienta\u00e7\u00f5es sobre o\u00a0per\u00edodo [&hellip;]\" \/>\n<meta property=\"og:url\" content=\"https:\/\/www.oarcanjo.net\/site\/publicada-a-mensagem-pensando-o-brasil\/\" \/>\n<meta property=\"og:site_name\" content=\"O Arcanjo no ar\" \/>\n<meta property=\"article:publisher\" content=\"https:\/\/www.facebook.com\/OArcanjoNoAr\/\" \/>\n<meta property=\"article:published_time\" content=\"2014-06-18T14:09:49+00:00\" \/>\n<meta property=\"article:modified_time\" content=\"2014-06-18T14:15:34+00:00\" \/>\n<meta property=\"og:image\" content=\"http:\/\/www.oarcanjo.net\/site\/wp-content\/uploads\/capa-pensando-o-brasil.jpg\" \/>\n<meta name=\"author\" content=\"editor\" \/>\n<meta name=\"twitter:card\" content=\"summary_large_image\" \/>\n<meta name=\"twitter:label1\" content=\"Escrito por\" \/>\n\t<meta name=\"twitter:data1\" content=\"editor\" \/>\n\t<meta name=\"twitter:label2\" content=\"Est. tempo de leitura\" \/>\n\t<meta name=\"twitter:data2\" content=\"3 minutos\" \/>\n<script type=\"application\/ld+json\" class=\"yoast-schema-graph\">{\"@context\":\"https:\/\/schema.org\",\"@graph\":[{\"@type\":\"Article\",\"@id\":\"https:\/\/www.oarcanjo.net\/site\/publicada-a-mensagem-pensando-o-brasil\/#article\",\"isPartOf\":{\"@id\":\"https:\/\/www.oarcanjo.net\/site\/publicada-a-mensagem-pensando-o-brasil\/\"},\"author\":{\"name\":\"editor\",\"@id\":\"https:\/\/www.oarcanjo.net\/site\/#\/schema\/person\/f7024d007863202483a31326673a0838\"},\"headline\":\"Publicada a mensagem Pensando o Brasil\",\"datePublished\":\"2014-06-18T14:09:49+00:00\",\"dateModified\":\"2014-06-18T14:15:34+00:00\",\"mainEntityOfPage\":{\"@id\":\"https:\/\/www.oarcanjo.net\/site\/publicada-a-mensagem-pensando-o-brasil\/\"},\"wordCount\":626,\"commentCount\":0,\"publisher\":{\"@id\":\"https:\/\/www.oarcanjo.net\/site\/#organization\"},\"image\":{\"@id\":\"https:\/\/www.oarcanjo.net\/site\/publicada-a-mensagem-pensando-o-brasil\/#primaryimage\"},\"thumbnailUrl\":\"http:\/\/www.oarcanjo.net\/site\/wp-content\/uploads\/capa-pensando-o-brasil.jpg\",\"keywords\":[\"CNBB\",\"Confer\u00eancia Nacional dos Bispos do Brasil\",\"elei\u00e7\u00f5es\",\"pol\u00edtica\",\"Publica\u00e7\u00e3o\"],\"articleSection\":[\"Not\u00edcias\"],\"inLanguage\":\"pt-BR\",\"potentialAction\":[{\"@type\":\"CommentAction\",\"name\":\"Comment\",\"target\":[\"https:\/\/www.oarcanjo.net\/site\/publicada-a-mensagem-pensando-o-brasil\/#respond\"]}]},{\"@type\":\"WebPage\",\"@id\":\"https:\/\/www.oarcanjo.net\/site\/publicada-a-mensagem-pensando-o-brasil\/\",\"url\":\"https:\/\/www.oarcanjo.net\/site\/publicada-a-mensagem-pensando-o-brasil\/\",\"name\":\"Publicada a mensagem Pensando o Brasil - O Arcanjo no ar\",\"isPartOf\":{\"@id\":\"https:\/\/www.oarcanjo.net\/site\/#website\"},\"primaryImageOfPage\":{\"@id\":\"https:\/\/www.oarcanjo.net\/site\/publicada-a-mensagem-pensando-o-brasil\/#primaryimage\"},\"image\":{\"@id\":\"https:\/\/www.oarcanjo.net\/site\/publicada-a-mensagem-pensando-o-brasil\/#primaryimage\"},\"thumbnailUrl\":\"http:\/\/www.oarcanjo.net\/site\/wp-content\/uploads\/capa-pensando-o-brasil.jpg\",\"datePublished\":\"2014-06-18T14:09:49+00:00\",\"dateModified\":\"2014-06-18T14:15:34+00:00\",\"breadcrumb\":{\"@id\":\"https:\/\/www.oarcanjo.net\/site\/publicada-a-mensagem-pensando-o-brasil\/#breadcrumb\"},\"inLanguage\":\"pt-BR\",\"potentialAction\":[{\"@type\":\"ReadAction\",\"target\":[\"https:\/\/www.oarcanjo.net\/site\/publicada-a-mensagem-pensando-o-brasil\/\"]}]},{\"@type\":\"ImageObject\",\"inLanguage\":\"pt-BR\",\"@id\":\"https:\/\/www.oarcanjo.net\/site\/publicada-a-mensagem-pensando-o-brasil\/#primaryimage\",\"url\":\"https:\/\/www.oarcanjo.net\/site\/wp-content\/uploads\/capa-pensando-o-brasil.jpg\",\"contentUrl\":\"https:\/\/www.oarcanjo.net\/site\/wp-content\/uploads\/capa-pensando-o-brasil.jpg\",\"width\":282,\"height\":282,\"caption\":\"Pensando o Brasil\"},{\"@type\":\"BreadcrumbList\",\"@id\":\"https:\/\/www.oarcanjo.net\/site\/publicada-a-mensagem-pensando-o-brasil\/#breadcrumb\",\"itemListElement\":[{\"@type\":\"ListItem\",\"position\":1,\"name\":\"In\u00edcio\",\"item\":\"https:\/\/www.oarcanjo.net\/site\/\"},{\"@type\":\"ListItem\",\"position\":2,\"name\":\"Publicada a mensagem Pensando o Brasil\"}]},{\"@type\":\"WebSite\",\"@id\":\"https:\/\/www.oarcanjo.net\/site\/#website\",\"url\":\"https:\/\/www.oarcanjo.net\/site\/\",\"name\":\"O Arcanjo no ar\",\"description\":\"Site da Par\u00f3quia S\u00e3o Miguel Arcanjo (Arquidiocese de SP)\",\"publisher\":{\"@id\":\"https:\/\/www.oarcanjo.net\/site\/#organization\"},\"potentialAction\":[{\"@type\":\"SearchAction\",\"target\":{\"@type\":\"EntryPoint\",\"urlTemplate\":\"https:\/\/www.oarcanjo.net\/site\/?s={search_term_string}\"},\"query-input\":{\"@type\":\"PropertyValueSpecification\",\"valueRequired\":true,\"valueName\":\"search_term_string\"}}],\"inLanguage\":\"pt-BR\"},{\"@type\":\"Organization\",\"@id\":\"https:\/\/www.oarcanjo.net\/site\/#organization\",\"name\":\"Par\u00f3quia S\u00e3o Miguel Arcanjo\",\"url\":\"https:\/\/www.oarcanjo.net\/site\/\",\"logo\":{\"@type\":\"ImageObject\",\"inLanguage\":\"pt-BR\",\"@id\":\"https:\/\/www.oarcanjo.net\/site\/#\/schema\/logo\/image\/\",\"url\":\"https:\/\/www.oarcanjo.net\/site\/wp-content\/uploads\/LogoOArcanjo.png\",\"contentUrl\":\"https:\/\/www.oarcanjo.net\/site\/wp-content\/uploads\/LogoOArcanjo.png\",\"width\":319,\"height\":99,\"caption\":\"Par\u00f3quia S\u00e3o Miguel Arcanjo\"},\"image\":{\"@id\":\"https:\/\/www.oarcanjo.net\/site\/#\/schema\/logo\/image\/\"},\"sameAs\":[\"https:\/\/www.facebook.com\/OArcanjoNoAr\/\"]},{\"@type\":\"Person\",\"@id\":\"https:\/\/www.oarcanjo.net\/site\/#\/schema\/person\/f7024d007863202483a31326673a0838\",\"name\":\"editor\",\"sameAs\":[\"http:\/\/www.oarcanjo.net\"]}]}<\/script>\n<!-- \/ Yoast SEO plugin. -->","yoast_head_json":{"title":"Publicada a mensagem Pensando o Brasil - O Arcanjo no ar","robots":{"index":"index","follow":"follow","max-snippet":"max-snippet:-1","max-image-preview":"max-image-preview:large","max-video-preview":"max-video-preview:-1"},"canonical":"https:\/\/www.oarcanjo.net\/site\/publicada-a-mensagem-pensando-o-brasil\/","og_locale":"pt_BR","og_type":"article","og_title":"Publicada a mensagem Pensando o Brasil - O Arcanjo no ar","og_description":"A Confer\u00eancia Nacional dos Bispos do Brasil (CNBB) publicou a mensagem \u201cPensando o Brasil: desafios diante das elei\u00e7\u00f5es 2014\u201d, dispon\u00edvel nas Edi\u00e7\u00f5es CNBB e nas livrarias cat\u00f3licas. O texto, aprovado durante a 52\u00aa Assembleia Geral da Confer\u00eancia, realizada em Aparecida (SP), entre os dias 30 de abril e 9 de maio, cont\u00e9m orienta\u00e7\u00f5es sobre o\u00a0per\u00edodo [&hellip;]","og_url":"https:\/\/www.oarcanjo.net\/site\/publicada-a-mensagem-pensando-o-brasil\/","og_site_name":"O Arcanjo no ar","article_publisher":"https:\/\/www.facebook.com\/OArcanjoNoAr\/","article_published_time":"2014-06-18T14:09:49+00:00","article_modified_time":"2014-06-18T14:15:34+00:00","og_image":[{"url":"http:\/\/www.oarcanjo.net\/site\/wp-content\/uploads\/capa-pensando-o-brasil.jpg"}],"author":"editor","twitter_card":"summary_large_image","twitter_misc":{"Escrito por":"editor","Est. tempo de leitura":"3 minutos"},"schema":{"@context":"https:\/\/schema.org","@graph":[{"@type":"Article","@id":"https:\/\/www.oarcanjo.net\/site\/publicada-a-mensagem-pensando-o-brasil\/#article","isPartOf":{"@id":"https:\/\/www.oarcanjo.net\/site\/publicada-a-mensagem-pensando-o-brasil\/"},"author":{"name":"editor","@id":"https:\/\/www.oarcanjo.net\/site\/#\/schema\/person\/f7024d007863202483a31326673a0838"},"headline":"Publicada a mensagem Pensando o Brasil","datePublished":"2014-06-18T14:09:49+00:00","dateModified":"2014-06-18T14:15:34+00:00","mainEntityOfPage":{"@id":"https:\/\/www.oarcanjo.net\/site\/publicada-a-mensagem-pensando-o-brasil\/"},"wordCount":626,"commentCount":0,"publisher":{"@id":"https:\/\/www.oarcanjo.net\/site\/#organization"},"image":{"@id":"https:\/\/www.oarcanjo.net\/site\/publicada-a-mensagem-pensando-o-brasil\/#primaryimage"},"thumbnailUrl":"http:\/\/www.oarcanjo.net\/site\/wp-content\/uploads\/capa-pensando-o-brasil.jpg","keywords":["CNBB","Confer\u00eancia Nacional dos Bispos do Brasil","elei\u00e7\u00f5es","pol\u00edtica","Publica\u00e7\u00e3o"],"articleSection":["Not\u00edcias"],"inLanguage":"pt-BR","potentialAction":[{"@type":"CommentAction","name":"Comment","target":["https:\/\/www.oarcanjo.net\/site\/publicada-a-mensagem-pensando-o-brasil\/#respond"]}]},{"@type":"WebPage","@id":"https:\/\/www.oarcanjo.net\/site\/publicada-a-mensagem-pensando-o-brasil\/","url":"https:\/\/www.oarcanjo.net\/site\/publicada-a-mensagem-pensando-o-brasil\/","name":"Publicada a mensagem Pensando o Brasil - O Arcanjo no ar","isPartOf":{"@id":"https:\/\/www.oarcanjo.net\/site\/#website"},"primaryImageOfPage":{"@id":"https:\/\/www.oarcanjo.net\/site\/publicada-a-mensagem-pensando-o-brasil\/#primaryimage"},"image":{"@id":"https:\/\/www.oarcanjo.net\/site\/publicada-a-mensagem-pensando-o-brasil\/#primaryimage"},"thumbnailUrl":"http:\/\/www.oarcanjo.net\/site\/wp-content\/uploads\/capa-pensando-o-brasil.jpg","datePublished":"2014-06-18T14:09:49+00:00","dateModified":"2014-06-18T14:15:34+00:00","breadcrumb":{"@id":"https:\/\/www.oarcanjo.net\/site\/publicada-a-mensagem-pensando-o-brasil\/#breadcrumb"},"inLanguage":"pt-BR","potentialAction":[{"@type":"ReadAction","target":["https:\/\/www.oarcanjo.net\/site\/publicada-a-mensagem-pensando-o-brasil\/"]}]},{"@type":"ImageObject","inLanguage":"pt-BR","@id":"https:\/\/www.oarcanjo.net\/site\/publicada-a-mensagem-pensando-o-brasil\/#primaryimage","url":"https:\/\/www.oarcanjo.net\/site\/wp-content\/uploads\/capa-pensando-o-brasil.jpg","contentUrl":"https:\/\/www.oarcanjo.net\/site\/wp-content\/uploads\/capa-pensando-o-brasil.jpg","width":282,"height":282,"caption":"Pensando o Brasil"},{"@type":"BreadcrumbList","@id":"https:\/\/www.oarcanjo.net\/site\/publicada-a-mensagem-pensando-o-brasil\/#breadcrumb","itemListElement":[{"@type":"ListItem","position":1,"name":"In\u00edcio","item":"https:\/\/www.oarcanjo.net\/site\/"},{"@type":"ListItem","position":2,"name":"Publicada a mensagem Pensando o Brasil"}]},{"@type":"WebSite","@id":"https:\/\/www.oarcanjo.net\/site\/#website","url":"https:\/\/www.oarcanjo.net\/site\/","name":"O Arcanjo no ar","description":"Site da Par\u00f3quia S\u00e3o Miguel Arcanjo (Arquidiocese de SP)","publisher":{"@id":"https:\/\/www.oarcanjo.net\/site\/#organization"},"potentialAction":[{"@type":"SearchAction","target":{"@type":"EntryPoint","urlTemplate":"https:\/\/www.oarcanjo.net\/site\/?s={search_term_string}"},"query-input":{"@type":"PropertyValueSpecification","valueRequired":true,"valueName":"search_term_string"}}],"inLanguage":"pt-BR"},{"@type":"Organization","@id":"https:\/\/www.oarcanjo.net\/site\/#organization","name":"Par\u00f3quia S\u00e3o Miguel Arcanjo","url":"https:\/\/www.oarcanjo.net\/site\/","logo":{"@type":"ImageObject","inLanguage":"pt-BR","@id":"https:\/\/www.oarcanjo.net\/site\/#\/schema\/logo\/image\/","url":"https:\/\/www.oarcanjo.net\/site\/wp-content\/uploads\/LogoOArcanjo.png","contentUrl":"https:\/\/www.oarcanjo.net\/site\/wp-content\/uploads\/LogoOArcanjo.png","width":319,"height":99,"caption":"Par\u00f3quia S\u00e3o Miguel Arcanjo"},"image":{"@id":"https:\/\/www.oarcanjo.net\/site\/#\/schema\/logo\/image\/"},"sameAs":["https:\/\/www.facebook.com\/OArcanjoNoAr\/"]},{"@type":"Person","@id":"https:\/\/www.oarcanjo.net\/site\/#\/schema\/person\/f7024d007863202483a31326673a0838","name":"editor","sameAs":["http:\/\/www.oarcanjo.net"]}]}},"publishpress_future_action":{"enabled":false,"date":"2026-05-06 20:41:35","action":"category","newStatus":"draft","terms":[],"taxonomy":"category"},"publishpress_future_workflow_manual_trigger":{"enabledWorkflows":[]},"_links":{"self":[{"href":"https:\/\/www.oarcanjo.net\/site\/wp-json\/wp\/v2\/posts\/46058"}],"collection":[{"href":"https:\/\/www.oarcanjo.net\/site\/wp-json\/wp\/v2\/posts"}],"about":[{"href":"https:\/\/www.oarcanjo.net\/site\/wp-json\/wp\/v2\/types\/post"}],"author":[{"embeddable":true,"href":"https:\/\/www.oarcanjo.net\/site\/wp-json\/wp\/v2\/users\/5"}],"replies":[{"embeddable":true,"href":"https:\/\/www.oarcanjo.net\/site\/wp-json\/wp\/v2\/comments?post=46058"}],"version-history":[{"count":0,"href":"https:\/\/www.oarcanjo.net\/site\/wp-json\/wp\/v2\/posts\/46058\/revisions"}],"wp:attachment":[{"href":"https:\/\/www.oarcanjo.net\/site\/wp-json\/wp\/v2\/media?parent=46058"}],"wp:term":[{"taxonomy":"category","embeddable":true,"href":"https:\/\/www.oarcanjo.net\/site\/wp-json\/wp\/v2\/categories?post=46058"},{"taxonomy":"post_tag","embeddable":true,"href":"https:\/\/www.oarcanjo.net\/site\/wp-json\/wp\/v2\/tags?post=46058"}],"curies":[{"name":"wp","href":"https:\/\/api.w.org\/{rel}","templated":true}]}}