
{"id":46061,"date":"2014-06-18T11:12:31","date_gmt":"2014-06-18T14:12:31","guid":{"rendered":"http:\/\/www.oarcanjo.net\/site\/?p=46061"},"modified":"2014-06-18T11:12:31","modified_gmt":"2014-06-18T14:12:31","slug":"tao-sublime-sacramento","status":"publish","type":"post","link":"https:\/\/www.oarcanjo.net\/site\/tao-sublime-sacramento\/","title":{"rendered":"T\u00e3o sublime Sacramento!"},"content":{"rendered":"<p><em>Cardeal Odilo Pedro Scherer<\/em><\/p>\n<p>A solenidade de\u00a0<em>Corpus Christi<\/em> nos coloca diante do grande tesouro da Igreja, a Eucaristia. Todos os domingos celebramos, e tamb\u00e9m todos os dias; desta vez, por\u00e9m, nossa aten\u00e7\u00e3o concentra-se sobre o pr\u00f3prio Mist\u00e9rio da Eucaristia; acolhendo mais uma vez este dom inef\u00e1vel, adoramos, agradecemos, louvamos e nos alegramos no Senhor.<\/p>\n<p>Os textos da liturgia de\u00a0<em>Corpus Christi<\/em> fazem men\u00e7\u00e3o a diversos significados e percep\u00e7\u00f5es da f\u00e9 da Igreja na Eucaristia. \u00c9 \u201cmemorial\u201d da paix\u00e3o, institu\u00edda por Cristo na \u00faltima ceia, pouco antes de padecer a cruz. As palavras de Jesus d\u00e3o significado ao gesto da entrega do p\u00e3o e do vinho aos ap\u00f3stolos: \u201c\u00e9 meu corpo entregue por v\u00f3s; \u00e9 meu sangue, derramado por v\u00f3s\u201d.<\/p>\n<p>Jesus refere-se \u00e0quilo que aconteceria logo em seguida: ele se entregou \u201cpor\u201d n\u00f3s sobre a cruz, em nosso favor; seu sangue derramado \u00e9 redentor, como para os hebreus, no Egito, foi o sangue dos cordeiros pascais, untado nos umbrais das portas. A \u00faltima ceia de Jesus com os ap\u00f3stolos era a ceia da P\u00e1scoa judaica, na qual se comia o cordeiro pascal. Jesus lhe d\u00e1 novo significado, como \u201cceia da nova e eterna alian\u00e7a\u201d, selada no seu pr\u00f3prio sangue.<\/p>\n<p>A Liturgia faz constantes refer\u00eancias a este aspecto \u201csacrifical\u201d da Eucaristia, ceia pascal dos crist\u00e3os. Antes da comunh\u00e3o, a Eucaristia \u00e9 apresentada ao povo com estas palavras: \u201ceis o cordeiro de Deus, que tira o pecado do mundo\u201d. Na cruz, Jesus \u00e9 o \u201ccordeiro imolado\u201d entregue inteiramente pela nossa reden\u00e7\u00e3o, \u201cpara que n\u00e3o pere\u00e7a todo aquele que nele cr\u00ea\u201d. Por esta \u201centrega por n\u00f3s\u201d, alcan\u00e7amos miseric\u00f3rdia, perd\u00e3o e vida sem fim.<\/p>\n<p>A Eucaristia \u00e9 tamb\u00e9m \u201csinal de unidade e v\u00ednculo da caridade\u201d (S.Agostinho). Chamando a aten\u00e7\u00e3o da comunidade de Corinto para a dignidade da celebra\u00e7\u00e3o eucar\u00edstica, Paulo recorda que \u201co p\u00e3o que partimos \u00e9 comunh\u00e3o com o corpo e o sangue de Cristo\u201d e, portanto, \u201cn\u00f3s todos somos um s\u00f3 corpo\u201d, em Cristo (cf 1Cor 10,16-17).<\/p>\n<p>No Pref\u00e1cio da Santa Eucaristia, o celebrante proclama: \u201cfazeis de todos n\u00f3s um s\u00f3 cora\u00e7\u00e3o, iluminais os povos com a luz da mesma f\u00e9 e congregais os crist\u00e3os numa mesma caridade\u201d. A Eucaristia \u00e9 banquete de irm\u00e3os \u00e0 mesma mesa, unidos todos numa s\u00f3 fam\u00edlia, \u201cem Cristo\u201d. Nela, nossa comunh\u00e3o no amor de Cristo e na mesma f\u00e9 da Igreja \u00e9 significada e realizada. Por isso, o dissenso da f\u00e9 eclesial e a orienta\u00e7\u00e3o individualista e ego\u00edsta da vida s\u00e3o atitudes contr\u00e1rias \u00e0 participa\u00e7\u00e3o neste sacramento.<\/p>\n<p>A Eucaristia \u00e9 tamb\u00e9m \u201cp\u00e3o da vida eterna\u201d. Ap\u00f3s o milagre da multiplica\u00e7\u00e3o dos p\u00e3es e dos peixes, Jesus convida as pessoas a procurarem \u201co p\u00e3o vivo descido do c\u00e9u\u201d, que \u00e9 ele pr\u00f3prio: \u201ceu sou o p\u00e3o vivo descido do c\u00e9u. Quem comer deste p\u00e3o viver\u00e1 eternamente. E o p\u00e3o que eu darei \u00e9 a minha carne para a vida do mundo\u201d (Jo. 6,51). Cristo quer continuar a ser o alimento da nossa f\u00e9. E quem dele se nutre, \u201cviver\u00e1 para sempre\u201d (cf Jo.6,58).<\/p>\n<p>A Eucaristia \u00e9 celebrada aqui na terra \u201cat\u00e9 que Ele venha\u201d.\u00a0 Por isso, ela tamb\u00e9m \u00e9 sinal e an\u00fancio prof\u00e9tico da grande esperan\u00e7a que vem da nossa f\u00e9: aquilo que acolhemos na penumbra da f\u00e9 e celebramos por sinais na terra, \u00e9 o mesmo que ainda esperamos e se tornar\u00e1 plenamente manifesto na vida eterna: \u201canunciamos, Senhor, a vossa morte e proclamamos a vossa ressurrei\u00e7\u00e3o. Vinde, Senhor Jesus!\u201d.<\/p>\n<p>Quanta riqueza, na Eucaristia! N\u00e3o \u00e9 sem raz\u00e3o que, em\u00a0<em>Corpus Christi<\/em>, a Igreja adora e aclama este \u201csublime Sacramento\u201d &#8211; \u201cSacramento de Jesus Cristo e da sua Igreja\u201d! Vinde, todos, adoremos e rendamos gra\u00e7as ao Senhor!<\/p>\n<div id=\"themify_builder_content-46061\" data-postid=\"46061\" class=\"themify_builder_content themify_builder_content-46061 themify_builder themify_builder_front\">\n\t<\/div>\n<!-- \/themify_builder_content -->","protected":false},"excerpt":{"rendered":"<p>Cardeal Odilo Pedro Scherer A solenidade de\u00a0Corpus Christi nos coloca diante do grande tesouro da Igreja, a Eucaristia. Todos os domingos celebramos, e tamb\u00e9m todos os dias; desta vez, por\u00e9m, nossa aten\u00e7\u00e3o concentra-se sobre o pr\u00f3prio Mist\u00e9rio da Eucaristia; acolhendo mais uma vez este dom inef\u00e1vel, adoramos, agradecemos, louvamos e nos alegramos no Senhor. Os [&hellip;]<\/p>\n","protected":false},"author":5,"featured_media":0,"comment_status":"open","ping_status":"open","sticky":false,"template":"","format":"standard","meta":{"ngg_post_thumbnail":0,"footnotes":""},"categories":[9],"tags":[755,462,278],"yoast_head":"<!-- This site is optimized with the Yoast SEO plugin v23.5 - https:\/\/yoast.com\/wordpress\/plugins\/seo\/ -->\n<title>T\u00e3o sublime Sacramento! - O Arcanjo no ar<\/title>\n<meta name=\"robots\" content=\"index, follow, max-snippet:-1, max-image-preview:large, max-video-preview:-1\" \/>\n<link rel=\"canonical\" href=\"https:\/\/www.oarcanjo.net\/site\/tao-sublime-sacramento\/\" \/>\n<meta property=\"og:locale\" content=\"pt_BR\" \/>\n<meta property=\"og:type\" content=\"article\" \/>\n<meta property=\"og:title\" content=\"T\u00e3o sublime Sacramento! - O Arcanjo no ar\" \/>\n<meta property=\"og:description\" content=\"Cardeal Odilo Pedro Scherer A solenidade de\u00a0Corpus Christi nos coloca diante do grande tesouro da Igreja, a Eucaristia. Todos os domingos celebramos, e tamb\u00e9m todos os dias; desta vez, por\u00e9m, nossa aten\u00e7\u00e3o concentra-se sobre o pr\u00f3prio Mist\u00e9rio da Eucaristia; acolhendo mais uma vez este dom inef\u00e1vel, adoramos, agradecemos, louvamos e nos alegramos no Senhor. Os [&hellip;]\" \/>\n<meta property=\"og:url\" content=\"https:\/\/www.oarcanjo.net\/site\/tao-sublime-sacramento\/\" \/>\n<meta property=\"og:site_name\" content=\"O Arcanjo no ar\" \/>\n<meta property=\"article:publisher\" content=\"https:\/\/www.facebook.com\/OArcanjoNoAr\/\" \/>\n<meta property=\"article:published_time\" content=\"2014-06-18T14:12:31+00:00\" \/>\n<meta property=\"og:image\" content=\"https:\/\/www.oarcanjo.net\/site\/wp-content\/uploads\/logo-o-arcanjo-no-ar-facebook.png\" \/>\n\t<meta property=\"og:image:width\" content=\"300\" \/>\n\t<meta property=\"og:image:height\" content=\"300\" \/>\n\t<meta property=\"og:image:type\" content=\"image\/png\" \/>\n<meta name=\"author\" content=\"editor\" \/>\n<meta name=\"twitter:card\" content=\"summary_large_image\" \/>\n<meta name=\"twitter:label1\" content=\"Escrito por\" \/>\n\t<meta name=\"twitter:data1\" content=\"editor\" \/>\n\t<meta name=\"twitter:label2\" content=\"Est. tempo de leitura\" \/>\n\t<meta name=\"twitter:data2\" content=\"3 minutos\" \/>\n<script type=\"application\/ld+json\" class=\"yoast-schema-graph\">{\"@context\":\"https:\/\/schema.org\",\"@graph\":[{\"@type\":\"Article\",\"@id\":\"https:\/\/www.oarcanjo.net\/site\/tao-sublime-sacramento\/#article\",\"isPartOf\":{\"@id\":\"https:\/\/www.oarcanjo.net\/site\/tao-sublime-sacramento\/\"},\"author\":{\"name\":\"editor\",\"@id\":\"https:\/\/www.oarcanjo.net\/site\/#\/schema\/person\/f7024d007863202483a31326673a0838\"},\"headline\":\"T\u00e3o sublime Sacramento!\",\"datePublished\":\"2014-06-18T14:12:31+00:00\",\"dateModified\":\"2014-06-18T14:12:31+00:00\",\"mainEntityOfPage\":{\"@id\":\"https:\/\/www.oarcanjo.net\/site\/tao-sublime-sacramento\/\"},\"wordCount\":656,\"commentCount\":0,\"publisher\":{\"@id\":\"https:\/\/www.oarcanjo.net\/site\/#organization\"},\"keywords\":[\"Corpus Christi\",\"Eucaristia\",\"sacramento\"],\"articleSection\":[\"Reflex\u00f5es\"],\"inLanguage\":\"pt-BR\",\"potentialAction\":[{\"@type\":\"CommentAction\",\"name\":\"Comment\",\"target\":[\"https:\/\/www.oarcanjo.net\/site\/tao-sublime-sacramento\/#respond\"]}]},{\"@type\":\"WebPage\",\"@id\":\"https:\/\/www.oarcanjo.net\/site\/tao-sublime-sacramento\/\",\"url\":\"https:\/\/www.oarcanjo.net\/site\/tao-sublime-sacramento\/\",\"name\":\"T\u00e3o sublime Sacramento! - O Arcanjo no ar\",\"isPartOf\":{\"@id\":\"https:\/\/www.oarcanjo.net\/site\/#website\"},\"datePublished\":\"2014-06-18T14:12:31+00:00\",\"dateModified\":\"2014-06-18T14:12:31+00:00\",\"breadcrumb\":{\"@id\":\"https:\/\/www.oarcanjo.net\/site\/tao-sublime-sacramento\/#breadcrumb\"},\"inLanguage\":\"pt-BR\",\"potentialAction\":[{\"@type\":\"ReadAction\",\"target\":[\"https:\/\/www.oarcanjo.net\/site\/tao-sublime-sacramento\/\"]}]},{\"@type\":\"BreadcrumbList\",\"@id\":\"https:\/\/www.oarcanjo.net\/site\/tao-sublime-sacramento\/#breadcrumb\",\"itemListElement\":[{\"@type\":\"ListItem\",\"position\":1,\"name\":\"In\u00edcio\",\"item\":\"https:\/\/www.oarcanjo.net\/site\/\"},{\"@type\":\"ListItem\",\"position\":2,\"name\":\"T\u00e3o sublime Sacramento!\"}]},{\"@type\":\"WebSite\",\"@id\":\"https:\/\/www.oarcanjo.net\/site\/#website\",\"url\":\"https:\/\/www.oarcanjo.net\/site\/\",\"name\":\"O Arcanjo no ar\",\"description\":\"Site da Par\u00f3quia S\u00e3o Miguel Arcanjo (Arquidiocese de SP)\",\"publisher\":{\"@id\":\"https:\/\/www.oarcanjo.net\/site\/#organization\"},\"potentialAction\":[{\"@type\":\"SearchAction\",\"target\":{\"@type\":\"EntryPoint\",\"urlTemplate\":\"https:\/\/www.oarcanjo.net\/site\/?s={search_term_string}\"},\"query-input\":{\"@type\":\"PropertyValueSpecification\",\"valueRequired\":true,\"valueName\":\"search_term_string\"}}],\"inLanguage\":\"pt-BR\"},{\"@type\":\"Organization\",\"@id\":\"https:\/\/www.oarcanjo.net\/site\/#organization\",\"name\":\"Par\u00f3quia S\u00e3o Miguel Arcanjo\",\"url\":\"https:\/\/www.oarcanjo.net\/site\/\",\"logo\":{\"@type\":\"ImageObject\",\"inLanguage\":\"pt-BR\",\"@id\":\"https:\/\/www.oarcanjo.net\/site\/#\/schema\/logo\/image\/\",\"url\":\"https:\/\/www.oarcanjo.net\/site\/wp-content\/uploads\/LogoOArcanjo.png\",\"contentUrl\":\"https:\/\/www.oarcanjo.net\/site\/wp-content\/uploads\/LogoOArcanjo.png\",\"width\":319,\"height\":99,\"caption\":\"Par\u00f3quia S\u00e3o Miguel Arcanjo\"},\"image\":{\"@id\":\"https:\/\/www.oarcanjo.net\/site\/#\/schema\/logo\/image\/\"},\"sameAs\":[\"https:\/\/www.facebook.com\/OArcanjoNoAr\/\"]},{\"@type\":\"Person\",\"@id\":\"https:\/\/www.oarcanjo.net\/site\/#\/schema\/person\/f7024d007863202483a31326673a0838\",\"name\":\"editor\",\"sameAs\":[\"http:\/\/www.oarcanjo.net\"]}]}<\/script>\n<!-- \/ Yoast SEO plugin. -->","yoast_head_json":{"title":"T\u00e3o sublime Sacramento! - O Arcanjo no ar","robots":{"index":"index","follow":"follow","max-snippet":"max-snippet:-1","max-image-preview":"max-image-preview:large","max-video-preview":"max-video-preview:-1"},"canonical":"https:\/\/www.oarcanjo.net\/site\/tao-sublime-sacramento\/","og_locale":"pt_BR","og_type":"article","og_title":"T\u00e3o sublime Sacramento! - O Arcanjo no ar","og_description":"Cardeal Odilo Pedro Scherer A solenidade de\u00a0Corpus Christi nos coloca diante do grande tesouro da Igreja, a Eucaristia. Todos os domingos celebramos, e tamb\u00e9m todos os dias; desta vez, por\u00e9m, nossa aten\u00e7\u00e3o concentra-se sobre o pr\u00f3prio Mist\u00e9rio da Eucaristia; acolhendo mais uma vez este dom inef\u00e1vel, adoramos, agradecemos, louvamos e nos alegramos no Senhor. Os [&hellip;]","og_url":"https:\/\/www.oarcanjo.net\/site\/tao-sublime-sacramento\/","og_site_name":"O Arcanjo no ar","article_publisher":"https:\/\/www.facebook.com\/OArcanjoNoAr\/","article_published_time":"2014-06-18T14:12:31+00:00","og_image":[{"width":300,"height":300,"url":"https:\/\/www.oarcanjo.net\/site\/wp-content\/uploads\/logo-o-arcanjo-no-ar-facebook.png","type":"image\/png"}],"author":"editor","twitter_card":"summary_large_image","twitter_misc":{"Escrito por":"editor","Est. tempo de leitura":"3 minutos"},"schema":{"@context":"https:\/\/schema.org","@graph":[{"@type":"Article","@id":"https:\/\/www.oarcanjo.net\/site\/tao-sublime-sacramento\/#article","isPartOf":{"@id":"https:\/\/www.oarcanjo.net\/site\/tao-sublime-sacramento\/"},"author":{"name":"editor","@id":"https:\/\/www.oarcanjo.net\/site\/#\/schema\/person\/f7024d007863202483a31326673a0838"},"headline":"T\u00e3o sublime Sacramento!","datePublished":"2014-06-18T14:12:31+00:00","dateModified":"2014-06-18T14:12:31+00:00","mainEntityOfPage":{"@id":"https:\/\/www.oarcanjo.net\/site\/tao-sublime-sacramento\/"},"wordCount":656,"commentCount":0,"publisher":{"@id":"https:\/\/www.oarcanjo.net\/site\/#organization"},"keywords":["Corpus Christi","Eucaristia","sacramento"],"articleSection":["Reflex\u00f5es"],"inLanguage":"pt-BR","potentialAction":[{"@type":"CommentAction","name":"Comment","target":["https:\/\/www.oarcanjo.net\/site\/tao-sublime-sacramento\/#respond"]}]},{"@type":"WebPage","@id":"https:\/\/www.oarcanjo.net\/site\/tao-sublime-sacramento\/","url":"https:\/\/www.oarcanjo.net\/site\/tao-sublime-sacramento\/","name":"T\u00e3o sublime Sacramento! - O Arcanjo no ar","isPartOf":{"@id":"https:\/\/www.oarcanjo.net\/site\/#website"},"datePublished":"2014-06-18T14:12:31+00:00","dateModified":"2014-06-18T14:12:31+00:00","breadcrumb":{"@id":"https:\/\/www.oarcanjo.net\/site\/tao-sublime-sacramento\/#breadcrumb"},"inLanguage":"pt-BR","potentialAction":[{"@type":"ReadAction","target":["https:\/\/www.oarcanjo.net\/site\/tao-sublime-sacramento\/"]}]},{"@type":"BreadcrumbList","@id":"https:\/\/www.oarcanjo.net\/site\/tao-sublime-sacramento\/#breadcrumb","itemListElement":[{"@type":"ListItem","position":1,"name":"In\u00edcio","item":"https:\/\/www.oarcanjo.net\/site\/"},{"@type":"ListItem","position":2,"name":"T\u00e3o sublime Sacramento!"}]},{"@type":"WebSite","@id":"https:\/\/www.oarcanjo.net\/site\/#website","url":"https:\/\/www.oarcanjo.net\/site\/","name":"O Arcanjo no ar","description":"Site da Par\u00f3quia S\u00e3o Miguel Arcanjo (Arquidiocese de SP)","publisher":{"@id":"https:\/\/www.oarcanjo.net\/site\/#organization"},"potentialAction":[{"@type":"SearchAction","target":{"@type":"EntryPoint","urlTemplate":"https:\/\/www.oarcanjo.net\/site\/?s={search_term_string}"},"query-input":{"@type":"PropertyValueSpecification","valueRequired":true,"valueName":"search_term_string"}}],"inLanguage":"pt-BR"},{"@type":"Organization","@id":"https:\/\/www.oarcanjo.net\/site\/#organization","name":"Par\u00f3quia S\u00e3o Miguel Arcanjo","url":"https:\/\/www.oarcanjo.net\/site\/","logo":{"@type":"ImageObject","inLanguage":"pt-BR","@id":"https:\/\/www.oarcanjo.net\/site\/#\/schema\/logo\/image\/","url":"https:\/\/www.oarcanjo.net\/site\/wp-content\/uploads\/LogoOArcanjo.png","contentUrl":"https:\/\/www.oarcanjo.net\/site\/wp-content\/uploads\/LogoOArcanjo.png","width":319,"height":99,"caption":"Par\u00f3quia S\u00e3o Miguel Arcanjo"},"image":{"@id":"https:\/\/www.oarcanjo.net\/site\/#\/schema\/logo\/image\/"},"sameAs":["https:\/\/www.facebook.com\/OArcanjoNoAr\/"]},{"@type":"Person","@id":"https:\/\/www.oarcanjo.net\/site\/#\/schema\/person\/f7024d007863202483a31326673a0838","name":"editor","sameAs":["http:\/\/www.oarcanjo.net"]}]}},"publishpress_future_action":{"enabled":false,"date":"2026-05-08 18:52:41","action":"category","newStatus":"draft","terms":[],"taxonomy":"category"},"publishpress_future_workflow_manual_trigger":{"enabledWorkflows":[]},"_links":{"self":[{"href":"https:\/\/www.oarcanjo.net\/site\/wp-json\/wp\/v2\/posts\/46061"}],"collection":[{"href":"https:\/\/www.oarcanjo.net\/site\/wp-json\/wp\/v2\/posts"}],"about":[{"href":"https:\/\/www.oarcanjo.net\/site\/wp-json\/wp\/v2\/types\/post"}],"author":[{"embeddable":true,"href":"https:\/\/www.oarcanjo.net\/site\/wp-json\/wp\/v2\/users\/5"}],"replies":[{"embeddable":true,"href":"https:\/\/www.oarcanjo.net\/site\/wp-json\/wp\/v2\/comments?post=46061"}],"version-history":[{"count":0,"href":"https:\/\/www.oarcanjo.net\/site\/wp-json\/wp\/v2\/posts\/46061\/revisions"}],"wp:attachment":[{"href":"https:\/\/www.oarcanjo.net\/site\/wp-json\/wp\/v2\/media?parent=46061"}],"wp:term":[{"taxonomy":"category","embeddable":true,"href":"https:\/\/www.oarcanjo.net\/site\/wp-json\/wp\/v2\/categories?post=46061"},{"taxonomy":"post_tag","embeddable":true,"href":"https:\/\/www.oarcanjo.net\/site\/wp-json\/wp\/v2\/tags?post=46061"}],"curies":[{"name":"wp","href":"https:\/\/api.w.org\/{rel}","templated":true}]}}