
{"id":46168,"date":"2014-06-24T05:30:15","date_gmt":"2014-06-24T08:30:15","guid":{"rendered":"http:\/\/www.oarcanjo.net\/site\/?p=46168"},"modified":"2014-06-23T12:35:50","modified_gmt":"2014-06-23T15:35:50","slug":"tempo-comum-corpus-christi","status":"publish","type":"post","link":"https:\/\/www.oarcanjo.net\/site\/tempo-comum-corpus-christi\/","title":{"rendered":"Tempo Comum: Corpus Christi"},"content":{"rendered":"<p><em>Dom Edmar Peron<\/em><\/p>\n<p>Entre as solenidades do Senhor, durante o Tempo Comum, temos a do Sant\u00edssimo Sacramento do Corpo e do Sangue de Cristo. Tal celebra\u00e7\u00e3o tem suas ra\u00edzes na devo\u00e7\u00e3o eucar\u00edstica, muito florescente a partir do s\u00e9culo XII, que real\u00e7ava a presen\u00e7a real de Cristo no sacramento e sua adora\u00e7\u00e3o. O papa Urbano IV, ao prescrever essa solenidade para toda a Igreja, no dia 11 de agosto de 1264, com a Bula \u201c<em>Transiturus de hoc mundo<\/em>\u201d, procurou situar a presen\u00e7a eucar\u00edstica em seu contexto original: a <em>celebra\u00e7\u00e3o <\/em>da morte e ressurrei\u00e7\u00e3o de Cristo: \u201cEste \u00e9 o <em>memorial<\/em>\u2026 salv\u00edfico, no qual reconsideramos a grata <em>mem\u00f3ria<\/em> da nossa reden\u00e7\u00e3o, no qual somos afastados do mal e revigorados no bem, e progredimos no crescimento das virtudes e das gra\u00e7as\u201d (<em>Denzinger H\u00fcnermann<\/em> 846, = DH).<\/p>\n<p>Esta festa \u00e9 celebrada com missa, seguida de prociss\u00e3o, sendo consagrada, na missa, a h\u00f3stia que ser\u00e1 levada em prociss\u00e3o; tal prociss\u00e3o e b\u00ean\u00e7\u00e3o ocupam o lugar dos ritos finais. As tr\u00eas ora\u00e7\u00f5es da missa permaneceram as mesmas do missal de 1570, contudo \u2013 salientemos \u2013 a liturgia da Palavra foi enriquecida com leituras pr\u00f3prias para cada um dos anos: A, B e C. Enquanto as ora\u00e7\u00f5es refletem respectivamente a eucaristia como memorial da paix\u00e3o de Cristo, sacramento da unidade e prefigura\u00e7\u00e3o do gozo da vida divina, as leituras nos apresentam o mist\u00e9rio eucar\u00edstico a partir do \u00eaxodo (ano A), da P\u00e1scoa e da Alian\u00e7a (ano B) e do P\u00e3o da Vida (ano C).<\/p>\n<p>O sentido teol\u00f3gico \u00e9 aquele que foi colocado por Jesus Cristo: \u201cFazei isto em mem\u00f3ria de mim\u201d. Colocar outro seria incorrer no erro grav\u00edssimo de separar a \u201ch\u00f3stia consagrada\u201d do \u201cmist\u00e9rio pascal\u201d do Senhor (o que, \u00e0s vezes, infelizmente, vemos acontecer \u2013 !?). Em cada santa missa, portanto, a Igreja torna presente o Senhor, faz a mem\u00f3ria d&#8217;Ele, do seu mist\u00e9rio pascal, fato j\u00e1 acontecido, \u00fanico, irrepet\u00edvel e sempre atual (1Cor 11,23-26). Desse modo, a cada gera\u00e7\u00e3o \u00e9 dada a possibilidade de participar do mesmo sacramento do Senhor <em>at\u00e9 que Ele venha<\/em>! \u201cAnunciamos, Senhor, a vossa morte e proclamamos a vossa ressurrei\u00e7\u00e3o. Vinde, Senhor Jesus!\u201d.<\/p>\n<p>A <strong><em>comunh\u00e3o eucar\u00edstica<\/em><\/strong> \u00e9, pois, participa\u00e7\u00e3o sacramental na vida de Jesus Cristo \u2013 vida doada, vida entregue \u2013 pois o c\u00e1lice de b\u00ean\u00e7\u00e3o \u00e9 comunh\u00e3o com o sangue de Cristo, e o p\u00e3o que partimos \u00e9 comunh\u00e3o com o corpo de Cristo (1Cor 10,16). Essa comunh\u00e3o vai nos <em>configurando<\/em> com Jesus: \u201cEste p\u00e3o \u00e9 comido, mas na verdade n\u00e3o \u00e9 consumido; \u00e9 comido, mas n\u00e3o mudado, porque n\u00e3o \u00e9 de modo algum transformado naquele que come, mas, se \u00e9 recebido de modo digno, aquele que o recebe \u00e9 a ele <em>amoldado<\/em>\u201d (Bula <em>Transiturus<\/em>: DH 847).<\/p>\n<p>Por fim, com a prociss\u00e3o, somos chamados a participar do esfor\u00e7o mission\u00e1rio de toda a Igreja: levar Cristo pelas ruas, f\u00e1bricas, lojas, shoppings&#8230; Seria deficiente a espiritualidade que valorizasse o tapete e a prociss\u00e3o, mas n\u00e3o desse testemunho de Cristo diante do mundo.<\/p>\n<div id=\"themify_builder_content-46168\" data-postid=\"46168\" class=\"themify_builder_content themify_builder_content-46168 themify_builder themify_builder_front\">\n\t<\/div>\n<!-- \/themify_builder_content -->","protected":false},"excerpt":{"rendered":"<p>Dom Edmar Peron Entre as solenidades do Senhor, durante o Tempo Comum, temos a do Sant\u00edssimo Sacramento do Corpo e do Sangue de Cristo. Tal celebra\u00e7\u00e3o tem suas ra\u00edzes na devo\u00e7\u00e3o eucar\u00edstica, muito florescente a partir do s\u00e9culo XII, que real\u00e7ava a presen\u00e7a real de Cristo no sacramento e sua adora\u00e7\u00e3o. O papa Urbano IV, [&hellip;]<\/p>\n","protected":false},"author":5,"featured_media":0,"comment_status":"open","ping_status":"open","sticky":false,"template":"","format":"standard","meta":{"ngg_post_thumbnail":0,"footnotes":""},"categories":[9],"tags":[58,755,462,3084,455,3085,473],"yoast_head":"<!-- This site is optimized with the Yoast SEO plugin v23.5 - https:\/\/yoast.com\/wordpress\/plugins\/seo\/ -->\n<title>Tempo Comum: Corpus Christi - O Arcanjo no ar<\/title>\n<meta name=\"robots\" content=\"index, follow, max-snippet:-1, max-image-preview:large, max-video-preview:-1\" \/>\n<link rel=\"canonical\" href=\"https:\/\/www.oarcanjo.net\/site\/tempo-comum-corpus-christi\/\" \/>\n<meta property=\"og:locale\" content=\"pt_BR\" \/>\n<meta property=\"og:type\" content=\"article\" \/>\n<meta property=\"og:title\" content=\"Tempo Comum: Corpus Christi - O Arcanjo no ar\" \/>\n<meta property=\"og:description\" content=\"Dom Edmar Peron Entre as solenidades do Senhor, durante o Tempo Comum, temos a do Sant\u00edssimo Sacramento do Corpo e do Sangue de Cristo. Tal celebra\u00e7\u00e3o tem suas ra\u00edzes na devo\u00e7\u00e3o eucar\u00edstica, muito florescente a partir do s\u00e9culo XII, que real\u00e7ava a presen\u00e7a real de Cristo no sacramento e sua adora\u00e7\u00e3o. O papa Urbano IV, [&hellip;]\" \/>\n<meta property=\"og:url\" content=\"https:\/\/www.oarcanjo.net\/site\/tempo-comum-corpus-christi\/\" \/>\n<meta property=\"og:site_name\" content=\"O Arcanjo no ar\" \/>\n<meta property=\"article:publisher\" content=\"https:\/\/www.facebook.com\/OArcanjoNoAr\/\" \/>\n<meta property=\"article:published_time\" content=\"2014-06-24T08:30:15+00:00\" \/>\n<meta property=\"article:modified_time\" content=\"2014-06-23T15:35:50+00:00\" \/>\n<meta property=\"og:image\" content=\"https:\/\/www.oarcanjo.net\/site\/wp-content\/uploads\/logo-o-arcanjo-no-ar-facebook.png\" \/>\n\t<meta property=\"og:image:width\" content=\"300\" \/>\n\t<meta property=\"og:image:height\" content=\"300\" \/>\n\t<meta property=\"og:image:type\" content=\"image\/png\" \/>\n<meta name=\"author\" content=\"editor\" \/>\n<meta name=\"twitter:card\" content=\"summary_large_image\" \/>\n<meta name=\"twitter:label1\" content=\"Escrito por\" \/>\n\t<meta name=\"twitter:data1\" content=\"editor\" \/>\n\t<meta name=\"twitter:label2\" content=\"Est. tempo de leitura\" \/>\n\t<meta name=\"twitter:data2\" content=\"3 minutos\" \/>\n<script type=\"application\/ld+json\" class=\"yoast-schema-graph\">{\"@context\":\"https:\/\/schema.org\",\"@graph\":[{\"@type\":\"Article\",\"@id\":\"https:\/\/www.oarcanjo.net\/site\/tempo-comum-corpus-christi\/#article\",\"isPartOf\":{\"@id\":\"https:\/\/www.oarcanjo.net\/site\/tempo-comum-corpus-christi\/\"},\"author\":{\"name\":\"editor\",\"@id\":\"https:\/\/www.oarcanjo.net\/site\/#\/schema\/person\/f7024d007863202483a31326673a0838\"},\"headline\":\"Tempo Comum: Corpus Christi\",\"datePublished\":\"2014-06-24T08:30:15+00:00\",\"dateModified\":\"2014-06-23T15:35:50+00:00\",\"mainEntityOfPage\":{\"@id\":\"https:\/\/www.oarcanjo.net\/site\/tempo-comum-corpus-christi\/\"},\"wordCount\":532,\"commentCount\":0,\"publisher\":{\"@id\":\"https:\/\/www.oarcanjo.net\/site\/#organization\"},\"keywords\":[\"celebra\u00e7\u00e3o\",\"Corpus Christi\",\"Eucaristia\",\"Morte e ressurrei\u00e7\u00e3o de Cristo\",\"prociss\u00e3o\",\"Sant\u00edssimo Sacramento do Corpo e do Sangue de Cristo\",\"testemunho\"],\"articleSection\":[\"Reflex\u00f5es\"],\"inLanguage\":\"pt-BR\",\"potentialAction\":[{\"@type\":\"CommentAction\",\"name\":\"Comment\",\"target\":[\"https:\/\/www.oarcanjo.net\/site\/tempo-comum-corpus-christi\/#respond\"]}]},{\"@type\":\"WebPage\",\"@id\":\"https:\/\/www.oarcanjo.net\/site\/tempo-comum-corpus-christi\/\",\"url\":\"https:\/\/www.oarcanjo.net\/site\/tempo-comum-corpus-christi\/\",\"name\":\"Tempo Comum: Corpus Christi - O Arcanjo no ar\",\"isPartOf\":{\"@id\":\"https:\/\/www.oarcanjo.net\/site\/#website\"},\"datePublished\":\"2014-06-24T08:30:15+00:00\",\"dateModified\":\"2014-06-23T15:35:50+00:00\",\"breadcrumb\":{\"@id\":\"https:\/\/www.oarcanjo.net\/site\/tempo-comum-corpus-christi\/#breadcrumb\"},\"inLanguage\":\"pt-BR\",\"potentialAction\":[{\"@type\":\"ReadAction\",\"target\":[\"https:\/\/www.oarcanjo.net\/site\/tempo-comum-corpus-christi\/\"]}]},{\"@type\":\"BreadcrumbList\",\"@id\":\"https:\/\/www.oarcanjo.net\/site\/tempo-comum-corpus-christi\/#breadcrumb\",\"itemListElement\":[{\"@type\":\"ListItem\",\"position\":1,\"name\":\"In\u00edcio\",\"item\":\"https:\/\/www.oarcanjo.net\/site\/\"},{\"@type\":\"ListItem\",\"position\":2,\"name\":\"Tempo Comum: Corpus Christi\"}]},{\"@type\":\"WebSite\",\"@id\":\"https:\/\/www.oarcanjo.net\/site\/#website\",\"url\":\"https:\/\/www.oarcanjo.net\/site\/\",\"name\":\"O Arcanjo no ar\",\"description\":\"Site da Par\u00f3quia S\u00e3o Miguel Arcanjo (Arquidiocese de SP)\",\"publisher\":{\"@id\":\"https:\/\/www.oarcanjo.net\/site\/#organization\"},\"potentialAction\":[{\"@type\":\"SearchAction\",\"target\":{\"@type\":\"EntryPoint\",\"urlTemplate\":\"https:\/\/www.oarcanjo.net\/site\/?s={search_term_string}\"},\"query-input\":{\"@type\":\"PropertyValueSpecification\",\"valueRequired\":true,\"valueName\":\"search_term_string\"}}],\"inLanguage\":\"pt-BR\"},{\"@type\":\"Organization\",\"@id\":\"https:\/\/www.oarcanjo.net\/site\/#organization\",\"name\":\"Par\u00f3quia S\u00e3o Miguel Arcanjo\",\"url\":\"https:\/\/www.oarcanjo.net\/site\/\",\"logo\":{\"@type\":\"ImageObject\",\"inLanguage\":\"pt-BR\",\"@id\":\"https:\/\/www.oarcanjo.net\/site\/#\/schema\/logo\/image\/\",\"url\":\"https:\/\/www.oarcanjo.net\/site\/wp-content\/uploads\/LogoOArcanjo.png\",\"contentUrl\":\"https:\/\/www.oarcanjo.net\/site\/wp-content\/uploads\/LogoOArcanjo.png\",\"width\":319,\"height\":99,\"caption\":\"Par\u00f3quia S\u00e3o Miguel Arcanjo\"},\"image\":{\"@id\":\"https:\/\/www.oarcanjo.net\/site\/#\/schema\/logo\/image\/\"},\"sameAs\":[\"https:\/\/www.facebook.com\/OArcanjoNoAr\/\"]},{\"@type\":\"Person\",\"@id\":\"https:\/\/www.oarcanjo.net\/site\/#\/schema\/person\/f7024d007863202483a31326673a0838\",\"name\":\"editor\",\"sameAs\":[\"http:\/\/www.oarcanjo.net\"]}]}<\/script>\n<!-- \/ Yoast SEO plugin. -->","yoast_head_json":{"title":"Tempo Comum: Corpus Christi - O Arcanjo no ar","robots":{"index":"index","follow":"follow","max-snippet":"max-snippet:-1","max-image-preview":"max-image-preview:large","max-video-preview":"max-video-preview:-1"},"canonical":"https:\/\/www.oarcanjo.net\/site\/tempo-comum-corpus-christi\/","og_locale":"pt_BR","og_type":"article","og_title":"Tempo Comum: Corpus Christi - O Arcanjo no ar","og_description":"Dom Edmar Peron Entre as solenidades do Senhor, durante o Tempo Comum, temos a do Sant\u00edssimo Sacramento do Corpo e do Sangue de Cristo. Tal celebra\u00e7\u00e3o tem suas ra\u00edzes na devo\u00e7\u00e3o eucar\u00edstica, muito florescente a partir do s\u00e9culo XII, que real\u00e7ava a presen\u00e7a real de Cristo no sacramento e sua adora\u00e7\u00e3o. O papa Urbano IV, [&hellip;]","og_url":"https:\/\/www.oarcanjo.net\/site\/tempo-comum-corpus-christi\/","og_site_name":"O Arcanjo no ar","article_publisher":"https:\/\/www.facebook.com\/OArcanjoNoAr\/","article_published_time":"2014-06-24T08:30:15+00:00","article_modified_time":"2014-06-23T15:35:50+00:00","og_image":[{"width":300,"height":300,"url":"https:\/\/www.oarcanjo.net\/site\/wp-content\/uploads\/logo-o-arcanjo-no-ar-facebook.png","type":"image\/png"}],"author":"editor","twitter_card":"summary_large_image","twitter_misc":{"Escrito por":"editor","Est. tempo de leitura":"3 minutos"},"schema":{"@context":"https:\/\/schema.org","@graph":[{"@type":"Article","@id":"https:\/\/www.oarcanjo.net\/site\/tempo-comum-corpus-christi\/#article","isPartOf":{"@id":"https:\/\/www.oarcanjo.net\/site\/tempo-comum-corpus-christi\/"},"author":{"name":"editor","@id":"https:\/\/www.oarcanjo.net\/site\/#\/schema\/person\/f7024d007863202483a31326673a0838"},"headline":"Tempo Comum: Corpus Christi","datePublished":"2014-06-24T08:30:15+00:00","dateModified":"2014-06-23T15:35:50+00:00","mainEntityOfPage":{"@id":"https:\/\/www.oarcanjo.net\/site\/tempo-comum-corpus-christi\/"},"wordCount":532,"commentCount":0,"publisher":{"@id":"https:\/\/www.oarcanjo.net\/site\/#organization"},"keywords":["celebra\u00e7\u00e3o","Corpus Christi","Eucaristia","Morte e ressurrei\u00e7\u00e3o de Cristo","prociss\u00e3o","Sant\u00edssimo Sacramento do Corpo e do Sangue de Cristo","testemunho"],"articleSection":["Reflex\u00f5es"],"inLanguage":"pt-BR","potentialAction":[{"@type":"CommentAction","name":"Comment","target":["https:\/\/www.oarcanjo.net\/site\/tempo-comum-corpus-christi\/#respond"]}]},{"@type":"WebPage","@id":"https:\/\/www.oarcanjo.net\/site\/tempo-comum-corpus-christi\/","url":"https:\/\/www.oarcanjo.net\/site\/tempo-comum-corpus-christi\/","name":"Tempo Comum: Corpus Christi - O Arcanjo no ar","isPartOf":{"@id":"https:\/\/www.oarcanjo.net\/site\/#website"},"datePublished":"2014-06-24T08:30:15+00:00","dateModified":"2014-06-23T15:35:50+00:00","breadcrumb":{"@id":"https:\/\/www.oarcanjo.net\/site\/tempo-comum-corpus-christi\/#breadcrumb"},"inLanguage":"pt-BR","potentialAction":[{"@type":"ReadAction","target":["https:\/\/www.oarcanjo.net\/site\/tempo-comum-corpus-christi\/"]}]},{"@type":"BreadcrumbList","@id":"https:\/\/www.oarcanjo.net\/site\/tempo-comum-corpus-christi\/#breadcrumb","itemListElement":[{"@type":"ListItem","position":1,"name":"In\u00edcio","item":"https:\/\/www.oarcanjo.net\/site\/"},{"@type":"ListItem","position":2,"name":"Tempo Comum: Corpus Christi"}]},{"@type":"WebSite","@id":"https:\/\/www.oarcanjo.net\/site\/#website","url":"https:\/\/www.oarcanjo.net\/site\/","name":"O Arcanjo no ar","description":"Site da Par\u00f3quia S\u00e3o Miguel Arcanjo (Arquidiocese de SP)","publisher":{"@id":"https:\/\/www.oarcanjo.net\/site\/#organization"},"potentialAction":[{"@type":"SearchAction","target":{"@type":"EntryPoint","urlTemplate":"https:\/\/www.oarcanjo.net\/site\/?s={search_term_string}"},"query-input":{"@type":"PropertyValueSpecification","valueRequired":true,"valueName":"search_term_string"}}],"inLanguage":"pt-BR"},{"@type":"Organization","@id":"https:\/\/www.oarcanjo.net\/site\/#organization","name":"Par\u00f3quia S\u00e3o Miguel Arcanjo","url":"https:\/\/www.oarcanjo.net\/site\/","logo":{"@type":"ImageObject","inLanguage":"pt-BR","@id":"https:\/\/www.oarcanjo.net\/site\/#\/schema\/logo\/image\/","url":"https:\/\/www.oarcanjo.net\/site\/wp-content\/uploads\/LogoOArcanjo.png","contentUrl":"https:\/\/www.oarcanjo.net\/site\/wp-content\/uploads\/LogoOArcanjo.png","width":319,"height":99,"caption":"Par\u00f3quia S\u00e3o Miguel Arcanjo"},"image":{"@id":"https:\/\/www.oarcanjo.net\/site\/#\/schema\/logo\/image\/"},"sameAs":["https:\/\/www.facebook.com\/OArcanjoNoAr\/"]},{"@type":"Person","@id":"https:\/\/www.oarcanjo.net\/site\/#\/schema\/person\/f7024d007863202483a31326673a0838","name":"editor","sameAs":["http:\/\/www.oarcanjo.net"]}]}},"publishpress_future_action":{"enabled":false,"date":"2026-05-08 18:53:26","action":"category","newStatus":"draft","terms":[],"taxonomy":"category"},"publishpress_future_workflow_manual_trigger":{"enabledWorkflows":[]},"_links":{"self":[{"href":"https:\/\/www.oarcanjo.net\/site\/wp-json\/wp\/v2\/posts\/46168"}],"collection":[{"href":"https:\/\/www.oarcanjo.net\/site\/wp-json\/wp\/v2\/posts"}],"about":[{"href":"https:\/\/www.oarcanjo.net\/site\/wp-json\/wp\/v2\/types\/post"}],"author":[{"embeddable":true,"href":"https:\/\/www.oarcanjo.net\/site\/wp-json\/wp\/v2\/users\/5"}],"replies":[{"embeddable":true,"href":"https:\/\/www.oarcanjo.net\/site\/wp-json\/wp\/v2\/comments?post=46168"}],"version-history":[{"count":0,"href":"https:\/\/www.oarcanjo.net\/site\/wp-json\/wp\/v2\/posts\/46168\/revisions"}],"wp:attachment":[{"href":"https:\/\/www.oarcanjo.net\/site\/wp-json\/wp\/v2\/media?parent=46168"}],"wp:term":[{"taxonomy":"category","embeddable":true,"href":"https:\/\/www.oarcanjo.net\/site\/wp-json\/wp\/v2\/categories?post=46168"},{"taxonomy":"post_tag","embeddable":true,"href":"https:\/\/www.oarcanjo.net\/site\/wp-json\/wp\/v2\/tags?post=46168"}],"curies":[{"name":"wp","href":"https:\/\/api.w.org\/{rel}","templated":true}]}}