
{"id":46170,"date":"2014-06-23T12:49:08","date_gmt":"2014-06-23T15:49:08","guid":{"rendered":"http:\/\/www.oarcanjo.net\/site\/?p=46170"},"modified":"2014-06-23T12:49:08","modified_gmt":"2014-06-23T15:49:08","slug":"a-medida-do-amor-de-deus-e-amar-sem-medida-disse-o-papa-durante-o-angelus","status":"publish","type":"post","link":"https:\/\/www.oarcanjo.net\/site\/a-medida-do-amor-de-deus-e-amar-sem-medida-disse-o-papa-durante-o-angelus\/","title":{"rendered":"A medida do amor de Deus \u00e9 amar sem medida, disse o Papa durante o Angelus"},"content":{"rendered":"<\/p>\n<p>Perante uma imensa multid\u00e3o de fi\u00e9is reunida na Pra\u00e7a de S. Pedro para a ora\u00e7\u00e3o mariana do Angelus Papa Francisco come\u00e7ou por recordar que a Igreja na It\u00e1lia e em muitos outros Pa\u00edses do mundo celebra neste Domingo a festa do Corpo e Sangue de Cristo e comentou o Evangelho de Jo\u00e3o que apresenta o discurso de Jesus na sinagoga de Cafarnaum sobre o \u201cp\u00e3o de vida\u201d. Jesus sublinha nas suas palavras \u2013 disse o Papa \u2013 que n\u00e3o veio a este mundo para dar alguma coisa mas para dar a si mesmo, a sua vida, como alimento para aqueles que t\u00eam fome d\u2019Ele. E explicou:<\/p>\n<p>Esta comunh\u00e3o com o Senhor empenha a n\u00f3s, seus disc\u00edpulos, a imit\u00e1-lo, fazendo da nossa exist\u00eancia um p\u00e3o partido para os outros, como o Mestre partiu o p\u00e3o que \u00e9 a sua carne.<\/p>\n<p>E todas as vezes que participamos na Missa e nos alimentamos do Corpo de Cristo, continuou o Papa Francisco, a presen\u00e7a de Jesus e do Esp\u00edrito Santo opera em n\u00f3s, molda o nosso cora\u00e7\u00e3o, e nos comunica atitudes interiores que se traduzem em comportamentos segundo o Evangelho:<\/p>\n<p>Antes de tudo, a docilidade \u00e0 Palavra de Deus, depois a fraternidade entre n\u00f3s, a coragem do testemunho crist\u00e3o, a fantasia da caridade, a capacidade de dar esperan\u00e7a aos desesperados, de acolher os exclu\u00eddos. Deste modo, a Eucaristia faz amadurecer um estilo de vida crist\u00e3. A caridade de Cristo, acolhida de cora\u00e7\u00e3o aberto, nos transforma, nos torna capazes de amar n\u00e3o segundo a medida humana, que \u00e9 limitada, mas segundo a medida de Deus, isto \u00e9, sem medida.<\/p>\n<p>Deste modo, nos tornamos capazes de amar at\u00e9 mesmo aqueles que n\u00e3o nos amam, de resistirmos ao mal com o bem, a perdoar, a partilhar, a acolher, e a nossa vida se tornam &#8220;p\u00e3o partido&#8221; para os nossos irm\u00e3os. E, vivendo assim, descobrimos a verdadeira alegria, a alegria de nos fazermos dom para os outros, em troca do grande dom que recebemos, sem o nosso m\u00e9rito.<\/p>\n<p>E o Papa concluiu dizendo que Jesus desceu do c\u00e9u e se fez carne gra\u00e7as \u00e0 f\u00e9 de Maria. Ela, depois de o ter trazido consigo com amor inef\u00e1vel, tamb\u00e9m o seguiu fielmente at\u00e9 \u00e0 Cruz e \u00e0 ressurrei\u00e7\u00e3o, convidando em seguida os fi\u00e9is a pedir a intercess\u00e3o de Maria para que a todos ajude a redescobrir a beleza da Eucaristia e a fazer dela o centro da vida.<\/p>\n<p>Depois do Angelus o Papa recordou que no pr\u00f3ximo dia 26 de Junho celebra-se o Dia das Na\u00e7\u00f5es Unidas para as V\u00edtimas da Tortura, e exprimiu a sua condena\u00e7\u00e3o por todos tipos de tortura no mundo: Por esta circunst\u00e2ncia, reitero a minha firme condena\u00e7\u00e3o de qualquer forma de tortura e convido os crist\u00e3os a empenharem-se para colaborar na sua aboli\u00e7\u00e3o e para apoiar as v\u00edtimas e os seus familiares. Torturar as pessoas \u00e9 um pecado mortal, um pecado muito grave!<\/p>\n<p>E por \u00faltimo o Papa dirigiu a sua sauda\u00e7\u00e3o a todos os presentes, romanos e peregrinos, e de modo particular, e de todos se despediu com o seu habitual \u201cBom Domingo, bom almo\u00e7o, rezai por mim, \u2026 e arrivederci!\u201d<\/p>\n<p><em>Fonte: News.Va<\/em><\/p>\n<div id=\"themify_builder_content-46170\" data-postid=\"46170\" class=\"themify_builder_content themify_builder_content-46170 themify_builder themify_builder_front\">\n\t<\/div>\n<!-- \/themify_builder_content -->","protected":false},"excerpt":{"rendered":"<p>Perante uma imensa multid\u00e3o de fi\u00e9is reunida na Pra\u00e7a de S. Pedro para a ora\u00e7\u00e3o mariana do Angelus Papa Francisco come\u00e7ou por recordar que a Igreja na It\u00e1lia e em muitos outros Pa\u00edses do mundo celebra neste Domingo a festa do Corpo e Sangue de Cristo e comentou o Evangelho de Jo\u00e3o que apresenta o [&hellip;]<\/p>\n","protected":false},"author":5,"featured_media":0,"comment_status":"open","ping_status":"open","sticky":false,"template":"","format":"standard","meta":{"ngg_post_thumbnail":0,"footnotes":""},"categories":[8],"tags":[2264,818,2433,738],"yoast_head":"<!-- This site is optimized with the Yoast SEO plugin v23.5 - https:\/\/yoast.com\/wordpress\/plugins\/seo\/ -->\n<title>A medida do amor de Deus \u00e9 amar sem medida, disse o Papa durante o Angelus - O Arcanjo no ar<\/title>\n<meta name=\"robots\" content=\"index, follow, max-snippet:-1, max-image-preview:large, max-video-preview:-1\" \/>\n<link rel=\"canonical\" href=\"https:\/\/www.oarcanjo.net\/site\/a-medida-do-amor-de-deus-e-amar-sem-medida-disse-o-papa-durante-o-angelus\/\" \/>\n<meta property=\"og:locale\" content=\"pt_BR\" \/>\n<meta property=\"og:type\" content=\"article\" \/>\n<meta property=\"og:title\" content=\"A medida do amor de Deus \u00e9 amar sem medida, disse o Papa durante o Angelus - O Arcanjo no ar\" \/>\n<meta property=\"og:description\" content=\"Perante uma imensa multid\u00e3o de fi\u00e9is reunida na Pra\u00e7a de S. Pedro para a ora\u00e7\u00e3o mariana do Angelus Papa Francisco come\u00e7ou por recordar que a Igreja na It\u00e1lia e em muitos outros Pa\u00edses do mundo celebra neste Domingo a festa do Corpo e Sangue de Cristo e comentou o Evangelho de Jo\u00e3o que apresenta o [&hellip;]\" \/>\n<meta property=\"og:url\" content=\"https:\/\/www.oarcanjo.net\/site\/a-medida-do-amor-de-deus-e-amar-sem-medida-disse-o-papa-durante-o-angelus\/\" \/>\n<meta property=\"og:site_name\" content=\"O Arcanjo no ar\" \/>\n<meta property=\"article:publisher\" content=\"https:\/\/www.facebook.com\/OArcanjoNoAr\/\" \/>\n<meta property=\"article:published_time\" content=\"2014-06-23T15:49:08+00:00\" \/>\n<meta property=\"og:image\" content=\"https:\/\/www.oarcanjo.net\/site\/wp-content\/uploads\/logo-o-arcanjo-no-ar-facebook.png\" \/>\n\t<meta property=\"og:image:width\" content=\"300\" \/>\n\t<meta property=\"og:image:height\" content=\"300\" \/>\n\t<meta property=\"og:image:type\" content=\"image\/png\" \/>\n<meta name=\"author\" content=\"editor\" \/>\n<meta name=\"twitter:card\" content=\"summary_large_image\" \/>\n<meta name=\"twitter:label1\" content=\"Escrito por\" \/>\n\t<meta name=\"twitter:data1\" content=\"editor\" \/>\n\t<meta name=\"twitter:label2\" content=\"Est. tempo de leitura\" \/>\n\t<meta name=\"twitter:data2\" content=\"3 minutos\" \/>\n<script type=\"application\/ld+json\" class=\"yoast-schema-graph\">{\"@context\":\"https:\/\/schema.org\",\"@graph\":[{\"@type\":\"Article\",\"@id\":\"https:\/\/www.oarcanjo.net\/site\/a-medida-do-amor-de-deus-e-amar-sem-medida-disse-o-papa-durante-o-angelus\/#article\",\"isPartOf\":{\"@id\":\"https:\/\/www.oarcanjo.net\/site\/a-medida-do-amor-de-deus-e-amar-sem-medida-disse-o-papa-durante-o-angelus\/\"},\"author\":{\"name\":\"editor\",\"@id\":\"https:\/\/www.oarcanjo.net\/site\/#\/schema\/person\/f7024d007863202483a31326673a0838\"},\"headline\":\"A medida do amor de Deus \u00e9 amar sem medida, disse o Papa durante o Angelus\",\"datePublished\":\"2014-06-23T15:49:08+00:00\",\"dateModified\":\"2014-06-23T15:49:08+00:00\",\"mainEntityOfPage\":{\"@id\":\"https:\/\/www.oarcanjo.net\/site\/a-medida-do-amor-de-deus-e-amar-sem-medida-disse-o-papa-durante-o-angelus\/\"},\"wordCount\":575,\"commentCount\":0,\"publisher\":{\"@id\":\"https:\/\/www.oarcanjo.net\/site\/#organization\"},\"keywords\":[\"Angelus\",\"corpo de Cristo\",\"Papa Francisco\",\"tortura\"],\"articleSection\":[\"Not\u00edcias\"],\"inLanguage\":\"pt-BR\",\"potentialAction\":[{\"@type\":\"CommentAction\",\"name\":\"Comment\",\"target\":[\"https:\/\/www.oarcanjo.net\/site\/a-medida-do-amor-de-deus-e-amar-sem-medida-disse-o-papa-durante-o-angelus\/#respond\"]}]},{\"@type\":\"WebPage\",\"@id\":\"https:\/\/www.oarcanjo.net\/site\/a-medida-do-amor-de-deus-e-amar-sem-medida-disse-o-papa-durante-o-angelus\/\",\"url\":\"https:\/\/www.oarcanjo.net\/site\/a-medida-do-amor-de-deus-e-amar-sem-medida-disse-o-papa-durante-o-angelus\/\",\"name\":\"A medida do amor de Deus \u00e9 amar sem medida, disse o Papa durante o Angelus - O Arcanjo no ar\",\"isPartOf\":{\"@id\":\"https:\/\/www.oarcanjo.net\/site\/#website\"},\"datePublished\":\"2014-06-23T15:49:08+00:00\",\"dateModified\":\"2014-06-23T15:49:08+00:00\",\"breadcrumb\":{\"@id\":\"https:\/\/www.oarcanjo.net\/site\/a-medida-do-amor-de-deus-e-amar-sem-medida-disse-o-papa-durante-o-angelus\/#breadcrumb\"},\"inLanguage\":\"pt-BR\",\"potentialAction\":[{\"@type\":\"ReadAction\",\"target\":[\"https:\/\/www.oarcanjo.net\/site\/a-medida-do-amor-de-deus-e-amar-sem-medida-disse-o-papa-durante-o-angelus\/\"]}]},{\"@type\":\"BreadcrumbList\",\"@id\":\"https:\/\/www.oarcanjo.net\/site\/a-medida-do-amor-de-deus-e-amar-sem-medida-disse-o-papa-durante-o-angelus\/#breadcrumb\",\"itemListElement\":[{\"@type\":\"ListItem\",\"position\":1,\"name\":\"In\u00edcio\",\"item\":\"https:\/\/www.oarcanjo.net\/site\/\"},{\"@type\":\"ListItem\",\"position\":2,\"name\":\"A medida do amor de Deus \u00e9 amar sem medida, disse o Papa durante o Angelus\"}]},{\"@type\":\"WebSite\",\"@id\":\"https:\/\/www.oarcanjo.net\/site\/#website\",\"url\":\"https:\/\/www.oarcanjo.net\/site\/\",\"name\":\"O Arcanjo no ar\",\"description\":\"Site da Par\u00f3quia S\u00e3o Miguel Arcanjo (Arquidiocese de SP)\",\"publisher\":{\"@id\":\"https:\/\/www.oarcanjo.net\/site\/#organization\"},\"potentialAction\":[{\"@type\":\"SearchAction\",\"target\":{\"@type\":\"EntryPoint\",\"urlTemplate\":\"https:\/\/www.oarcanjo.net\/site\/?s={search_term_string}\"},\"query-input\":{\"@type\":\"PropertyValueSpecification\",\"valueRequired\":true,\"valueName\":\"search_term_string\"}}],\"inLanguage\":\"pt-BR\"},{\"@type\":\"Organization\",\"@id\":\"https:\/\/www.oarcanjo.net\/site\/#organization\",\"name\":\"Par\u00f3quia S\u00e3o Miguel Arcanjo\",\"url\":\"https:\/\/www.oarcanjo.net\/site\/\",\"logo\":{\"@type\":\"ImageObject\",\"inLanguage\":\"pt-BR\",\"@id\":\"https:\/\/www.oarcanjo.net\/site\/#\/schema\/logo\/image\/\",\"url\":\"https:\/\/www.oarcanjo.net\/site\/wp-content\/uploads\/LogoOArcanjo.png\",\"contentUrl\":\"https:\/\/www.oarcanjo.net\/site\/wp-content\/uploads\/LogoOArcanjo.png\",\"width\":319,\"height\":99,\"caption\":\"Par\u00f3quia S\u00e3o Miguel Arcanjo\"},\"image\":{\"@id\":\"https:\/\/www.oarcanjo.net\/site\/#\/schema\/logo\/image\/\"},\"sameAs\":[\"https:\/\/www.facebook.com\/OArcanjoNoAr\/\"]},{\"@type\":\"Person\",\"@id\":\"https:\/\/www.oarcanjo.net\/site\/#\/schema\/person\/f7024d007863202483a31326673a0838\",\"name\":\"editor\",\"sameAs\":[\"http:\/\/www.oarcanjo.net\"]}]}<\/script>\n<!-- \/ Yoast SEO plugin. -->","yoast_head_json":{"title":"A medida do amor de Deus \u00e9 amar sem medida, disse o Papa durante o Angelus - O Arcanjo no ar","robots":{"index":"index","follow":"follow","max-snippet":"max-snippet:-1","max-image-preview":"max-image-preview:large","max-video-preview":"max-video-preview:-1"},"canonical":"https:\/\/www.oarcanjo.net\/site\/a-medida-do-amor-de-deus-e-amar-sem-medida-disse-o-papa-durante-o-angelus\/","og_locale":"pt_BR","og_type":"article","og_title":"A medida do amor de Deus \u00e9 amar sem medida, disse o Papa durante o Angelus - O Arcanjo no ar","og_description":"Perante uma imensa multid\u00e3o de fi\u00e9is reunida na Pra\u00e7a de S. Pedro para a ora\u00e7\u00e3o mariana do Angelus Papa Francisco come\u00e7ou por recordar que a Igreja na It\u00e1lia e em muitos outros Pa\u00edses do mundo celebra neste Domingo a festa do Corpo e Sangue de Cristo e comentou o Evangelho de Jo\u00e3o que apresenta o [&hellip;]","og_url":"https:\/\/www.oarcanjo.net\/site\/a-medida-do-amor-de-deus-e-amar-sem-medida-disse-o-papa-durante-o-angelus\/","og_site_name":"O Arcanjo no ar","article_publisher":"https:\/\/www.facebook.com\/OArcanjoNoAr\/","article_published_time":"2014-06-23T15:49:08+00:00","og_image":[{"width":300,"height":300,"url":"https:\/\/www.oarcanjo.net\/site\/wp-content\/uploads\/logo-o-arcanjo-no-ar-facebook.png","type":"image\/png"}],"author":"editor","twitter_card":"summary_large_image","twitter_misc":{"Escrito por":"editor","Est. tempo de leitura":"3 minutos"},"schema":{"@context":"https:\/\/schema.org","@graph":[{"@type":"Article","@id":"https:\/\/www.oarcanjo.net\/site\/a-medida-do-amor-de-deus-e-amar-sem-medida-disse-o-papa-durante-o-angelus\/#article","isPartOf":{"@id":"https:\/\/www.oarcanjo.net\/site\/a-medida-do-amor-de-deus-e-amar-sem-medida-disse-o-papa-durante-o-angelus\/"},"author":{"name":"editor","@id":"https:\/\/www.oarcanjo.net\/site\/#\/schema\/person\/f7024d007863202483a31326673a0838"},"headline":"A medida do amor de Deus \u00e9 amar sem medida, disse o Papa durante o Angelus","datePublished":"2014-06-23T15:49:08+00:00","dateModified":"2014-06-23T15:49:08+00:00","mainEntityOfPage":{"@id":"https:\/\/www.oarcanjo.net\/site\/a-medida-do-amor-de-deus-e-amar-sem-medida-disse-o-papa-durante-o-angelus\/"},"wordCount":575,"commentCount":0,"publisher":{"@id":"https:\/\/www.oarcanjo.net\/site\/#organization"},"keywords":["Angelus","corpo de Cristo","Papa Francisco","tortura"],"articleSection":["Not\u00edcias"],"inLanguage":"pt-BR","potentialAction":[{"@type":"CommentAction","name":"Comment","target":["https:\/\/www.oarcanjo.net\/site\/a-medida-do-amor-de-deus-e-amar-sem-medida-disse-o-papa-durante-o-angelus\/#respond"]}]},{"@type":"WebPage","@id":"https:\/\/www.oarcanjo.net\/site\/a-medida-do-amor-de-deus-e-amar-sem-medida-disse-o-papa-durante-o-angelus\/","url":"https:\/\/www.oarcanjo.net\/site\/a-medida-do-amor-de-deus-e-amar-sem-medida-disse-o-papa-durante-o-angelus\/","name":"A medida do amor de Deus \u00e9 amar sem medida, disse o Papa durante o Angelus - O Arcanjo no ar","isPartOf":{"@id":"https:\/\/www.oarcanjo.net\/site\/#website"},"datePublished":"2014-06-23T15:49:08+00:00","dateModified":"2014-06-23T15:49:08+00:00","breadcrumb":{"@id":"https:\/\/www.oarcanjo.net\/site\/a-medida-do-amor-de-deus-e-amar-sem-medida-disse-o-papa-durante-o-angelus\/#breadcrumb"},"inLanguage":"pt-BR","potentialAction":[{"@type":"ReadAction","target":["https:\/\/www.oarcanjo.net\/site\/a-medida-do-amor-de-deus-e-amar-sem-medida-disse-o-papa-durante-o-angelus\/"]}]},{"@type":"BreadcrumbList","@id":"https:\/\/www.oarcanjo.net\/site\/a-medida-do-amor-de-deus-e-amar-sem-medida-disse-o-papa-durante-o-angelus\/#breadcrumb","itemListElement":[{"@type":"ListItem","position":1,"name":"In\u00edcio","item":"https:\/\/www.oarcanjo.net\/site\/"},{"@type":"ListItem","position":2,"name":"A medida do amor de Deus \u00e9 amar sem medida, disse o Papa durante o Angelus"}]},{"@type":"WebSite","@id":"https:\/\/www.oarcanjo.net\/site\/#website","url":"https:\/\/www.oarcanjo.net\/site\/","name":"O Arcanjo no ar","description":"Site da Par\u00f3quia S\u00e3o Miguel Arcanjo (Arquidiocese de SP)","publisher":{"@id":"https:\/\/www.oarcanjo.net\/site\/#organization"},"potentialAction":[{"@type":"SearchAction","target":{"@type":"EntryPoint","urlTemplate":"https:\/\/www.oarcanjo.net\/site\/?s={search_term_string}"},"query-input":{"@type":"PropertyValueSpecification","valueRequired":true,"valueName":"search_term_string"}}],"inLanguage":"pt-BR"},{"@type":"Organization","@id":"https:\/\/www.oarcanjo.net\/site\/#organization","name":"Par\u00f3quia S\u00e3o Miguel Arcanjo","url":"https:\/\/www.oarcanjo.net\/site\/","logo":{"@type":"ImageObject","inLanguage":"pt-BR","@id":"https:\/\/www.oarcanjo.net\/site\/#\/schema\/logo\/image\/","url":"https:\/\/www.oarcanjo.net\/site\/wp-content\/uploads\/LogoOArcanjo.png","contentUrl":"https:\/\/www.oarcanjo.net\/site\/wp-content\/uploads\/LogoOArcanjo.png","width":319,"height":99,"caption":"Par\u00f3quia S\u00e3o Miguel Arcanjo"},"image":{"@id":"https:\/\/www.oarcanjo.net\/site\/#\/schema\/logo\/image\/"},"sameAs":["https:\/\/www.facebook.com\/OArcanjoNoAr\/"]},{"@type":"Person","@id":"https:\/\/www.oarcanjo.net\/site\/#\/schema\/person\/f7024d007863202483a31326673a0838","name":"editor","sameAs":["http:\/\/www.oarcanjo.net"]}]}},"publishpress_future_action":{"enabled":false,"date":"2026-05-10 05:10:55","action":"category","newStatus":"draft","terms":[],"taxonomy":"category"},"publishpress_future_workflow_manual_trigger":{"enabledWorkflows":[]},"_links":{"self":[{"href":"https:\/\/www.oarcanjo.net\/site\/wp-json\/wp\/v2\/posts\/46170"}],"collection":[{"href":"https:\/\/www.oarcanjo.net\/site\/wp-json\/wp\/v2\/posts"}],"about":[{"href":"https:\/\/www.oarcanjo.net\/site\/wp-json\/wp\/v2\/types\/post"}],"author":[{"embeddable":true,"href":"https:\/\/www.oarcanjo.net\/site\/wp-json\/wp\/v2\/users\/5"}],"replies":[{"embeddable":true,"href":"https:\/\/www.oarcanjo.net\/site\/wp-json\/wp\/v2\/comments?post=46170"}],"version-history":[{"count":0,"href":"https:\/\/www.oarcanjo.net\/site\/wp-json\/wp\/v2\/posts\/46170\/revisions"}],"wp:attachment":[{"href":"https:\/\/www.oarcanjo.net\/site\/wp-json\/wp\/v2\/media?parent=46170"}],"wp:term":[{"taxonomy":"category","embeddable":true,"href":"https:\/\/www.oarcanjo.net\/site\/wp-json\/wp\/v2\/categories?post=46170"},{"taxonomy":"post_tag","embeddable":true,"href":"https:\/\/www.oarcanjo.net\/site\/wp-json\/wp\/v2\/tags?post=46170"}],"curies":[{"name":"wp","href":"https:\/\/api.w.org\/{rel}","templated":true}]}}