
{"id":4618,"date":"2009-07-31T03:49:47","date_gmt":"2009-07-31T06:49:47","guid":{"rendered":"http:\/\/www.oarcanjo.net\/site\/?p=4618"},"modified":"2009-08-07T03:50:21","modified_gmt":"2009-08-07T06:50:21","slug":"um-sinal-chamado-intereclesial-das-cebs","status":"publish","type":"post","link":"https:\/\/www.oarcanjo.net\/site\/um-sinal-chamado-intereclesial-das-cebs\/","title":{"rendered":"Um sinal chamado Intereclesial das Cebs"},"content":{"rendered":"<p>Paulo S\u00e9rgio Vaillant *<br \/>\nFonte: Adital<\/p>\n<p>O cotidiano de uma pessoa de f\u00e9 \u00e9 sempre prenhe de &#8220;sinais&#8221;. A maioria destes sinais \u00e9 muito sutil e quase invis\u00edvel a olho nu. No entanto, o XII Intereclesial das CEBs, celebrado recentemente em Porto Velho-RO, de 21 a 25 de julho 2009, foi, sem sombra de d\u00favidas, um evidente &#8220;sinal do Reino de Deus&#8221;.<\/p>\n<p>Este &#8220;sinal chamado intereclesial das CEBs&#8221; abundou em manifesta\u00e7\u00f5es simb\u00f3licas vis\u00edveis, tais como: f\u00e9, indigna\u00e7\u00e3o e esperan\u00e7a; acolhimento-fraternidade-solidariedade e cuidado; servi\u00e7o-justi\u00e7a-participa\u00e7\u00e3o e profecia; ecumenismo-comunh\u00e3o-respeito-unidade-sinergia e bem querer; festa-criatividade e alegria; miss\u00e3o-luta-testemunho e mart\u00edrio; mem\u00f3ria-sonhos e utopias. E, parafraseando Jesus Cristo e o ap\u00f3stolo Paulo, podemos dizer que de todos os sinais a\u00ed vivenciados, o maior deles \u00e9 o &#8220;AMOR&#8221;.<\/p>\n<p>Utilizando uma met\u00e1fora criada por Leonardo Boff, podemos dizer que as CEBs na Am\u00e9rica Latina e, particularmente no Brasil, s\u00e3o como &#8220;brasa sob cinzas&#8221;, que necessitam apenas de um sopro para que possam incendiar cora\u00e7\u00f5es capazes de revitalizar a Igreja, para que ela seja sempre mais, o que ela tem como miss\u00e3o primeira de ser: &#8220;sinal do Reino de Deus no mundo&#8221;. Neste sentido, podemos dizer, sem sombra de erro, que este XII Intereclesial significou um verdadeiro &#8220;sopro do Esp\u00edrito&#8221;, sobre esta camada de cinzas polu\u00eddas e poluentes que insistem em tomar conta de nosso planeta e de nossas igrejas.<\/p>\n<p>\u00c9 preciso acreditar na for\u00e7a dos pequenos e dos pobres, nos recordava o irm\u00e3o Moacyr Grechi, bispo anfitri\u00e3o deste 12\u00ba Encontro Intereclesial das CEBs, em sua sauda\u00e7\u00e3o de acolhida e abertura, citando um pensamento prof\u00e9tico africano que diz: &#8220;Gente simples, fazendo coisas pequenas, em lugares pouco importantes consegue mudan\u00e7as extraordin\u00e1rias&#8221;. Talvez, seja esta uma das mais pertinentes e exatas defini\u00e7\u00f5es de CEBs j\u00e1 elaboradas at\u00e9 os dias de hoje.<\/p>\n<p>Durante todo o encontro muita gente comentava sobre este pensamento. O pr\u00f3prio Dom Moacyr, surpreendeu-se no momento da b\u00ean\u00e7\u00e3o de envio e despedida, interrompendo-a e dizendo: &#8220;agora mesmo me dou conta ao dizer: \u2018viva esta b\u00ean\u00e7\u00e3o de Deus em vossas \u2018pequenas\u2019 comunidades&#8221;; &#8220;a salva\u00e7\u00e3o vem dos pequenos&#8221; e seguiu com um sorriso feliz emocionado, cruzando o tr\u00edplice Sinal da Cruz, sobre uma multid\u00e3o tamb\u00e9m comovida e contente.<\/p>\n<p>Diversas foram as imagens que rondaram minha mem\u00f3ria e meu cora\u00e7\u00e3o ap\u00f3s o longo v\u00f4o de quase 5.000 Km entre o Norte e o Sudeste onde vivo. A primeira imagem \u00e9 a do carinho, cuidado e confian\u00e7a de Yavh\u00e9 pelo &#8220;resto de Israel&#8221;; A segunda a do &#8220;pobre de Yavh\u00e9&#8221; que fala Isa\u00edas; A terceira foi aquela da emo\u00e7\u00e3o e alegria de Jesus Cristo no retorno da miss\u00e3o mission\u00e1ria dos 72 disc\u00edpulos\/as quando Ele disse: &#8220;Eu te dou gra\u00e7as \u00f3 Pai, porque ocultastes estas coisas aos s\u00e1bios e inteligentes e a revelastes aos pequeninos&#8221;. Outra \u00e9 aquela do serm\u00e3o das Bem-aventuran\u00e7as: &#8220;Bem Aventurados os pobres, os que t\u00eam fome, os que choram, os odiados, os rejeitados, os insultados&#8221;.  Por fim, no epis\u00f3dio narrado no Evangelho da liturgia de encerramento do XII Intereclesial que diz ter sido &#8220;um menino&#8221; que deu tudo que tinha para comer a Jesus Cristo, para que fosse repartido com todos (Jo 6, 1-15). O resultado n\u00f3s j\u00e1 o conhecemos, foi o sinal da solidariedade. Falta-nos apenas crer verdadeiramente no significado deste &#8220;sinal&#8221; que, de certa forma foi experimentado durante este Encontro em Porto Velho, como outrora, tamb\u00e9m por umas &#8220;5.000 pessoas&#8221;. <\/p>\n<p>\u00c9ramos 3.010 delegados assim distribu\u00eddos: 2.174 leigas\/os (1.234 mulheres e 940 homens), 331 presb\u00edteros, 197 religiosas, 41 religiosos irm\u00e3os, 56 bispos cat\u00f3licos, dentre os quais 01 da Igreja Episcopal Anglicana do Brasil, 38 paj\u00e9s, 01 pastora Luterana, 02 pais de Santo, 01 pastor evang\u00e9lico japon\u00eas, 01 rabino Judeu e 01 l\u00edder mul\u00e7umano. Estavam presentes povos de 38 na\u00e7\u00f5es ind\u00edgenas, 10 pa\u00edses Latinoamericanos e Caribenhos, 05 pa\u00edses Europeus, 01 Africano, 01 Estado Unidence e 01 Asi\u00e1tico. A presen\u00e7a da juventude organizada foi muito expressiva. No entanto, al\u00e9m de muitas lideran\u00e7as convidadas, estavam tamb\u00e9m centenas de volunt\u00e1rios organizados em dezenas de equipes de servi\u00e7os e centenas de fam\u00edlias acolhedoras que nos hospedaram com tanto carinho. Tudo gratuitamente. Isso por si s\u00f3, \u00e9 tamb\u00e9m um &#8220;sinal&#8221; evidente do Reino de Deus. <\/p>\n<p>Outro sinal forte e evidente neste encontro \u00e9 a pr\u00f3pria Amaz\u00f4nia, com tudo que ela significa e representa hoje para a humanidade. Para muitos, a Amaz\u00f4nia representa o &#8220;pulm\u00e3o do planeta&#8221;, para outros o &#8220;cora\u00e7\u00e3o&#8221;. Para as CEBs ela representa o &#8220;Ventre&#8221; donde vem a vida verdadeira. Ela pode ser associada \u00e0s palavras do Ap\u00f3stolo Paulo na carta aos romanos quando diz: &#8220;A terra geme e sofre como uma mulher em dores de parto&#8221;.<\/p>\n<p>Numerosos s\u00e3o os &#8220;gritos&#8221; quem vem da Amaz\u00f4nia e ecoam em nossos cora\u00e7\u00f5es e mentes, como indigna\u00e7\u00e3o por tanto sofrimento, descaso e explora\u00e7\u00e3o nociva e mercantil, que relativiza sua exuberante e vital fun\u00e7\u00e3o e beleza. Um exemplo s\u00e3o os grandes projetos desenvolvimentistas implementados na Amaz\u00f4nia que inclui hidrel\u00e9tricas, estradas, portos, aeroportos e priorizam o Agro-neg\u00f3cio de monoculturas para exporta\u00e7\u00e3o em detrimento da agricultura familiar e das culturas milenares dos povos da floresta, dos ribeirinhos e camponeses.<\/p>\n<p>Este grito \u00e9 um grito simb\u00f3lico, mas tamb\u00e9m real!<\/p>\n<p>Gritam os povos ind\u00edgenas que exigem demarca\u00e7\u00e3o e homologa\u00e7\u00e3o de suas terras, sossego e respeito para que possam viver em paz e preservando sua cultura. <\/p>\n<p>Gritam os povos ribeirinhos h\u00e1 tanto tempo atormentados por pescadores predadores comerciantes e agora amea\u00e7ados pelos grandes projetos acima citados. <\/p>\n<p>Gritam os seringueiros que ainda vivem em situa\u00e7\u00e3o de semi-escravid\u00e3o e que necessitam da floresta de p\u00e9 para que possam viver. <\/p>\n<p>Gritam tamb\u00e9m os povos marginalizados urbanos que s\u00e3o maioria em nossas grandes e m\u00e9dias cidades e que aumentam cada dia mais, como conseq\u00fc\u00eancia de uma pol\u00edtica industrial que resiste em fazer uma verdadeira Reforma Agr\u00e1ria e Agr\u00edcola neste querido continente Latino Americano e Caribenho. <\/p>\n<p>Estes gritos que vem da Amaz\u00f4nia, ecoam no cora\u00e7\u00e3o das CEBs de todo o Brasil e no cora\u00e7\u00e3o de todas as pessoas, movimentos e institui\u00e7\u00f5es que acreditam na for\u00e7a da f\u00e9 e na capacidade humanista de todo ser verdadeiramente humano em todo o planeta. S\u00e3o gritos indignados que provocam indigna\u00e7\u00e3o e nos levam a encarn\u00e1-los em lutas concretas de justi\u00e7a comprometidas com a constru\u00e7\u00e3o de outros mundos poss\u00edveis, fundados na justi\u00e7a e na solidariedade, tendo nas CEBs um lugar privilegiado para fecundar, crescer e produzir abundantes e saborosos frutos.<\/p>\n<p>Regressamos da Amaz\u00f4nia, conscientes e sensibilizados\/as pelo &#8220;grito que vem do ventre da terra&#8221; e confirmados\/as no e pelo &#8220;Caminho&#8221;. Nossa miss\u00e3o \u00e9 a mesma de Jesus Cristo: salvar integralmente da Vida criada por Deus Pai e santificada pelo Esp\u00edrito Santo. Defend\u00ea-la sempre onde h\u00e1 maior perigo e dor.<\/p>\n<p>Aos poucos cresce nossa consci\u00eancia humana e crist\u00e3, de que somos parte de um todo e de um mesmo corpo vivo chamado planeta terra, que tamb\u00e9m poderia ser chamado de &#8220;planeta \u00e1gua&#8221;. Neste sentido, nosso compromisso s\u00f3cio-pastoral, como disc\u00edpulos\/as mission\u00e1rios\/as de Jesus Cristo, nas Comunidades Eclesiais de Base, deve ser, a partir de agora, um compromisso &#8220;ecologicamente correto e sustent\u00e1vel&#8221; em todas as nossas a\u00e7\u00f5es pessoais e\/ou institucionais. <\/p>\n<p>Que as CEBs possam, cada dia mais, incluir em sua miss\u00e3o, o cuidado com o meio ambiente de forma integral. O irm\u00e3o e te\u00f3logo Leonardo Boff chegou a sugerir que as CEBs possam ser, al\u00e9m de &#8220;comunidades eclesiais de base&#8221;, &#8220;comunidades ecol\u00f3gicas de base&#8221; nesta incans\u00e1vel luta pela vida verdadeira. Fiquei ainda pensando: \u2018oxal\u00e1, sejamos tamb\u00e9m, comunidades ecum\u00eanicas de base\u2019. Basta de divis\u00f5es, superemos nossas divis\u00f5es, cultivemos a toler\u00e2ncia e construamos a unidade na diversidade. <\/p>\n<div id=\"themify_builder_content-4618\" data-postid=\"4618\" class=\"themify_builder_content themify_builder_content-4618 themify_builder themify_builder_front\">\n\t<\/div>\n<!-- \/themify_builder_content -->","protected":false},"excerpt":{"rendered":"<p>Paulo S\u00e9rgio Vaillant * Fonte: Adital O cotidiano de uma pessoa de f\u00e9 \u00e9 sempre prenhe de &#8220;sinais&#8221;. A maioria destes sinais \u00e9 muito sutil e quase invis\u00edvel a olho nu. No entanto, o XII Intereclesial das CEBs, celebrado recentemente em Porto Velho-RO, de 21 a 25 de julho 2009, foi, sem sombra de d\u00favidas, [&hellip;]<\/p>\n","protected":false},"author":5,"featured_media":0,"comment_status":"open","ping_status":"open","sticky":false,"template":"","format":"standard","meta":{"ngg_post_thumbnail":0,"footnotes":""},"categories":[8],"tags":[969],"yoast_head":"<!-- This site is optimized with the Yoast SEO plugin v23.5 - https:\/\/yoast.com\/wordpress\/plugins\/seo\/ -->\n<title>Um sinal chamado Intereclesial das Cebs - O Arcanjo no ar<\/title>\n<meta name=\"robots\" content=\"index, follow, max-snippet:-1, max-image-preview:large, max-video-preview:-1\" \/>\n<link rel=\"canonical\" href=\"https:\/\/www.oarcanjo.net\/site\/um-sinal-chamado-intereclesial-das-cebs\/\" \/>\n<meta property=\"og:locale\" content=\"pt_BR\" \/>\n<meta property=\"og:type\" content=\"article\" \/>\n<meta property=\"og:title\" content=\"Um sinal chamado Intereclesial das Cebs - O Arcanjo no ar\" \/>\n<meta property=\"og:description\" content=\"Paulo S\u00e9rgio Vaillant * Fonte: Adital O cotidiano de uma pessoa de f\u00e9 \u00e9 sempre prenhe de &#8220;sinais&#8221;. A maioria destes sinais \u00e9 muito sutil e quase invis\u00edvel a olho nu. No entanto, o XII Intereclesial das CEBs, celebrado recentemente em Porto Velho-RO, de 21 a 25 de julho 2009, foi, sem sombra de d\u00favidas, [&hellip;]\" \/>\n<meta property=\"og:url\" content=\"https:\/\/www.oarcanjo.net\/site\/um-sinal-chamado-intereclesial-das-cebs\/\" \/>\n<meta property=\"og:site_name\" content=\"O Arcanjo no ar\" \/>\n<meta property=\"article:publisher\" content=\"https:\/\/www.facebook.com\/OArcanjoNoAr\/\" \/>\n<meta property=\"article:published_time\" content=\"2009-07-31T06:49:47+00:00\" \/>\n<meta property=\"article:modified_time\" content=\"2009-08-07T06:50:21+00:00\" \/>\n<meta property=\"og:image\" content=\"https:\/\/www.oarcanjo.net\/site\/wp-content\/uploads\/logo-o-arcanjo-no-ar-facebook.png\" \/>\n\t<meta property=\"og:image:width\" content=\"300\" \/>\n\t<meta property=\"og:image:height\" content=\"300\" \/>\n\t<meta property=\"og:image:type\" content=\"image\/png\" \/>\n<meta name=\"author\" content=\"editor\" \/>\n<meta name=\"twitter:card\" content=\"summary_large_image\" \/>\n<meta name=\"twitter:label1\" content=\"Escrito por\" \/>\n\t<meta name=\"twitter:data1\" content=\"editor\" \/>\n\t<meta name=\"twitter:label2\" content=\"Est. tempo de leitura\" \/>\n\t<meta name=\"twitter:data2\" content=\"7 minutos\" \/>\n<script type=\"application\/ld+json\" class=\"yoast-schema-graph\">{\"@context\":\"https:\/\/schema.org\",\"@graph\":[{\"@type\":\"Article\",\"@id\":\"https:\/\/www.oarcanjo.net\/site\/um-sinal-chamado-intereclesial-das-cebs\/#article\",\"isPartOf\":{\"@id\":\"https:\/\/www.oarcanjo.net\/site\/um-sinal-chamado-intereclesial-das-cebs\/\"},\"author\":{\"name\":\"editor\",\"@id\":\"https:\/\/www.oarcanjo.net\/site\/#\/schema\/person\/f7024d007863202483a31326673a0838\"},\"headline\":\"Um sinal chamado Intereclesial das Cebs\",\"datePublished\":\"2009-07-31T06:49:47+00:00\",\"dateModified\":\"2009-08-07T06:50:21+00:00\",\"mainEntityOfPage\":{\"@id\":\"https:\/\/www.oarcanjo.net\/site\/um-sinal-chamado-intereclesial-das-cebs\/\"},\"wordCount\":1348,\"commentCount\":0,\"publisher\":{\"@id\":\"https:\/\/www.oarcanjo.net\/site\/#organization\"},\"keywords\":[\"Intereclesial das CEBs\"],\"articleSection\":[\"Not\u00edcias\"],\"inLanguage\":\"pt-BR\",\"potentialAction\":[{\"@type\":\"CommentAction\",\"name\":\"Comment\",\"target\":[\"https:\/\/www.oarcanjo.net\/site\/um-sinal-chamado-intereclesial-das-cebs\/#respond\"]}]},{\"@type\":\"WebPage\",\"@id\":\"https:\/\/www.oarcanjo.net\/site\/um-sinal-chamado-intereclesial-das-cebs\/\",\"url\":\"https:\/\/www.oarcanjo.net\/site\/um-sinal-chamado-intereclesial-das-cebs\/\",\"name\":\"Um sinal chamado Intereclesial das Cebs - O Arcanjo no ar\",\"isPartOf\":{\"@id\":\"https:\/\/www.oarcanjo.net\/site\/#website\"},\"datePublished\":\"2009-07-31T06:49:47+00:00\",\"dateModified\":\"2009-08-07T06:50:21+00:00\",\"breadcrumb\":{\"@id\":\"https:\/\/www.oarcanjo.net\/site\/um-sinal-chamado-intereclesial-das-cebs\/#breadcrumb\"},\"inLanguage\":\"pt-BR\",\"potentialAction\":[{\"@type\":\"ReadAction\",\"target\":[\"https:\/\/www.oarcanjo.net\/site\/um-sinal-chamado-intereclesial-das-cebs\/\"]}]},{\"@type\":\"BreadcrumbList\",\"@id\":\"https:\/\/www.oarcanjo.net\/site\/um-sinal-chamado-intereclesial-das-cebs\/#breadcrumb\",\"itemListElement\":[{\"@type\":\"ListItem\",\"position\":1,\"name\":\"In\u00edcio\",\"item\":\"https:\/\/www.oarcanjo.net\/site\/\"},{\"@type\":\"ListItem\",\"position\":2,\"name\":\"Um sinal chamado Intereclesial das Cebs\"}]},{\"@type\":\"WebSite\",\"@id\":\"https:\/\/www.oarcanjo.net\/site\/#website\",\"url\":\"https:\/\/www.oarcanjo.net\/site\/\",\"name\":\"O Arcanjo no ar\",\"description\":\"Site da Par\u00f3quia S\u00e3o Miguel Arcanjo (Arquidiocese de SP)\",\"publisher\":{\"@id\":\"https:\/\/www.oarcanjo.net\/site\/#organization\"},\"potentialAction\":[{\"@type\":\"SearchAction\",\"target\":{\"@type\":\"EntryPoint\",\"urlTemplate\":\"https:\/\/www.oarcanjo.net\/site\/?s={search_term_string}\"},\"query-input\":{\"@type\":\"PropertyValueSpecification\",\"valueRequired\":true,\"valueName\":\"search_term_string\"}}],\"inLanguage\":\"pt-BR\"},{\"@type\":\"Organization\",\"@id\":\"https:\/\/www.oarcanjo.net\/site\/#organization\",\"name\":\"Par\u00f3quia S\u00e3o Miguel Arcanjo\",\"url\":\"https:\/\/www.oarcanjo.net\/site\/\",\"logo\":{\"@type\":\"ImageObject\",\"inLanguage\":\"pt-BR\",\"@id\":\"https:\/\/www.oarcanjo.net\/site\/#\/schema\/logo\/image\/\",\"url\":\"https:\/\/www.oarcanjo.net\/site\/wp-content\/uploads\/LogoOArcanjo.png\",\"contentUrl\":\"https:\/\/www.oarcanjo.net\/site\/wp-content\/uploads\/LogoOArcanjo.png\",\"width\":319,\"height\":99,\"caption\":\"Par\u00f3quia S\u00e3o Miguel Arcanjo\"},\"image\":{\"@id\":\"https:\/\/www.oarcanjo.net\/site\/#\/schema\/logo\/image\/\"},\"sameAs\":[\"https:\/\/www.facebook.com\/OArcanjoNoAr\/\"]},{\"@type\":\"Person\",\"@id\":\"https:\/\/www.oarcanjo.net\/site\/#\/schema\/person\/f7024d007863202483a31326673a0838\",\"name\":\"editor\",\"sameAs\":[\"http:\/\/www.oarcanjo.net\"]}]}<\/script>\n<!-- \/ Yoast SEO plugin. -->","yoast_head_json":{"title":"Um sinal chamado Intereclesial das Cebs - O Arcanjo no ar","robots":{"index":"index","follow":"follow","max-snippet":"max-snippet:-1","max-image-preview":"max-image-preview:large","max-video-preview":"max-video-preview:-1"},"canonical":"https:\/\/www.oarcanjo.net\/site\/um-sinal-chamado-intereclesial-das-cebs\/","og_locale":"pt_BR","og_type":"article","og_title":"Um sinal chamado Intereclesial das Cebs - O Arcanjo no ar","og_description":"Paulo S\u00e9rgio Vaillant * Fonte: Adital O cotidiano de uma pessoa de f\u00e9 \u00e9 sempre prenhe de &#8220;sinais&#8221;. A maioria destes sinais \u00e9 muito sutil e quase invis\u00edvel a olho nu. No entanto, o XII Intereclesial das CEBs, celebrado recentemente em Porto Velho-RO, de 21 a 25 de julho 2009, foi, sem sombra de d\u00favidas, [&hellip;]","og_url":"https:\/\/www.oarcanjo.net\/site\/um-sinal-chamado-intereclesial-das-cebs\/","og_site_name":"O Arcanjo no ar","article_publisher":"https:\/\/www.facebook.com\/OArcanjoNoAr\/","article_published_time":"2009-07-31T06:49:47+00:00","article_modified_time":"2009-08-07T06:50:21+00:00","og_image":[{"width":300,"height":300,"url":"https:\/\/www.oarcanjo.net\/site\/wp-content\/uploads\/logo-o-arcanjo-no-ar-facebook.png","type":"image\/png"}],"author":"editor","twitter_card":"summary_large_image","twitter_misc":{"Escrito por":"editor","Est. tempo de leitura":"7 minutos"},"schema":{"@context":"https:\/\/schema.org","@graph":[{"@type":"Article","@id":"https:\/\/www.oarcanjo.net\/site\/um-sinal-chamado-intereclesial-das-cebs\/#article","isPartOf":{"@id":"https:\/\/www.oarcanjo.net\/site\/um-sinal-chamado-intereclesial-das-cebs\/"},"author":{"name":"editor","@id":"https:\/\/www.oarcanjo.net\/site\/#\/schema\/person\/f7024d007863202483a31326673a0838"},"headline":"Um sinal chamado Intereclesial das Cebs","datePublished":"2009-07-31T06:49:47+00:00","dateModified":"2009-08-07T06:50:21+00:00","mainEntityOfPage":{"@id":"https:\/\/www.oarcanjo.net\/site\/um-sinal-chamado-intereclesial-das-cebs\/"},"wordCount":1348,"commentCount":0,"publisher":{"@id":"https:\/\/www.oarcanjo.net\/site\/#organization"},"keywords":["Intereclesial das CEBs"],"articleSection":["Not\u00edcias"],"inLanguage":"pt-BR","potentialAction":[{"@type":"CommentAction","name":"Comment","target":["https:\/\/www.oarcanjo.net\/site\/um-sinal-chamado-intereclesial-das-cebs\/#respond"]}]},{"@type":"WebPage","@id":"https:\/\/www.oarcanjo.net\/site\/um-sinal-chamado-intereclesial-das-cebs\/","url":"https:\/\/www.oarcanjo.net\/site\/um-sinal-chamado-intereclesial-das-cebs\/","name":"Um sinal chamado Intereclesial das Cebs - O Arcanjo no ar","isPartOf":{"@id":"https:\/\/www.oarcanjo.net\/site\/#website"},"datePublished":"2009-07-31T06:49:47+00:00","dateModified":"2009-08-07T06:50:21+00:00","breadcrumb":{"@id":"https:\/\/www.oarcanjo.net\/site\/um-sinal-chamado-intereclesial-das-cebs\/#breadcrumb"},"inLanguage":"pt-BR","potentialAction":[{"@type":"ReadAction","target":["https:\/\/www.oarcanjo.net\/site\/um-sinal-chamado-intereclesial-das-cebs\/"]}]},{"@type":"BreadcrumbList","@id":"https:\/\/www.oarcanjo.net\/site\/um-sinal-chamado-intereclesial-das-cebs\/#breadcrumb","itemListElement":[{"@type":"ListItem","position":1,"name":"In\u00edcio","item":"https:\/\/www.oarcanjo.net\/site\/"},{"@type":"ListItem","position":2,"name":"Um sinal chamado Intereclesial das Cebs"}]},{"@type":"WebSite","@id":"https:\/\/www.oarcanjo.net\/site\/#website","url":"https:\/\/www.oarcanjo.net\/site\/","name":"O Arcanjo no ar","description":"Site da Par\u00f3quia S\u00e3o Miguel Arcanjo (Arquidiocese de SP)","publisher":{"@id":"https:\/\/www.oarcanjo.net\/site\/#organization"},"potentialAction":[{"@type":"SearchAction","target":{"@type":"EntryPoint","urlTemplate":"https:\/\/www.oarcanjo.net\/site\/?s={search_term_string}"},"query-input":{"@type":"PropertyValueSpecification","valueRequired":true,"valueName":"search_term_string"}}],"inLanguage":"pt-BR"},{"@type":"Organization","@id":"https:\/\/www.oarcanjo.net\/site\/#organization","name":"Par\u00f3quia S\u00e3o Miguel Arcanjo","url":"https:\/\/www.oarcanjo.net\/site\/","logo":{"@type":"ImageObject","inLanguage":"pt-BR","@id":"https:\/\/www.oarcanjo.net\/site\/#\/schema\/logo\/image\/","url":"https:\/\/www.oarcanjo.net\/site\/wp-content\/uploads\/LogoOArcanjo.png","contentUrl":"https:\/\/www.oarcanjo.net\/site\/wp-content\/uploads\/LogoOArcanjo.png","width":319,"height":99,"caption":"Par\u00f3quia S\u00e3o Miguel Arcanjo"},"image":{"@id":"https:\/\/www.oarcanjo.net\/site\/#\/schema\/logo\/image\/"},"sameAs":["https:\/\/www.facebook.com\/OArcanjoNoAr\/"]},{"@type":"Person","@id":"https:\/\/www.oarcanjo.net\/site\/#\/schema\/person\/f7024d007863202483a31326673a0838","name":"editor","sameAs":["http:\/\/www.oarcanjo.net"]}]}},"publishpress_future_action":{"enabled":false,"date":"2026-05-09 03:59:21","action":"category","newStatus":"draft","terms":[],"taxonomy":"category"},"publishpress_future_workflow_manual_trigger":{"enabledWorkflows":[]},"_links":{"self":[{"href":"https:\/\/www.oarcanjo.net\/site\/wp-json\/wp\/v2\/posts\/4618"}],"collection":[{"href":"https:\/\/www.oarcanjo.net\/site\/wp-json\/wp\/v2\/posts"}],"about":[{"href":"https:\/\/www.oarcanjo.net\/site\/wp-json\/wp\/v2\/types\/post"}],"author":[{"embeddable":true,"href":"https:\/\/www.oarcanjo.net\/site\/wp-json\/wp\/v2\/users\/5"}],"replies":[{"embeddable":true,"href":"https:\/\/www.oarcanjo.net\/site\/wp-json\/wp\/v2\/comments?post=4618"}],"version-history":[{"count":0,"href":"https:\/\/www.oarcanjo.net\/site\/wp-json\/wp\/v2\/posts\/4618\/revisions"}],"wp:attachment":[{"href":"https:\/\/www.oarcanjo.net\/site\/wp-json\/wp\/v2\/media?parent=4618"}],"wp:term":[{"taxonomy":"category","embeddable":true,"href":"https:\/\/www.oarcanjo.net\/site\/wp-json\/wp\/v2\/categories?post=4618"},{"taxonomy":"post_tag","embeddable":true,"href":"https:\/\/www.oarcanjo.net\/site\/wp-json\/wp\/v2\/tags?post=4618"}],"curies":[{"name":"wp","href":"https:\/\/api.w.org\/{rel}","templated":true}]}}