
{"id":46181,"date":"2014-06-25T10:05:01","date_gmt":"2014-06-25T13:05:01","guid":{"rendered":"http:\/\/www.oarcanjo.net\/site\/?p=46181"},"modified":"2014-06-24T10:06:51","modified_gmt":"2014-06-24T13:06:51","slug":"uma-geracao-sem-bussola","status":"publish","type":"post","link":"https:\/\/www.oarcanjo.net\/site\/uma-geracao-sem-bussola\/","title":{"rendered":"Uma gera\u00e7\u00e3o sem b\u00fassola?"},"content":{"rendered":"<p style=\"text-align: justify;\"><em>Pe. Alfredo J. Gon\u00e7alves, CS<\/em><\/p>\n<p style=\"text-align: justify;\">Na sociedade contempor\u00e2nea, ser\u00e1 l\u00edcito falar de uma gera\u00e7\u00e3o sem b\u00fassola? Limitando-nos ao Brasil, as opini\u00f5es se bifurcam e trifurcam. Alguns insistem, n\u00e3o sem um certo saudosismo, na dist\u00e2ncia que separa os anos de 1960-70-80, por uma parte, e os tempos atuais, por outra, para acentuar o confronto entre uma gera\u00e7\u00e3o \u201cengajada do ponto de vista eclesial, social e politico\u201d e uma gera\u00e7\u00e3o que \u201cparece n\u00e3o querer nada com nada\u201d. Naquelas d\u00e9cadas pret\u00e9ritas, afirmam, alguns referenciais orientavam a pr\u00e1xis libertadora: o socialismo enquanto alternativa ao capitalismo, a Teologia da Liberta\u00e7\u00e3o, a op\u00e7\u00e3o pelos pobres&#8230; Tudo isso resultando, concretamente, na organiza\u00e7\u00e3o dos movimentos sociais e populares, do sindicalismo combativo, da efervesc\u00eancia no meio estudantil, na forma\u00e7\u00e3o das Comunidades Eclesiais de Base (CEBs) e Pastorais Sociais, bem como na defesa dos direitos humanos, particularmente dos ind\u00edgenas, afro-brasileiros, mulheres&#8230; E ainda em uma atitude empenhativa seja por parte da M\u00fasica Popular Brasileira (MPB) quanto por parte de n\u00e3o poucos intelectuais e acad\u00eamicos de esquerda.<\/p>\n<p style=\"text-align: justify;\">Outros tentam negar essa pretensa dist\u00e2ncia entre as gera\u00e7\u00f5es de ontem e de hoje. Segundo estes \u00faltimos, cada gera\u00e7\u00e3o engendra seus pr\u00f3prios referenciais te\u00f3ricos e suas formas de a\u00e7\u00e3o, suas pr\u00e1ticas de incid\u00eancia no meio em que vivem. Na verdade, dizem, s\u00e3o o contexto e os desafios hist\u00f3ricos que mudam, obrigando as pessoas a buscarem novas formas de organiza\u00e7\u00e3o e de mobiliza\u00e7\u00e3o. Assim, a gera\u00e7\u00e3o atual n\u00e3o seria menos empenhativa social e politicamente, mas engajada de uma outra maneira. A aparente in\u00e9rcia, apatia e falta de interesse pela <em>rex publica,<\/em> e por seus problemas em geral, podem ser lidas como atitude de rebeldia frente a uma politiza\u00e7\u00e3o e a um economicismo exacerbados nas d\u00e9cadas anteriores. O p\u00eandulo socioecon\u00f4mico e pol\u00edtico foi levado a um tal extremo que, atualmente, tende ao p\u00f3lo oposto de um comportamento <em>light<\/em>. Em uma palavra, a juventude estaria cansada do discurso politizante, mas, ao mesmo tempo, n\u00e3o se recusaria a oferecer suas for\u00e7as, vitais e positivas, para o bem-estar da popula\u00e7\u00e3o e do pa\u00eds. O pr\u00f3prio \u201chedonismo\u201d, como o denominam muitos, pode representar um \u201cn\u00e3o\u201d impl\u00edcito ou expl\u00edcito \u00e0 mistura exagerada (ou confusa) entre pol\u00edtica e vida cotidiana ou entre pol\u00edtica e religi\u00e3o. O mesmo se pode dizer da letra e conte\u00fado das m\u00fasicas preferidas pelo p\u00fablico: mais do que alienadas e sem nexo, parecem indicar uma satura\u00e7\u00e3o, banaliza\u00e7\u00e3o, diluindo-se num sentido fugaz, ef\u00eamero e evasivo.<\/p>\n<p style=\"text-align: justify;\">Outros, ainda, trilham uma via intermedi\u00e1ria entre \u00a0a gera\u00e7\u00e3o de ontem e a de hoje, vale dizer, entre a defesa do engajamento e a nega\u00e7\u00e3o do total descompromisso. Mudaram os ideais e valores, sem d\u00favida, mas o compromisso social hoje passa por novos canais, novos instrumentos e novas coordenadas hist\u00f3ricas. Nota-se, isso sim, um acentuado descr\u00e9dito quanto \u00e0s institui\u00e7\u00f5es pol\u00edticas, educacionais, religiosas e de parentesco (respectivamente, o partido, a escola, a Igreja, a fam\u00edlia), mas n\u00e3o faltam a\u00e7\u00f5es individuais e\/ou grupais que visem uma incid\u00eancia transformadora na sociedade. Em outros termos, a sensibilidade e a solidariedade n\u00e3o est\u00e3o mortas, mas requerem novos gestos e novos meios. Como prova disso, costumam ser apontadas as redes sociais da Internet, onde amizades e encontros virtuais n\u00e3o poucas vezes se concretizam em a\u00e7\u00f5es concretas em favor dos extratos sociais de baixa renda. A conclus\u00e3o \u00e9 que n\u00e3o se trata de apontar o dedo em riste contra uma \u201cgera\u00e7\u00e3o sem b\u00fassola\u201d, e sim de perceber novos referenciais e novo entusiasmo que orientam pr\u00e1ticas igualmente novas e primaveris. Sangue novo na pr\u00e1xis sociopol\u00edtico!<\/p>\n<p style=\"text-align: justify;\">As estrelas podem ter-se apagado no c\u00e9u e os marcos podem ter desaparecido da estrada \u2013 para usar a imagem de Simone de Beauvoir. O ch\u00e3o pode ter fugido debaixo dos p\u00e9s: muitos adolescentes e jovens parecem, sim, um tanto quanto \u00f3rf\u00e3os, perdidos e solit\u00e1rios, mas n\u00e3o lhes faltam energias e vontade para mudar a situa\u00e7\u00e3o em que se encontra a sociedade atual. O que falta, por parte de boa parte dos representantes das gera\u00e7\u00f5es ditas \u201ccombativas\u201d, \u00e9 uma atitude de escuta, compreens\u00e3o, confian\u00e7a, simpatia, al\u00e9m de abertura de oportunidades&#8230; Tudo isso em uma parceria de m\u00fatua colabora\u00e7\u00e3o, onde jovens e adultos se disp\u00f5em a aprender, a crescer e a se enriquecerem uns com os outros.<\/p>\n<p style=\"text-align: justify;\"><em>Roma, It\u00e1lia, 2 de junho de 2014<\/em><\/p>\n<div id=\"themify_builder_content-46181\" data-postid=\"46181\" class=\"themify_builder_content themify_builder_content-46181 themify_builder themify_builder_front\">\n\t<\/div>\n<!-- \/themify_builder_content -->","protected":false},"excerpt":{"rendered":"<p>Pe. Alfredo J. Gon\u00e7alves, CS Na sociedade contempor\u00e2nea, ser\u00e1 l\u00edcito falar de uma gera\u00e7\u00e3o sem b\u00fassola? Limitando-nos ao Brasil, as opini\u00f5es se bifurcam e trifurcam. Alguns insistem, n\u00e3o sem um certo saudosismo, na dist\u00e2ncia que separa os anos de 1960-70-80, por uma parte, e os tempos atuais, por outra, para acentuar o confronto entre uma [&hellip;]<\/p>\n","protected":false},"author":15,"featured_media":0,"comment_status":"open","ping_status":"open","sticky":false,"template":"","format":"standard","meta":{"ngg_post_thumbnail":0,"footnotes":""},"categories":[9],"tags":[],"yoast_head":"<!-- This site is optimized with the Yoast SEO plugin v23.5 - https:\/\/yoast.com\/wordpress\/plugins\/seo\/ -->\n<title>Uma gera\u00e7\u00e3o sem b\u00fassola? - O Arcanjo no ar<\/title>\n<meta name=\"robots\" content=\"index, follow, max-snippet:-1, max-image-preview:large, max-video-preview:-1\" \/>\n<link rel=\"canonical\" href=\"https:\/\/www.oarcanjo.net\/site\/uma-geracao-sem-bussola\/\" \/>\n<meta property=\"og:locale\" content=\"pt_BR\" \/>\n<meta property=\"og:type\" content=\"article\" \/>\n<meta property=\"og:title\" content=\"Uma gera\u00e7\u00e3o sem b\u00fassola? - O Arcanjo no ar\" \/>\n<meta property=\"og:description\" content=\"Pe. Alfredo J. Gon\u00e7alves, CS Na sociedade contempor\u00e2nea, ser\u00e1 l\u00edcito falar de uma gera\u00e7\u00e3o sem b\u00fassola? Limitando-nos ao Brasil, as opini\u00f5es se bifurcam e trifurcam. Alguns insistem, n\u00e3o sem um certo saudosismo, na dist\u00e2ncia que separa os anos de 1960-70-80, por uma parte, e os tempos atuais, por outra, para acentuar o confronto entre uma [&hellip;]\" \/>\n<meta property=\"og:url\" content=\"https:\/\/www.oarcanjo.net\/site\/uma-geracao-sem-bussola\/\" \/>\n<meta property=\"og:site_name\" content=\"O Arcanjo no ar\" \/>\n<meta property=\"article:publisher\" content=\"https:\/\/www.facebook.com\/OArcanjoNoAr\/\" \/>\n<meta property=\"article:published_time\" content=\"2014-06-25T13:05:01+00:00\" \/>\n<meta property=\"article:modified_time\" content=\"2014-06-24T13:06:51+00:00\" \/>\n<meta property=\"og:image\" content=\"https:\/\/www.oarcanjo.net\/site\/wp-content\/uploads\/logo-o-arcanjo-no-ar-facebook.png\" \/>\n\t<meta property=\"og:image:width\" content=\"300\" \/>\n\t<meta property=\"og:image:height\" content=\"300\" \/>\n\t<meta property=\"og:image:type\" content=\"image\/png\" \/>\n<meta name=\"author\" content=\"Alexandre Nunes\" \/>\n<meta name=\"twitter:card\" content=\"summary_large_image\" \/>\n<meta name=\"twitter:label1\" content=\"Escrito por\" \/>\n\t<meta name=\"twitter:data1\" content=\"Alexandre Nunes\" \/>\n\t<meta name=\"twitter:label2\" content=\"Est. tempo de leitura\" \/>\n\t<meta name=\"twitter:data2\" content=\"4 minutos\" \/>\n<script type=\"application\/ld+json\" class=\"yoast-schema-graph\">{\"@context\":\"https:\/\/schema.org\",\"@graph\":[{\"@type\":\"Article\",\"@id\":\"https:\/\/www.oarcanjo.net\/site\/uma-geracao-sem-bussola\/#article\",\"isPartOf\":{\"@id\":\"https:\/\/www.oarcanjo.net\/site\/uma-geracao-sem-bussola\/\"},\"author\":{\"name\":\"Alexandre Nunes\",\"@id\":\"https:\/\/www.oarcanjo.net\/site\/#\/schema\/person\/0a2ae077c1a09b69d29928e3b9f1c0d1\"},\"headline\":\"Uma gera\u00e7\u00e3o sem b\u00fassola?\",\"datePublished\":\"2014-06-25T13:05:01+00:00\",\"dateModified\":\"2014-06-24T13:06:51+00:00\",\"mainEntityOfPage\":{\"@id\":\"https:\/\/www.oarcanjo.net\/site\/uma-geracao-sem-bussola\/\"},\"wordCount\":797,\"commentCount\":0,\"publisher\":{\"@id\":\"https:\/\/www.oarcanjo.net\/site\/#organization\"},\"articleSection\":[\"Reflex\u00f5es\"],\"inLanguage\":\"pt-BR\",\"potentialAction\":[{\"@type\":\"CommentAction\",\"name\":\"Comment\",\"target\":[\"https:\/\/www.oarcanjo.net\/site\/uma-geracao-sem-bussola\/#respond\"]}]},{\"@type\":\"WebPage\",\"@id\":\"https:\/\/www.oarcanjo.net\/site\/uma-geracao-sem-bussola\/\",\"url\":\"https:\/\/www.oarcanjo.net\/site\/uma-geracao-sem-bussola\/\",\"name\":\"Uma gera\u00e7\u00e3o sem b\u00fassola? - O Arcanjo no ar\",\"isPartOf\":{\"@id\":\"https:\/\/www.oarcanjo.net\/site\/#website\"},\"datePublished\":\"2014-06-25T13:05:01+00:00\",\"dateModified\":\"2014-06-24T13:06:51+00:00\",\"breadcrumb\":{\"@id\":\"https:\/\/www.oarcanjo.net\/site\/uma-geracao-sem-bussola\/#breadcrumb\"},\"inLanguage\":\"pt-BR\",\"potentialAction\":[{\"@type\":\"ReadAction\",\"target\":[\"https:\/\/www.oarcanjo.net\/site\/uma-geracao-sem-bussola\/\"]}]},{\"@type\":\"BreadcrumbList\",\"@id\":\"https:\/\/www.oarcanjo.net\/site\/uma-geracao-sem-bussola\/#breadcrumb\",\"itemListElement\":[{\"@type\":\"ListItem\",\"position\":1,\"name\":\"In\u00edcio\",\"item\":\"https:\/\/www.oarcanjo.net\/site\/\"},{\"@type\":\"ListItem\",\"position\":2,\"name\":\"Uma gera\u00e7\u00e3o sem b\u00fassola?\"}]},{\"@type\":\"WebSite\",\"@id\":\"https:\/\/www.oarcanjo.net\/site\/#website\",\"url\":\"https:\/\/www.oarcanjo.net\/site\/\",\"name\":\"O Arcanjo no ar\",\"description\":\"Site da Par\u00f3quia S\u00e3o Miguel Arcanjo (Arquidiocese de SP)\",\"publisher\":{\"@id\":\"https:\/\/www.oarcanjo.net\/site\/#organization\"},\"potentialAction\":[{\"@type\":\"SearchAction\",\"target\":{\"@type\":\"EntryPoint\",\"urlTemplate\":\"https:\/\/www.oarcanjo.net\/site\/?s={search_term_string}\"},\"query-input\":{\"@type\":\"PropertyValueSpecification\",\"valueRequired\":true,\"valueName\":\"search_term_string\"}}],\"inLanguage\":\"pt-BR\"},{\"@type\":\"Organization\",\"@id\":\"https:\/\/www.oarcanjo.net\/site\/#organization\",\"name\":\"Par\u00f3quia S\u00e3o Miguel Arcanjo\",\"url\":\"https:\/\/www.oarcanjo.net\/site\/\",\"logo\":{\"@type\":\"ImageObject\",\"inLanguage\":\"pt-BR\",\"@id\":\"https:\/\/www.oarcanjo.net\/site\/#\/schema\/logo\/image\/\",\"url\":\"https:\/\/www.oarcanjo.net\/site\/wp-content\/uploads\/LogoOArcanjo.png\",\"contentUrl\":\"https:\/\/www.oarcanjo.net\/site\/wp-content\/uploads\/LogoOArcanjo.png\",\"width\":319,\"height\":99,\"caption\":\"Par\u00f3quia S\u00e3o Miguel Arcanjo\"},\"image\":{\"@id\":\"https:\/\/www.oarcanjo.net\/site\/#\/schema\/logo\/image\/\"},\"sameAs\":[\"https:\/\/www.facebook.com\/OArcanjoNoAr\/\"]},{\"@type\":\"Person\",\"@id\":\"https:\/\/www.oarcanjo.net\/site\/#\/schema\/person\/0a2ae077c1a09b69d29928e3b9f1c0d1\",\"name\":\"Alexandre Nunes\",\"sameAs\":[\"http:\/\/alexandrenu.com\"]}]}<\/script>\n<!-- \/ Yoast SEO plugin. -->","yoast_head_json":{"title":"Uma gera\u00e7\u00e3o sem b\u00fassola? - O Arcanjo no ar","robots":{"index":"index","follow":"follow","max-snippet":"max-snippet:-1","max-image-preview":"max-image-preview:large","max-video-preview":"max-video-preview:-1"},"canonical":"https:\/\/www.oarcanjo.net\/site\/uma-geracao-sem-bussola\/","og_locale":"pt_BR","og_type":"article","og_title":"Uma gera\u00e7\u00e3o sem b\u00fassola? - O Arcanjo no ar","og_description":"Pe. Alfredo J. Gon\u00e7alves, CS Na sociedade contempor\u00e2nea, ser\u00e1 l\u00edcito falar de uma gera\u00e7\u00e3o sem b\u00fassola? Limitando-nos ao Brasil, as opini\u00f5es se bifurcam e trifurcam. Alguns insistem, n\u00e3o sem um certo saudosismo, na dist\u00e2ncia que separa os anos de 1960-70-80, por uma parte, e os tempos atuais, por outra, para acentuar o confronto entre uma [&hellip;]","og_url":"https:\/\/www.oarcanjo.net\/site\/uma-geracao-sem-bussola\/","og_site_name":"O Arcanjo no ar","article_publisher":"https:\/\/www.facebook.com\/OArcanjoNoAr\/","article_published_time":"2014-06-25T13:05:01+00:00","article_modified_time":"2014-06-24T13:06:51+00:00","og_image":[{"width":300,"height":300,"url":"https:\/\/www.oarcanjo.net\/site\/wp-content\/uploads\/logo-o-arcanjo-no-ar-facebook.png","type":"image\/png"}],"author":"Alexandre Nunes","twitter_card":"summary_large_image","twitter_misc":{"Escrito por":"Alexandre Nunes","Est. tempo de leitura":"4 minutos"},"schema":{"@context":"https:\/\/schema.org","@graph":[{"@type":"Article","@id":"https:\/\/www.oarcanjo.net\/site\/uma-geracao-sem-bussola\/#article","isPartOf":{"@id":"https:\/\/www.oarcanjo.net\/site\/uma-geracao-sem-bussola\/"},"author":{"name":"Alexandre Nunes","@id":"https:\/\/www.oarcanjo.net\/site\/#\/schema\/person\/0a2ae077c1a09b69d29928e3b9f1c0d1"},"headline":"Uma gera\u00e7\u00e3o sem b\u00fassola?","datePublished":"2014-06-25T13:05:01+00:00","dateModified":"2014-06-24T13:06:51+00:00","mainEntityOfPage":{"@id":"https:\/\/www.oarcanjo.net\/site\/uma-geracao-sem-bussola\/"},"wordCount":797,"commentCount":0,"publisher":{"@id":"https:\/\/www.oarcanjo.net\/site\/#organization"},"articleSection":["Reflex\u00f5es"],"inLanguage":"pt-BR","potentialAction":[{"@type":"CommentAction","name":"Comment","target":["https:\/\/www.oarcanjo.net\/site\/uma-geracao-sem-bussola\/#respond"]}]},{"@type":"WebPage","@id":"https:\/\/www.oarcanjo.net\/site\/uma-geracao-sem-bussola\/","url":"https:\/\/www.oarcanjo.net\/site\/uma-geracao-sem-bussola\/","name":"Uma gera\u00e7\u00e3o sem b\u00fassola? - O Arcanjo no ar","isPartOf":{"@id":"https:\/\/www.oarcanjo.net\/site\/#website"},"datePublished":"2014-06-25T13:05:01+00:00","dateModified":"2014-06-24T13:06:51+00:00","breadcrumb":{"@id":"https:\/\/www.oarcanjo.net\/site\/uma-geracao-sem-bussola\/#breadcrumb"},"inLanguage":"pt-BR","potentialAction":[{"@type":"ReadAction","target":["https:\/\/www.oarcanjo.net\/site\/uma-geracao-sem-bussola\/"]}]},{"@type":"BreadcrumbList","@id":"https:\/\/www.oarcanjo.net\/site\/uma-geracao-sem-bussola\/#breadcrumb","itemListElement":[{"@type":"ListItem","position":1,"name":"In\u00edcio","item":"https:\/\/www.oarcanjo.net\/site\/"},{"@type":"ListItem","position":2,"name":"Uma gera\u00e7\u00e3o sem b\u00fassola?"}]},{"@type":"WebSite","@id":"https:\/\/www.oarcanjo.net\/site\/#website","url":"https:\/\/www.oarcanjo.net\/site\/","name":"O Arcanjo no ar","description":"Site da Par\u00f3quia S\u00e3o Miguel Arcanjo (Arquidiocese de SP)","publisher":{"@id":"https:\/\/www.oarcanjo.net\/site\/#organization"},"potentialAction":[{"@type":"SearchAction","target":{"@type":"EntryPoint","urlTemplate":"https:\/\/www.oarcanjo.net\/site\/?s={search_term_string}"},"query-input":{"@type":"PropertyValueSpecification","valueRequired":true,"valueName":"search_term_string"}}],"inLanguage":"pt-BR"},{"@type":"Organization","@id":"https:\/\/www.oarcanjo.net\/site\/#organization","name":"Par\u00f3quia S\u00e3o Miguel Arcanjo","url":"https:\/\/www.oarcanjo.net\/site\/","logo":{"@type":"ImageObject","inLanguage":"pt-BR","@id":"https:\/\/www.oarcanjo.net\/site\/#\/schema\/logo\/image\/","url":"https:\/\/www.oarcanjo.net\/site\/wp-content\/uploads\/LogoOArcanjo.png","contentUrl":"https:\/\/www.oarcanjo.net\/site\/wp-content\/uploads\/LogoOArcanjo.png","width":319,"height":99,"caption":"Par\u00f3quia S\u00e3o Miguel Arcanjo"},"image":{"@id":"https:\/\/www.oarcanjo.net\/site\/#\/schema\/logo\/image\/"},"sameAs":["https:\/\/www.facebook.com\/OArcanjoNoAr\/"]},{"@type":"Person","@id":"https:\/\/www.oarcanjo.net\/site\/#\/schema\/person\/0a2ae077c1a09b69d29928e3b9f1c0d1","name":"Alexandre Nunes","sameAs":["http:\/\/alexandrenu.com"]}]}},"publishpress_future_action":{"enabled":false,"date":"2026-05-08 18:51:34","action":"category","newStatus":"draft","terms":[],"taxonomy":"category"},"publishpress_future_workflow_manual_trigger":{"enabledWorkflows":[]},"_links":{"self":[{"href":"https:\/\/www.oarcanjo.net\/site\/wp-json\/wp\/v2\/posts\/46181"}],"collection":[{"href":"https:\/\/www.oarcanjo.net\/site\/wp-json\/wp\/v2\/posts"}],"about":[{"href":"https:\/\/www.oarcanjo.net\/site\/wp-json\/wp\/v2\/types\/post"}],"author":[{"embeddable":true,"href":"https:\/\/www.oarcanjo.net\/site\/wp-json\/wp\/v2\/users\/15"}],"replies":[{"embeddable":true,"href":"https:\/\/www.oarcanjo.net\/site\/wp-json\/wp\/v2\/comments?post=46181"}],"version-history":[{"count":0,"href":"https:\/\/www.oarcanjo.net\/site\/wp-json\/wp\/v2\/posts\/46181\/revisions"}],"wp:attachment":[{"href":"https:\/\/www.oarcanjo.net\/site\/wp-json\/wp\/v2\/media?parent=46181"}],"wp:term":[{"taxonomy":"category","embeddable":true,"href":"https:\/\/www.oarcanjo.net\/site\/wp-json\/wp\/v2\/categories?post=46181"},{"taxonomy":"post_tag","embeddable":true,"href":"https:\/\/www.oarcanjo.net\/site\/wp-json\/wp\/v2\/tags?post=46181"}],"curies":[{"name":"wp","href":"https:\/\/api.w.org\/{rel}","templated":true}]}}