
{"id":4627,"date":"2009-08-09T04:21:33","date_gmt":"2009-08-09T07:21:33","guid":{"rendered":"http:\/\/www.oarcanjo.net\/site\/?p=4627"},"modified":"2009-08-09T08:03:47","modified_gmt":"2009-08-09T11:03:47","slug":"santa-edith-stein-tereza-benedita-da-cruz","status":"publish","type":"post","link":"https:\/\/www.oarcanjo.net\/site\/santa-edith-stein-tereza-benedita-da-cruz\/","title":{"rendered":"Santa Edith Stein (Tereza Benedita da Cruz)"},"content":{"rendered":"<p><em>Fonte: Editora Cl\u00e9ofas<\/em><\/p>\n<p>Edith Stein nasceu na cidade de Breslau, Alemanha, no dia 12 de outubro de 1891, em uma pr\u00f3spera fam\u00edlia de judeus. Aos dois anos ficou \u00f3rf\u00e3 do pai. A m\u00e3e e os irm\u00e3os mantiveram a situa\u00e7\u00e3o financeira est\u00e1vel e a educaram dentro da religi\u00e3o judaica.<\/p>\n<p>Desde menina, Edith era brilhante nos estudos e mostrou forte determina\u00e7\u00e3o, car\u00e1ter inabal\u00e1vel, e muita obstina\u00e7\u00e3o. Na adolesc\u00eancia viveu uma crise, abandonou a escola, as pr\u00e1ticas religiosas e a cren\u00e7a consciente em Deus. Depois, terminou os estudos com gradua\u00e7\u00e3o m\u00e1xima, recebendo o t\u00edtulo de doutora em fenomenologia, em 1916. A Alemanha s\u00f3 concedeu este t\u00edtulo \u00e0 doze mulheres na \u00faltima metade do s\u00e9culo XX.<\/p>\n<p>Em 1921, ela leu a autobiografia de Santa Teresa d\u00c1vila. Tocada pela luz da f\u00e9, se converteu e foi batizada, em 1922. Mas, a m\u00e3e e os irm\u00e3os nunca compreenderam ou aceitaram sua ades\u00e3o ao catolicismo. A exce\u00e7\u00e3o foi sua irm\u00e3 Rosa, que se converteu e foi batizada no seio da Igreja, ap\u00f3s a morte da m\u00e3e, em 1936.<\/p>\n<p>Edith Stein come\u00e7ou a servir a Deus com seus talentos acad\u00eamicos. Lecionou numa escola dominicana, foi conferencista em Institui\u00e7\u00f5es Cat\u00f3licas e finalizou como catedr\u00e1tica numa universidade alem\u00e3. Em 1933, chegavam ao poder: Hitler e o partido nazista. Todos os professores n\u00e3o-arianos foram demitidos. Por se recusar a sair do pa\u00eds, os superiores da Ordem do Carmelo a aceitaram como novi\u00e7a. Em 1934, tomou o h\u00e1bito das carmelitas e o nome religioso de Teresa Benedita da Cruz. A sua fam\u00edlia n\u00e3o compareceu \u00e0 cerim\u00f4nia.<\/p>\n<p>Quatro anos depois, ela realizou sua profiss\u00e3o solene e perp\u00e9tua recebeu o definitivo h\u00e1bito marrom das carmelitas, na \u00e9poca, sua m\u00e3e j\u00e1 havia falecido. A persegui\u00e7\u00e3o nazista aos judeus alem\u00e3es se intensificou e Edith foi transferida para o Carmelo de Echt, na Holanda. Um ano depois, sua irm\u00e3 Rosa foi se juntar a ela neste Carmelo holand\u00eas, pois desejava seguir a vida religiosa. Foi aceita no convento, mas permaneceu como irm\u00e3 leiga carmelita, n\u00e3o pode professar os votos religiosos, o momento era desfavor\u00e1vel aos judeus, mesmo para os convertidos crist\u00e3os.<\/p>\n<p>A Segunda Guerra Mundial iniciou e a expans\u00e3o nazista se alastrou pela Europa e pelo mundo. A Holanda foi invadida e anexada ao Reich Alem\u00e3o em 1941. A fam\u00edlia de Edith Stein se dispersou, alguns emigram e outros desapareceram nos campos de concentra\u00e7\u00e3o. Os superiores do Carmelo de Echt tentaram transferir Edith e Rosa, para um outro na Su\u00ed\u00e7a. Mas as autoridades civis de l\u00e1 n\u00e3o facilitaram e a burocracia se arrastou indefinidamente.<\/p>\n<p>Em julho de 1942, publicamente os Bispos holandeses emitiram sua posi\u00e7\u00e3o formal contra os nazistas e em favor dos judeus. Hitler considerou uma agress\u00e3o da Igreja Cat\u00f3lica local e revidou. Em agosto, dois oficiais nazistas levaram Edith e sua irm\u00e3 Rosa, do Carmelo de Echt. Neste dia, outros duzentos e quarenta e dois judeus cat\u00f3licos foram deportados para os campos de concentra\u00e7\u00e3o, como repres\u00e1lia do Regime Nazista \u00e0 mensagem dos Bispos holandeses. As duas irm\u00e3s foram levadas em um comboio de carga, junto com outras centenas de judeus e dezenas de convertidos, ao norte da Holanda no campo de Westerbork. Ali, Edith Stein, ou a &#8220;freira alem\u00e3&#8221; como a identificaram os sobreviventes, se diferenciou muito dos outros prisioneiros que se entregaram ao desespero, lamenta\u00e7\u00f5es ou prostra\u00e7\u00e3o total. Ela procurava consolar os mais aflitos, levantar o \u00e2nimo dos abatidos e cuidar do melhor modo poss\u00edvel, das crian\u00e7as. Assim ela viveu alguns dias, suportando com do\u00e7ura, paci\u00eancia e conformidade a Vontade de Deus, seu intenso sofrimento e dos demais.<\/p>\n<p>No dia 07 de agosto de 1942, Edith Stein, Rosa e centenas de homens, mulheres e crian\u00e7as, foram de trem para o campo de exterm\u00ednio de Auschwitz-Birkenau. Dois dias depois, em 09 de agosto, foram mortas na c\u00e2mara de g\u00e1s e tiveram seus corpos queimados.<\/p>\n<p>A Irm\u00e3 carmelita Teresa Benedita da Cruz foi canonizada em Roma, em 1998, pelo Papa Jo\u00e3o Paulo II, que indicou sua festa para o dia de sua morte. Esta solenidade contou com a presen\u00e7a de personalidades ilustres, civis e religiosos, da Alemanha e Holanda, al\u00e9m de alguns sobreviventes dos campos de concentra\u00e7\u00e3o que a conheceram e de v\u00e1rios membros da fam\u00edlia Stein. No ano seguinte, o mesmo Sumo Pont\u00edfice declarou Santa Edith Stein &#8220;co-padroeira da Europa&#8221;, junto com Santa Br\u00edgida e Santa Catarina de Sena.<\/p>\n<p>Outros Santos do mesmo dia: S. Rom\u00e3o, S. Em\u00eddio, Ss. Nateu e Felim, B. Jo\u00e3o de Salerno, B. C\u00e2ndita Maria de Jesus Cipitria, B. Faustino Oteiza, S. Fermo, B. Florentino Asensio Barroso, B. Mariana Cope, B. Germano de Carcagente, B. Ricardo Bere e S. Romano.<\/p>\n<div id=\"themify_builder_content-4627\" data-postid=\"4627\" class=\"themify_builder_content themify_builder_content-4627 themify_builder themify_builder_front\">\n\t<\/div>\n<!-- \/themify_builder_content -->","protected":false},"excerpt":{"rendered":"<p>Fonte: Editora Cl\u00e9ofas Edith Stein nasceu na cidade de Breslau, Alemanha, no dia 12 de outubro de 1891, em uma pr\u00f3spera fam\u00edlia de judeus. Aos dois anos ficou \u00f3rf\u00e3 do pai. A m\u00e3e e os irm\u00e3os mantiveram a situa\u00e7\u00e3o financeira est\u00e1vel e a educaram dentro da religi\u00e3o judaica. Desde menina, Edith era brilhante nos estudos [&hellip;]<\/p>\n","protected":false},"author":5,"featured_media":0,"comment_status":"open","ping_status":"open","sticky":false,"template":"","format":"standard","meta":{"ngg_post_thumbnail":0,"footnotes":""},"categories":[3,9,5],"tags":[975,973,974],"yoast_head":"<!-- This site is optimized with the Yoast SEO plugin v23.5 - https:\/\/yoast.com\/wordpress\/plugins\/seo\/ -->\n<title>Santa Edith Stein (Tereza Benedita da Cruz) - O Arcanjo no ar<\/title>\n<meta name=\"robots\" content=\"index, follow, max-snippet:-1, max-image-preview:large, max-video-preview:-1\" \/>\n<link rel=\"canonical\" href=\"https:\/\/www.oarcanjo.net\/site\/santa-edith-stein-tereza-benedita-da-cruz\/\" \/>\n<meta property=\"og:locale\" content=\"pt_BR\" \/>\n<meta property=\"og:type\" content=\"article\" \/>\n<meta property=\"og:title\" content=\"Santa Edith Stein (Tereza Benedita da Cruz) - O Arcanjo no ar\" \/>\n<meta property=\"og:description\" content=\"Fonte: Editora Cl\u00e9ofas Edith Stein nasceu na cidade de Breslau, Alemanha, no dia 12 de outubro de 1891, em uma pr\u00f3spera fam\u00edlia de judeus. Aos dois anos ficou \u00f3rf\u00e3 do pai. A m\u00e3e e os irm\u00e3os mantiveram a situa\u00e7\u00e3o financeira est\u00e1vel e a educaram dentro da religi\u00e3o judaica. Desde menina, Edith era brilhante nos estudos [&hellip;]\" \/>\n<meta property=\"og:url\" content=\"https:\/\/www.oarcanjo.net\/site\/santa-edith-stein-tereza-benedita-da-cruz\/\" \/>\n<meta property=\"og:site_name\" content=\"O Arcanjo no ar\" \/>\n<meta property=\"article:publisher\" content=\"https:\/\/www.facebook.com\/OArcanjoNoAr\/\" \/>\n<meta property=\"article:published_time\" content=\"2009-08-09T07:21:33+00:00\" \/>\n<meta property=\"article:modified_time\" content=\"2009-08-09T11:03:47+00:00\" \/>\n<meta property=\"og:image\" content=\"https:\/\/www.oarcanjo.net\/site\/wp-content\/uploads\/logo-o-arcanjo-no-ar-facebook.png\" \/>\n\t<meta property=\"og:image:width\" content=\"300\" \/>\n\t<meta property=\"og:image:height\" content=\"300\" \/>\n\t<meta property=\"og:image:type\" content=\"image\/png\" \/>\n<meta name=\"author\" content=\"editor\" \/>\n<meta name=\"twitter:card\" content=\"summary_large_image\" \/>\n<meta name=\"twitter:label1\" content=\"Escrito por\" \/>\n\t<meta name=\"twitter:data1\" content=\"editor\" \/>\n\t<meta name=\"twitter:label2\" content=\"Est. tempo de leitura\" \/>\n\t<meta name=\"twitter:data2\" content=\"4 minutos\" \/>\n<script type=\"application\/ld+json\" class=\"yoast-schema-graph\">{\"@context\":\"https:\/\/schema.org\",\"@graph\":[{\"@type\":\"Article\",\"@id\":\"https:\/\/www.oarcanjo.net\/site\/santa-edith-stein-tereza-benedita-da-cruz\/#article\",\"isPartOf\":{\"@id\":\"https:\/\/www.oarcanjo.net\/site\/santa-edith-stein-tereza-benedita-da-cruz\/\"},\"author\":{\"name\":\"editor\",\"@id\":\"https:\/\/www.oarcanjo.net\/site\/#\/schema\/person\/f7024d007863202483a31326673a0838\"},\"headline\":\"Santa Edith Stein (Tereza Benedita da Cruz)\",\"datePublished\":\"2009-08-09T07:21:33+00:00\",\"dateModified\":\"2009-08-09T11:03:47+00:00\",\"mainEntityOfPage\":{\"@id\":\"https:\/\/www.oarcanjo.net\/site\/santa-edith-stein-tereza-benedita-da-cruz\/\"},\"wordCount\":833,\"commentCount\":1,\"publisher\":{\"@id\":\"https:\/\/www.oarcanjo.net\/site\/#organization\"},\"keywords\":[\"Co-padroeira da Europa\",\"Santa Edith Stein\",\"Tereza Benedita da Cruz\"],\"articleSection\":[\"Destaques\",\"Reflex\u00f5es\",\"Voz do Arcanjo\"],\"inLanguage\":\"pt-BR\",\"potentialAction\":[{\"@type\":\"CommentAction\",\"name\":\"Comment\",\"target\":[\"https:\/\/www.oarcanjo.net\/site\/santa-edith-stein-tereza-benedita-da-cruz\/#respond\"]}]},{\"@type\":\"WebPage\",\"@id\":\"https:\/\/www.oarcanjo.net\/site\/santa-edith-stein-tereza-benedita-da-cruz\/\",\"url\":\"https:\/\/www.oarcanjo.net\/site\/santa-edith-stein-tereza-benedita-da-cruz\/\",\"name\":\"Santa Edith Stein (Tereza Benedita da Cruz) - O Arcanjo no ar\",\"isPartOf\":{\"@id\":\"https:\/\/www.oarcanjo.net\/site\/#website\"},\"datePublished\":\"2009-08-09T07:21:33+00:00\",\"dateModified\":\"2009-08-09T11:03:47+00:00\",\"breadcrumb\":{\"@id\":\"https:\/\/www.oarcanjo.net\/site\/santa-edith-stein-tereza-benedita-da-cruz\/#breadcrumb\"},\"inLanguage\":\"pt-BR\",\"potentialAction\":[{\"@type\":\"ReadAction\",\"target\":[\"https:\/\/www.oarcanjo.net\/site\/santa-edith-stein-tereza-benedita-da-cruz\/\"]}]},{\"@type\":\"BreadcrumbList\",\"@id\":\"https:\/\/www.oarcanjo.net\/site\/santa-edith-stein-tereza-benedita-da-cruz\/#breadcrumb\",\"itemListElement\":[{\"@type\":\"ListItem\",\"position\":1,\"name\":\"In\u00edcio\",\"item\":\"https:\/\/www.oarcanjo.net\/site\/\"},{\"@type\":\"ListItem\",\"position\":2,\"name\":\"Santa Edith Stein (Tereza Benedita da Cruz)\"}]},{\"@type\":\"WebSite\",\"@id\":\"https:\/\/www.oarcanjo.net\/site\/#website\",\"url\":\"https:\/\/www.oarcanjo.net\/site\/\",\"name\":\"O Arcanjo no ar\",\"description\":\"Site da Par\u00f3quia S\u00e3o Miguel Arcanjo (Arquidiocese de SP)\",\"publisher\":{\"@id\":\"https:\/\/www.oarcanjo.net\/site\/#organization\"},\"potentialAction\":[{\"@type\":\"SearchAction\",\"target\":{\"@type\":\"EntryPoint\",\"urlTemplate\":\"https:\/\/www.oarcanjo.net\/site\/?s={search_term_string}\"},\"query-input\":{\"@type\":\"PropertyValueSpecification\",\"valueRequired\":true,\"valueName\":\"search_term_string\"}}],\"inLanguage\":\"pt-BR\"},{\"@type\":\"Organization\",\"@id\":\"https:\/\/www.oarcanjo.net\/site\/#organization\",\"name\":\"Par\u00f3quia S\u00e3o Miguel Arcanjo\",\"url\":\"https:\/\/www.oarcanjo.net\/site\/\",\"logo\":{\"@type\":\"ImageObject\",\"inLanguage\":\"pt-BR\",\"@id\":\"https:\/\/www.oarcanjo.net\/site\/#\/schema\/logo\/image\/\",\"url\":\"https:\/\/www.oarcanjo.net\/site\/wp-content\/uploads\/LogoOArcanjo.png\",\"contentUrl\":\"https:\/\/www.oarcanjo.net\/site\/wp-content\/uploads\/LogoOArcanjo.png\",\"width\":319,\"height\":99,\"caption\":\"Par\u00f3quia S\u00e3o Miguel Arcanjo\"},\"image\":{\"@id\":\"https:\/\/www.oarcanjo.net\/site\/#\/schema\/logo\/image\/\"},\"sameAs\":[\"https:\/\/www.facebook.com\/OArcanjoNoAr\/\"]},{\"@type\":\"Person\",\"@id\":\"https:\/\/www.oarcanjo.net\/site\/#\/schema\/person\/f7024d007863202483a31326673a0838\",\"name\":\"editor\",\"sameAs\":[\"http:\/\/www.oarcanjo.net\"]}]}<\/script>\n<!-- \/ Yoast SEO plugin. -->","yoast_head_json":{"title":"Santa Edith Stein (Tereza Benedita da Cruz) - O Arcanjo no ar","robots":{"index":"index","follow":"follow","max-snippet":"max-snippet:-1","max-image-preview":"max-image-preview:large","max-video-preview":"max-video-preview:-1"},"canonical":"https:\/\/www.oarcanjo.net\/site\/santa-edith-stein-tereza-benedita-da-cruz\/","og_locale":"pt_BR","og_type":"article","og_title":"Santa Edith Stein (Tereza Benedita da Cruz) - O Arcanjo no ar","og_description":"Fonte: Editora Cl\u00e9ofas Edith Stein nasceu na cidade de Breslau, Alemanha, no dia 12 de outubro de 1891, em uma pr\u00f3spera fam\u00edlia de judeus. Aos dois anos ficou \u00f3rf\u00e3 do pai. A m\u00e3e e os irm\u00e3os mantiveram a situa\u00e7\u00e3o financeira est\u00e1vel e a educaram dentro da religi\u00e3o judaica. Desde menina, Edith era brilhante nos estudos [&hellip;]","og_url":"https:\/\/www.oarcanjo.net\/site\/santa-edith-stein-tereza-benedita-da-cruz\/","og_site_name":"O Arcanjo no ar","article_publisher":"https:\/\/www.facebook.com\/OArcanjoNoAr\/","article_published_time":"2009-08-09T07:21:33+00:00","article_modified_time":"2009-08-09T11:03:47+00:00","og_image":[{"width":300,"height":300,"url":"https:\/\/www.oarcanjo.net\/site\/wp-content\/uploads\/logo-o-arcanjo-no-ar-facebook.png","type":"image\/png"}],"author":"editor","twitter_card":"summary_large_image","twitter_misc":{"Escrito por":"editor","Est. tempo de leitura":"4 minutos"},"schema":{"@context":"https:\/\/schema.org","@graph":[{"@type":"Article","@id":"https:\/\/www.oarcanjo.net\/site\/santa-edith-stein-tereza-benedita-da-cruz\/#article","isPartOf":{"@id":"https:\/\/www.oarcanjo.net\/site\/santa-edith-stein-tereza-benedita-da-cruz\/"},"author":{"name":"editor","@id":"https:\/\/www.oarcanjo.net\/site\/#\/schema\/person\/f7024d007863202483a31326673a0838"},"headline":"Santa Edith Stein (Tereza Benedita da Cruz)","datePublished":"2009-08-09T07:21:33+00:00","dateModified":"2009-08-09T11:03:47+00:00","mainEntityOfPage":{"@id":"https:\/\/www.oarcanjo.net\/site\/santa-edith-stein-tereza-benedita-da-cruz\/"},"wordCount":833,"commentCount":1,"publisher":{"@id":"https:\/\/www.oarcanjo.net\/site\/#organization"},"keywords":["Co-padroeira da Europa","Santa Edith Stein","Tereza Benedita da Cruz"],"articleSection":["Destaques","Reflex\u00f5es","Voz do Arcanjo"],"inLanguage":"pt-BR","potentialAction":[{"@type":"CommentAction","name":"Comment","target":["https:\/\/www.oarcanjo.net\/site\/santa-edith-stein-tereza-benedita-da-cruz\/#respond"]}]},{"@type":"WebPage","@id":"https:\/\/www.oarcanjo.net\/site\/santa-edith-stein-tereza-benedita-da-cruz\/","url":"https:\/\/www.oarcanjo.net\/site\/santa-edith-stein-tereza-benedita-da-cruz\/","name":"Santa Edith Stein (Tereza Benedita da Cruz) - O Arcanjo no ar","isPartOf":{"@id":"https:\/\/www.oarcanjo.net\/site\/#website"},"datePublished":"2009-08-09T07:21:33+00:00","dateModified":"2009-08-09T11:03:47+00:00","breadcrumb":{"@id":"https:\/\/www.oarcanjo.net\/site\/santa-edith-stein-tereza-benedita-da-cruz\/#breadcrumb"},"inLanguage":"pt-BR","potentialAction":[{"@type":"ReadAction","target":["https:\/\/www.oarcanjo.net\/site\/santa-edith-stein-tereza-benedita-da-cruz\/"]}]},{"@type":"BreadcrumbList","@id":"https:\/\/www.oarcanjo.net\/site\/santa-edith-stein-tereza-benedita-da-cruz\/#breadcrumb","itemListElement":[{"@type":"ListItem","position":1,"name":"In\u00edcio","item":"https:\/\/www.oarcanjo.net\/site\/"},{"@type":"ListItem","position":2,"name":"Santa Edith Stein (Tereza Benedita da Cruz)"}]},{"@type":"WebSite","@id":"https:\/\/www.oarcanjo.net\/site\/#website","url":"https:\/\/www.oarcanjo.net\/site\/","name":"O Arcanjo no ar","description":"Site da Par\u00f3quia S\u00e3o Miguel Arcanjo (Arquidiocese de SP)","publisher":{"@id":"https:\/\/www.oarcanjo.net\/site\/#organization"},"potentialAction":[{"@type":"SearchAction","target":{"@type":"EntryPoint","urlTemplate":"https:\/\/www.oarcanjo.net\/site\/?s={search_term_string}"},"query-input":{"@type":"PropertyValueSpecification","valueRequired":true,"valueName":"search_term_string"}}],"inLanguage":"pt-BR"},{"@type":"Organization","@id":"https:\/\/www.oarcanjo.net\/site\/#organization","name":"Par\u00f3quia S\u00e3o Miguel Arcanjo","url":"https:\/\/www.oarcanjo.net\/site\/","logo":{"@type":"ImageObject","inLanguage":"pt-BR","@id":"https:\/\/www.oarcanjo.net\/site\/#\/schema\/logo\/image\/","url":"https:\/\/www.oarcanjo.net\/site\/wp-content\/uploads\/LogoOArcanjo.png","contentUrl":"https:\/\/www.oarcanjo.net\/site\/wp-content\/uploads\/LogoOArcanjo.png","width":319,"height":99,"caption":"Par\u00f3quia S\u00e3o Miguel Arcanjo"},"image":{"@id":"https:\/\/www.oarcanjo.net\/site\/#\/schema\/logo\/image\/"},"sameAs":["https:\/\/www.facebook.com\/OArcanjoNoAr\/"]},{"@type":"Person","@id":"https:\/\/www.oarcanjo.net\/site\/#\/schema\/person\/f7024d007863202483a31326673a0838","name":"editor","sameAs":["http:\/\/www.oarcanjo.net"]}]}},"publishpress_future_action":{"enabled":false,"date":"2026-05-06 13:40:47","action":"category","newStatus":"draft","terms":[],"taxonomy":"category"},"publishpress_future_workflow_manual_trigger":{"enabledWorkflows":[]},"_links":{"self":[{"href":"https:\/\/www.oarcanjo.net\/site\/wp-json\/wp\/v2\/posts\/4627"}],"collection":[{"href":"https:\/\/www.oarcanjo.net\/site\/wp-json\/wp\/v2\/posts"}],"about":[{"href":"https:\/\/www.oarcanjo.net\/site\/wp-json\/wp\/v2\/types\/post"}],"author":[{"embeddable":true,"href":"https:\/\/www.oarcanjo.net\/site\/wp-json\/wp\/v2\/users\/5"}],"replies":[{"embeddable":true,"href":"https:\/\/www.oarcanjo.net\/site\/wp-json\/wp\/v2\/comments?post=4627"}],"version-history":[{"count":0,"href":"https:\/\/www.oarcanjo.net\/site\/wp-json\/wp\/v2\/posts\/4627\/revisions"}],"wp:attachment":[{"href":"https:\/\/www.oarcanjo.net\/site\/wp-json\/wp\/v2\/media?parent=4627"}],"wp:term":[{"taxonomy":"category","embeddable":true,"href":"https:\/\/www.oarcanjo.net\/site\/wp-json\/wp\/v2\/categories?post=4627"},{"taxonomy":"post_tag","embeddable":true,"href":"https:\/\/www.oarcanjo.net\/site\/wp-json\/wp\/v2\/tags?post=4627"}],"curies":[{"name":"wp","href":"https:\/\/api.w.org\/{rel}","templated":true}]}}