
{"id":46319,"date":"2014-06-25T08:53:52","date_gmt":"2014-06-25T11:53:52","guid":{"rendered":"http:\/\/www.oarcanjo.net\/site\/?p=46319"},"modified":"2014-06-25T08:53:52","modified_gmt":"2014-06-25T11:53:52","slug":"oremus-pro-pontifice-nostro-francisco","status":"publish","type":"post","link":"https:\/\/www.oarcanjo.net\/site\/oremus-pro-pontifice-nostro-francisco\/","title":{"rendered":"\u201cOremus pro Pontifice nostro Francisco\u201d"},"content":{"rendered":"<p><em>Cardeal Odilo Pedro Scherer<\/em><\/p>\n<p>No dia 29 de junho, a Igreja celebra a festa solene dos ap\u00f3stolos Pedro e Paulo. De fato, \u00e9 a comemora\u00e7\u00e3o do mart\u00edrio desses dois \u201cpr\u00edncipes dos ap\u00f3stolos\u201d, cujo sangue foi derramado em Roma em testemunho por Jesus Cristo e pelo Evangelho; seus t\u00famulos s\u00e3o venerados em Roma tamb\u00e9m em nossos dias.<\/p>\n<p>S\u00e3o Pedro representa a unidade da Igreja e o pastoreio universal das ovelhas do rebanho do Senhor, conforme encargo por ele recebido do pr\u00f3prio Jesus, ap\u00f3s a ressurrei\u00e7\u00e3o: \u201capascenta os meus cordeiros&#8230; apascenta as minhas ovelhas\u201d (cf Jo. 21,15-17). Pedro tamb\u00e9m foi encarregado de \u201cconfirmar os irm\u00e3os na f\u00e9\u201d (cf Lc 22,32) e esta miss\u00e3o j\u00e1 lhe \u00e9 reconhecida pela Igreja apost\u00f3lica; o pr\u00f3prio Paulo foi confrontar sua prega\u00e7\u00e3o com Pedro, \u201cpara verificar se eu n\u00e3o estava correndo em v\u00e3o\u201d (cf Gl 2,2.7-9).<\/p>\n<p>S\u00e3o Paulo representa a Igreja \u201cem miss\u00e3o\u201d, anunciando o Evangelho a todos os povos; ele mesmo reconhece que esta foi a miss\u00e3o recebida de Jesus e sua a\u00e7\u00e3o mission\u00e1ria ardorosa e incans\u00e1vel o demonstrou bem. A Liturgia desta festa destaca o papel diverso dos dois ap\u00f3stolos, mas que contribu\u00edram para a mesma miss\u00e3o da Igreja: \u201cpor meios diferentes, os dois congregaram a \u00fanica fam\u00edlia de Cristo\u201d (Pref\u00e1cio da missa).<\/p>\n<p>O Papa, enquanto sucessor de Pedro, representa ambas essas miss\u00f5es da Igreja. Por isso, ele se ocupa e preocupa com a unidade da Igreja na confiss\u00e3o da mesma f\u00e9 e com a supera\u00e7\u00e3o das divis\u00f5es; ao mesmo tempo, anima a Igreja para manter viva e din\u00e2mica a a\u00e7\u00e3o mission\u00e1ria, em toda parte. O papa Francisco, como seus predecessores, est\u00e1 profundamente empenhado nesta dupla miss\u00e3o da Igreja de Cristo. Esta mesma d\u00faplice miss\u00e3o tamb\u00e9m \u00e9 compartilhada pelo col\u00e9gio episcopal, junto com o Papa, e por todos e cada um dos bispos em sua diocese.<\/p>\n<p>A miss\u00e3o evangelizadora n\u00e3o \u00e9 obra apenas de vontades e projetos humanos; a Igreja age e faz a sua parte, \u201cconfiada \u00e0 gra\u00e7a de Deus\u201d, como fizeram Paulo e seus companheiros de miss\u00e3o (cf At. 14,26). Por isso, a ora\u00e7\u00e3o \u00e9 necess\u00e1ria, quer para se colocar na sintonia constante com Deus e seu des\u00edgnio sobre n\u00f3s e o mundo, quer para obter do Esp\u00edrito Santo a fecundidade e o fruto para a sua a\u00e7\u00e3o.<\/p>\n<p>Na festa de S\u00e3o Pedro e S\u00e3o Paulo, a Igreja Cat\u00f3lica comemora o \u201cdia do Papa\u201d e convida as suas comunidades, em todo o mundo, a fazerem ora\u00e7\u00e3o pelo Sucessor de Pedro e a renovar a consci\u00eancia da sua comunh\u00e3o com ele; ao mesmo tempo, pede que expressem sua ades\u00e3o ao Papa e sua miss\u00e3o, de maneira concreta, atrav\u00e9s do \u201c\u00f3bolo de S\u00e3o Pedro\u201d; com essa ajuda, o Papa pode realizar, em nome de todos, a caridade em situa\u00e7\u00f5es de necessidade urgente, como cat\u00e1strofes, e apoiar a vida e a miss\u00e3o da Igreja em lugares muito carentes.<\/p>\n<p>Nos Atos dos Ap\u00f3stolos j\u00e1 aparece a origem da pr\u00e1tica de \u201crezar por Pedro\u201d: enquanto o ap\u00f3stolo estava na pris\u00e3o, por ordem de Herodes, \u201ca Igreja rezava continuamente a Deus por ele\u201d (At 12,5). Pedro \u00e9 libertado da pris\u00e3o por um anjo de Deus. E a Igreja nunca mais deixou de rezar \u201cpor Pedro\u201d e o faz ainda hoje, na Ora\u00e7\u00e3o Eucar\u00edstica de cada Missa, ap\u00f3s a consagra\u00e7\u00e3o.<\/p>\n<p>E n\u00e3o \u00e9 outro o pedido do papa Francisco, desde o primeiro momento de sua apresenta\u00e7\u00e3o ao mundo, ap\u00f3s a sua elei\u00e7\u00e3o: antes de dar a b\u00ean\u00e7\u00e3o apost\u00f3lica ao povo, ele convidou todos a pedirem a b\u00ean\u00e7\u00e3o de Deus para ele. Em muitas outras ocasi\u00f5es, ele o fez publicamente e, em privado, encontrando as pessoas: rezem por mim! J\u00e1 pude testemunhar v\u00e1rios desses pedidos pessoalmente. Portanto, \u201c<em>oremus pro Pontifice nostro Francisco<\/em>\u201d! No dia do Papa e todos os dias.<\/p>\n<div id=\"themify_builder_content-46319\" data-postid=\"46319\" class=\"themify_builder_content themify_builder_content-46319 themify_builder themify_builder_front\">\n\t<\/div>\n<!-- \/themify_builder_content -->","protected":false},"excerpt":{"rendered":"<p>Cardeal Odilo Pedro Scherer No dia 29 de junho, a Igreja celebra a festa solene dos ap\u00f3stolos Pedro e Paulo. De fato, \u00e9 a comemora\u00e7\u00e3o do mart\u00edrio desses dois \u201cpr\u00edncipes dos ap\u00f3stolos\u201d, cujo sangue foi derramado em Roma em testemunho por Jesus Cristo e pelo Evangelho; seus t\u00famulos s\u00e3o venerados em Roma tamb\u00e9m em nossos [&hellip;]<\/p>\n","protected":false},"author":5,"featured_media":0,"comment_status":"open","ping_status":"open","sticky":false,"template":"","format":"standard","meta":{"ngg_post_thumbnail":0,"footnotes":""},"categories":[9],"tags":[2139,3086,3087,498,3088,2433,3089,3090,2977],"yoast_head":"<!-- This site is optimized with the Yoast SEO plugin v23.5 - https:\/\/yoast.com\/wordpress\/plugins\/seo\/ -->\n<title>\u201cOremus pro Pontifice nostro Francisco\u201d - O Arcanjo no ar<\/title>\n<meta name=\"robots\" content=\"index, follow, max-snippet:-1, max-image-preview:large, max-video-preview:-1\" \/>\n<link rel=\"canonical\" href=\"https:\/\/www.oarcanjo.net\/site\/oremus-pro-pontifice-nostro-francisco\/\" \/>\n<meta property=\"og:locale\" content=\"pt_BR\" \/>\n<meta property=\"og:type\" content=\"article\" \/>\n<meta property=\"og:title\" content=\"\u201cOremus pro Pontifice nostro Francisco\u201d - O Arcanjo no ar\" \/>\n<meta property=\"og:description\" content=\"Cardeal Odilo Pedro Scherer No dia 29 de junho, a Igreja celebra a festa solene dos ap\u00f3stolos Pedro e Paulo. De fato, \u00e9 a comemora\u00e7\u00e3o do mart\u00edrio desses dois \u201cpr\u00edncipes dos ap\u00f3stolos\u201d, cujo sangue foi derramado em Roma em testemunho por Jesus Cristo e pelo Evangelho; seus t\u00famulos s\u00e3o venerados em Roma tamb\u00e9m em nossos [&hellip;]\" \/>\n<meta property=\"og:url\" content=\"https:\/\/www.oarcanjo.net\/site\/oremus-pro-pontifice-nostro-francisco\/\" \/>\n<meta property=\"og:site_name\" content=\"O Arcanjo no ar\" \/>\n<meta property=\"article:publisher\" content=\"https:\/\/www.facebook.com\/OArcanjoNoAr\/\" \/>\n<meta property=\"article:published_time\" content=\"2014-06-25T11:53:52+00:00\" \/>\n<meta property=\"og:image\" content=\"https:\/\/www.oarcanjo.net\/site\/wp-content\/uploads\/logo-o-arcanjo-no-ar-facebook.png\" \/>\n\t<meta property=\"og:image:width\" content=\"300\" \/>\n\t<meta property=\"og:image:height\" content=\"300\" \/>\n\t<meta property=\"og:image:type\" content=\"image\/png\" \/>\n<meta name=\"author\" content=\"editor\" \/>\n<meta name=\"twitter:card\" content=\"summary_large_image\" \/>\n<meta name=\"twitter:label1\" content=\"Escrito por\" \/>\n\t<meta name=\"twitter:data1\" content=\"editor\" \/>\n\t<meta name=\"twitter:label2\" content=\"Est. tempo de leitura\" \/>\n\t<meta name=\"twitter:data2\" content=\"3 minutos\" \/>\n<script type=\"application\/ld+json\" class=\"yoast-schema-graph\">{\"@context\":\"https:\/\/schema.org\",\"@graph\":[{\"@type\":\"Article\",\"@id\":\"https:\/\/www.oarcanjo.net\/site\/oremus-pro-pontifice-nostro-francisco\/#article\",\"isPartOf\":{\"@id\":\"https:\/\/www.oarcanjo.net\/site\/oremus-pro-pontifice-nostro-francisco\/\"},\"author\":{\"name\":\"editor\",\"@id\":\"https:\/\/www.oarcanjo.net\/site\/#\/schema\/person\/f7024d007863202483a31326673a0838\"},\"headline\":\"\u201cOremus pro Pontifice nostro Francisco\u201d\",\"datePublished\":\"2014-06-25T11:53:52+00:00\",\"dateModified\":\"2014-06-25T11:53:52+00:00\",\"mainEntityOfPage\":{\"@id\":\"https:\/\/www.oarcanjo.net\/site\/oremus-pro-pontifice-nostro-francisco\/\"},\"wordCount\":698,\"commentCount\":0,\"publisher\":{\"@id\":\"https:\/\/www.oarcanjo.net\/site\/#organization\"},\"keywords\":[\"an\u00fancio\",\"Ap\u00f3stolo Paulo\",\"Ap\u00f3stolo Pedro\",\"miss\u00e3o\",\"\u00d3bolo de S\u00e3o Pedro\",\"Papa Francisco\",\"Pastoreio\",\"Pr\u00edncipes dos ap\u00f3stolos\",\"Unidade\"],\"articleSection\":[\"Reflex\u00f5es\"],\"inLanguage\":\"pt-BR\",\"potentialAction\":[{\"@type\":\"CommentAction\",\"name\":\"Comment\",\"target\":[\"https:\/\/www.oarcanjo.net\/site\/oremus-pro-pontifice-nostro-francisco\/#respond\"]}]},{\"@type\":\"WebPage\",\"@id\":\"https:\/\/www.oarcanjo.net\/site\/oremus-pro-pontifice-nostro-francisco\/\",\"url\":\"https:\/\/www.oarcanjo.net\/site\/oremus-pro-pontifice-nostro-francisco\/\",\"name\":\"\u201cOremus pro Pontifice nostro Francisco\u201d - O Arcanjo no ar\",\"isPartOf\":{\"@id\":\"https:\/\/www.oarcanjo.net\/site\/#website\"},\"datePublished\":\"2014-06-25T11:53:52+00:00\",\"dateModified\":\"2014-06-25T11:53:52+00:00\",\"breadcrumb\":{\"@id\":\"https:\/\/www.oarcanjo.net\/site\/oremus-pro-pontifice-nostro-francisco\/#breadcrumb\"},\"inLanguage\":\"pt-BR\",\"potentialAction\":[{\"@type\":\"ReadAction\",\"target\":[\"https:\/\/www.oarcanjo.net\/site\/oremus-pro-pontifice-nostro-francisco\/\"]}]},{\"@type\":\"BreadcrumbList\",\"@id\":\"https:\/\/www.oarcanjo.net\/site\/oremus-pro-pontifice-nostro-francisco\/#breadcrumb\",\"itemListElement\":[{\"@type\":\"ListItem\",\"position\":1,\"name\":\"In\u00edcio\",\"item\":\"https:\/\/www.oarcanjo.net\/site\/\"},{\"@type\":\"ListItem\",\"position\":2,\"name\":\"\u201cOremus pro Pontifice nostro Francisco\u201d\"}]},{\"@type\":\"WebSite\",\"@id\":\"https:\/\/www.oarcanjo.net\/site\/#website\",\"url\":\"https:\/\/www.oarcanjo.net\/site\/\",\"name\":\"O Arcanjo no ar\",\"description\":\"Site da Par\u00f3quia S\u00e3o Miguel Arcanjo (Arquidiocese de SP)\",\"publisher\":{\"@id\":\"https:\/\/www.oarcanjo.net\/site\/#organization\"},\"potentialAction\":[{\"@type\":\"SearchAction\",\"target\":{\"@type\":\"EntryPoint\",\"urlTemplate\":\"https:\/\/www.oarcanjo.net\/site\/?s={search_term_string}\"},\"query-input\":{\"@type\":\"PropertyValueSpecification\",\"valueRequired\":true,\"valueName\":\"search_term_string\"}}],\"inLanguage\":\"pt-BR\"},{\"@type\":\"Organization\",\"@id\":\"https:\/\/www.oarcanjo.net\/site\/#organization\",\"name\":\"Par\u00f3quia S\u00e3o Miguel Arcanjo\",\"url\":\"https:\/\/www.oarcanjo.net\/site\/\",\"logo\":{\"@type\":\"ImageObject\",\"inLanguage\":\"pt-BR\",\"@id\":\"https:\/\/www.oarcanjo.net\/site\/#\/schema\/logo\/image\/\",\"url\":\"https:\/\/www.oarcanjo.net\/site\/wp-content\/uploads\/LogoOArcanjo.png\",\"contentUrl\":\"https:\/\/www.oarcanjo.net\/site\/wp-content\/uploads\/LogoOArcanjo.png\",\"width\":319,\"height\":99,\"caption\":\"Par\u00f3quia S\u00e3o Miguel Arcanjo\"},\"image\":{\"@id\":\"https:\/\/www.oarcanjo.net\/site\/#\/schema\/logo\/image\/\"},\"sameAs\":[\"https:\/\/www.facebook.com\/OArcanjoNoAr\/\"]},{\"@type\":\"Person\",\"@id\":\"https:\/\/www.oarcanjo.net\/site\/#\/schema\/person\/f7024d007863202483a31326673a0838\",\"name\":\"editor\",\"sameAs\":[\"http:\/\/www.oarcanjo.net\"]}]}<\/script>\n<!-- \/ Yoast SEO plugin. -->","yoast_head_json":{"title":"\u201cOremus pro Pontifice nostro Francisco\u201d - O Arcanjo no ar","robots":{"index":"index","follow":"follow","max-snippet":"max-snippet:-1","max-image-preview":"max-image-preview:large","max-video-preview":"max-video-preview:-1"},"canonical":"https:\/\/www.oarcanjo.net\/site\/oremus-pro-pontifice-nostro-francisco\/","og_locale":"pt_BR","og_type":"article","og_title":"\u201cOremus pro Pontifice nostro Francisco\u201d - O Arcanjo no ar","og_description":"Cardeal Odilo Pedro Scherer No dia 29 de junho, a Igreja celebra a festa solene dos ap\u00f3stolos Pedro e Paulo. De fato, \u00e9 a comemora\u00e7\u00e3o do mart\u00edrio desses dois \u201cpr\u00edncipes dos ap\u00f3stolos\u201d, cujo sangue foi derramado em Roma em testemunho por Jesus Cristo e pelo Evangelho; seus t\u00famulos s\u00e3o venerados em Roma tamb\u00e9m em nossos [&hellip;]","og_url":"https:\/\/www.oarcanjo.net\/site\/oremus-pro-pontifice-nostro-francisco\/","og_site_name":"O Arcanjo no ar","article_publisher":"https:\/\/www.facebook.com\/OArcanjoNoAr\/","article_published_time":"2014-06-25T11:53:52+00:00","og_image":[{"width":300,"height":300,"url":"https:\/\/www.oarcanjo.net\/site\/wp-content\/uploads\/logo-o-arcanjo-no-ar-facebook.png","type":"image\/png"}],"author":"editor","twitter_card":"summary_large_image","twitter_misc":{"Escrito por":"editor","Est. tempo de leitura":"3 minutos"},"schema":{"@context":"https:\/\/schema.org","@graph":[{"@type":"Article","@id":"https:\/\/www.oarcanjo.net\/site\/oremus-pro-pontifice-nostro-francisco\/#article","isPartOf":{"@id":"https:\/\/www.oarcanjo.net\/site\/oremus-pro-pontifice-nostro-francisco\/"},"author":{"name":"editor","@id":"https:\/\/www.oarcanjo.net\/site\/#\/schema\/person\/f7024d007863202483a31326673a0838"},"headline":"\u201cOremus pro Pontifice nostro Francisco\u201d","datePublished":"2014-06-25T11:53:52+00:00","dateModified":"2014-06-25T11:53:52+00:00","mainEntityOfPage":{"@id":"https:\/\/www.oarcanjo.net\/site\/oremus-pro-pontifice-nostro-francisco\/"},"wordCount":698,"commentCount":0,"publisher":{"@id":"https:\/\/www.oarcanjo.net\/site\/#organization"},"keywords":["an\u00fancio","Ap\u00f3stolo Paulo","Ap\u00f3stolo Pedro","miss\u00e3o","\u00d3bolo de S\u00e3o Pedro","Papa Francisco","Pastoreio","Pr\u00edncipes dos ap\u00f3stolos","Unidade"],"articleSection":["Reflex\u00f5es"],"inLanguage":"pt-BR","potentialAction":[{"@type":"CommentAction","name":"Comment","target":["https:\/\/www.oarcanjo.net\/site\/oremus-pro-pontifice-nostro-francisco\/#respond"]}]},{"@type":"WebPage","@id":"https:\/\/www.oarcanjo.net\/site\/oremus-pro-pontifice-nostro-francisco\/","url":"https:\/\/www.oarcanjo.net\/site\/oremus-pro-pontifice-nostro-francisco\/","name":"\u201cOremus pro Pontifice nostro Francisco\u201d - O Arcanjo no ar","isPartOf":{"@id":"https:\/\/www.oarcanjo.net\/site\/#website"},"datePublished":"2014-06-25T11:53:52+00:00","dateModified":"2014-06-25T11:53:52+00:00","breadcrumb":{"@id":"https:\/\/www.oarcanjo.net\/site\/oremus-pro-pontifice-nostro-francisco\/#breadcrumb"},"inLanguage":"pt-BR","potentialAction":[{"@type":"ReadAction","target":["https:\/\/www.oarcanjo.net\/site\/oremus-pro-pontifice-nostro-francisco\/"]}]},{"@type":"BreadcrumbList","@id":"https:\/\/www.oarcanjo.net\/site\/oremus-pro-pontifice-nostro-francisco\/#breadcrumb","itemListElement":[{"@type":"ListItem","position":1,"name":"In\u00edcio","item":"https:\/\/www.oarcanjo.net\/site\/"},{"@type":"ListItem","position":2,"name":"\u201cOremus pro Pontifice nostro Francisco\u201d"}]},{"@type":"WebSite","@id":"https:\/\/www.oarcanjo.net\/site\/#website","url":"https:\/\/www.oarcanjo.net\/site\/","name":"O Arcanjo no ar","description":"Site da Par\u00f3quia S\u00e3o Miguel Arcanjo (Arquidiocese de SP)","publisher":{"@id":"https:\/\/www.oarcanjo.net\/site\/#organization"},"potentialAction":[{"@type":"SearchAction","target":{"@type":"EntryPoint","urlTemplate":"https:\/\/www.oarcanjo.net\/site\/?s={search_term_string}"},"query-input":{"@type":"PropertyValueSpecification","valueRequired":true,"valueName":"search_term_string"}}],"inLanguage":"pt-BR"},{"@type":"Organization","@id":"https:\/\/www.oarcanjo.net\/site\/#organization","name":"Par\u00f3quia S\u00e3o Miguel Arcanjo","url":"https:\/\/www.oarcanjo.net\/site\/","logo":{"@type":"ImageObject","inLanguage":"pt-BR","@id":"https:\/\/www.oarcanjo.net\/site\/#\/schema\/logo\/image\/","url":"https:\/\/www.oarcanjo.net\/site\/wp-content\/uploads\/LogoOArcanjo.png","contentUrl":"https:\/\/www.oarcanjo.net\/site\/wp-content\/uploads\/LogoOArcanjo.png","width":319,"height":99,"caption":"Par\u00f3quia S\u00e3o Miguel Arcanjo"},"image":{"@id":"https:\/\/www.oarcanjo.net\/site\/#\/schema\/logo\/image\/"},"sameAs":["https:\/\/www.facebook.com\/OArcanjoNoAr\/"]},{"@type":"Person","@id":"https:\/\/www.oarcanjo.net\/site\/#\/schema\/person\/f7024d007863202483a31326673a0838","name":"editor","sameAs":["http:\/\/www.oarcanjo.net"]}]}},"publishpress_future_action":{"enabled":false,"date":"2026-05-08 19:03:31","action":"category","newStatus":"draft","terms":[],"taxonomy":"category"},"publishpress_future_workflow_manual_trigger":{"enabledWorkflows":[]},"_links":{"self":[{"href":"https:\/\/www.oarcanjo.net\/site\/wp-json\/wp\/v2\/posts\/46319"}],"collection":[{"href":"https:\/\/www.oarcanjo.net\/site\/wp-json\/wp\/v2\/posts"}],"about":[{"href":"https:\/\/www.oarcanjo.net\/site\/wp-json\/wp\/v2\/types\/post"}],"author":[{"embeddable":true,"href":"https:\/\/www.oarcanjo.net\/site\/wp-json\/wp\/v2\/users\/5"}],"replies":[{"embeddable":true,"href":"https:\/\/www.oarcanjo.net\/site\/wp-json\/wp\/v2\/comments?post=46319"}],"version-history":[{"count":0,"href":"https:\/\/www.oarcanjo.net\/site\/wp-json\/wp\/v2\/posts\/46319\/revisions"}],"wp:attachment":[{"href":"https:\/\/www.oarcanjo.net\/site\/wp-json\/wp\/v2\/media?parent=46319"}],"wp:term":[{"taxonomy":"category","embeddable":true,"href":"https:\/\/www.oarcanjo.net\/site\/wp-json\/wp\/v2\/categories?post=46319"},{"taxonomy":"post_tag","embeddable":true,"href":"https:\/\/www.oarcanjo.net\/site\/wp-json\/wp\/v2\/tags?post=46319"}],"curies":[{"name":"wp","href":"https:\/\/api.w.org\/{rel}","templated":true}]}}