
{"id":46326,"date":"2014-06-29T11:01:19","date_gmt":"2014-06-29T14:01:19","guid":{"rendered":"http:\/\/www.oarcanjo.net\/site\/?p=46326"},"modified":"2014-06-29T11:01:19","modified_gmt":"2014-06-29T14:01:19","slug":"futebol-e-maniqueismo","status":"publish","type":"post","link":"https:\/\/www.oarcanjo.net\/site\/futebol-e-maniqueismo\/","title":{"rendered":"Futebol e manique\u00edsmo"},"content":{"rendered":"<p style=\"text-align: justify;\"><em>Pe. Alfredo J. Gon\u00e7alves, CS<\/em><\/p>\n<p style=\"text-align: justify;\">Euforia e hipnotismo, de um lado, manifesta\u00e7\u00f5es contra, do outro. Enquanto uns fazem um par\u00eantesis na exist\u00eancia para entregar-se ao espet\u00e1culo da Copa do Mundo, sempre acompanha de \u00e1lcool e festa, outros manifestam seu descontentamento social pela pol\u00edtica econ\u00f4mica, renovando a cl\u00e1ssica cr\u00edtica ao \u201cp\u00e3o e circo\u201d do imp\u00e9rio romano. \u00c9 uma marca do futebol: evidenciar os extremos, polarizar as fac\u00e7\u00f5es e os sentimentos, sublinhar as opostos. Contraste que oferece duas vertentes de uma s\u00f3 moeda. Oposi\u00e7\u00e3o entre \u201cconscientes\u201d e \u201calienados\u201d dentro de uma mesma na\u00e7\u00e3o, ou oposi\u00e7\u00e3o entre povos distintos.<\/p>\n<p style=\"text-align: justify;\">Neste \u00faltimo caso, os limites s\u00e3o ainda mais n\u00edtidos, r\u00edgidos e sempre provocatoriamente coloridos. Rivalidades hist\u00f3ricas, motivadas ou n\u00e3o, ressurgem das cinzas. A fa\u00edsca o gol reacende a brasa oculta e a chama se reaviva. A hostilidade se levanta em toda sua for\u00e7a: do lado de c\u00e1, os torcedores do \u201cnosso\u201d time, que vestem a mesma camisa, desfraldam a uma s\u00f3 bandeira, gritam com o sucesso da \u201csele\u00e7\u00e3o canarinha\u201d vestida de verde e amarelo, falam a mesma l\u00edngua; do lado de l\u00e1, a massa indefinida dos \u201coutros\u201d, advers\u00e1rios convertidos em inimigos, competidores em guerra \u2013 fria ou quente. Dentro e fora do campo, futebol torna-se sin\u00f4nimo de batalha!<\/p>\n<p style=\"text-align: justify;\">Eis o futebol como verdadeira caricatura do esporte! O que poderia se tornar encontro e interc\u00e2mbio entre pessoas e povos, grupos e na\u00e7\u00f5es, culturas e valores \u2013 n\u00e3o passa de um pretexto para reeditar, em termos \u00e0s vezes folcl\u00f3ricas e outras vezes esplosivos, o dualismo manique\u00edsta de todos os tempo, onde as fronteiras entre o bem e o mal encontram-se fortemente demarcadas. Os \u201cnossos\u201d, evidentemente, encarnam o bem, fazem um jogo limpo, formam uma verdadeira fam\u00edlia, arrastam uma infinidade de f\u00e3s, reafirmam com novas tintas o patriotismo nacional&#8230; Os \u201coutros\u201d, ora os outros, naturalmente s\u00e3o truculentos, desunidos entre si, prontos \u00e0 explos\u00e3o, provocativos a agressivos.<\/p>\n<p style=\"text-align: justify;\">O hipnotismo e a euforia, \u00e9brios ambos, tornam cegos e surdos os torcedores, os representantes da imprensa, a opini\u00e3o p\u00fablica, e n\u00e3o raro um povo inteiro. Todos parecem olhar o gramado a partir da arquibancada, onde as massas an\u00f4nimas, as palavras de ordem e o fasc\u00ednio toma conta de todos. Desse ponto de vista, a arbitragem \u00e9 sempre tendenciosa e os gritos induzem a um julgamento precipitado. Uma s\u00f3 coisa se espera: bola na rede, se poss\u00edvel gol de placa! A derrota \u00e9 de antem\u00e3o inadmiss\u00edvel, s\u00f3 a vit\u00f3ria honra a \u201cnossa\u201d sele\u00e7\u00e3o! Os pr\u00f3prios protagonistas do jogo, assediados e louvados como estrelas, podem a qualquer momento converterem-se em planetas sem luz. Basta uma falha, por menor que seja, e o pedestal do craque se transforma em escombros e ru\u00ednas. Pior ainda para o t\u00e9cnico.<\/p>\n<p style=\"text-align: justify;\">Se o futebol \u00e9 caricatura do esporte, o \u00e9 tamb\u00e9m da sociedade e da pol\u00edtica brasileira. Nesta, poucos entram em campo, fazem parte das classes dirigentes e participam das decis\u00f5es. A grande maioria, no est\u00e1dio ou pela \u201ctelinha\u201d, limita-se a aplaudir ou a vaiar. Tamb\u00e9m neste caso n\u00e3o h\u00e1 meio termo. Os p\u00f3los parecem bem definidos: ou se ganha, se comemora, se agride o advers\u00e1rio, tudo regado a abundante cerveja (para comemorar!); ou se perde, se apela para a m\u00e1 arbitragem, se critica o t\u00e9cnico e a os craques, tudo novamente regado a cerveja (para afogar as m\u00e1goas!). Tanto o futebol quanto a pol\u00edtica desconhecem as ambiguidades, d\u00favidas, perguntas e contradi\u00e7\u00f5es do cora\u00e7\u00e3o humano. \u201cCora\u00e7\u00e3o de gente \u00e9 terra selvagem\u201d, adverte Guimar\u00e3es Rosa. Futebol e pol\u00edtica s\u00e3o tentatos a tra\u00e7ar uma linha reta e linear onde a realidade \u00e9 bem mais complexa: cheia de curvas e supresas, avan\u00e7os e recuos, um verdadeiro labirinto. Ou ent\u00e3o oscilar entre o \u201cvale tudo\u201d, o \u201cjeitinho brasileiro\u201d e a for\u00e7a bruta.<\/p>\n<p style=\"text-align: justify;\">N\u00e3o, em campo minado, como \u00e9 o caso do esporte e da administra\u00e7\u00e3o p\u00fablica (e do amor, por exemplo), jamais se corre e tampouco se pode caminhar em linha reta. Como diz a sabedoria popular, \u00e9 preciso \u201cdormir no assunto\u201d, saber ouvir a opini\u00e3o silenciosa do travesseiro, para s\u00f3 ent\u00e3o, no dia seguinte, aventurar uma opini\u00e3o mais ou menos amadurecida. Caso contr\u00e1rio, facilmente o sangue ferve, os \u00e2nimos se acirram, os p\u00f3los entram em conflito e o manique\u00edsmo dualista torna-se inevit\u00e1vel \u2013 e como sempre nefasto!<\/p>\n<div id=\"themify_builder_content-46326\" data-postid=\"46326\" class=\"themify_builder_content themify_builder_content-46326 themify_builder themify_builder_front\">\n\t<\/div>\n<!-- \/themify_builder_content -->","protected":false},"excerpt":{"rendered":"<p>Pe. Alfredo J. Gon\u00e7alves, CS Euforia e hipnotismo, de um lado, manifesta\u00e7\u00f5es contra, do outro. Enquanto uns fazem um par\u00eantesis na exist\u00eancia para entregar-se ao espet\u00e1culo da Copa do Mundo, sempre acompanha de \u00e1lcool e festa, outros manifestam seu descontentamento social pela pol\u00edtica econ\u00f4mica, renovando a cl\u00e1ssica cr\u00edtica ao \u201cp\u00e3o e circo\u201d do imp\u00e9rio romano. [&hellip;]<\/p>\n","protected":false},"author":15,"featured_media":0,"comment_status":"open","ping_status":"open","sticky":false,"template":"","format":"standard","meta":{"ngg_post_thumbnail":0,"footnotes":""},"categories":[9],"tags":[],"yoast_head":"<!-- This site is optimized with the Yoast SEO plugin v23.5 - https:\/\/yoast.com\/wordpress\/plugins\/seo\/ -->\n<title>Futebol e manique\u00edsmo - O Arcanjo no ar<\/title>\n<meta name=\"robots\" content=\"index, follow, max-snippet:-1, max-image-preview:large, max-video-preview:-1\" \/>\n<link rel=\"canonical\" href=\"https:\/\/www.oarcanjo.net\/site\/futebol-e-maniqueismo\/\" \/>\n<meta property=\"og:locale\" content=\"pt_BR\" \/>\n<meta property=\"og:type\" content=\"article\" \/>\n<meta property=\"og:title\" content=\"Futebol e manique\u00edsmo - O Arcanjo no ar\" \/>\n<meta property=\"og:description\" content=\"Pe. Alfredo J. Gon\u00e7alves, CS Euforia e hipnotismo, de um lado, manifesta\u00e7\u00f5es contra, do outro. Enquanto uns fazem um par\u00eantesis na exist\u00eancia para entregar-se ao espet\u00e1culo da Copa do Mundo, sempre acompanha de \u00e1lcool e festa, outros manifestam seu descontentamento social pela pol\u00edtica econ\u00f4mica, renovando a cl\u00e1ssica cr\u00edtica ao \u201cp\u00e3o e circo\u201d do imp\u00e9rio romano. [&hellip;]\" \/>\n<meta property=\"og:url\" content=\"https:\/\/www.oarcanjo.net\/site\/futebol-e-maniqueismo\/\" \/>\n<meta property=\"og:site_name\" content=\"O Arcanjo no ar\" \/>\n<meta property=\"article:publisher\" content=\"https:\/\/www.facebook.com\/OArcanjoNoAr\/\" \/>\n<meta property=\"article:published_time\" content=\"2014-06-29T14:01:19+00:00\" \/>\n<meta property=\"og:image\" content=\"https:\/\/www.oarcanjo.net\/site\/wp-content\/uploads\/logo-o-arcanjo-no-ar-facebook.png\" \/>\n\t<meta property=\"og:image:width\" content=\"300\" \/>\n\t<meta property=\"og:image:height\" content=\"300\" \/>\n\t<meta property=\"og:image:type\" content=\"image\/png\" \/>\n<meta name=\"author\" content=\"Alexandre Nunes\" \/>\n<meta name=\"twitter:card\" content=\"summary_large_image\" \/>\n<meta name=\"twitter:label1\" content=\"Escrito por\" \/>\n\t<meta name=\"twitter:data1\" content=\"Alexandre Nunes\" \/>\n\t<meta name=\"twitter:label2\" content=\"Est. tempo de leitura\" \/>\n\t<meta name=\"twitter:data2\" content=\"4 minutos\" \/>\n<script type=\"application\/ld+json\" class=\"yoast-schema-graph\">{\"@context\":\"https:\/\/schema.org\",\"@graph\":[{\"@type\":\"Article\",\"@id\":\"https:\/\/www.oarcanjo.net\/site\/futebol-e-maniqueismo\/#article\",\"isPartOf\":{\"@id\":\"https:\/\/www.oarcanjo.net\/site\/futebol-e-maniqueismo\/\"},\"author\":{\"name\":\"Alexandre Nunes\",\"@id\":\"https:\/\/www.oarcanjo.net\/site\/#\/schema\/person\/0a2ae077c1a09b69d29928e3b9f1c0d1\"},\"headline\":\"Futebol e manique\u00edsmo\",\"datePublished\":\"2014-06-29T14:01:19+00:00\",\"dateModified\":\"2014-06-29T14:01:19+00:00\",\"mainEntityOfPage\":{\"@id\":\"https:\/\/www.oarcanjo.net\/site\/futebol-e-maniqueismo\/\"},\"wordCount\":768,\"commentCount\":0,\"publisher\":{\"@id\":\"https:\/\/www.oarcanjo.net\/site\/#organization\"},\"articleSection\":[\"Reflex\u00f5es\"],\"inLanguage\":\"pt-BR\",\"potentialAction\":[{\"@type\":\"CommentAction\",\"name\":\"Comment\",\"target\":[\"https:\/\/www.oarcanjo.net\/site\/futebol-e-maniqueismo\/#respond\"]}]},{\"@type\":\"WebPage\",\"@id\":\"https:\/\/www.oarcanjo.net\/site\/futebol-e-maniqueismo\/\",\"url\":\"https:\/\/www.oarcanjo.net\/site\/futebol-e-maniqueismo\/\",\"name\":\"Futebol e manique\u00edsmo - O Arcanjo no ar\",\"isPartOf\":{\"@id\":\"https:\/\/www.oarcanjo.net\/site\/#website\"},\"datePublished\":\"2014-06-29T14:01:19+00:00\",\"dateModified\":\"2014-06-29T14:01:19+00:00\",\"breadcrumb\":{\"@id\":\"https:\/\/www.oarcanjo.net\/site\/futebol-e-maniqueismo\/#breadcrumb\"},\"inLanguage\":\"pt-BR\",\"potentialAction\":[{\"@type\":\"ReadAction\",\"target\":[\"https:\/\/www.oarcanjo.net\/site\/futebol-e-maniqueismo\/\"]}]},{\"@type\":\"BreadcrumbList\",\"@id\":\"https:\/\/www.oarcanjo.net\/site\/futebol-e-maniqueismo\/#breadcrumb\",\"itemListElement\":[{\"@type\":\"ListItem\",\"position\":1,\"name\":\"In\u00edcio\",\"item\":\"https:\/\/www.oarcanjo.net\/site\/\"},{\"@type\":\"ListItem\",\"position\":2,\"name\":\"Futebol e manique\u00edsmo\"}]},{\"@type\":\"WebSite\",\"@id\":\"https:\/\/www.oarcanjo.net\/site\/#website\",\"url\":\"https:\/\/www.oarcanjo.net\/site\/\",\"name\":\"O Arcanjo no ar\",\"description\":\"Site da Par\u00f3quia S\u00e3o Miguel Arcanjo (Arquidiocese de SP)\",\"publisher\":{\"@id\":\"https:\/\/www.oarcanjo.net\/site\/#organization\"},\"potentialAction\":[{\"@type\":\"SearchAction\",\"target\":{\"@type\":\"EntryPoint\",\"urlTemplate\":\"https:\/\/www.oarcanjo.net\/site\/?s={search_term_string}\"},\"query-input\":{\"@type\":\"PropertyValueSpecification\",\"valueRequired\":true,\"valueName\":\"search_term_string\"}}],\"inLanguage\":\"pt-BR\"},{\"@type\":\"Organization\",\"@id\":\"https:\/\/www.oarcanjo.net\/site\/#organization\",\"name\":\"Par\u00f3quia S\u00e3o Miguel Arcanjo\",\"url\":\"https:\/\/www.oarcanjo.net\/site\/\",\"logo\":{\"@type\":\"ImageObject\",\"inLanguage\":\"pt-BR\",\"@id\":\"https:\/\/www.oarcanjo.net\/site\/#\/schema\/logo\/image\/\",\"url\":\"https:\/\/www.oarcanjo.net\/site\/wp-content\/uploads\/LogoOArcanjo.png\",\"contentUrl\":\"https:\/\/www.oarcanjo.net\/site\/wp-content\/uploads\/LogoOArcanjo.png\",\"width\":319,\"height\":99,\"caption\":\"Par\u00f3quia S\u00e3o Miguel Arcanjo\"},\"image\":{\"@id\":\"https:\/\/www.oarcanjo.net\/site\/#\/schema\/logo\/image\/\"},\"sameAs\":[\"https:\/\/www.facebook.com\/OArcanjoNoAr\/\"]},{\"@type\":\"Person\",\"@id\":\"https:\/\/www.oarcanjo.net\/site\/#\/schema\/person\/0a2ae077c1a09b69d29928e3b9f1c0d1\",\"name\":\"Alexandre Nunes\",\"sameAs\":[\"http:\/\/alexandrenu.com\"]}]}<\/script>\n<!-- \/ Yoast SEO plugin. -->","yoast_head_json":{"title":"Futebol e manique\u00edsmo - O Arcanjo no ar","robots":{"index":"index","follow":"follow","max-snippet":"max-snippet:-1","max-image-preview":"max-image-preview:large","max-video-preview":"max-video-preview:-1"},"canonical":"https:\/\/www.oarcanjo.net\/site\/futebol-e-maniqueismo\/","og_locale":"pt_BR","og_type":"article","og_title":"Futebol e manique\u00edsmo - O Arcanjo no ar","og_description":"Pe. Alfredo J. Gon\u00e7alves, CS Euforia e hipnotismo, de um lado, manifesta\u00e7\u00f5es contra, do outro. Enquanto uns fazem um par\u00eantesis na exist\u00eancia para entregar-se ao espet\u00e1culo da Copa do Mundo, sempre acompanha de \u00e1lcool e festa, outros manifestam seu descontentamento social pela pol\u00edtica econ\u00f4mica, renovando a cl\u00e1ssica cr\u00edtica ao \u201cp\u00e3o e circo\u201d do imp\u00e9rio romano. [&hellip;]","og_url":"https:\/\/www.oarcanjo.net\/site\/futebol-e-maniqueismo\/","og_site_name":"O Arcanjo no ar","article_publisher":"https:\/\/www.facebook.com\/OArcanjoNoAr\/","article_published_time":"2014-06-29T14:01:19+00:00","og_image":[{"width":300,"height":300,"url":"https:\/\/www.oarcanjo.net\/site\/wp-content\/uploads\/logo-o-arcanjo-no-ar-facebook.png","type":"image\/png"}],"author":"Alexandre Nunes","twitter_card":"summary_large_image","twitter_misc":{"Escrito por":"Alexandre Nunes","Est. tempo de leitura":"4 minutos"},"schema":{"@context":"https:\/\/schema.org","@graph":[{"@type":"Article","@id":"https:\/\/www.oarcanjo.net\/site\/futebol-e-maniqueismo\/#article","isPartOf":{"@id":"https:\/\/www.oarcanjo.net\/site\/futebol-e-maniqueismo\/"},"author":{"name":"Alexandre Nunes","@id":"https:\/\/www.oarcanjo.net\/site\/#\/schema\/person\/0a2ae077c1a09b69d29928e3b9f1c0d1"},"headline":"Futebol e manique\u00edsmo","datePublished":"2014-06-29T14:01:19+00:00","dateModified":"2014-06-29T14:01:19+00:00","mainEntityOfPage":{"@id":"https:\/\/www.oarcanjo.net\/site\/futebol-e-maniqueismo\/"},"wordCount":768,"commentCount":0,"publisher":{"@id":"https:\/\/www.oarcanjo.net\/site\/#organization"},"articleSection":["Reflex\u00f5es"],"inLanguage":"pt-BR","potentialAction":[{"@type":"CommentAction","name":"Comment","target":["https:\/\/www.oarcanjo.net\/site\/futebol-e-maniqueismo\/#respond"]}]},{"@type":"WebPage","@id":"https:\/\/www.oarcanjo.net\/site\/futebol-e-maniqueismo\/","url":"https:\/\/www.oarcanjo.net\/site\/futebol-e-maniqueismo\/","name":"Futebol e manique\u00edsmo - O Arcanjo no ar","isPartOf":{"@id":"https:\/\/www.oarcanjo.net\/site\/#website"},"datePublished":"2014-06-29T14:01:19+00:00","dateModified":"2014-06-29T14:01:19+00:00","breadcrumb":{"@id":"https:\/\/www.oarcanjo.net\/site\/futebol-e-maniqueismo\/#breadcrumb"},"inLanguage":"pt-BR","potentialAction":[{"@type":"ReadAction","target":["https:\/\/www.oarcanjo.net\/site\/futebol-e-maniqueismo\/"]}]},{"@type":"BreadcrumbList","@id":"https:\/\/www.oarcanjo.net\/site\/futebol-e-maniqueismo\/#breadcrumb","itemListElement":[{"@type":"ListItem","position":1,"name":"In\u00edcio","item":"https:\/\/www.oarcanjo.net\/site\/"},{"@type":"ListItem","position":2,"name":"Futebol e manique\u00edsmo"}]},{"@type":"WebSite","@id":"https:\/\/www.oarcanjo.net\/site\/#website","url":"https:\/\/www.oarcanjo.net\/site\/","name":"O Arcanjo no ar","description":"Site da Par\u00f3quia S\u00e3o Miguel Arcanjo (Arquidiocese de SP)","publisher":{"@id":"https:\/\/www.oarcanjo.net\/site\/#organization"},"potentialAction":[{"@type":"SearchAction","target":{"@type":"EntryPoint","urlTemplate":"https:\/\/www.oarcanjo.net\/site\/?s={search_term_string}"},"query-input":{"@type":"PropertyValueSpecification","valueRequired":true,"valueName":"search_term_string"}}],"inLanguage":"pt-BR"},{"@type":"Organization","@id":"https:\/\/www.oarcanjo.net\/site\/#organization","name":"Par\u00f3quia S\u00e3o Miguel Arcanjo","url":"https:\/\/www.oarcanjo.net\/site\/","logo":{"@type":"ImageObject","inLanguage":"pt-BR","@id":"https:\/\/www.oarcanjo.net\/site\/#\/schema\/logo\/image\/","url":"https:\/\/www.oarcanjo.net\/site\/wp-content\/uploads\/LogoOArcanjo.png","contentUrl":"https:\/\/www.oarcanjo.net\/site\/wp-content\/uploads\/LogoOArcanjo.png","width":319,"height":99,"caption":"Par\u00f3quia S\u00e3o Miguel Arcanjo"},"image":{"@id":"https:\/\/www.oarcanjo.net\/site\/#\/schema\/logo\/image\/"},"sameAs":["https:\/\/www.facebook.com\/OArcanjoNoAr\/"]},{"@type":"Person","@id":"https:\/\/www.oarcanjo.net\/site\/#\/schema\/person\/0a2ae077c1a09b69d29928e3b9f1c0d1","name":"Alexandre Nunes","sameAs":["http:\/\/alexandrenu.com"]}]}},"publishpress_future_action":{"enabled":false,"date":"2026-05-08 18:52:40","action":"category","newStatus":"draft","terms":[],"taxonomy":"category"},"publishpress_future_workflow_manual_trigger":{"enabledWorkflows":[]},"_links":{"self":[{"href":"https:\/\/www.oarcanjo.net\/site\/wp-json\/wp\/v2\/posts\/46326"}],"collection":[{"href":"https:\/\/www.oarcanjo.net\/site\/wp-json\/wp\/v2\/posts"}],"about":[{"href":"https:\/\/www.oarcanjo.net\/site\/wp-json\/wp\/v2\/types\/post"}],"author":[{"embeddable":true,"href":"https:\/\/www.oarcanjo.net\/site\/wp-json\/wp\/v2\/users\/15"}],"replies":[{"embeddable":true,"href":"https:\/\/www.oarcanjo.net\/site\/wp-json\/wp\/v2\/comments?post=46326"}],"version-history":[{"count":0,"href":"https:\/\/www.oarcanjo.net\/site\/wp-json\/wp\/v2\/posts\/46326\/revisions"}],"wp:attachment":[{"href":"https:\/\/www.oarcanjo.net\/site\/wp-json\/wp\/v2\/media?parent=46326"}],"wp:term":[{"taxonomy":"category","embeddable":true,"href":"https:\/\/www.oarcanjo.net\/site\/wp-json\/wp\/v2\/categories?post=46326"},{"taxonomy":"post_tag","embeddable":true,"href":"https:\/\/www.oarcanjo.net\/site\/wp-json\/wp\/v2\/tags?post=46326"}],"curies":[{"name":"wp","href":"https:\/\/api.w.org\/{rel}","templated":true}]}}