
{"id":4633,"date":"2009-08-08T08:33:09","date_gmt":"2009-08-08T11:33:09","guid":{"rendered":"http:\/\/www.oarcanjo.net\/site\/?p=4633"},"modified":"2009-08-08T08:34:47","modified_gmt":"2009-08-08T11:34:47","slug":"quo-vadis","status":"publish","type":"post","link":"https:\/\/www.oarcanjo.net\/site\/quo-vadis\/","title":{"rendered":"Am\u00e9rica Latina: Quo Vadis?"},"content":{"rendered":"<p><span>Dom Dem\u00e9trio Valentini<\/span><\/p>\n<p>Esta pergunta, que a fic\u00e7\u00e3o hist\u00f3rica criou para Cristo interpelar Pedro,  quando este queria fugir de Roma, com medo de enfrentar o monstro imperial, pode  ser repetida agora para a Am\u00e9rica Latina, em especial, para a Igreja Cat\u00f3lica em  nosso continente.<\/p>\n<p>Para onde vai a Am\u00e9rica Latina? Para onde vai a Igreja latinoamericana?<\/p>\n<p>A Diocese de Jales tem motivos especiais para se identificar com a caminhada  da Igreja da Am\u00e9rica Latina. Suas pr\u00f3prias coordenadas geogr\u00e1ficas a situam no  marco zero do Rio Paran\u00e1, cujas \u00e1guas v\u00e3o dar no Estu\u00e1rio da Prata, irmanando  pa\u00edses do Mercosul, e sinalizando com clareza o mapa deste continente  privilegiado de \u00e1guas e de riquezas de biodiversidade.<\/p>\n<p>Mas sobretudo o fato da Diocese ter sido criada no dia 12 de dezembro de  1959, dedicado \u00e0 Nossa Senhora de Guadalupe, padroeira da Am\u00e9rica Latina, lhe  deu desde o in\u00edcio esta conota\u00e7\u00e3o latino americana. Agora a Diocese est\u00e1 se  aproximando do jubileu de ouro de sua cria\u00e7\u00e3o. Ela procura ler em suas datas  hist\u00f3ricas o enigma de sua voca\u00e7\u00e3o, com claros tra\u00e7os de sua vincula\u00e7\u00e3o com a  Am\u00e9rica Latina.<\/p>\n<p>Na recente Confer\u00eancia Episcopal, realizada em Aparecida, de \u00e2mbito  latinoamericano, os bispos vincularam os destinos da Igreja \u00e0 causa da vida dos  seus povos. O seu tema estabelecia com clareza o objetivo resultante da  identidade e da miss\u00e3o dos crist\u00e3os, como disc\u00edpulos e mission\u00e1rios de Jesus  Cristo, &#8220;para que nele nossos povos tenham vida&#8221;<\/p>\n<p>Portanto, a Igreja quer se pensar n\u00e3o a partir de si pr\u00f3pria, ou em torno de  interesses corporativos, mas em torno das causas vitais dos povos  latinoamericanos.<\/p>\n<p>Na verdade, o atestado hist\u00f3rico mais v\u00e1lido que a Igreja pode ostentar em  nosso continente, \u00e9 o de ter trilhado o caminho do povo, mesmo que nem sempre  tenha acertado o passo com suas verdadeiras causas.<\/p>\n<p>Os pa\u00edses da Am\u00e9rica Latina t\u00eam tra\u00e7os muito semelhantes, que lhe desenham o  seu perfil hist\u00f3rico. \u00c9 uma hist\u00f3rica complexa, marcada sobretudo pelo processo  de coloniza\u00e7\u00e3o, que atropelou povos ind\u00edgenas e popula\u00e7\u00f5es escravas trazidas da  \u00c1frica.<\/p>\n<p>Recentemente, a Am\u00e9rica Latina foi perpassada por um eletrizante circuito de  consci\u00eancia hist\u00f3rica, conferido pelo despertar da Igreja Cat\u00f3lica  Latinoamericana, por ocasi\u00e3o do desencadear do processo de renova\u00e7\u00e3o eclesial  suscitado pelo Conc\u00edlio Vaticano Segundo.<\/p>\n<p>Foi o \u00fanico continente que abra\u00e7ou, coletivamente, a causa da renova\u00e7\u00e3o  conciliar, gra\u00e7as \u00e0 providencial cria\u00e7\u00e3o do CELAM, em 1955, \u00e0s v\u00e9speras do  Conc\u00edlio, o que lhe possibilitou posicionar-se coletivamente, de maneira  articulada, face \u00e0s propostas conciliares, sobretudo pela Confer\u00eancia Episcopal  de Medell\u00edn, em 1968.<\/p>\n<p>Foi assim que a Igreja da Am\u00e9rica Latina se constituiu num sujeito hist\u00f3rico,  em condi\u00e7\u00f5es de agir coletivamente, e determinar mudan\u00e7as e avan\u00e7os  significativos, fruto deste singular momento de intensa identidade, coincidindo  com os ventos favor\u00e1veis da renova\u00e7\u00e3o conciliar.<\/p>\n<p>Mas n\u00e3o demorou que os ventos mudassem de dire\u00e7\u00e3o, partindo at\u00e9 de dentro da  realidade latino americana, com a manifesta\u00e7\u00e3o de resist\u00eancias diante do  processo conciliar.<\/p>\n<p>A Confer\u00eancia de Aparecida teve o melhor de sua intui\u00e7\u00e3o na retomada da  identidade pr\u00f3pria da Igreja Latino Americana. Neste sentido, ela retoma a  inspira\u00e7\u00e3o de Medell\u00edn.<\/p>\n<p>A interroga\u00e7\u00e3o que permanece se refere \u00e0 consist\u00eancia desta retomada. Ela  ainda precisa enfrentar ventos contr\u00e1rios. A Igreja da Am\u00e9rica Latina passa por  uma prova\u00e7\u00e3o hist\u00f3rica como nunca. Ela se v\u00ea questionada em sua condi\u00e7\u00e3o de  Igreja chamada a expressar a f\u00e9 crist\u00e3 do povo de nosso continente. Um  continente que ainda quer ser crist\u00e3o, e um povo que quer ser Igreja.<\/p>\n<p>Que fei\u00e7\u00f5es deveria assumir a Igreja de Cristo em nosso continente, para  expressar adequadamente a f\u00e9 crist\u00e3, fazendo-a produzir frutos de vida abundante  para os povos latino americanos?<\/p>\n<div id=\"themify_builder_content-4633\" data-postid=\"4633\" class=\"themify_builder_content themify_builder_content-4633 themify_builder themify_builder_front\">\n\t<\/div>\n<!-- \/themify_builder_content -->","protected":false},"excerpt":{"rendered":"<p>Dom Dem\u00e9trio Valentini Esta pergunta, que a fic\u00e7\u00e3o hist\u00f3rica criou para Cristo interpelar Pedro, quando este queria fugir de Roma, com medo de enfrentar o monstro imperial, pode ser repetida agora para a Am\u00e9rica Latina, em especial, para a Igreja Cat\u00f3lica em nosso continente. Para onde vai a Am\u00e9rica Latina? Para onde vai a Igreja [&hellip;]<\/p>\n","protected":false},"author":5,"featured_media":0,"comment_status":"open","ping_status":"open","sticky":false,"template":"","format":"standard","meta":{"ngg_post_thumbnail":0,"footnotes":""},"categories":[9],"tags":[388,234,529],"yoast_head":"<!-- This site is optimized with the Yoast SEO plugin v23.5 - https:\/\/yoast.com\/wordpress\/plugins\/seo\/ -->\n<title>Am\u00e9rica Latina: Quo Vadis? - O Arcanjo no ar<\/title>\n<meta name=\"robots\" content=\"index, follow, max-snippet:-1, max-image-preview:large, max-video-preview:-1\" \/>\n<link rel=\"canonical\" href=\"https:\/\/www.oarcanjo.net\/site\/quo-vadis\/\" \/>\n<meta property=\"og:locale\" content=\"pt_BR\" \/>\n<meta property=\"og:type\" content=\"article\" \/>\n<meta property=\"og:title\" content=\"Am\u00e9rica Latina: Quo Vadis? - O Arcanjo no ar\" \/>\n<meta property=\"og:description\" content=\"Dom Dem\u00e9trio Valentini Esta pergunta, que a fic\u00e7\u00e3o hist\u00f3rica criou para Cristo interpelar Pedro, quando este queria fugir de Roma, com medo de enfrentar o monstro imperial, pode ser repetida agora para a Am\u00e9rica Latina, em especial, para a Igreja Cat\u00f3lica em nosso continente. Para onde vai a Am\u00e9rica Latina? Para onde vai a Igreja [&hellip;]\" \/>\n<meta property=\"og:url\" content=\"https:\/\/www.oarcanjo.net\/site\/quo-vadis\/\" \/>\n<meta property=\"og:site_name\" content=\"O Arcanjo no ar\" \/>\n<meta property=\"article:publisher\" content=\"https:\/\/www.facebook.com\/OArcanjoNoAr\/\" \/>\n<meta property=\"article:published_time\" content=\"2009-08-08T11:33:09+00:00\" \/>\n<meta property=\"article:modified_time\" content=\"2009-08-08T11:34:47+00:00\" \/>\n<meta property=\"og:image\" content=\"https:\/\/www.oarcanjo.net\/site\/wp-content\/uploads\/logo-o-arcanjo-no-ar-facebook.png\" \/>\n\t<meta property=\"og:image:width\" content=\"300\" \/>\n\t<meta property=\"og:image:height\" content=\"300\" \/>\n\t<meta property=\"og:image:type\" content=\"image\/png\" \/>\n<meta name=\"author\" content=\"editor\" \/>\n<meta name=\"twitter:card\" content=\"summary_large_image\" \/>\n<meta name=\"twitter:label1\" content=\"Escrito por\" \/>\n\t<meta name=\"twitter:data1\" content=\"editor\" \/>\n\t<meta name=\"twitter:label2\" content=\"Est. tempo de leitura\" \/>\n\t<meta name=\"twitter:data2\" content=\"3 minutos\" \/>\n<script type=\"application\/ld+json\" class=\"yoast-schema-graph\">{\"@context\":\"https:\/\/schema.org\",\"@graph\":[{\"@type\":\"Article\",\"@id\":\"https:\/\/www.oarcanjo.net\/site\/quo-vadis\/#article\",\"isPartOf\":{\"@id\":\"https:\/\/www.oarcanjo.net\/site\/quo-vadis\/\"},\"author\":{\"name\":\"editor\",\"@id\":\"https:\/\/www.oarcanjo.net\/site\/#\/schema\/person\/f7024d007863202483a31326673a0838\"},\"headline\":\"Am\u00e9rica Latina: Quo Vadis?\",\"datePublished\":\"2009-08-08T11:33:09+00:00\",\"dateModified\":\"2009-08-08T11:34:47+00:00\",\"mainEntityOfPage\":{\"@id\":\"https:\/\/www.oarcanjo.net\/site\/quo-vadis\/\"},\"wordCount\":672,\"commentCount\":0,\"publisher\":{\"@id\":\"https:\/\/www.oarcanjo.net\/site\/#organization\"},\"keywords\":[\"Am\u00e9rica Latina\",\"CELAM\",\"Confer\u00eancia de Aparecida\"],\"articleSection\":[\"Reflex\u00f5es\"],\"inLanguage\":\"pt-BR\",\"potentialAction\":[{\"@type\":\"CommentAction\",\"name\":\"Comment\",\"target\":[\"https:\/\/www.oarcanjo.net\/site\/quo-vadis\/#respond\"]}]},{\"@type\":\"WebPage\",\"@id\":\"https:\/\/www.oarcanjo.net\/site\/quo-vadis\/\",\"url\":\"https:\/\/www.oarcanjo.net\/site\/quo-vadis\/\",\"name\":\"Am\u00e9rica Latina: Quo Vadis? - O Arcanjo no ar\",\"isPartOf\":{\"@id\":\"https:\/\/www.oarcanjo.net\/site\/#website\"},\"datePublished\":\"2009-08-08T11:33:09+00:00\",\"dateModified\":\"2009-08-08T11:34:47+00:00\",\"breadcrumb\":{\"@id\":\"https:\/\/www.oarcanjo.net\/site\/quo-vadis\/#breadcrumb\"},\"inLanguage\":\"pt-BR\",\"potentialAction\":[{\"@type\":\"ReadAction\",\"target\":[\"https:\/\/www.oarcanjo.net\/site\/quo-vadis\/\"]}]},{\"@type\":\"BreadcrumbList\",\"@id\":\"https:\/\/www.oarcanjo.net\/site\/quo-vadis\/#breadcrumb\",\"itemListElement\":[{\"@type\":\"ListItem\",\"position\":1,\"name\":\"In\u00edcio\",\"item\":\"https:\/\/www.oarcanjo.net\/site\/\"},{\"@type\":\"ListItem\",\"position\":2,\"name\":\"Am\u00e9rica Latina: Quo Vadis?\"}]},{\"@type\":\"WebSite\",\"@id\":\"https:\/\/www.oarcanjo.net\/site\/#website\",\"url\":\"https:\/\/www.oarcanjo.net\/site\/\",\"name\":\"O Arcanjo no ar\",\"description\":\"Site da Par\u00f3quia S\u00e3o Miguel Arcanjo (Arquidiocese de SP)\",\"publisher\":{\"@id\":\"https:\/\/www.oarcanjo.net\/site\/#organization\"},\"potentialAction\":[{\"@type\":\"SearchAction\",\"target\":{\"@type\":\"EntryPoint\",\"urlTemplate\":\"https:\/\/www.oarcanjo.net\/site\/?s={search_term_string}\"},\"query-input\":{\"@type\":\"PropertyValueSpecification\",\"valueRequired\":true,\"valueName\":\"search_term_string\"}}],\"inLanguage\":\"pt-BR\"},{\"@type\":\"Organization\",\"@id\":\"https:\/\/www.oarcanjo.net\/site\/#organization\",\"name\":\"Par\u00f3quia S\u00e3o Miguel Arcanjo\",\"url\":\"https:\/\/www.oarcanjo.net\/site\/\",\"logo\":{\"@type\":\"ImageObject\",\"inLanguage\":\"pt-BR\",\"@id\":\"https:\/\/www.oarcanjo.net\/site\/#\/schema\/logo\/image\/\",\"url\":\"https:\/\/www.oarcanjo.net\/site\/wp-content\/uploads\/LogoOArcanjo.png\",\"contentUrl\":\"https:\/\/www.oarcanjo.net\/site\/wp-content\/uploads\/LogoOArcanjo.png\",\"width\":319,\"height\":99,\"caption\":\"Par\u00f3quia S\u00e3o Miguel Arcanjo\"},\"image\":{\"@id\":\"https:\/\/www.oarcanjo.net\/site\/#\/schema\/logo\/image\/\"},\"sameAs\":[\"https:\/\/www.facebook.com\/OArcanjoNoAr\/\"]},{\"@type\":\"Person\",\"@id\":\"https:\/\/www.oarcanjo.net\/site\/#\/schema\/person\/f7024d007863202483a31326673a0838\",\"name\":\"editor\",\"sameAs\":[\"http:\/\/www.oarcanjo.net\"]}]}<\/script>\n<!-- \/ Yoast SEO plugin. -->","yoast_head_json":{"title":"Am\u00e9rica Latina: Quo Vadis? - O Arcanjo no ar","robots":{"index":"index","follow":"follow","max-snippet":"max-snippet:-1","max-image-preview":"max-image-preview:large","max-video-preview":"max-video-preview:-1"},"canonical":"https:\/\/www.oarcanjo.net\/site\/quo-vadis\/","og_locale":"pt_BR","og_type":"article","og_title":"Am\u00e9rica Latina: Quo Vadis? - O Arcanjo no ar","og_description":"Dom Dem\u00e9trio Valentini Esta pergunta, que a fic\u00e7\u00e3o hist\u00f3rica criou para Cristo interpelar Pedro, quando este queria fugir de Roma, com medo de enfrentar o monstro imperial, pode ser repetida agora para a Am\u00e9rica Latina, em especial, para a Igreja Cat\u00f3lica em nosso continente. Para onde vai a Am\u00e9rica Latina? Para onde vai a Igreja [&hellip;]","og_url":"https:\/\/www.oarcanjo.net\/site\/quo-vadis\/","og_site_name":"O Arcanjo no ar","article_publisher":"https:\/\/www.facebook.com\/OArcanjoNoAr\/","article_published_time":"2009-08-08T11:33:09+00:00","article_modified_time":"2009-08-08T11:34:47+00:00","og_image":[{"width":300,"height":300,"url":"https:\/\/www.oarcanjo.net\/site\/wp-content\/uploads\/logo-o-arcanjo-no-ar-facebook.png","type":"image\/png"}],"author":"editor","twitter_card":"summary_large_image","twitter_misc":{"Escrito por":"editor","Est. tempo de leitura":"3 minutos"},"schema":{"@context":"https:\/\/schema.org","@graph":[{"@type":"Article","@id":"https:\/\/www.oarcanjo.net\/site\/quo-vadis\/#article","isPartOf":{"@id":"https:\/\/www.oarcanjo.net\/site\/quo-vadis\/"},"author":{"name":"editor","@id":"https:\/\/www.oarcanjo.net\/site\/#\/schema\/person\/f7024d007863202483a31326673a0838"},"headline":"Am\u00e9rica Latina: Quo Vadis?","datePublished":"2009-08-08T11:33:09+00:00","dateModified":"2009-08-08T11:34:47+00:00","mainEntityOfPage":{"@id":"https:\/\/www.oarcanjo.net\/site\/quo-vadis\/"},"wordCount":672,"commentCount":0,"publisher":{"@id":"https:\/\/www.oarcanjo.net\/site\/#organization"},"keywords":["Am\u00e9rica Latina","CELAM","Confer\u00eancia de Aparecida"],"articleSection":["Reflex\u00f5es"],"inLanguage":"pt-BR","potentialAction":[{"@type":"CommentAction","name":"Comment","target":["https:\/\/www.oarcanjo.net\/site\/quo-vadis\/#respond"]}]},{"@type":"WebPage","@id":"https:\/\/www.oarcanjo.net\/site\/quo-vadis\/","url":"https:\/\/www.oarcanjo.net\/site\/quo-vadis\/","name":"Am\u00e9rica Latina: Quo Vadis? - O Arcanjo no ar","isPartOf":{"@id":"https:\/\/www.oarcanjo.net\/site\/#website"},"datePublished":"2009-08-08T11:33:09+00:00","dateModified":"2009-08-08T11:34:47+00:00","breadcrumb":{"@id":"https:\/\/www.oarcanjo.net\/site\/quo-vadis\/#breadcrumb"},"inLanguage":"pt-BR","potentialAction":[{"@type":"ReadAction","target":["https:\/\/www.oarcanjo.net\/site\/quo-vadis\/"]}]},{"@type":"BreadcrumbList","@id":"https:\/\/www.oarcanjo.net\/site\/quo-vadis\/#breadcrumb","itemListElement":[{"@type":"ListItem","position":1,"name":"In\u00edcio","item":"https:\/\/www.oarcanjo.net\/site\/"},{"@type":"ListItem","position":2,"name":"Am\u00e9rica Latina: Quo Vadis?"}]},{"@type":"WebSite","@id":"https:\/\/www.oarcanjo.net\/site\/#website","url":"https:\/\/www.oarcanjo.net\/site\/","name":"O Arcanjo no ar","description":"Site da Par\u00f3quia S\u00e3o Miguel Arcanjo (Arquidiocese de SP)","publisher":{"@id":"https:\/\/www.oarcanjo.net\/site\/#organization"},"potentialAction":[{"@type":"SearchAction","target":{"@type":"EntryPoint","urlTemplate":"https:\/\/www.oarcanjo.net\/site\/?s={search_term_string}"},"query-input":{"@type":"PropertyValueSpecification","valueRequired":true,"valueName":"search_term_string"}}],"inLanguage":"pt-BR"},{"@type":"Organization","@id":"https:\/\/www.oarcanjo.net\/site\/#organization","name":"Par\u00f3quia S\u00e3o Miguel Arcanjo","url":"https:\/\/www.oarcanjo.net\/site\/","logo":{"@type":"ImageObject","inLanguage":"pt-BR","@id":"https:\/\/www.oarcanjo.net\/site\/#\/schema\/logo\/image\/","url":"https:\/\/www.oarcanjo.net\/site\/wp-content\/uploads\/LogoOArcanjo.png","contentUrl":"https:\/\/www.oarcanjo.net\/site\/wp-content\/uploads\/LogoOArcanjo.png","width":319,"height":99,"caption":"Par\u00f3quia S\u00e3o Miguel Arcanjo"},"image":{"@id":"https:\/\/www.oarcanjo.net\/site\/#\/schema\/logo\/image\/"},"sameAs":["https:\/\/www.facebook.com\/OArcanjoNoAr\/"]},{"@type":"Person","@id":"https:\/\/www.oarcanjo.net\/site\/#\/schema\/person\/f7024d007863202483a31326673a0838","name":"editor","sameAs":["http:\/\/www.oarcanjo.net"]}]}},"publishpress_future_action":{"enabled":false,"date":"2026-05-06 17:11:43","action":"category","newStatus":"draft","terms":[],"taxonomy":"category"},"publishpress_future_workflow_manual_trigger":{"enabledWorkflows":[]},"_links":{"self":[{"href":"https:\/\/www.oarcanjo.net\/site\/wp-json\/wp\/v2\/posts\/4633"}],"collection":[{"href":"https:\/\/www.oarcanjo.net\/site\/wp-json\/wp\/v2\/posts"}],"about":[{"href":"https:\/\/www.oarcanjo.net\/site\/wp-json\/wp\/v2\/types\/post"}],"author":[{"embeddable":true,"href":"https:\/\/www.oarcanjo.net\/site\/wp-json\/wp\/v2\/users\/5"}],"replies":[{"embeddable":true,"href":"https:\/\/www.oarcanjo.net\/site\/wp-json\/wp\/v2\/comments?post=4633"}],"version-history":[{"count":0,"href":"https:\/\/www.oarcanjo.net\/site\/wp-json\/wp\/v2\/posts\/4633\/revisions"}],"wp:attachment":[{"href":"https:\/\/www.oarcanjo.net\/site\/wp-json\/wp\/v2\/media?parent=4633"}],"wp:term":[{"taxonomy":"category","embeddable":true,"href":"https:\/\/www.oarcanjo.net\/site\/wp-json\/wp\/v2\/categories?post=4633"},{"taxonomy":"post_tag","embeddable":true,"href":"https:\/\/www.oarcanjo.net\/site\/wp-json\/wp\/v2\/tags?post=4633"}],"curies":[{"name":"wp","href":"https:\/\/api.w.org\/{rel}","templated":true}]}}