
{"id":4637,"date":"2009-08-08T08:40:18","date_gmt":"2009-08-08T11:40:18","guid":{"rendered":"http:\/\/www.oarcanjo.net\/site\/?p=4637"},"modified":"2009-08-08T08:40:18","modified_gmt":"2009-08-08T11:40:18","slug":"identidade-de-cristo-e-da-igreja","status":"publish","type":"post","link":"https:\/\/www.oarcanjo.net\/site\/identidade-de-cristo-e-da-igreja\/","title":{"rendered":"Identidade de Cristo e da Igreja"},"content":{"rendered":"<p>Silvano Fausti<\/p>\n<p>O Evangelho de Lucas apresenta, no cap\u00edtulo sexto, uma s\u00edntese da catequese batismal. Apresenta o argumento fundamental da evangeliza\u00e7\u00e3o: o rosto do Filho que revela o do Pai, que \u00e9 espelho do nosso. \u00c9 um autorretrato de Jesus, que expressa o que ele \u00e9 e faz. A escuta desta palavra constitui a Igreja; e a Igreja \u00e9 assim porque cumpre esta palavra. Ela \u00e9 o princ\u00edpio e o fim de nossa vida: \u00e9 a pr\u00f3pria vida de Deus, oferecida a cada homem. O discurso come\u00e7a felicitando os pobres e sentindo pesar pelos ricos. A l\u00f3gica de Deus d\u00e1 volta \u00e0 do mundo. O reino de Deus \u00e9 o dos pobres j\u00e1 no presente. Seu futuro \u2013 saciedade, alegria e exulta\u00e7\u00e3o\u2013 \u00e9 deixado sob nossa responsabilidade: o que fazemos para eles, salva-nos mais do que eles (Mt 25, 31-46). Deus \u00e9 amor que n\u00e3o possui nada, mas d\u00e1 tudo, tamb\u00e9m a si mesmo. Ele \u00e9 justamente desta maneira. O pobre est\u00e1 na condi\u00e7\u00e3o \u00f3tima para ser como Ele: ao n\u00e3o ter nada, ele s\u00f3 pode se dar. \u00c9 um vazio que pode receber tudo, tamb\u00e9m o pr\u00f3prio Deus. Os ricos, ao contr\u00e1rio de Deus, est\u00e3o cheios de si mesmos e j\u00e1 possuem tudo. Mas possuir outras coisas e a si mesmos \u00e9 ego\u00edsmo, fonte do mal. Injusti\u00e7a e fome, \u00f3dio e guerra, exclus\u00e3o e luta: tudo isto vem do desejo ardente de possuir. O homem quer justamente ser como Deus. Mas a falsa imagem do Pai, sugerida pela serpente, perverte o nosso desejo de vida em morte.<\/p>\n<p>Para Santo In\u00e1cio, a &#8220;sagrada doutrina&#8221;, ou seja, a ess\u00eancia do cristianismo, \u00e9 o &#8220;estilo&#8221; de Jesus tra\u00e7ado nas bem-aventuran\u00e7as. Ele envia os ap\u00f3stolos para educar cada pessoa para amar a pobreza, o servi\u00e7o e a humildade, em vez da riqueza, poder e orgulho. S\u00f3 assim chegamos a ser semelhantes a Deus e podemos conhec\u00ea-lo: o semelhante \u00e9 reconhecido por seu semelhante. Por isso a evangeliza\u00e7\u00e3o n\u00e3o \u00e9 per se &#8220;falar do Senhor&#8221;, sen\u00e3o &#8220;dar depoimento sobre ele&#8221; com a pr\u00f3pria vida. Falar dele sem dar depoimento \u00e9 a primeira causa de ate\u00edsmo!<\/p>\n<p>Deste fundamento de valores nasce um modo diferente de viver que realiza um mundo novo. O outro j\u00e1 n\u00e3o \u00e9 o inimigo que odeio, sen\u00e3o um irm\u00e3o que amo. Desta maneira chego a ser como Deus, que atua assim. A lei da liberdade, pr\u00f3pria do amor, \u00e9 a do Filho: &#8220;Sejam misericordiosos (= uterinos, maternos), como o Pai \u00e9 misericordioso&#8221;, que n\u00e3o julga nem condena, sen\u00e3o que perdoa e d\u00e1 tudo.<\/p>\n<p>Quem tem este esp\u00edrito de pobreza, amor, miseric\u00f3rdia, entrega e perd\u00e3o, chega a ser evangelho vivente. Um evangelizado que evangeliza de muitos modos. &#8220;Testemunha&#8221; de Jesus: com sua mesma identidade e relev\u00e2ncia de Filho. Esta identidade o torna &#8220;sal da terra&#8221; que d\u00e1 sabor a cada realidade (Mt 5,13), &#8220;pequena semente&#8221; que chega a ser a grande \u00e1rvore do reino (Mc 4, 30ss), &#8220;fermento&#8221; escondido que fermenta toda a massa (Lc 12, 20). Esta identidade escondida, pequena e invis\u00edvel, gera sua relev\u00e2ncia: \u00e9 &#8220;perfume de Cristo&#8221; que se difunde ao seu redor (2 Cor 2, 14ss), &#8220;luz do mundo&#8221; que mostra a todos a verdade (Mt 5, 14a; Jn 8, 12), &#8220;cidade sobre o morro&#8221; que manifesta um modo formoso de estar juntos (Mt 5, 14b), &#8220;eco&#8221; da Palavra que se difunde por todas partes (1Tes 1, 9ss), &#8220;imitador&#8221; do Ap\u00f3stolo e &#8220;modelo&#8221; para todos (1Tes 1, 6-7). A evangeliza\u00e7\u00e3o cresce por imita\u00e7\u00e3o de modelos que apresentamos. O discurso batismal de Lucas prop\u00f5e como modelo a imita\u00e7\u00e3o do pr\u00f3prio Jesus (1Cor 11,1), o Filho que \u00e9 o rosto do Pai. Se n\u00e3o age como ele, constr\u00f3i sobre rochas: chega a ser da casa com Deus (Ef 2, 19-22). \u00c9 o contr\u00e1rio de quem constr\u00f3i &#8220;sobre areia&#8221;: tudo o que faz cai. E sua ru\u00edna \u00e9 grande.<\/p>\n<div id=\"themify_builder_content-4637\" data-postid=\"4637\" class=\"themify_builder_content themify_builder_content-4637 themify_builder themify_builder_front\">\n\t<\/div>\n<!-- \/themify_builder_content -->","protected":false},"excerpt":{"rendered":"<p>Silvano Fausti O Evangelho de Lucas apresenta, no cap\u00edtulo sexto, uma s\u00edntese da catequese batismal. Apresenta o argumento fundamental da evangeliza\u00e7\u00e3o: o rosto do Filho que revela o do Pai, que \u00e9 espelho do nosso. \u00c9 um autorretrato de Jesus, que expressa o que ele \u00e9 e faz. A escuta desta palavra constitui a Igreja; [&hellip;]<\/p>\n","protected":false},"author":5,"featured_media":0,"comment_status":"open","ping_status":"open","sticky":false,"template":"","format":"standard","meta":{"ngg_post_thumbnail":0,"footnotes":""},"categories":[9],"tags":[154,473],"yoast_head":"<!-- This site is optimized with the Yoast SEO plugin v23.5 - https:\/\/yoast.com\/wordpress\/plugins\/seo\/ -->\n<title>Identidade de Cristo e da Igreja - O Arcanjo no ar<\/title>\n<meta name=\"robots\" content=\"index, follow, max-snippet:-1, max-image-preview:large, max-video-preview:-1\" \/>\n<link rel=\"canonical\" href=\"https:\/\/www.oarcanjo.net\/site\/identidade-de-cristo-e-da-igreja\/\" \/>\n<meta property=\"og:locale\" content=\"pt_BR\" \/>\n<meta property=\"og:type\" content=\"article\" \/>\n<meta property=\"og:title\" content=\"Identidade de Cristo e da Igreja - O Arcanjo no ar\" \/>\n<meta property=\"og:description\" content=\"Silvano Fausti O Evangelho de Lucas apresenta, no cap\u00edtulo sexto, uma s\u00edntese da catequese batismal. Apresenta o argumento fundamental da evangeliza\u00e7\u00e3o: o rosto do Filho que revela o do Pai, que \u00e9 espelho do nosso. \u00c9 um autorretrato de Jesus, que expressa o que ele \u00e9 e faz. A escuta desta palavra constitui a Igreja; [&hellip;]\" \/>\n<meta property=\"og:url\" content=\"https:\/\/www.oarcanjo.net\/site\/identidade-de-cristo-e-da-igreja\/\" \/>\n<meta property=\"og:site_name\" content=\"O Arcanjo no ar\" \/>\n<meta property=\"article:publisher\" content=\"https:\/\/www.facebook.com\/OArcanjoNoAr\/\" \/>\n<meta property=\"article:published_time\" content=\"2009-08-08T11:40:18+00:00\" \/>\n<meta property=\"og:image\" content=\"https:\/\/www.oarcanjo.net\/site\/wp-content\/uploads\/logo-o-arcanjo-no-ar-facebook.png\" \/>\n\t<meta property=\"og:image:width\" content=\"300\" \/>\n\t<meta property=\"og:image:height\" content=\"300\" \/>\n\t<meta property=\"og:image:type\" content=\"image\/png\" \/>\n<meta name=\"author\" content=\"editor\" \/>\n<meta name=\"twitter:card\" content=\"summary_large_image\" \/>\n<meta name=\"twitter:label1\" content=\"Escrito por\" \/>\n\t<meta name=\"twitter:data1\" content=\"editor\" \/>\n\t<meta name=\"twitter:label2\" content=\"Est. tempo de leitura\" \/>\n\t<meta name=\"twitter:data2\" content=\"3 minutos\" \/>\n<script type=\"application\/ld+json\" class=\"yoast-schema-graph\">{\"@context\":\"https:\/\/schema.org\",\"@graph\":[{\"@type\":\"Article\",\"@id\":\"https:\/\/www.oarcanjo.net\/site\/identidade-de-cristo-e-da-igreja\/#article\",\"isPartOf\":{\"@id\":\"https:\/\/www.oarcanjo.net\/site\/identidade-de-cristo-e-da-igreja\/\"},\"author\":{\"name\":\"editor\",\"@id\":\"https:\/\/www.oarcanjo.net\/site\/#\/schema\/person\/f7024d007863202483a31326673a0838\"},\"headline\":\"Identidade de Cristo e da Igreja\",\"datePublished\":\"2009-08-08T11:40:18+00:00\",\"dateModified\":\"2009-08-08T11:40:18+00:00\",\"mainEntityOfPage\":{\"@id\":\"https:\/\/www.oarcanjo.net\/site\/identidade-de-cristo-e-da-igreja\/\"},\"wordCount\":657,\"commentCount\":0,\"publisher\":{\"@id\":\"https:\/\/www.oarcanjo.net\/site\/#organization\"},\"keywords\":[\"Batismo\",\"testemunho\"],\"articleSection\":[\"Reflex\u00f5es\"],\"inLanguage\":\"pt-BR\",\"potentialAction\":[{\"@type\":\"CommentAction\",\"name\":\"Comment\",\"target\":[\"https:\/\/www.oarcanjo.net\/site\/identidade-de-cristo-e-da-igreja\/#respond\"]}]},{\"@type\":\"WebPage\",\"@id\":\"https:\/\/www.oarcanjo.net\/site\/identidade-de-cristo-e-da-igreja\/\",\"url\":\"https:\/\/www.oarcanjo.net\/site\/identidade-de-cristo-e-da-igreja\/\",\"name\":\"Identidade de Cristo e da Igreja - O Arcanjo no ar\",\"isPartOf\":{\"@id\":\"https:\/\/www.oarcanjo.net\/site\/#website\"},\"datePublished\":\"2009-08-08T11:40:18+00:00\",\"dateModified\":\"2009-08-08T11:40:18+00:00\",\"breadcrumb\":{\"@id\":\"https:\/\/www.oarcanjo.net\/site\/identidade-de-cristo-e-da-igreja\/#breadcrumb\"},\"inLanguage\":\"pt-BR\",\"potentialAction\":[{\"@type\":\"ReadAction\",\"target\":[\"https:\/\/www.oarcanjo.net\/site\/identidade-de-cristo-e-da-igreja\/\"]}]},{\"@type\":\"BreadcrumbList\",\"@id\":\"https:\/\/www.oarcanjo.net\/site\/identidade-de-cristo-e-da-igreja\/#breadcrumb\",\"itemListElement\":[{\"@type\":\"ListItem\",\"position\":1,\"name\":\"In\u00edcio\",\"item\":\"https:\/\/www.oarcanjo.net\/site\/\"},{\"@type\":\"ListItem\",\"position\":2,\"name\":\"Identidade de Cristo e da Igreja\"}]},{\"@type\":\"WebSite\",\"@id\":\"https:\/\/www.oarcanjo.net\/site\/#website\",\"url\":\"https:\/\/www.oarcanjo.net\/site\/\",\"name\":\"O Arcanjo no ar\",\"description\":\"Site da Par\u00f3quia S\u00e3o Miguel Arcanjo (Arquidiocese de SP)\",\"publisher\":{\"@id\":\"https:\/\/www.oarcanjo.net\/site\/#organization\"},\"potentialAction\":[{\"@type\":\"SearchAction\",\"target\":{\"@type\":\"EntryPoint\",\"urlTemplate\":\"https:\/\/www.oarcanjo.net\/site\/?s={search_term_string}\"},\"query-input\":{\"@type\":\"PropertyValueSpecification\",\"valueRequired\":true,\"valueName\":\"search_term_string\"}}],\"inLanguage\":\"pt-BR\"},{\"@type\":\"Organization\",\"@id\":\"https:\/\/www.oarcanjo.net\/site\/#organization\",\"name\":\"Par\u00f3quia S\u00e3o Miguel Arcanjo\",\"url\":\"https:\/\/www.oarcanjo.net\/site\/\",\"logo\":{\"@type\":\"ImageObject\",\"inLanguage\":\"pt-BR\",\"@id\":\"https:\/\/www.oarcanjo.net\/site\/#\/schema\/logo\/image\/\",\"url\":\"https:\/\/www.oarcanjo.net\/site\/wp-content\/uploads\/LogoOArcanjo.png\",\"contentUrl\":\"https:\/\/www.oarcanjo.net\/site\/wp-content\/uploads\/LogoOArcanjo.png\",\"width\":319,\"height\":99,\"caption\":\"Par\u00f3quia S\u00e3o Miguel Arcanjo\"},\"image\":{\"@id\":\"https:\/\/www.oarcanjo.net\/site\/#\/schema\/logo\/image\/\"},\"sameAs\":[\"https:\/\/www.facebook.com\/OArcanjoNoAr\/\"]},{\"@type\":\"Person\",\"@id\":\"https:\/\/www.oarcanjo.net\/site\/#\/schema\/person\/f7024d007863202483a31326673a0838\",\"name\":\"editor\",\"sameAs\":[\"http:\/\/www.oarcanjo.net\"]}]}<\/script>\n<!-- \/ Yoast SEO plugin. -->","yoast_head_json":{"title":"Identidade de Cristo e da Igreja - O Arcanjo no ar","robots":{"index":"index","follow":"follow","max-snippet":"max-snippet:-1","max-image-preview":"max-image-preview:large","max-video-preview":"max-video-preview:-1"},"canonical":"https:\/\/www.oarcanjo.net\/site\/identidade-de-cristo-e-da-igreja\/","og_locale":"pt_BR","og_type":"article","og_title":"Identidade de Cristo e da Igreja - O Arcanjo no ar","og_description":"Silvano Fausti O Evangelho de Lucas apresenta, no cap\u00edtulo sexto, uma s\u00edntese da catequese batismal. Apresenta o argumento fundamental da evangeliza\u00e7\u00e3o: o rosto do Filho que revela o do Pai, que \u00e9 espelho do nosso. \u00c9 um autorretrato de Jesus, que expressa o que ele \u00e9 e faz. A escuta desta palavra constitui a Igreja; [&hellip;]","og_url":"https:\/\/www.oarcanjo.net\/site\/identidade-de-cristo-e-da-igreja\/","og_site_name":"O Arcanjo no ar","article_publisher":"https:\/\/www.facebook.com\/OArcanjoNoAr\/","article_published_time":"2009-08-08T11:40:18+00:00","og_image":[{"width":300,"height":300,"url":"https:\/\/www.oarcanjo.net\/site\/wp-content\/uploads\/logo-o-arcanjo-no-ar-facebook.png","type":"image\/png"}],"author":"editor","twitter_card":"summary_large_image","twitter_misc":{"Escrito por":"editor","Est. tempo de leitura":"3 minutos"},"schema":{"@context":"https:\/\/schema.org","@graph":[{"@type":"Article","@id":"https:\/\/www.oarcanjo.net\/site\/identidade-de-cristo-e-da-igreja\/#article","isPartOf":{"@id":"https:\/\/www.oarcanjo.net\/site\/identidade-de-cristo-e-da-igreja\/"},"author":{"name":"editor","@id":"https:\/\/www.oarcanjo.net\/site\/#\/schema\/person\/f7024d007863202483a31326673a0838"},"headline":"Identidade de Cristo e da Igreja","datePublished":"2009-08-08T11:40:18+00:00","dateModified":"2009-08-08T11:40:18+00:00","mainEntityOfPage":{"@id":"https:\/\/www.oarcanjo.net\/site\/identidade-de-cristo-e-da-igreja\/"},"wordCount":657,"commentCount":0,"publisher":{"@id":"https:\/\/www.oarcanjo.net\/site\/#organization"},"keywords":["Batismo","testemunho"],"articleSection":["Reflex\u00f5es"],"inLanguage":"pt-BR","potentialAction":[{"@type":"CommentAction","name":"Comment","target":["https:\/\/www.oarcanjo.net\/site\/identidade-de-cristo-e-da-igreja\/#respond"]}]},{"@type":"WebPage","@id":"https:\/\/www.oarcanjo.net\/site\/identidade-de-cristo-e-da-igreja\/","url":"https:\/\/www.oarcanjo.net\/site\/identidade-de-cristo-e-da-igreja\/","name":"Identidade de Cristo e da Igreja - O Arcanjo no ar","isPartOf":{"@id":"https:\/\/www.oarcanjo.net\/site\/#website"},"datePublished":"2009-08-08T11:40:18+00:00","dateModified":"2009-08-08T11:40:18+00:00","breadcrumb":{"@id":"https:\/\/www.oarcanjo.net\/site\/identidade-de-cristo-e-da-igreja\/#breadcrumb"},"inLanguage":"pt-BR","potentialAction":[{"@type":"ReadAction","target":["https:\/\/www.oarcanjo.net\/site\/identidade-de-cristo-e-da-igreja\/"]}]},{"@type":"BreadcrumbList","@id":"https:\/\/www.oarcanjo.net\/site\/identidade-de-cristo-e-da-igreja\/#breadcrumb","itemListElement":[{"@type":"ListItem","position":1,"name":"In\u00edcio","item":"https:\/\/www.oarcanjo.net\/site\/"},{"@type":"ListItem","position":2,"name":"Identidade de Cristo e da Igreja"}]},{"@type":"WebSite","@id":"https:\/\/www.oarcanjo.net\/site\/#website","url":"https:\/\/www.oarcanjo.net\/site\/","name":"O Arcanjo no ar","description":"Site da Par\u00f3quia S\u00e3o Miguel Arcanjo (Arquidiocese de SP)","publisher":{"@id":"https:\/\/www.oarcanjo.net\/site\/#organization"},"potentialAction":[{"@type":"SearchAction","target":{"@type":"EntryPoint","urlTemplate":"https:\/\/www.oarcanjo.net\/site\/?s={search_term_string}"},"query-input":{"@type":"PropertyValueSpecification","valueRequired":true,"valueName":"search_term_string"}}],"inLanguage":"pt-BR"},{"@type":"Organization","@id":"https:\/\/www.oarcanjo.net\/site\/#organization","name":"Par\u00f3quia S\u00e3o Miguel Arcanjo","url":"https:\/\/www.oarcanjo.net\/site\/","logo":{"@type":"ImageObject","inLanguage":"pt-BR","@id":"https:\/\/www.oarcanjo.net\/site\/#\/schema\/logo\/image\/","url":"https:\/\/www.oarcanjo.net\/site\/wp-content\/uploads\/LogoOArcanjo.png","contentUrl":"https:\/\/www.oarcanjo.net\/site\/wp-content\/uploads\/LogoOArcanjo.png","width":319,"height":99,"caption":"Par\u00f3quia S\u00e3o Miguel Arcanjo"},"image":{"@id":"https:\/\/www.oarcanjo.net\/site\/#\/schema\/logo\/image\/"},"sameAs":["https:\/\/www.facebook.com\/OArcanjoNoAr\/"]},{"@type":"Person","@id":"https:\/\/www.oarcanjo.net\/site\/#\/schema\/person\/f7024d007863202483a31326673a0838","name":"editor","sameAs":["http:\/\/www.oarcanjo.net"]}]}},"publishpress_future_action":{"enabled":false,"date":"2026-05-06 17:12:42","action":"category","newStatus":"draft","terms":[],"taxonomy":"category"},"publishpress_future_workflow_manual_trigger":{"enabledWorkflows":[]},"_links":{"self":[{"href":"https:\/\/www.oarcanjo.net\/site\/wp-json\/wp\/v2\/posts\/4637"}],"collection":[{"href":"https:\/\/www.oarcanjo.net\/site\/wp-json\/wp\/v2\/posts"}],"about":[{"href":"https:\/\/www.oarcanjo.net\/site\/wp-json\/wp\/v2\/types\/post"}],"author":[{"embeddable":true,"href":"https:\/\/www.oarcanjo.net\/site\/wp-json\/wp\/v2\/users\/5"}],"replies":[{"embeddable":true,"href":"https:\/\/www.oarcanjo.net\/site\/wp-json\/wp\/v2\/comments?post=4637"}],"version-history":[{"count":0,"href":"https:\/\/www.oarcanjo.net\/site\/wp-json\/wp\/v2\/posts\/4637\/revisions"}],"wp:attachment":[{"href":"https:\/\/www.oarcanjo.net\/site\/wp-json\/wp\/v2\/media?parent=4637"}],"wp:term":[{"taxonomy":"category","embeddable":true,"href":"https:\/\/www.oarcanjo.net\/site\/wp-json\/wp\/v2\/categories?post=4637"},{"taxonomy":"post_tag","embeddable":true,"href":"https:\/\/www.oarcanjo.net\/site\/wp-json\/wp\/v2\/tags?post=4637"}],"curies":[{"name":"wp","href":"https:\/\/api.w.org\/{rel}","templated":true}]}}