
{"id":4639,"date":"2009-08-08T08:43:10","date_gmt":"2009-08-08T11:43:10","guid":{"rendered":"http:\/\/www.oarcanjo.net\/site\/?p=4639"},"modified":"2009-08-08T08:43:10","modified_gmt":"2009-08-08T11:43:10","slug":"a-igreja-servidora-de-dom-helder","status":"publish","type":"post","link":"https:\/\/www.oarcanjo.net\/site\/a-igreja-servidora-de-dom-helder\/","title":{"rendered":"A Igreja servidora de Dom Helder"},"content":{"rendered":"<p>Pe. Geovane Saraiva<\/p>\n<p>Dom Helder C\u00e2mara, por onde passou, deixou uma marca indel\u00e9vel. Mesmo no ostracismo, no isolamento e exclu\u00eddo dos meios de comunica\u00e7\u00e3o social, durante o regime militar, que via nele um risco e um perigo \u00e0 democracia, permaneceu forte e corajoso, sem nunca se abalar.<\/p>\n<p>Ele foi uma das poucas criaturas da humanidade, com seu jeito de viver e de colocar-se diante de Deus, que nos deixa verdadeiramente orgulhosos. Foi um dos homens mais humano, mais simples e mais transparente que a nossa civiliza\u00e7\u00e3o crist\u00e3 j\u00e1 produziu. A paix\u00e3o dele por Deus era enorme e se traduzia no seu modo de amar o irm\u00e3o, vendo nele o pr\u00f3prio Deus.<\/p>\n<p>Sua for\u00e7a imaginadora, sua criatividade e, sobretudo, sua capacidade de produzir e realizar as coisas foram extraordin\u00e1rias, fazendo surgir uma nova Igreja, uma Igreja marcada, profundamente pela esperan\u00e7a, como ele afirmava: \u201cEsperan\u00e7a \u00e9 crer na aventura do amor, jogar nos homens, pular no escuro, confiando em Deus\u201d. Ele se antecipou, em ideias e vestes, ao aggiornamento que o Papa Jo\u00e3o XXIII promoveu e com o qual iria revolucionar, n\u00e3o apenas a Igreja, mas o mundo hodierno.<\/p>\n<p>Dom Helder foi um articulador, na melhor express\u00e3o da palavra, um conspirador, pensando no bem, com suas iniciativas, compartilhadas por muita gente da Igreja, desejando fazer com que a Igreja-Institui\u00e7\u00e3o se comprometesse e se engajasse na causa dos empobrecidos, identificando-se com seu Fundador e Mestre, Nosso Senhor Jesus Cristo. Pensava e desejava ele uma Igreja mais pobre e mais servidora.<\/p>\n<p>O \u201cPacto das Catacumbas\u201d, documento desafiador e ao mesmo tempo salutar, 16 de novembro de 1965, que foi uma excelente oportunidade para uma boa parte dos bispos pensar e refletir sobre eles mesmos, no sentido de viver na simplicidade e na pobreza, numa Igreja encarnada na realidade, comprometida com seu \u00a0povo, renunciando as apar\u00eancias de riqueza, dizendo n\u00e3o as vaidades, consciente da justi\u00e7a e da caridade.<\/p>\n<p>Logo que chegou ao Rio de Janeiro, numa hora santa do clero, em que o Cardeal Sebasti\u00e3o Leme criara os turnos de Adora\u00e7\u00e3o ao Sant\u00edssimo Sacramento, o jovem Padre Helder subiu ao p\u00falpito para o seu primeiro serm\u00e3o junto aos colegas de sua nova Diocese. A figura magra, p\u00e1lida, de olhos fechados, m\u00e3os tr\u00eamulas e exaltadas, pronunciou uma ora\u00e7\u00e3o que, at\u00e9 bem pouco, era recordada pelos padres daquela Arquidiocese do Rio. Foi quase um esc\u00e2ndalo: Dom Helder cobrou dos sacerdotes aquele fervor e aquele entusiasmo que dia-a-dia, pouco a pouco ia se esfriando. Como em transe, os Profetas do Antigo Testamento, enumerava as tibiezas de todos e de cada um, o desamor ao trabalho pastoral e a falta de garra no apostolado&#8230;<\/p>\n<p>Ao assumir a Arquidiocese de Olinda e Recife, na sua mensagem de posse, disse com firmeza: \u201cQuem estiver sofrendo, no corpo ou na alma; quem, pobre ou rico, estiver desesperado, ter\u00e1 lugar especial no cora\u00e7\u00e3o do bispo\u201d. A prega\u00e7\u00e3o do Evangelho foi para ele, ao mesmo tempo, candente e misericordiosa, apaixonada e sensata.<\/p>\n<p>O pastor dos empobrecidos, dos \u201csem voz e sem vez\u201d, dizia bem alto: \u201cNingu\u00e9m se escandalize quando me vir frequentando criaturas tidas como indignas e pecadoras. Ningu\u00e9m se espante me vendo com criaturas tidas como envolventes e perigosas\u201d.<\/p>\n<p>Que o Peregrino da Paz e o Irm\u00e3o dos Pobres, no seu centen\u00e1rio de nascimento, l\u00e1 do c\u00e9u, lembre-se de n\u00f3s.<\/p>\n<div id=\"themify_builder_content-4639\" data-postid=\"4639\" class=\"themify_builder_content themify_builder_content-4639 themify_builder themify_builder_front\">\n\t<\/div>\n<!-- \/themify_builder_content -->","protected":false},"excerpt":{"rendered":"<p>Pe. Geovane Saraiva Dom Helder C\u00e2mara, por onde passou, deixou uma marca indel\u00e9vel. Mesmo no ostracismo, no isolamento e exclu\u00eddo dos meios de comunica\u00e7\u00e3o social, durante o regime militar, que via nele um risco e um perigo \u00e0 democracia, permaneceu forte e corajoso, sem nunca se abalar. Ele foi uma das poucas criaturas da humanidade, [&hellip;]<\/p>\n","protected":false},"author":5,"featured_media":0,"comment_status":"open","ping_status":"open","sticky":false,"template":"","format":"standard","meta":{"ngg_post_thumbnail":0,"footnotes":""},"categories":[192],"tags":[210,359],"yoast_head":"<!-- This site is optimized with the Yoast SEO plugin v23.5 - https:\/\/yoast.com\/wordpress\/plugins\/seo\/ -->\n<title>A Igreja servidora de Dom Helder - O Arcanjo no ar<\/title>\n<meta name=\"robots\" content=\"index, follow, max-snippet:-1, max-image-preview:large, max-video-preview:-1\" \/>\n<link rel=\"canonical\" href=\"https:\/\/www.oarcanjo.net\/site\/a-igreja-servidora-de-dom-helder\/\" \/>\n<meta property=\"og:locale\" content=\"pt_BR\" \/>\n<meta property=\"og:type\" content=\"article\" \/>\n<meta property=\"og:title\" content=\"A Igreja servidora de Dom Helder - O Arcanjo no ar\" \/>\n<meta property=\"og:description\" content=\"Pe. Geovane Saraiva Dom Helder C\u00e2mara, por onde passou, deixou uma marca indel\u00e9vel. Mesmo no ostracismo, no isolamento e exclu\u00eddo dos meios de comunica\u00e7\u00e3o social, durante o regime militar, que via nele um risco e um perigo \u00e0 democracia, permaneceu forte e corajoso, sem nunca se abalar. Ele foi uma das poucas criaturas da humanidade, [&hellip;]\" \/>\n<meta property=\"og:url\" content=\"https:\/\/www.oarcanjo.net\/site\/a-igreja-servidora-de-dom-helder\/\" \/>\n<meta property=\"og:site_name\" content=\"O Arcanjo no ar\" \/>\n<meta property=\"article:publisher\" content=\"https:\/\/www.facebook.com\/OArcanjoNoAr\/\" \/>\n<meta property=\"article:published_time\" content=\"2009-08-08T11:43:10+00:00\" \/>\n<meta property=\"og:image\" content=\"https:\/\/www.oarcanjo.net\/site\/wp-content\/uploads\/logo-o-arcanjo-no-ar-facebook.png\" \/>\n\t<meta property=\"og:image:width\" content=\"300\" \/>\n\t<meta property=\"og:image:height\" content=\"300\" \/>\n\t<meta property=\"og:image:type\" content=\"image\/png\" \/>\n<meta name=\"author\" content=\"editor\" \/>\n<meta name=\"twitter:card\" content=\"summary_large_image\" \/>\n<meta name=\"twitter:label1\" content=\"Escrito por\" \/>\n\t<meta name=\"twitter:data1\" content=\"editor\" \/>\n\t<meta name=\"twitter:label2\" content=\"Est. tempo de leitura\" \/>\n\t<meta name=\"twitter:data2\" content=\"3 minutos\" \/>\n<script type=\"application\/ld+json\" class=\"yoast-schema-graph\">{\"@context\":\"https:\/\/schema.org\",\"@graph\":[{\"@type\":\"Article\",\"@id\":\"https:\/\/www.oarcanjo.net\/site\/a-igreja-servidora-de-dom-helder\/#article\",\"isPartOf\":{\"@id\":\"https:\/\/www.oarcanjo.net\/site\/a-igreja-servidora-de-dom-helder\/\"},\"author\":{\"name\":\"editor\",\"@id\":\"https:\/\/www.oarcanjo.net\/site\/#\/schema\/person\/f7024d007863202483a31326673a0838\"},\"headline\":\"A Igreja servidora de Dom Helder\",\"datePublished\":\"2009-08-08T11:43:10+00:00\",\"dateModified\":\"2009-08-08T11:43:10+00:00\",\"mainEntityOfPage\":{\"@id\":\"https:\/\/www.oarcanjo.net\/site\/a-igreja-servidora-de-dom-helder\/\"},\"wordCount\":586,\"commentCount\":0,\"publisher\":{\"@id\":\"https:\/\/www.oarcanjo.net\/site\/#organization\"},\"keywords\":[\"Dom Helder Camara\",\"Pacto das catacumbas\"],\"articleSection\":[\"D. Helder C\u00e2mara\"],\"inLanguage\":\"pt-BR\",\"potentialAction\":[{\"@type\":\"CommentAction\",\"name\":\"Comment\",\"target\":[\"https:\/\/www.oarcanjo.net\/site\/a-igreja-servidora-de-dom-helder\/#respond\"]}]},{\"@type\":\"WebPage\",\"@id\":\"https:\/\/www.oarcanjo.net\/site\/a-igreja-servidora-de-dom-helder\/\",\"url\":\"https:\/\/www.oarcanjo.net\/site\/a-igreja-servidora-de-dom-helder\/\",\"name\":\"A Igreja servidora de Dom Helder - O Arcanjo no ar\",\"isPartOf\":{\"@id\":\"https:\/\/www.oarcanjo.net\/site\/#website\"},\"datePublished\":\"2009-08-08T11:43:10+00:00\",\"dateModified\":\"2009-08-08T11:43:10+00:00\",\"breadcrumb\":{\"@id\":\"https:\/\/www.oarcanjo.net\/site\/a-igreja-servidora-de-dom-helder\/#breadcrumb\"},\"inLanguage\":\"pt-BR\",\"potentialAction\":[{\"@type\":\"ReadAction\",\"target\":[\"https:\/\/www.oarcanjo.net\/site\/a-igreja-servidora-de-dom-helder\/\"]}]},{\"@type\":\"BreadcrumbList\",\"@id\":\"https:\/\/www.oarcanjo.net\/site\/a-igreja-servidora-de-dom-helder\/#breadcrumb\",\"itemListElement\":[{\"@type\":\"ListItem\",\"position\":1,\"name\":\"In\u00edcio\",\"item\":\"https:\/\/www.oarcanjo.net\/site\/\"},{\"@type\":\"ListItem\",\"position\":2,\"name\":\"A Igreja servidora de Dom Helder\"}]},{\"@type\":\"WebSite\",\"@id\":\"https:\/\/www.oarcanjo.net\/site\/#website\",\"url\":\"https:\/\/www.oarcanjo.net\/site\/\",\"name\":\"O Arcanjo no ar\",\"description\":\"Site da Par\u00f3quia S\u00e3o Miguel Arcanjo (Arquidiocese de SP)\",\"publisher\":{\"@id\":\"https:\/\/www.oarcanjo.net\/site\/#organization\"},\"potentialAction\":[{\"@type\":\"SearchAction\",\"target\":{\"@type\":\"EntryPoint\",\"urlTemplate\":\"https:\/\/www.oarcanjo.net\/site\/?s={search_term_string}\"},\"query-input\":{\"@type\":\"PropertyValueSpecification\",\"valueRequired\":true,\"valueName\":\"search_term_string\"}}],\"inLanguage\":\"pt-BR\"},{\"@type\":\"Organization\",\"@id\":\"https:\/\/www.oarcanjo.net\/site\/#organization\",\"name\":\"Par\u00f3quia S\u00e3o Miguel Arcanjo\",\"url\":\"https:\/\/www.oarcanjo.net\/site\/\",\"logo\":{\"@type\":\"ImageObject\",\"inLanguage\":\"pt-BR\",\"@id\":\"https:\/\/www.oarcanjo.net\/site\/#\/schema\/logo\/image\/\",\"url\":\"https:\/\/www.oarcanjo.net\/site\/wp-content\/uploads\/LogoOArcanjo.png\",\"contentUrl\":\"https:\/\/www.oarcanjo.net\/site\/wp-content\/uploads\/LogoOArcanjo.png\",\"width\":319,\"height\":99,\"caption\":\"Par\u00f3quia S\u00e3o Miguel Arcanjo\"},\"image\":{\"@id\":\"https:\/\/www.oarcanjo.net\/site\/#\/schema\/logo\/image\/\"},\"sameAs\":[\"https:\/\/www.facebook.com\/OArcanjoNoAr\/\"]},{\"@type\":\"Person\",\"@id\":\"https:\/\/www.oarcanjo.net\/site\/#\/schema\/person\/f7024d007863202483a31326673a0838\",\"name\":\"editor\",\"sameAs\":[\"http:\/\/www.oarcanjo.net\"]}]}<\/script>\n<!-- \/ Yoast SEO plugin. -->","yoast_head_json":{"title":"A Igreja servidora de Dom Helder - O Arcanjo no ar","robots":{"index":"index","follow":"follow","max-snippet":"max-snippet:-1","max-image-preview":"max-image-preview:large","max-video-preview":"max-video-preview:-1"},"canonical":"https:\/\/www.oarcanjo.net\/site\/a-igreja-servidora-de-dom-helder\/","og_locale":"pt_BR","og_type":"article","og_title":"A Igreja servidora de Dom Helder - O Arcanjo no ar","og_description":"Pe. Geovane Saraiva Dom Helder C\u00e2mara, por onde passou, deixou uma marca indel\u00e9vel. Mesmo no ostracismo, no isolamento e exclu\u00eddo dos meios de comunica\u00e7\u00e3o social, durante o regime militar, que via nele um risco e um perigo \u00e0 democracia, permaneceu forte e corajoso, sem nunca se abalar. Ele foi uma das poucas criaturas da humanidade, [&hellip;]","og_url":"https:\/\/www.oarcanjo.net\/site\/a-igreja-servidora-de-dom-helder\/","og_site_name":"O Arcanjo no ar","article_publisher":"https:\/\/www.facebook.com\/OArcanjoNoAr\/","article_published_time":"2009-08-08T11:43:10+00:00","og_image":[{"width":300,"height":300,"url":"https:\/\/www.oarcanjo.net\/site\/wp-content\/uploads\/logo-o-arcanjo-no-ar-facebook.png","type":"image\/png"}],"author":"editor","twitter_card":"summary_large_image","twitter_misc":{"Escrito por":"editor","Est. tempo de leitura":"3 minutos"},"schema":{"@context":"https:\/\/schema.org","@graph":[{"@type":"Article","@id":"https:\/\/www.oarcanjo.net\/site\/a-igreja-servidora-de-dom-helder\/#article","isPartOf":{"@id":"https:\/\/www.oarcanjo.net\/site\/a-igreja-servidora-de-dom-helder\/"},"author":{"name":"editor","@id":"https:\/\/www.oarcanjo.net\/site\/#\/schema\/person\/f7024d007863202483a31326673a0838"},"headline":"A Igreja servidora de Dom Helder","datePublished":"2009-08-08T11:43:10+00:00","dateModified":"2009-08-08T11:43:10+00:00","mainEntityOfPage":{"@id":"https:\/\/www.oarcanjo.net\/site\/a-igreja-servidora-de-dom-helder\/"},"wordCount":586,"commentCount":0,"publisher":{"@id":"https:\/\/www.oarcanjo.net\/site\/#organization"},"keywords":["Dom Helder Camara","Pacto das catacumbas"],"articleSection":["D. Helder C\u00e2mara"],"inLanguage":"pt-BR","potentialAction":[{"@type":"CommentAction","name":"Comment","target":["https:\/\/www.oarcanjo.net\/site\/a-igreja-servidora-de-dom-helder\/#respond"]}]},{"@type":"WebPage","@id":"https:\/\/www.oarcanjo.net\/site\/a-igreja-servidora-de-dom-helder\/","url":"https:\/\/www.oarcanjo.net\/site\/a-igreja-servidora-de-dom-helder\/","name":"A Igreja servidora de Dom Helder - O Arcanjo no ar","isPartOf":{"@id":"https:\/\/www.oarcanjo.net\/site\/#website"},"datePublished":"2009-08-08T11:43:10+00:00","dateModified":"2009-08-08T11:43:10+00:00","breadcrumb":{"@id":"https:\/\/www.oarcanjo.net\/site\/a-igreja-servidora-de-dom-helder\/#breadcrumb"},"inLanguage":"pt-BR","potentialAction":[{"@type":"ReadAction","target":["https:\/\/www.oarcanjo.net\/site\/a-igreja-servidora-de-dom-helder\/"]}]},{"@type":"BreadcrumbList","@id":"https:\/\/www.oarcanjo.net\/site\/a-igreja-servidora-de-dom-helder\/#breadcrumb","itemListElement":[{"@type":"ListItem","position":1,"name":"In\u00edcio","item":"https:\/\/www.oarcanjo.net\/site\/"},{"@type":"ListItem","position":2,"name":"A Igreja servidora de Dom Helder"}]},{"@type":"WebSite","@id":"https:\/\/www.oarcanjo.net\/site\/#website","url":"https:\/\/www.oarcanjo.net\/site\/","name":"O Arcanjo no ar","description":"Site da Par\u00f3quia S\u00e3o Miguel Arcanjo (Arquidiocese de SP)","publisher":{"@id":"https:\/\/www.oarcanjo.net\/site\/#organization"},"potentialAction":[{"@type":"SearchAction","target":{"@type":"EntryPoint","urlTemplate":"https:\/\/www.oarcanjo.net\/site\/?s={search_term_string}"},"query-input":{"@type":"PropertyValueSpecification","valueRequired":true,"valueName":"search_term_string"}}],"inLanguage":"pt-BR"},{"@type":"Organization","@id":"https:\/\/www.oarcanjo.net\/site\/#organization","name":"Par\u00f3quia S\u00e3o Miguel Arcanjo","url":"https:\/\/www.oarcanjo.net\/site\/","logo":{"@type":"ImageObject","inLanguage":"pt-BR","@id":"https:\/\/www.oarcanjo.net\/site\/#\/schema\/logo\/image\/","url":"https:\/\/www.oarcanjo.net\/site\/wp-content\/uploads\/LogoOArcanjo.png","contentUrl":"https:\/\/www.oarcanjo.net\/site\/wp-content\/uploads\/LogoOArcanjo.png","width":319,"height":99,"caption":"Par\u00f3quia S\u00e3o Miguel Arcanjo"},"image":{"@id":"https:\/\/www.oarcanjo.net\/site\/#\/schema\/logo\/image\/"},"sameAs":["https:\/\/www.facebook.com\/OArcanjoNoAr\/"]},{"@type":"Person","@id":"https:\/\/www.oarcanjo.net\/site\/#\/schema\/person\/f7024d007863202483a31326673a0838","name":"editor","sameAs":["http:\/\/www.oarcanjo.net"]}]}},"publishpress_future_action":{"enabled":false,"date":"2026-05-07 18:26:40","action":"category","newStatus":"draft","terms":[],"taxonomy":"category"},"publishpress_future_workflow_manual_trigger":{"enabledWorkflows":[]},"_links":{"self":[{"href":"https:\/\/www.oarcanjo.net\/site\/wp-json\/wp\/v2\/posts\/4639"}],"collection":[{"href":"https:\/\/www.oarcanjo.net\/site\/wp-json\/wp\/v2\/posts"}],"about":[{"href":"https:\/\/www.oarcanjo.net\/site\/wp-json\/wp\/v2\/types\/post"}],"author":[{"embeddable":true,"href":"https:\/\/www.oarcanjo.net\/site\/wp-json\/wp\/v2\/users\/5"}],"replies":[{"embeddable":true,"href":"https:\/\/www.oarcanjo.net\/site\/wp-json\/wp\/v2\/comments?post=4639"}],"version-history":[{"count":0,"href":"https:\/\/www.oarcanjo.net\/site\/wp-json\/wp\/v2\/posts\/4639\/revisions"}],"wp:attachment":[{"href":"https:\/\/www.oarcanjo.net\/site\/wp-json\/wp\/v2\/media?parent=4639"}],"wp:term":[{"taxonomy":"category","embeddable":true,"href":"https:\/\/www.oarcanjo.net\/site\/wp-json\/wp\/v2\/categories?post=4639"},{"taxonomy":"post_tag","embeddable":true,"href":"https:\/\/www.oarcanjo.net\/site\/wp-json\/wp\/v2\/tags?post=4639"}],"curies":[{"name":"wp","href":"https:\/\/api.w.org\/{rel}","templated":true}]}}