
{"id":4644,"date":"2009-08-08T09:51:02","date_gmt":"2009-08-08T12:51:02","guid":{"rendered":"http:\/\/www.oarcanjo.net\/site\/?p=4644"},"modified":"2009-08-10T09:35:29","modified_gmt":"2009-08-10T12:35:29","slug":"o-pao-da-vida-2","status":"publish","type":"post","link":"https:\/\/www.oarcanjo.net\/site\/o-pao-da-vida-2\/","title":{"rendered":"EU sou o P\u00e3o da Vida !"},"content":{"rendered":"<p>JESUS torna a afirmar: EU sou o p\u00e3o da VIDA!<\/p>\n<p>Quem dele comer, nunca morrer\u00e1.<\/p>\n<p>O convite que o SENHOR nos faz \u00e9 de nos alimentarmos de sua proposta de partilha e solidariedade que transformam a vida e a sociedade.<\/p>\n<p>Assimilar a sua pessoa a sua vida como assimilamos o alimento, nos alimentarmos do P\u00e3o que conduz para a vida eterna.<\/p>\n<p>JESUS nos prop\u00f5e a liberdade vivida comunitariamente e com responsabilidade de uns para com os outros.<\/p>\n<p>Os fariseus admitem a ressurrei\u00e7\u00e3o pela observancia da lei e JESUS garante que a ressurrei\u00e7\u00e3o depende da ades\u00e3o a ELE e a sua proposta.<\/p>\n<p>A nova lei que DEUS oferece \u00e0 humanidade \u00e9 a pessoa de JESUS.<\/p>\n<p>Quem assimila Jesus em sua vida assimila a sua proposta e vive de seu Amor.<\/p>\n<p>Aceitar a proposta de JESUS nos compromete, nos envolve e liberta, renova a nossa id\u00e9ia de DEUS, que\u00a0 respeita a nossa liberdade e age na hist\u00f3ria da humanidade.<\/p>\n<p>Quem ama assemelha-se \u00e0 pessoa amada, quem segue JESUS e\u00a0O ama assemelha-se \u00e0 sua pr\u00e1tica, maneira de ser e agir de amar de aproximar-se dos fracos e esquecidos, proteger os doentes e exclu\u00eddos.<\/p>\n<p>JESUS que te aceite, ame, assimile e viva do TEU AMOR!<\/p>\n<hr \/>\n<p>Assista \u00e0 homilia da missa de 09\/08\/2009:<\/p>\n<p><video style=\"width: 100%; height: auto; aspect-ratio: 480\/334; border: none; overflow: hidden;\" controls>\n                <source src=\"mms:\/\/mms.bizmedia.com.br\/bizmedia\/Homilia20090809-final.wmv\" type=\"video\/x-ms-wmv\">\n                <source src=\"mms:\/\/mms.bizmedia.com.br\/bizmedia\/Homilia20090809-final.wmv\" type=\"video\/wmv\">\n                Your browser does not support the video tag.\n            <\/video><\/p>\n<div id=\"themify_builder_content-4644\" data-postid=\"4644\" class=\"themify_builder_content themify_builder_content-4644 themify_builder themify_builder_front\">\n\t<\/div>\n<!-- \/themify_builder_content -->","protected":false},"excerpt":{"rendered":"<p>JESUS torna a afirmar: EU sou o p\u00e3o da VIDA! Quem dele comer, nunca morrer\u00e1. O convite que o SENHOR nos faz \u00e9 de nos alimentarmos de sua proposta de partilha e solidariedade que transformam a vida e a sociedade. Assimilar a sua pessoa a sua vida como assimilamos o alimento, nos alimentarmos do P\u00e3o [&hellip;]<\/p>\n","protected":false},"author":4,"featured_media":0,"comment_status":"open","ping_status":"open","sticky":false,"template":"","format":"standard","meta":{"ngg_post_thumbnail":0,"footnotes":""},"categories":[4,475],"tags":[],"yoast_head":"<!-- This site is optimized with the Yoast SEO plugin v23.5 - https:\/\/yoast.com\/wordpress\/plugins\/seo\/ -->\n<title>EU sou o P\u00e3o da Vida ! - O Arcanjo no ar<\/title>\n<meta name=\"robots\" content=\"index, follow, max-snippet:-1, max-image-preview:large, max-video-preview:-1\" \/>\n<link rel=\"canonical\" href=\"https:\/\/www.oarcanjo.net\/site\/o-pao-da-vida-2\/\" \/>\n<meta property=\"og:locale\" content=\"pt_BR\" \/>\n<meta property=\"og:type\" content=\"article\" \/>\n<meta property=\"og:title\" content=\"EU sou o P\u00e3o da Vida ! - O Arcanjo no ar\" \/>\n<meta property=\"og:description\" content=\"JESUS torna a afirmar: EU sou o p\u00e3o da VIDA! Quem dele comer, nunca morrer\u00e1. O convite que o SENHOR nos faz \u00e9 de nos alimentarmos de sua proposta de partilha e solidariedade que transformam a vida e a sociedade. Assimilar a sua pessoa a sua vida como assimilamos o alimento, nos alimentarmos do P\u00e3o [&hellip;]\" \/>\n<meta property=\"og:url\" content=\"https:\/\/www.oarcanjo.net\/site\/o-pao-da-vida-2\/\" \/>\n<meta property=\"og:site_name\" content=\"O Arcanjo no ar\" \/>\n<meta property=\"article:publisher\" content=\"https:\/\/www.facebook.com\/OArcanjoNoAr\/\" \/>\n<meta property=\"article:published_time\" content=\"2009-08-08T12:51:02+00:00\" \/>\n<meta property=\"article:modified_time\" content=\"2009-08-10T12:35:29+00:00\" \/>\n<meta property=\"og:image\" content=\"https:\/\/www.oarcanjo.net\/site\/wp-content\/uploads\/logo-o-arcanjo-no-ar-facebook.png\" \/>\n\t<meta property=\"og:image:width\" content=\"300\" \/>\n\t<meta property=\"og:image:height\" content=\"300\" \/>\n\t<meta property=\"og:image:type\" content=\"image\/png\" \/>\n<meta name=\"author\" content=\"julio\" \/>\n<meta name=\"twitter:card\" content=\"summary_large_image\" \/>\n<meta name=\"twitter:label1\" content=\"Escrito por\" \/>\n\t<meta name=\"twitter:data1\" content=\"julio\" \/>\n\t<meta name=\"twitter:label2\" content=\"Est. tempo de leitura\" \/>\n\t<meta name=\"twitter:data2\" content=\"1 minuto\" \/>\n<script type=\"application\/ld+json\" class=\"yoast-schema-graph\">{\"@context\":\"https:\/\/schema.org\",\"@graph\":[{\"@type\":\"Article\",\"@id\":\"https:\/\/www.oarcanjo.net\/site\/o-pao-da-vida-2\/#article\",\"isPartOf\":{\"@id\":\"https:\/\/www.oarcanjo.net\/site\/o-pao-da-vida-2\/\"},\"author\":{\"name\":\"julio\",\"@id\":\"https:\/\/www.oarcanjo.net\/site\/#\/schema\/person\/d78ea01c648c91e29c364b516767079e\"},\"headline\":\"EU sou o P\u00e3o da Vida !\",\"datePublished\":\"2009-08-08T12:51:02+00:00\",\"dateModified\":\"2009-08-10T12:35:29+00:00\",\"mainEntityOfPage\":{\"@id\":\"https:\/\/www.oarcanjo.net\/site\/o-pao-da-vida-2\/\"},\"wordCount\":230,\"commentCount\":18,\"publisher\":{\"@id\":\"https:\/\/www.oarcanjo.net\/site\/#organization\"},\"articleSection\":[\"Blog\",\"Homilias\"],\"inLanguage\":\"pt-BR\",\"potentialAction\":[{\"@type\":\"CommentAction\",\"name\":\"Comment\",\"target\":[\"https:\/\/www.oarcanjo.net\/site\/o-pao-da-vida-2\/#respond\"]}]},{\"@type\":\"WebPage\",\"@id\":\"https:\/\/www.oarcanjo.net\/site\/o-pao-da-vida-2\/\",\"url\":\"https:\/\/www.oarcanjo.net\/site\/o-pao-da-vida-2\/\",\"name\":\"EU sou o P\u00e3o da Vida ! - O Arcanjo no ar\",\"isPartOf\":{\"@id\":\"https:\/\/www.oarcanjo.net\/site\/#website\"},\"datePublished\":\"2009-08-08T12:51:02+00:00\",\"dateModified\":\"2009-08-10T12:35:29+00:00\",\"breadcrumb\":{\"@id\":\"https:\/\/www.oarcanjo.net\/site\/o-pao-da-vida-2\/#breadcrumb\"},\"inLanguage\":\"pt-BR\",\"potentialAction\":[{\"@type\":\"ReadAction\",\"target\":[\"https:\/\/www.oarcanjo.net\/site\/o-pao-da-vida-2\/\"]}]},{\"@type\":\"BreadcrumbList\",\"@id\":\"https:\/\/www.oarcanjo.net\/site\/o-pao-da-vida-2\/#breadcrumb\",\"itemListElement\":[{\"@type\":\"ListItem\",\"position\":1,\"name\":\"In\u00edcio\",\"item\":\"https:\/\/www.oarcanjo.net\/site\/\"},{\"@type\":\"ListItem\",\"position\":2,\"name\":\"EU sou o P\u00e3o da Vida !\"}]},{\"@type\":\"WebSite\",\"@id\":\"https:\/\/www.oarcanjo.net\/site\/#website\",\"url\":\"https:\/\/www.oarcanjo.net\/site\/\",\"name\":\"O Arcanjo no ar\",\"description\":\"Site da Par\u00f3quia S\u00e3o Miguel Arcanjo (Arquidiocese de SP)\",\"publisher\":{\"@id\":\"https:\/\/www.oarcanjo.net\/site\/#organization\"},\"potentialAction\":[{\"@type\":\"SearchAction\",\"target\":{\"@type\":\"EntryPoint\",\"urlTemplate\":\"https:\/\/www.oarcanjo.net\/site\/?s={search_term_string}\"},\"query-input\":{\"@type\":\"PropertyValueSpecification\",\"valueRequired\":true,\"valueName\":\"search_term_string\"}}],\"inLanguage\":\"pt-BR\"},{\"@type\":\"Organization\",\"@id\":\"https:\/\/www.oarcanjo.net\/site\/#organization\",\"name\":\"Par\u00f3quia S\u00e3o Miguel Arcanjo\",\"url\":\"https:\/\/www.oarcanjo.net\/site\/\",\"logo\":{\"@type\":\"ImageObject\",\"inLanguage\":\"pt-BR\",\"@id\":\"https:\/\/www.oarcanjo.net\/site\/#\/schema\/logo\/image\/\",\"url\":\"https:\/\/www.oarcanjo.net\/site\/wp-content\/uploads\/LogoOArcanjo.png\",\"contentUrl\":\"https:\/\/www.oarcanjo.net\/site\/wp-content\/uploads\/LogoOArcanjo.png\",\"width\":319,\"height\":99,\"caption\":\"Par\u00f3quia S\u00e3o Miguel Arcanjo\"},\"image\":{\"@id\":\"https:\/\/www.oarcanjo.net\/site\/#\/schema\/logo\/image\/\"},\"sameAs\":[\"https:\/\/www.facebook.com\/OArcanjoNoAr\/\"]},{\"@type\":\"Person\",\"@id\":\"https:\/\/www.oarcanjo.net\/site\/#\/schema\/person\/d78ea01c648c91e29c364b516767079e\",\"name\":\"julio\",\"sameAs\":[\"http:\/\/www.oarcanjo.net\"]}]}<\/script>\n<!-- \/ Yoast SEO plugin. -->","yoast_head_json":{"title":"EU sou o P\u00e3o da Vida ! - O Arcanjo no ar","robots":{"index":"index","follow":"follow","max-snippet":"max-snippet:-1","max-image-preview":"max-image-preview:large","max-video-preview":"max-video-preview:-1"},"canonical":"https:\/\/www.oarcanjo.net\/site\/o-pao-da-vida-2\/","og_locale":"pt_BR","og_type":"article","og_title":"EU sou o P\u00e3o da Vida ! - O Arcanjo no ar","og_description":"JESUS torna a afirmar: EU sou o p\u00e3o da VIDA! Quem dele comer, nunca morrer\u00e1. O convite que o SENHOR nos faz \u00e9 de nos alimentarmos de sua proposta de partilha e solidariedade que transformam a vida e a sociedade. Assimilar a sua pessoa a sua vida como assimilamos o alimento, nos alimentarmos do P\u00e3o [&hellip;]","og_url":"https:\/\/www.oarcanjo.net\/site\/o-pao-da-vida-2\/","og_site_name":"O Arcanjo no ar","article_publisher":"https:\/\/www.facebook.com\/OArcanjoNoAr\/","article_published_time":"2009-08-08T12:51:02+00:00","article_modified_time":"2009-08-10T12:35:29+00:00","og_image":[{"width":300,"height":300,"url":"https:\/\/www.oarcanjo.net\/site\/wp-content\/uploads\/logo-o-arcanjo-no-ar-facebook.png","type":"image\/png"}],"author":"julio","twitter_card":"summary_large_image","twitter_misc":{"Escrito por":"julio","Est. tempo de leitura":"1 minuto"},"schema":{"@context":"https:\/\/schema.org","@graph":[{"@type":"Article","@id":"https:\/\/www.oarcanjo.net\/site\/o-pao-da-vida-2\/#article","isPartOf":{"@id":"https:\/\/www.oarcanjo.net\/site\/o-pao-da-vida-2\/"},"author":{"name":"julio","@id":"https:\/\/www.oarcanjo.net\/site\/#\/schema\/person\/d78ea01c648c91e29c364b516767079e"},"headline":"EU sou o P\u00e3o da Vida !","datePublished":"2009-08-08T12:51:02+00:00","dateModified":"2009-08-10T12:35:29+00:00","mainEntityOfPage":{"@id":"https:\/\/www.oarcanjo.net\/site\/o-pao-da-vida-2\/"},"wordCount":230,"commentCount":18,"publisher":{"@id":"https:\/\/www.oarcanjo.net\/site\/#organization"},"articleSection":["Blog","Homilias"],"inLanguage":"pt-BR","potentialAction":[{"@type":"CommentAction","name":"Comment","target":["https:\/\/www.oarcanjo.net\/site\/o-pao-da-vida-2\/#respond"]}]},{"@type":"WebPage","@id":"https:\/\/www.oarcanjo.net\/site\/o-pao-da-vida-2\/","url":"https:\/\/www.oarcanjo.net\/site\/o-pao-da-vida-2\/","name":"EU sou o P\u00e3o da Vida ! - O Arcanjo no ar","isPartOf":{"@id":"https:\/\/www.oarcanjo.net\/site\/#website"},"datePublished":"2009-08-08T12:51:02+00:00","dateModified":"2009-08-10T12:35:29+00:00","breadcrumb":{"@id":"https:\/\/www.oarcanjo.net\/site\/o-pao-da-vida-2\/#breadcrumb"},"inLanguage":"pt-BR","potentialAction":[{"@type":"ReadAction","target":["https:\/\/www.oarcanjo.net\/site\/o-pao-da-vida-2\/"]}]},{"@type":"BreadcrumbList","@id":"https:\/\/www.oarcanjo.net\/site\/o-pao-da-vida-2\/#breadcrumb","itemListElement":[{"@type":"ListItem","position":1,"name":"In\u00edcio","item":"https:\/\/www.oarcanjo.net\/site\/"},{"@type":"ListItem","position":2,"name":"EU sou o P\u00e3o da Vida !"}]},{"@type":"WebSite","@id":"https:\/\/www.oarcanjo.net\/site\/#website","url":"https:\/\/www.oarcanjo.net\/site\/","name":"O Arcanjo no ar","description":"Site da Par\u00f3quia S\u00e3o Miguel Arcanjo (Arquidiocese de SP)","publisher":{"@id":"https:\/\/www.oarcanjo.net\/site\/#organization"},"potentialAction":[{"@type":"SearchAction","target":{"@type":"EntryPoint","urlTemplate":"https:\/\/www.oarcanjo.net\/site\/?s={search_term_string}"},"query-input":{"@type":"PropertyValueSpecification","valueRequired":true,"valueName":"search_term_string"}}],"inLanguage":"pt-BR"},{"@type":"Organization","@id":"https:\/\/www.oarcanjo.net\/site\/#organization","name":"Par\u00f3quia S\u00e3o Miguel Arcanjo","url":"https:\/\/www.oarcanjo.net\/site\/","logo":{"@type":"ImageObject","inLanguage":"pt-BR","@id":"https:\/\/www.oarcanjo.net\/site\/#\/schema\/logo\/image\/","url":"https:\/\/www.oarcanjo.net\/site\/wp-content\/uploads\/LogoOArcanjo.png","contentUrl":"https:\/\/www.oarcanjo.net\/site\/wp-content\/uploads\/LogoOArcanjo.png","width":319,"height":99,"caption":"Par\u00f3quia S\u00e3o Miguel Arcanjo"},"image":{"@id":"https:\/\/www.oarcanjo.net\/site\/#\/schema\/logo\/image\/"},"sameAs":["https:\/\/www.facebook.com\/OArcanjoNoAr\/"]},{"@type":"Person","@id":"https:\/\/www.oarcanjo.net\/site\/#\/schema\/person\/d78ea01c648c91e29c364b516767079e","name":"julio","sameAs":["http:\/\/www.oarcanjo.net"]}]}},"publishpress_future_action":{"enabled":false,"date":"2026-05-08 21:09:56","action":"category","newStatus":"draft","terms":[],"taxonomy":"category"},"publishpress_future_workflow_manual_trigger":{"enabledWorkflows":[]},"_links":{"self":[{"href":"https:\/\/www.oarcanjo.net\/site\/wp-json\/wp\/v2\/posts\/4644"}],"collection":[{"href":"https:\/\/www.oarcanjo.net\/site\/wp-json\/wp\/v2\/posts"}],"about":[{"href":"https:\/\/www.oarcanjo.net\/site\/wp-json\/wp\/v2\/types\/post"}],"author":[{"embeddable":true,"href":"https:\/\/www.oarcanjo.net\/site\/wp-json\/wp\/v2\/users\/4"}],"replies":[{"embeddable":true,"href":"https:\/\/www.oarcanjo.net\/site\/wp-json\/wp\/v2\/comments?post=4644"}],"version-history":[{"count":0,"href":"https:\/\/www.oarcanjo.net\/site\/wp-json\/wp\/v2\/posts\/4644\/revisions"}],"wp:attachment":[{"href":"https:\/\/www.oarcanjo.net\/site\/wp-json\/wp\/v2\/media?parent=4644"}],"wp:term":[{"taxonomy":"category","embeddable":true,"href":"https:\/\/www.oarcanjo.net\/site\/wp-json\/wp\/v2\/categories?post=4644"},{"taxonomy":"post_tag","embeddable":true,"href":"https:\/\/www.oarcanjo.net\/site\/wp-json\/wp\/v2\/tags?post=4644"}],"curies":[{"name":"wp","href":"https:\/\/api.w.org\/{rel}","templated":true}]}}