
{"id":4701,"date":"2009-08-10T23:38:58","date_gmt":"2009-08-11T02:38:58","guid":{"rendered":"http:\/\/www.oarcanjo.net\/site\/?p=4701"},"modified":"2009-09-06T13:34:48","modified_gmt":"2009-09-06T16:34:48","slug":"pedido-por-um-mundo-melhor","status":"publish","type":"post","link":"https:\/\/www.oarcanjo.net\/site\/pedido-por-um-mundo-melhor\/","title":{"rendered":"Pedido por um mundo melhor"},"content":{"rendered":"<p>Eu pe\u00e7o por favor que as pessoas tomem consci\u00eancia e vejam como nosso mundo est\u00e1 como est\u00e1 cheio de injusti\u00e7as ,de viol\u00eancia ,de maldade por favor n\u00e3o vamos ter mais guerras fiquei t\u00e3o triste de ver\u00a0 um presidente dizendo que pode haver uma guerra j\u00e1 n\u00e3o houve pessoas mortas suficientes\u00a0nas outras guerras ?E querem matar\u00a0mais\u00a0?J\u00e1 chega tantas pessoas que morrem de fome,de viol\u00eancia e de tantas outras causas que devem\u00a0sumir do mundo agora\u00a0.N\u00e3o\u00a0vamos deixar que aconte\u00e7a outra guerra olha eu acho que tem tanto problema no mundo que deve ser resolvido em vez de ficar pensando em guerra os pa\u00edses devem se unir e n\u00e3o brigar porque n\u00e3o se importam com a fome no mundo ontem me partiu o cora\u00e7\u00e3o de um morador de rua me perguntando se n\u00e3o tinha comida e eu n\u00e3o pode ajuda -lo pois eu n\u00e3o tinha como arranjar comida pra ele naquele momento mas se tivesse um jeito eu com certeza eu ia dar um prato de comida pra ele isso acontece v\u00e1rias vezes no mundo tem pessoas que n\u00e3o ve\u00eam isso est\u00e3o cegas essas pessoas\u00a0 devem\u00a0se colocar no lugar das pessoas que passam fome e ver o quanto \u00e9 duro passar por\u00a0isso.Ent\u00e3o em vez de ficar se preocupando com guerra vamos nos preocupar com os problemas que te\u00eam no mundo.Tamb\u00e9m s\u00e3o os gestos simples que mudam um mundo como sorrir as pessoas.Voc\u00ea j\u00e1 sorriu hoje ?Se n\u00e3o sorria amanh\u00e3 isso far\u00e1 um bem enorme.<\/p>\n<div id=\"themify_builder_content-4701\" data-postid=\"4701\" class=\"themify_builder_content themify_builder_content-4701 themify_builder themify_builder_front\">\n\t<\/div>\n<!-- \/themify_builder_content -->","protected":false},"excerpt":{"rendered":"<p>Eu pe\u00e7o por favor que as pessoas tomem consci\u00eancia e vejam como nosso mundo est\u00e1 como est\u00e1 cheio de injusti\u00e7as ,de viol\u00eancia ,de maldade por favor n\u00e3o vamos ter mais guerras fiquei t\u00e3o triste de ver\u00a0 um presidente dizendo que pode haver uma guerra j\u00e1 n\u00e3o houve pessoas mortas suficientes\u00a0nas outras guerras ?E querem matar\u00a0mais\u00a0?J\u00e1 [&hellip;]<\/p>\n","protected":false},"author":12,"featured_media":0,"comment_status":"open","ping_status":"open","sticky":false,"template":"","format":"standard","meta":{"ngg_post_thumbnail":0,"footnotes":""},"categories":[395],"tags":[],"yoast_head":"<!-- This site is optimized with the Yoast SEO plugin v23.5 - https:\/\/yoast.com\/wordpress\/plugins\/seo\/ -->\n<title>Pedido por um mundo melhor - O Arcanjo no ar<\/title>\n<meta name=\"robots\" content=\"index, follow, max-snippet:-1, max-image-preview:large, max-video-preview:-1\" \/>\n<link rel=\"canonical\" href=\"https:\/\/www.oarcanjo.net\/site\/pedido-por-um-mundo-melhor\/\" \/>\n<meta property=\"og:locale\" content=\"pt_BR\" \/>\n<meta property=\"og:type\" content=\"article\" \/>\n<meta property=\"og:title\" content=\"Pedido por um mundo melhor - O Arcanjo no ar\" \/>\n<meta property=\"og:description\" content=\"Eu pe\u00e7o por favor que as pessoas tomem consci\u00eancia e vejam como nosso mundo est\u00e1 como est\u00e1 cheio de injusti\u00e7as ,de viol\u00eancia ,de maldade por favor n\u00e3o vamos ter mais guerras fiquei t\u00e3o triste de ver\u00a0 um presidente dizendo que pode haver uma guerra j\u00e1 n\u00e3o houve pessoas mortas suficientes\u00a0nas outras guerras ?E querem matar\u00a0mais\u00a0?J\u00e1 [&hellip;]\" \/>\n<meta property=\"og:url\" content=\"https:\/\/www.oarcanjo.net\/site\/pedido-por-um-mundo-melhor\/\" \/>\n<meta property=\"og:site_name\" content=\"O Arcanjo no ar\" \/>\n<meta property=\"article:publisher\" content=\"https:\/\/www.facebook.com\/OArcanjoNoAr\/\" \/>\n<meta property=\"article:published_time\" content=\"2009-08-11T02:38:58+00:00\" \/>\n<meta property=\"article:modified_time\" content=\"2009-09-06T16:34:48+00:00\" \/>\n<meta property=\"og:image\" content=\"https:\/\/www.oarcanjo.net\/site\/wp-content\/uploads\/logo-o-arcanjo-no-ar-facebook.png\" \/>\n\t<meta property=\"og:image:width\" content=\"300\" \/>\n\t<meta property=\"og:image:height\" content=\"300\" \/>\n\t<meta property=\"og:image:type\" content=\"image\/png\" \/>\n<meta name=\"author\" content=\"mariana\" \/>\n<meta name=\"twitter:card\" content=\"summary_large_image\" \/>\n<meta name=\"twitter:label1\" content=\"Escrito por\" \/>\n\t<meta name=\"twitter:data1\" content=\"mariana\" \/>\n\t<meta name=\"twitter:label2\" content=\"Est. tempo de leitura\" \/>\n\t<meta name=\"twitter:data2\" content=\"1 minuto\" \/>\n<script type=\"application\/ld+json\" class=\"yoast-schema-graph\">{\"@context\":\"https:\/\/schema.org\",\"@graph\":[{\"@type\":\"Article\",\"@id\":\"https:\/\/www.oarcanjo.net\/site\/pedido-por-um-mundo-melhor\/#article\",\"isPartOf\":{\"@id\":\"https:\/\/www.oarcanjo.net\/site\/pedido-por-um-mundo-melhor\/\"},\"author\":{\"name\":\"mariana\",\"@id\":\"https:\/\/www.oarcanjo.net\/site\/#\/schema\/person\/e54a5c62347067e278a5d0cf64f6a6e6\"},\"headline\":\"Pedido por um mundo melhor\",\"datePublished\":\"2009-08-11T02:38:58+00:00\",\"dateModified\":\"2009-09-06T16:34:48+00:00\",\"mainEntityOfPage\":{\"@id\":\"https:\/\/www.oarcanjo.net\/site\/pedido-por-um-mundo-melhor\/\"},\"wordCount\":282,\"commentCount\":0,\"publisher\":{\"@id\":\"https:\/\/www.oarcanjo.net\/site\/#organization\"},\"articleSection\":[\"Jovens\"],\"inLanguage\":\"pt-BR\",\"potentialAction\":[{\"@type\":\"CommentAction\",\"name\":\"Comment\",\"target\":[\"https:\/\/www.oarcanjo.net\/site\/pedido-por-um-mundo-melhor\/#respond\"]}]},{\"@type\":\"WebPage\",\"@id\":\"https:\/\/www.oarcanjo.net\/site\/pedido-por-um-mundo-melhor\/\",\"url\":\"https:\/\/www.oarcanjo.net\/site\/pedido-por-um-mundo-melhor\/\",\"name\":\"Pedido por um mundo melhor - O Arcanjo no ar\",\"isPartOf\":{\"@id\":\"https:\/\/www.oarcanjo.net\/site\/#website\"},\"datePublished\":\"2009-08-11T02:38:58+00:00\",\"dateModified\":\"2009-09-06T16:34:48+00:00\",\"breadcrumb\":{\"@id\":\"https:\/\/www.oarcanjo.net\/site\/pedido-por-um-mundo-melhor\/#breadcrumb\"},\"inLanguage\":\"pt-BR\",\"potentialAction\":[{\"@type\":\"ReadAction\",\"target\":[\"https:\/\/www.oarcanjo.net\/site\/pedido-por-um-mundo-melhor\/\"]}]},{\"@type\":\"BreadcrumbList\",\"@id\":\"https:\/\/www.oarcanjo.net\/site\/pedido-por-um-mundo-melhor\/#breadcrumb\",\"itemListElement\":[{\"@type\":\"ListItem\",\"position\":1,\"name\":\"In\u00edcio\",\"item\":\"https:\/\/www.oarcanjo.net\/site\/\"},{\"@type\":\"ListItem\",\"position\":2,\"name\":\"Pedido por um mundo melhor\"}]},{\"@type\":\"WebSite\",\"@id\":\"https:\/\/www.oarcanjo.net\/site\/#website\",\"url\":\"https:\/\/www.oarcanjo.net\/site\/\",\"name\":\"O Arcanjo no ar\",\"description\":\"Site da Par\u00f3quia S\u00e3o Miguel Arcanjo (Arquidiocese de SP)\",\"publisher\":{\"@id\":\"https:\/\/www.oarcanjo.net\/site\/#organization\"},\"potentialAction\":[{\"@type\":\"SearchAction\",\"target\":{\"@type\":\"EntryPoint\",\"urlTemplate\":\"https:\/\/www.oarcanjo.net\/site\/?s={search_term_string}\"},\"query-input\":{\"@type\":\"PropertyValueSpecification\",\"valueRequired\":true,\"valueName\":\"search_term_string\"}}],\"inLanguage\":\"pt-BR\"},{\"@type\":\"Organization\",\"@id\":\"https:\/\/www.oarcanjo.net\/site\/#organization\",\"name\":\"Par\u00f3quia S\u00e3o Miguel Arcanjo\",\"url\":\"https:\/\/www.oarcanjo.net\/site\/\",\"logo\":{\"@type\":\"ImageObject\",\"inLanguage\":\"pt-BR\",\"@id\":\"https:\/\/www.oarcanjo.net\/site\/#\/schema\/logo\/image\/\",\"url\":\"https:\/\/www.oarcanjo.net\/site\/wp-content\/uploads\/LogoOArcanjo.png\",\"contentUrl\":\"https:\/\/www.oarcanjo.net\/site\/wp-content\/uploads\/LogoOArcanjo.png\",\"width\":319,\"height\":99,\"caption\":\"Par\u00f3quia S\u00e3o Miguel Arcanjo\"},\"image\":{\"@id\":\"https:\/\/www.oarcanjo.net\/site\/#\/schema\/logo\/image\/\"},\"sameAs\":[\"https:\/\/www.facebook.com\/OArcanjoNoAr\/\"]},{\"@type\":\"Person\",\"@id\":\"https:\/\/www.oarcanjo.net\/site\/#\/schema\/person\/e54a5c62347067e278a5d0cf64f6a6e6\",\"name\":\"mariana\"}]}<\/script>\n<!-- \/ Yoast SEO plugin. -->","yoast_head_json":{"title":"Pedido por um mundo melhor - O Arcanjo no ar","robots":{"index":"index","follow":"follow","max-snippet":"max-snippet:-1","max-image-preview":"max-image-preview:large","max-video-preview":"max-video-preview:-1"},"canonical":"https:\/\/www.oarcanjo.net\/site\/pedido-por-um-mundo-melhor\/","og_locale":"pt_BR","og_type":"article","og_title":"Pedido por um mundo melhor - O Arcanjo no ar","og_description":"Eu pe\u00e7o por favor que as pessoas tomem consci\u00eancia e vejam como nosso mundo est\u00e1 como est\u00e1 cheio de injusti\u00e7as ,de viol\u00eancia ,de maldade por favor n\u00e3o vamos ter mais guerras fiquei t\u00e3o triste de ver\u00a0 um presidente dizendo que pode haver uma guerra j\u00e1 n\u00e3o houve pessoas mortas suficientes\u00a0nas outras guerras ?E querem matar\u00a0mais\u00a0?J\u00e1 [&hellip;]","og_url":"https:\/\/www.oarcanjo.net\/site\/pedido-por-um-mundo-melhor\/","og_site_name":"O Arcanjo no ar","article_publisher":"https:\/\/www.facebook.com\/OArcanjoNoAr\/","article_published_time":"2009-08-11T02:38:58+00:00","article_modified_time":"2009-09-06T16:34:48+00:00","og_image":[{"width":300,"height":300,"url":"https:\/\/www.oarcanjo.net\/site\/wp-content\/uploads\/logo-o-arcanjo-no-ar-facebook.png","type":"image\/png"}],"author":"mariana","twitter_card":"summary_large_image","twitter_misc":{"Escrito por":"mariana","Est. tempo de leitura":"1 minuto"},"schema":{"@context":"https:\/\/schema.org","@graph":[{"@type":"Article","@id":"https:\/\/www.oarcanjo.net\/site\/pedido-por-um-mundo-melhor\/#article","isPartOf":{"@id":"https:\/\/www.oarcanjo.net\/site\/pedido-por-um-mundo-melhor\/"},"author":{"name":"mariana","@id":"https:\/\/www.oarcanjo.net\/site\/#\/schema\/person\/e54a5c62347067e278a5d0cf64f6a6e6"},"headline":"Pedido por um mundo melhor","datePublished":"2009-08-11T02:38:58+00:00","dateModified":"2009-09-06T16:34:48+00:00","mainEntityOfPage":{"@id":"https:\/\/www.oarcanjo.net\/site\/pedido-por-um-mundo-melhor\/"},"wordCount":282,"commentCount":0,"publisher":{"@id":"https:\/\/www.oarcanjo.net\/site\/#organization"},"articleSection":["Jovens"],"inLanguage":"pt-BR","potentialAction":[{"@type":"CommentAction","name":"Comment","target":["https:\/\/www.oarcanjo.net\/site\/pedido-por-um-mundo-melhor\/#respond"]}]},{"@type":"WebPage","@id":"https:\/\/www.oarcanjo.net\/site\/pedido-por-um-mundo-melhor\/","url":"https:\/\/www.oarcanjo.net\/site\/pedido-por-um-mundo-melhor\/","name":"Pedido por um mundo melhor - O Arcanjo no ar","isPartOf":{"@id":"https:\/\/www.oarcanjo.net\/site\/#website"},"datePublished":"2009-08-11T02:38:58+00:00","dateModified":"2009-09-06T16:34:48+00:00","breadcrumb":{"@id":"https:\/\/www.oarcanjo.net\/site\/pedido-por-um-mundo-melhor\/#breadcrumb"},"inLanguage":"pt-BR","potentialAction":[{"@type":"ReadAction","target":["https:\/\/www.oarcanjo.net\/site\/pedido-por-um-mundo-melhor\/"]}]},{"@type":"BreadcrumbList","@id":"https:\/\/www.oarcanjo.net\/site\/pedido-por-um-mundo-melhor\/#breadcrumb","itemListElement":[{"@type":"ListItem","position":1,"name":"In\u00edcio","item":"https:\/\/www.oarcanjo.net\/site\/"},{"@type":"ListItem","position":2,"name":"Pedido por um mundo melhor"}]},{"@type":"WebSite","@id":"https:\/\/www.oarcanjo.net\/site\/#website","url":"https:\/\/www.oarcanjo.net\/site\/","name":"O Arcanjo no ar","description":"Site da Par\u00f3quia S\u00e3o Miguel Arcanjo (Arquidiocese de SP)","publisher":{"@id":"https:\/\/www.oarcanjo.net\/site\/#organization"},"potentialAction":[{"@type":"SearchAction","target":{"@type":"EntryPoint","urlTemplate":"https:\/\/www.oarcanjo.net\/site\/?s={search_term_string}"},"query-input":{"@type":"PropertyValueSpecification","valueRequired":true,"valueName":"search_term_string"}}],"inLanguage":"pt-BR"},{"@type":"Organization","@id":"https:\/\/www.oarcanjo.net\/site\/#organization","name":"Par\u00f3quia S\u00e3o Miguel Arcanjo","url":"https:\/\/www.oarcanjo.net\/site\/","logo":{"@type":"ImageObject","inLanguage":"pt-BR","@id":"https:\/\/www.oarcanjo.net\/site\/#\/schema\/logo\/image\/","url":"https:\/\/www.oarcanjo.net\/site\/wp-content\/uploads\/LogoOArcanjo.png","contentUrl":"https:\/\/www.oarcanjo.net\/site\/wp-content\/uploads\/LogoOArcanjo.png","width":319,"height":99,"caption":"Par\u00f3quia S\u00e3o Miguel Arcanjo"},"image":{"@id":"https:\/\/www.oarcanjo.net\/site\/#\/schema\/logo\/image\/"},"sameAs":["https:\/\/www.facebook.com\/OArcanjoNoAr\/"]},{"@type":"Person","@id":"https:\/\/www.oarcanjo.net\/site\/#\/schema\/person\/e54a5c62347067e278a5d0cf64f6a6e6","name":"mariana"}]}},"publishpress_future_action":{"enabled":false,"date":"2026-05-07 07:53:05","action":"category","newStatus":"draft","terms":[],"taxonomy":"category"},"publishpress_future_workflow_manual_trigger":{"enabledWorkflows":[]},"_links":{"self":[{"href":"https:\/\/www.oarcanjo.net\/site\/wp-json\/wp\/v2\/posts\/4701"}],"collection":[{"href":"https:\/\/www.oarcanjo.net\/site\/wp-json\/wp\/v2\/posts"}],"about":[{"href":"https:\/\/www.oarcanjo.net\/site\/wp-json\/wp\/v2\/types\/post"}],"author":[{"embeddable":true,"href":"https:\/\/www.oarcanjo.net\/site\/wp-json\/wp\/v2\/users\/12"}],"replies":[{"embeddable":true,"href":"https:\/\/www.oarcanjo.net\/site\/wp-json\/wp\/v2\/comments?post=4701"}],"version-history":[{"count":0,"href":"https:\/\/www.oarcanjo.net\/site\/wp-json\/wp\/v2\/posts\/4701\/revisions"}],"wp:attachment":[{"href":"https:\/\/www.oarcanjo.net\/site\/wp-json\/wp\/v2\/media?parent=4701"}],"wp:term":[{"taxonomy":"category","embeddable":true,"href":"https:\/\/www.oarcanjo.net\/site\/wp-json\/wp\/v2\/categories?post=4701"},{"taxonomy":"post_tag","embeddable":true,"href":"https:\/\/www.oarcanjo.net\/site\/wp-json\/wp\/v2\/tags?post=4701"}],"curies":[{"name":"wp","href":"https:\/\/api.w.org\/{rel}","templated":true}]}}