
{"id":4717,"date":"2009-08-12T00:57:26","date_gmt":"2009-08-12T03:57:26","guid":{"rendered":"http:\/\/www.oarcanjo.net\/site\/?p=4717"},"modified":"2009-08-12T00:57:26","modified_gmt":"2009-08-12T03:57:26","slug":"saber-viver","status":"publish","type":"post","link":"https:\/\/www.oarcanjo.net\/site\/saber-viver\/","title":{"rendered":"Saber viver"},"content":{"rendered":"<p>Quantas vezes temos escutado: \u201cO que importa verdadeiramente \u00e9 saber viver\u201d. E, no entanto, n\u00e3o \u00e9 f\u00e1cil de explicar para n\u00f3s o que \u00e9, na verdade, \u201csaber viver\u201d.<\/p>\n<p>Com frequ\u00eancia, a nossa vida \u00e9 corriqueira e mon\u00f3tona. De cor cinza. Mas h\u00e1 momentos em que nossa exist\u00eancia se torna feliz, se transfigura, embora seja fugazmente.<\/p>\n<p>Momentos em que o amor, a ternura, o conv\u00edvio, a solidariedade, o trabalho criador ou a festa, adquirem uma intensidade diferente. Sentimos que estamos vivos. Do fundo do nosso ser, dizemos a n\u00f3s pr\u00f3prios: \u201cisto \u00e9 vida.\u201d<\/p>\n<p>O Evangelho de hoje lembra palavras de Jesus que podem nos deixar um pouco desconcertados: \u201cEm verdade, em verdade vos digo: quem cr\u00ea em mim tem a vida eterna\u201d.<\/p>\n<p>A express\u00e3o \u201cvida eterna\u201d n\u00e3o significa simplesmente uma vida de dura\u00e7\u00e3o ilimitada, mesmo, ap\u00f3s a morte.<\/p>\n<p>Trata-se, antes de mais nada, de uma vida de profundidade e de qualidade nova, uma vida que pertence ao mundo definitivo. Uma vida que n\u00e3o pode ser destru\u00edda por um bacilo nem ser truncada no cruzamento de uma estrada qualquer.<\/p>\n<p>Uma vida plena, que vai al\u00e9m de n\u00f3s mesmos, porque j\u00e1 \u00e9 uma participa\u00e7\u00e3o na pr\u00f3pria vida de Deus.<\/p>\n<p>A tarefa mais apaixonante que todos temos pela frente \u00e9 ver como ser humanos hoje? Como crescer como homens? Os crist\u00e3os acreditam que a maneira mais aut\u00eantica de viver como homens \u00e9 aquela que nasce de uma ades\u00e3o total a Jesus Cristo. \u201cSer crist\u00e3o significa ser homem, n\u00e3o um tipo de homem, mas o homem que Cristo cria em n\u00f3s\u201d<\/p>\n<p>Talvez tenhamos de come\u00e7ar por acreditar que a nossa vida pode ser mais plena e profunda, mais livre e alegre. Talvez devamos ousar viver o amor com mais radicalidade, para descobrir um pouco o que \u00e9 \u201cter vida abundante\u201d. No final, como diz S\u00e3o Jo\u00e3o: \u201cSabemos que passamos da morte \u00e0 vida, quando amamos aos nossos irm\u00e3os.\u201d<\/p>\n<p>Por\u00e9m, n\u00e3o \u00e9 quest\u00e3o de amar porque nos disseram que amassemos, mas porque nos sentimos radicalmente amados. E porque acreditamos cada vez com mais firmeza que \u201cnossa vida est\u00e1 escondida com o Cristo em Deus.\u201d<\/p>\n<p>Certamente, h\u00e1 uma vida, uma plenitude, um dinamismo, uma liberdade, uma ternura, que \u201co mundo n\u00e3o pode dar\u201d. S\u00f3 o descobre quem consegue enraizar sua vida em Jesus Cristo.<\/p>\n<div id=\"themify_builder_content-4717\" data-postid=\"4717\" class=\"themify_builder_content themify_builder_content-4717 themify_builder themify_builder_front\">\n\t<\/div>\n<!-- \/themify_builder_content -->","protected":false},"excerpt":{"rendered":"<p>Quantas vezes temos escutado: \u201cO que importa verdadeiramente \u00e9 saber viver\u201d. E, no entanto, n\u00e3o \u00e9 f\u00e1cil de explicar para n\u00f3s o que \u00e9, na verdade, \u201csaber viver\u201d. Com frequ\u00eancia, a nossa vida \u00e9 corriqueira e mon\u00f3tona. De cor cinza. Mas h\u00e1 momentos em que nossa exist\u00eancia se torna feliz, se transfigura, embora seja fugazmente. [&hellip;]<\/p>\n","protected":false},"author":5,"featured_media":0,"comment_status":"open","ping_status":"open","sticky":false,"template":"","format":"standard","meta":{"ngg_post_thumbnail":0,"footnotes":""},"categories":[9],"tags":[107,981,62],"yoast_head":"<!-- This site is optimized with the Yoast SEO plugin v23.5 - https:\/\/yoast.com\/wordpress\/plugins\/seo\/ -->\n<title>Saber viver - O Arcanjo no ar<\/title>\n<meta name=\"robots\" content=\"index, follow, max-snippet:-1, max-image-preview:large, max-video-preview:-1\" \/>\n<link rel=\"canonical\" href=\"https:\/\/www.oarcanjo.net\/site\/saber-viver\/\" \/>\n<meta property=\"og:locale\" content=\"pt_BR\" \/>\n<meta property=\"og:type\" content=\"article\" \/>\n<meta property=\"og:title\" content=\"Saber viver - O Arcanjo no ar\" \/>\n<meta property=\"og:description\" content=\"Quantas vezes temos escutado: \u201cO que importa verdadeiramente \u00e9 saber viver\u201d. E, no entanto, n\u00e3o \u00e9 f\u00e1cil de explicar para n\u00f3s o que \u00e9, na verdade, \u201csaber viver\u201d. Com frequ\u00eancia, a nossa vida \u00e9 corriqueira e mon\u00f3tona. De cor cinza. Mas h\u00e1 momentos em que nossa exist\u00eancia se torna feliz, se transfigura, embora seja fugazmente. [&hellip;]\" \/>\n<meta property=\"og:url\" content=\"https:\/\/www.oarcanjo.net\/site\/saber-viver\/\" \/>\n<meta property=\"og:site_name\" content=\"O Arcanjo no ar\" \/>\n<meta property=\"article:publisher\" content=\"https:\/\/www.facebook.com\/OArcanjoNoAr\/\" \/>\n<meta property=\"article:published_time\" content=\"2009-08-12T03:57:26+00:00\" \/>\n<meta property=\"og:image\" content=\"https:\/\/www.oarcanjo.net\/site\/wp-content\/uploads\/logo-o-arcanjo-no-ar-facebook.png\" \/>\n\t<meta property=\"og:image:width\" content=\"300\" \/>\n\t<meta property=\"og:image:height\" content=\"300\" \/>\n\t<meta property=\"og:image:type\" content=\"image\/png\" \/>\n<meta name=\"author\" content=\"editor\" \/>\n<meta name=\"twitter:card\" content=\"summary_large_image\" \/>\n<meta name=\"twitter:label1\" content=\"Escrito por\" \/>\n\t<meta name=\"twitter:data1\" content=\"editor\" \/>\n\t<meta name=\"twitter:label2\" content=\"Est. tempo de leitura\" \/>\n\t<meta name=\"twitter:data2\" content=\"2 minutos\" \/>\n<script type=\"application\/ld+json\" class=\"yoast-schema-graph\">{\"@context\":\"https:\/\/schema.org\",\"@graph\":[{\"@type\":\"Article\",\"@id\":\"https:\/\/www.oarcanjo.net\/site\/saber-viver\/#article\",\"isPartOf\":{\"@id\":\"https:\/\/www.oarcanjo.net\/site\/saber-viver\/\"},\"author\":{\"name\":\"editor\",\"@id\":\"https:\/\/www.oarcanjo.net\/site\/#\/schema\/person\/f7024d007863202483a31326673a0838\"},\"headline\":\"Saber viver\",\"datePublished\":\"2009-08-12T03:57:26+00:00\",\"dateModified\":\"2009-08-12T03:57:26+00:00\",\"mainEntityOfPage\":{\"@id\":\"https:\/\/www.oarcanjo.net\/site\/saber-viver\/\"},\"wordCount\":401,\"commentCount\":0,\"publisher\":{\"@id\":\"https:\/\/www.oarcanjo.net\/site\/#organization\"},\"keywords\":[\"amor\",\"crist\u00e3o\",\"vida\"],\"articleSection\":[\"Reflex\u00f5es\"],\"inLanguage\":\"pt-BR\",\"potentialAction\":[{\"@type\":\"CommentAction\",\"name\":\"Comment\",\"target\":[\"https:\/\/www.oarcanjo.net\/site\/saber-viver\/#respond\"]}]},{\"@type\":\"WebPage\",\"@id\":\"https:\/\/www.oarcanjo.net\/site\/saber-viver\/\",\"url\":\"https:\/\/www.oarcanjo.net\/site\/saber-viver\/\",\"name\":\"Saber viver - O Arcanjo no ar\",\"isPartOf\":{\"@id\":\"https:\/\/www.oarcanjo.net\/site\/#website\"},\"datePublished\":\"2009-08-12T03:57:26+00:00\",\"dateModified\":\"2009-08-12T03:57:26+00:00\",\"breadcrumb\":{\"@id\":\"https:\/\/www.oarcanjo.net\/site\/saber-viver\/#breadcrumb\"},\"inLanguage\":\"pt-BR\",\"potentialAction\":[{\"@type\":\"ReadAction\",\"target\":[\"https:\/\/www.oarcanjo.net\/site\/saber-viver\/\"]}]},{\"@type\":\"BreadcrumbList\",\"@id\":\"https:\/\/www.oarcanjo.net\/site\/saber-viver\/#breadcrumb\",\"itemListElement\":[{\"@type\":\"ListItem\",\"position\":1,\"name\":\"In\u00edcio\",\"item\":\"https:\/\/www.oarcanjo.net\/site\/\"},{\"@type\":\"ListItem\",\"position\":2,\"name\":\"Saber viver\"}]},{\"@type\":\"WebSite\",\"@id\":\"https:\/\/www.oarcanjo.net\/site\/#website\",\"url\":\"https:\/\/www.oarcanjo.net\/site\/\",\"name\":\"O Arcanjo no ar\",\"description\":\"Site da Par\u00f3quia S\u00e3o Miguel Arcanjo (Arquidiocese de SP)\",\"publisher\":{\"@id\":\"https:\/\/www.oarcanjo.net\/site\/#organization\"},\"potentialAction\":[{\"@type\":\"SearchAction\",\"target\":{\"@type\":\"EntryPoint\",\"urlTemplate\":\"https:\/\/www.oarcanjo.net\/site\/?s={search_term_string}\"},\"query-input\":{\"@type\":\"PropertyValueSpecification\",\"valueRequired\":true,\"valueName\":\"search_term_string\"}}],\"inLanguage\":\"pt-BR\"},{\"@type\":\"Organization\",\"@id\":\"https:\/\/www.oarcanjo.net\/site\/#organization\",\"name\":\"Par\u00f3quia S\u00e3o Miguel Arcanjo\",\"url\":\"https:\/\/www.oarcanjo.net\/site\/\",\"logo\":{\"@type\":\"ImageObject\",\"inLanguage\":\"pt-BR\",\"@id\":\"https:\/\/www.oarcanjo.net\/site\/#\/schema\/logo\/image\/\",\"url\":\"https:\/\/www.oarcanjo.net\/site\/wp-content\/uploads\/LogoOArcanjo.png\",\"contentUrl\":\"https:\/\/www.oarcanjo.net\/site\/wp-content\/uploads\/LogoOArcanjo.png\",\"width\":319,\"height\":99,\"caption\":\"Par\u00f3quia S\u00e3o Miguel Arcanjo\"},\"image\":{\"@id\":\"https:\/\/www.oarcanjo.net\/site\/#\/schema\/logo\/image\/\"},\"sameAs\":[\"https:\/\/www.facebook.com\/OArcanjoNoAr\/\"]},{\"@type\":\"Person\",\"@id\":\"https:\/\/www.oarcanjo.net\/site\/#\/schema\/person\/f7024d007863202483a31326673a0838\",\"name\":\"editor\",\"sameAs\":[\"http:\/\/www.oarcanjo.net\"]}]}<\/script>\n<!-- \/ Yoast SEO plugin. -->","yoast_head_json":{"title":"Saber viver - O Arcanjo no ar","robots":{"index":"index","follow":"follow","max-snippet":"max-snippet:-1","max-image-preview":"max-image-preview:large","max-video-preview":"max-video-preview:-1"},"canonical":"https:\/\/www.oarcanjo.net\/site\/saber-viver\/","og_locale":"pt_BR","og_type":"article","og_title":"Saber viver - O Arcanjo no ar","og_description":"Quantas vezes temos escutado: \u201cO que importa verdadeiramente \u00e9 saber viver\u201d. E, no entanto, n\u00e3o \u00e9 f\u00e1cil de explicar para n\u00f3s o que \u00e9, na verdade, \u201csaber viver\u201d. Com frequ\u00eancia, a nossa vida \u00e9 corriqueira e mon\u00f3tona. De cor cinza. Mas h\u00e1 momentos em que nossa exist\u00eancia se torna feliz, se transfigura, embora seja fugazmente. [&hellip;]","og_url":"https:\/\/www.oarcanjo.net\/site\/saber-viver\/","og_site_name":"O Arcanjo no ar","article_publisher":"https:\/\/www.facebook.com\/OArcanjoNoAr\/","article_published_time":"2009-08-12T03:57:26+00:00","og_image":[{"width":300,"height":300,"url":"https:\/\/www.oarcanjo.net\/site\/wp-content\/uploads\/logo-o-arcanjo-no-ar-facebook.png","type":"image\/png"}],"author":"editor","twitter_card":"summary_large_image","twitter_misc":{"Escrito por":"editor","Est. tempo de leitura":"2 minutos"},"schema":{"@context":"https:\/\/schema.org","@graph":[{"@type":"Article","@id":"https:\/\/www.oarcanjo.net\/site\/saber-viver\/#article","isPartOf":{"@id":"https:\/\/www.oarcanjo.net\/site\/saber-viver\/"},"author":{"name":"editor","@id":"https:\/\/www.oarcanjo.net\/site\/#\/schema\/person\/f7024d007863202483a31326673a0838"},"headline":"Saber viver","datePublished":"2009-08-12T03:57:26+00:00","dateModified":"2009-08-12T03:57:26+00:00","mainEntityOfPage":{"@id":"https:\/\/www.oarcanjo.net\/site\/saber-viver\/"},"wordCount":401,"commentCount":0,"publisher":{"@id":"https:\/\/www.oarcanjo.net\/site\/#organization"},"keywords":["amor","crist\u00e3o","vida"],"articleSection":["Reflex\u00f5es"],"inLanguage":"pt-BR","potentialAction":[{"@type":"CommentAction","name":"Comment","target":["https:\/\/www.oarcanjo.net\/site\/saber-viver\/#respond"]}]},{"@type":"WebPage","@id":"https:\/\/www.oarcanjo.net\/site\/saber-viver\/","url":"https:\/\/www.oarcanjo.net\/site\/saber-viver\/","name":"Saber viver - O Arcanjo no ar","isPartOf":{"@id":"https:\/\/www.oarcanjo.net\/site\/#website"},"datePublished":"2009-08-12T03:57:26+00:00","dateModified":"2009-08-12T03:57:26+00:00","breadcrumb":{"@id":"https:\/\/www.oarcanjo.net\/site\/saber-viver\/#breadcrumb"},"inLanguage":"pt-BR","potentialAction":[{"@type":"ReadAction","target":["https:\/\/www.oarcanjo.net\/site\/saber-viver\/"]}]},{"@type":"BreadcrumbList","@id":"https:\/\/www.oarcanjo.net\/site\/saber-viver\/#breadcrumb","itemListElement":[{"@type":"ListItem","position":1,"name":"In\u00edcio","item":"https:\/\/www.oarcanjo.net\/site\/"},{"@type":"ListItem","position":2,"name":"Saber viver"}]},{"@type":"WebSite","@id":"https:\/\/www.oarcanjo.net\/site\/#website","url":"https:\/\/www.oarcanjo.net\/site\/","name":"O Arcanjo no ar","description":"Site da Par\u00f3quia S\u00e3o Miguel Arcanjo (Arquidiocese de SP)","publisher":{"@id":"https:\/\/www.oarcanjo.net\/site\/#organization"},"potentialAction":[{"@type":"SearchAction","target":{"@type":"EntryPoint","urlTemplate":"https:\/\/www.oarcanjo.net\/site\/?s={search_term_string}"},"query-input":{"@type":"PropertyValueSpecification","valueRequired":true,"valueName":"search_term_string"}}],"inLanguage":"pt-BR"},{"@type":"Organization","@id":"https:\/\/www.oarcanjo.net\/site\/#organization","name":"Par\u00f3quia S\u00e3o Miguel Arcanjo","url":"https:\/\/www.oarcanjo.net\/site\/","logo":{"@type":"ImageObject","inLanguage":"pt-BR","@id":"https:\/\/www.oarcanjo.net\/site\/#\/schema\/logo\/image\/","url":"https:\/\/www.oarcanjo.net\/site\/wp-content\/uploads\/LogoOArcanjo.png","contentUrl":"https:\/\/www.oarcanjo.net\/site\/wp-content\/uploads\/LogoOArcanjo.png","width":319,"height":99,"caption":"Par\u00f3quia S\u00e3o Miguel Arcanjo"},"image":{"@id":"https:\/\/www.oarcanjo.net\/site\/#\/schema\/logo\/image\/"},"sameAs":["https:\/\/www.facebook.com\/OArcanjoNoAr\/"]},{"@type":"Person","@id":"https:\/\/www.oarcanjo.net\/site\/#\/schema\/person\/f7024d007863202483a31326673a0838","name":"editor","sameAs":["http:\/\/www.oarcanjo.net"]}]}},"publishpress_future_action":{"enabled":false,"date":"2026-05-06 10:39:18","action":"category","newStatus":"draft","terms":[],"taxonomy":"category"},"publishpress_future_workflow_manual_trigger":{"enabledWorkflows":[]},"_links":{"self":[{"href":"https:\/\/www.oarcanjo.net\/site\/wp-json\/wp\/v2\/posts\/4717"}],"collection":[{"href":"https:\/\/www.oarcanjo.net\/site\/wp-json\/wp\/v2\/posts"}],"about":[{"href":"https:\/\/www.oarcanjo.net\/site\/wp-json\/wp\/v2\/types\/post"}],"author":[{"embeddable":true,"href":"https:\/\/www.oarcanjo.net\/site\/wp-json\/wp\/v2\/users\/5"}],"replies":[{"embeddable":true,"href":"https:\/\/www.oarcanjo.net\/site\/wp-json\/wp\/v2\/comments?post=4717"}],"version-history":[{"count":0,"href":"https:\/\/www.oarcanjo.net\/site\/wp-json\/wp\/v2\/posts\/4717\/revisions"}],"wp:attachment":[{"href":"https:\/\/www.oarcanjo.net\/site\/wp-json\/wp\/v2\/media?parent=4717"}],"wp:term":[{"taxonomy":"category","embeddable":true,"href":"https:\/\/www.oarcanjo.net\/site\/wp-json\/wp\/v2\/categories?post=4717"},{"taxonomy":"post_tag","embeddable":true,"href":"https:\/\/www.oarcanjo.net\/site\/wp-json\/wp\/v2\/tags?post=4717"}],"curies":[{"name":"wp","href":"https:\/\/api.w.org\/{rel}","templated":true}]}}