
{"id":4723,"date":"2009-08-13T23:38:05","date_gmt":"2009-08-14T02:38:05","guid":{"rendered":"http:\/\/www.oarcanjo.net\/site\/?p=4723"},"modified":"2009-08-14T07:51:26","modified_gmt":"2009-08-14T10:51:26","slug":"sao-maximiliano-maria-kolbe","status":"publish","type":"post","link":"https:\/\/www.oarcanjo.net\/site\/sao-maximiliano-maria-kolbe\/","title":{"rendered":"S\u00e3o Maximiliano Maria Kolbe !"},"content":{"rendered":"<p>14 de agosto, dia de S\u00e3o Maximiliano Maria Kolbe !<\/p>\n<p>Sempre me causa grande emo\u00e7\u00e3o celebrar o dia de S\u00e3o Maximiliano Kolbe.<\/p>\n<p>Sua vida, voca\u00e7\u00e3o, miss\u00e3o evangelizadora, devo\u00e7\u00e3o \u00e0 Imaculada, generosidade, m\u00e1rtirio, tudo nele fala de DEUS e de sua miseric\u00f3rdia infinita.<\/p>\n<p>S\u00e3o Maximiliano foi beatificado pelo Papa Paulo VI e canonizado por Jo\u00e3o Paulo II, que o declarou patrono destes tempos dif\u00edceis.<\/p>\n<p>O seu pai chamava-se Julio, o que aproximou-me de sua hist\u00f3ria e, tamb\u00e9m, por ter sido ordenado padre em abril. S\u00e3o Maximiliano \u00e9 um gigante de caridade e coragem, sua atitude no campo de concentra\u00e7\u00e3o, aceitando morrer no lugar de outro para salv\u00e1-lo \u00e9 t\u00e3o incomum e inusitada que suscita espanto e admira\u00e7\u00e3o.<\/p>\n<p>Seu gesto foi a nega\u00e7\u00e3o da maldade e da crueldade como JESUS ningu\u00e9m lhe tira a vida ele a d\u00e1 livremente!<\/p>\n<p>Num tempo de ego\u00edsmo e individualismo seu testemunho nos deixa perplexos e nos chama a repensar nossos valores e romper a l\u00f3gica da viol\u00eancia.<\/p>\n<p>S\u00e3o Maximiliano Kolbe ensina-me no sil\u00eancio de tua ora\u00e7\u00e3o<br \/>\na ser sempre fiel seguidor do SENHOR.<br \/>\nroga por n\u00f3s, am\u00e9m!<\/p>\n<p><object classid=\"clsid:d27cdb6e-ae6d-11cf-96b8-444553540000\" width=\"480\" height=\"385\" codebase=\"http:\/\/download.macromedia.com\/pub\/shockwave\/cabs\/flash\/swflash.cab#version=6,0,40,0\"><param name=\"allowFullScreen\" value=\"true\" \/><param name=\"allowscriptaccess\" value=\"always\" \/><param name=\"src\" value=\"http:\/\/www.youtube.com\/v\/vjEv2_hNkNw&amp;hl=pt-br&amp;fs=1&amp;rel=0&amp;color1=0xe1600f&amp;color2=0xfebd01\" \/><param name=\"allowfullscreen\" value=\"true\" \/><embed type=\"application\/x-shockwave-flash\" width=\"480\" height=\"385\" src=\"http:\/\/www.youtube.com\/v\/vjEv2_hNkNw&amp;hl=pt-br&amp;fs=1&amp;rel=0&amp;color1=0xe1600f&amp;color2=0xfebd01\" allowscriptaccess=\"always\" allowfullscreen=\"true\"><\/embed><\/object><\/p>\n<div id=\"themify_builder_content-4723\" data-postid=\"4723\" class=\"themify_builder_content themify_builder_content-4723 themify_builder themify_builder_front\">\n\t<\/div>\n<!-- \/themify_builder_content -->","protected":false},"excerpt":{"rendered":"<p>14 de agosto, dia de S\u00e3o Maximiliano Maria Kolbe ! Sempre me causa grande emo\u00e7\u00e3o celebrar o dia de S\u00e3o Maximiliano Kolbe. Sua vida, voca\u00e7\u00e3o, miss\u00e3o evangelizadora, devo\u00e7\u00e3o \u00e0 Imaculada, generosidade, m\u00e1rtirio, tudo nele fala de DEUS e de sua miseric\u00f3rdia infinita. S\u00e3o Maximiliano foi beatificado pelo Papa Paulo VI e canonizado por Jo\u00e3o Paulo [&hellip;]<\/p>\n","protected":false},"author":4,"featured_media":0,"comment_status":"open","ping_status":"open","sticky":false,"template":"","format":"standard","meta":{"ngg_post_thumbnail":0,"footnotes":""},"categories":[4],"tags":[],"yoast_head":"<!-- This site is optimized with the Yoast SEO plugin v23.5 - https:\/\/yoast.com\/wordpress\/plugins\/seo\/ -->\n<title>S\u00e3o Maximiliano Maria Kolbe ! - O Arcanjo no ar<\/title>\n<meta name=\"robots\" content=\"index, follow, max-snippet:-1, max-image-preview:large, max-video-preview:-1\" \/>\n<link rel=\"canonical\" href=\"https:\/\/www.oarcanjo.net\/site\/sao-maximiliano-maria-kolbe\/\" \/>\n<meta property=\"og:locale\" content=\"pt_BR\" \/>\n<meta property=\"og:type\" content=\"article\" \/>\n<meta property=\"og:title\" content=\"S\u00e3o Maximiliano Maria Kolbe ! - O Arcanjo no ar\" \/>\n<meta property=\"og:description\" content=\"14 de agosto, dia de S\u00e3o Maximiliano Maria Kolbe ! Sempre me causa grande emo\u00e7\u00e3o celebrar o dia de S\u00e3o Maximiliano Kolbe. Sua vida, voca\u00e7\u00e3o, miss\u00e3o evangelizadora, devo\u00e7\u00e3o \u00e0 Imaculada, generosidade, m\u00e1rtirio, tudo nele fala de DEUS e de sua miseric\u00f3rdia infinita. S\u00e3o Maximiliano foi beatificado pelo Papa Paulo VI e canonizado por Jo\u00e3o Paulo [&hellip;]\" \/>\n<meta property=\"og:url\" content=\"https:\/\/www.oarcanjo.net\/site\/sao-maximiliano-maria-kolbe\/\" \/>\n<meta property=\"og:site_name\" content=\"O Arcanjo no ar\" \/>\n<meta property=\"article:publisher\" content=\"https:\/\/www.facebook.com\/OArcanjoNoAr\/\" \/>\n<meta property=\"article:published_time\" content=\"2009-08-14T02:38:05+00:00\" \/>\n<meta property=\"article:modified_time\" content=\"2009-08-14T10:51:26+00:00\" \/>\n<meta property=\"og:image\" content=\"https:\/\/www.oarcanjo.net\/site\/wp-content\/uploads\/logo-o-arcanjo-no-ar-facebook.png\" \/>\n\t<meta property=\"og:image:width\" content=\"300\" \/>\n\t<meta property=\"og:image:height\" content=\"300\" \/>\n\t<meta property=\"og:image:type\" content=\"image\/png\" \/>\n<meta name=\"author\" content=\"julio\" \/>\n<meta name=\"twitter:card\" content=\"summary_large_image\" \/>\n<meta name=\"twitter:label1\" content=\"Escrito por\" \/>\n\t<meta name=\"twitter:data1\" content=\"julio\" \/>\n\t<meta name=\"twitter:label2\" content=\"Est. tempo de leitura\" \/>\n\t<meta name=\"twitter:data2\" content=\"1 minuto\" \/>\n<script type=\"application\/ld+json\" class=\"yoast-schema-graph\">{\"@context\":\"https:\/\/schema.org\",\"@graph\":[{\"@type\":\"Article\",\"@id\":\"https:\/\/www.oarcanjo.net\/site\/sao-maximiliano-maria-kolbe\/#article\",\"isPartOf\":{\"@id\":\"https:\/\/www.oarcanjo.net\/site\/sao-maximiliano-maria-kolbe\/\"},\"author\":{\"name\":\"julio\",\"@id\":\"https:\/\/www.oarcanjo.net\/site\/#\/schema\/person\/d78ea01c648c91e29c364b516767079e\"},\"headline\":\"S\u00e3o Maximiliano Maria Kolbe !\",\"datePublished\":\"2009-08-14T02:38:05+00:00\",\"dateModified\":\"2009-08-14T10:51:26+00:00\",\"mainEntityOfPage\":{\"@id\":\"https:\/\/www.oarcanjo.net\/site\/sao-maximiliano-maria-kolbe\/\"},\"wordCount\":209,\"commentCount\":1,\"publisher\":{\"@id\":\"https:\/\/www.oarcanjo.net\/site\/#organization\"},\"articleSection\":[\"Blog\"],\"inLanguage\":\"pt-BR\",\"potentialAction\":[{\"@type\":\"CommentAction\",\"name\":\"Comment\",\"target\":[\"https:\/\/www.oarcanjo.net\/site\/sao-maximiliano-maria-kolbe\/#respond\"]}]},{\"@type\":\"WebPage\",\"@id\":\"https:\/\/www.oarcanjo.net\/site\/sao-maximiliano-maria-kolbe\/\",\"url\":\"https:\/\/www.oarcanjo.net\/site\/sao-maximiliano-maria-kolbe\/\",\"name\":\"S\u00e3o Maximiliano Maria Kolbe ! - O Arcanjo no ar\",\"isPartOf\":{\"@id\":\"https:\/\/www.oarcanjo.net\/site\/#website\"},\"datePublished\":\"2009-08-14T02:38:05+00:00\",\"dateModified\":\"2009-08-14T10:51:26+00:00\",\"breadcrumb\":{\"@id\":\"https:\/\/www.oarcanjo.net\/site\/sao-maximiliano-maria-kolbe\/#breadcrumb\"},\"inLanguage\":\"pt-BR\",\"potentialAction\":[{\"@type\":\"ReadAction\",\"target\":[\"https:\/\/www.oarcanjo.net\/site\/sao-maximiliano-maria-kolbe\/\"]}]},{\"@type\":\"BreadcrumbList\",\"@id\":\"https:\/\/www.oarcanjo.net\/site\/sao-maximiliano-maria-kolbe\/#breadcrumb\",\"itemListElement\":[{\"@type\":\"ListItem\",\"position\":1,\"name\":\"In\u00edcio\",\"item\":\"https:\/\/www.oarcanjo.net\/site\/\"},{\"@type\":\"ListItem\",\"position\":2,\"name\":\"S\u00e3o Maximiliano Maria Kolbe !\"}]},{\"@type\":\"WebSite\",\"@id\":\"https:\/\/www.oarcanjo.net\/site\/#website\",\"url\":\"https:\/\/www.oarcanjo.net\/site\/\",\"name\":\"O Arcanjo no ar\",\"description\":\"Site da Par\u00f3quia S\u00e3o Miguel Arcanjo (Arquidiocese de SP)\",\"publisher\":{\"@id\":\"https:\/\/www.oarcanjo.net\/site\/#organization\"},\"potentialAction\":[{\"@type\":\"SearchAction\",\"target\":{\"@type\":\"EntryPoint\",\"urlTemplate\":\"https:\/\/www.oarcanjo.net\/site\/?s={search_term_string}\"},\"query-input\":{\"@type\":\"PropertyValueSpecification\",\"valueRequired\":true,\"valueName\":\"search_term_string\"}}],\"inLanguage\":\"pt-BR\"},{\"@type\":\"Organization\",\"@id\":\"https:\/\/www.oarcanjo.net\/site\/#organization\",\"name\":\"Par\u00f3quia S\u00e3o Miguel Arcanjo\",\"url\":\"https:\/\/www.oarcanjo.net\/site\/\",\"logo\":{\"@type\":\"ImageObject\",\"inLanguage\":\"pt-BR\",\"@id\":\"https:\/\/www.oarcanjo.net\/site\/#\/schema\/logo\/image\/\",\"url\":\"https:\/\/www.oarcanjo.net\/site\/wp-content\/uploads\/LogoOArcanjo.png\",\"contentUrl\":\"https:\/\/www.oarcanjo.net\/site\/wp-content\/uploads\/LogoOArcanjo.png\",\"width\":319,\"height\":99,\"caption\":\"Par\u00f3quia S\u00e3o Miguel Arcanjo\"},\"image\":{\"@id\":\"https:\/\/www.oarcanjo.net\/site\/#\/schema\/logo\/image\/\"},\"sameAs\":[\"https:\/\/www.facebook.com\/OArcanjoNoAr\/\"]},{\"@type\":\"Person\",\"@id\":\"https:\/\/www.oarcanjo.net\/site\/#\/schema\/person\/d78ea01c648c91e29c364b516767079e\",\"name\":\"julio\",\"sameAs\":[\"http:\/\/www.oarcanjo.net\"]}]}<\/script>\n<!-- \/ Yoast SEO plugin. -->","yoast_head_json":{"title":"S\u00e3o Maximiliano Maria Kolbe ! - O Arcanjo no ar","robots":{"index":"index","follow":"follow","max-snippet":"max-snippet:-1","max-image-preview":"max-image-preview:large","max-video-preview":"max-video-preview:-1"},"canonical":"https:\/\/www.oarcanjo.net\/site\/sao-maximiliano-maria-kolbe\/","og_locale":"pt_BR","og_type":"article","og_title":"S\u00e3o Maximiliano Maria Kolbe ! - O Arcanjo no ar","og_description":"14 de agosto, dia de S\u00e3o Maximiliano Maria Kolbe ! Sempre me causa grande emo\u00e7\u00e3o celebrar o dia de S\u00e3o Maximiliano Kolbe. Sua vida, voca\u00e7\u00e3o, miss\u00e3o evangelizadora, devo\u00e7\u00e3o \u00e0 Imaculada, generosidade, m\u00e1rtirio, tudo nele fala de DEUS e de sua miseric\u00f3rdia infinita. S\u00e3o Maximiliano foi beatificado pelo Papa Paulo VI e canonizado por Jo\u00e3o Paulo [&hellip;]","og_url":"https:\/\/www.oarcanjo.net\/site\/sao-maximiliano-maria-kolbe\/","og_site_name":"O Arcanjo no ar","article_publisher":"https:\/\/www.facebook.com\/OArcanjoNoAr\/","article_published_time":"2009-08-14T02:38:05+00:00","article_modified_time":"2009-08-14T10:51:26+00:00","og_image":[{"width":300,"height":300,"url":"https:\/\/www.oarcanjo.net\/site\/wp-content\/uploads\/logo-o-arcanjo-no-ar-facebook.png","type":"image\/png"}],"author":"julio","twitter_card":"summary_large_image","twitter_misc":{"Escrito por":"julio","Est. tempo de leitura":"1 minuto"},"schema":{"@context":"https:\/\/schema.org","@graph":[{"@type":"Article","@id":"https:\/\/www.oarcanjo.net\/site\/sao-maximiliano-maria-kolbe\/#article","isPartOf":{"@id":"https:\/\/www.oarcanjo.net\/site\/sao-maximiliano-maria-kolbe\/"},"author":{"name":"julio","@id":"https:\/\/www.oarcanjo.net\/site\/#\/schema\/person\/d78ea01c648c91e29c364b516767079e"},"headline":"S\u00e3o Maximiliano Maria Kolbe !","datePublished":"2009-08-14T02:38:05+00:00","dateModified":"2009-08-14T10:51:26+00:00","mainEntityOfPage":{"@id":"https:\/\/www.oarcanjo.net\/site\/sao-maximiliano-maria-kolbe\/"},"wordCount":209,"commentCount":1,"publisher":{"@id":"https:\/\/www.oarcanjo.net\/site\/#organization"},"articleSection":["Blog"],"inLanguage":"pt-BR","potentialAction":[{"@type":"CommentAction","name":"Comment","target":["https:\/\/www.oarcanjo.net\/site\/sao-maximiliano-maria-kolbe\/#respond"]}]},{"@type":"WebPage","@id":"https:\/\/www.oarcanjo.net\/site\/sao-maximiliano-maria-kolbe\/","url":"https:\/\/www.oarcanjo.net\/site\/sao-maximiliano-maria-kolbe\/","name":"S\u00e3o Maximiliano Maria Kolbe ! - O Arcanjo no ar","isPartOf":{"@id":"https:\/\/www.oarcanjo.net\/site\/#website"},"datePublished":"2009-08-14T02:38:05+00:00","dateModified":"2009-08-14T10:51:26+00:00","breadcrumb":{"@id":"https:\/\/www.oarcanjo.net\/site\/sao-maximiliano-maria-kolbe\/#breadcrumb"},"inLanguage":"pt-BR","potentialAction":[{"@type":"ReadAction","target":["https:\/\/www.oarcanjo.net\/site\/sao-maximiliano-maria-kolbe\/"]}]},{"@type":"BreadcrumbList","@id":"https:\/\/www.oarcanjo.net\/site\/sao-maximiliano-maria-kolbe\/#breadcrumb","itemListElement":[{"@type":"ListItem","position":1,"name":"In\u00edcio","item":"https:\/\/www.oarcanjo.net\/site\/"},{"@type":"ListItem","position":2,"name":"S\u00e3o Maximiliano Maria Kolbe !"}]},{"@type":"WebSite","@id":"https:\/\/www.oarcanjo.net\/site\/#website","url":"https:\/\/www.oarcanjo.net\/site\/","name":"O Arcanjo no ar","description":"Site da Par\u00f3quia S\u00e3o Miguel Arcanjo (Arquidiocese de SP)","publisher":{"@id":"https:\/\/www.oarcanjo.net\/site\/#organization"},"potentialAction":[{"@type":"SearchAction","target":{"@type":"EntryPoint","urlTemplate":"https:\/\/www.oarcanjo.net\/site\/?s={search_term_string}"},"query-input":{"@type":"PropertyValueSpecification","valueRequired":true,"valueName":"search_term_string"}}],"inLanguage":"pt-BR"},{"@type":"Organization","@id":"https:\/\/www.oarcanjo.net\/site\/#organization","name":"Par\u00f3quia S\u00e3o Miguel Arcanjo","url":"https:\/\/www.oarcanjo.net\/site\/","logo":{"@type":"ImageObject","inLanguage":"pt-BR","@id":"https:\/\/www.oarcanjo.net\/site\/#\/schema\/logo\/image\/","url":"https:\/\/www.oarcanjo.net\/site\/wp-content\/uploads\/LogoOArcanjo.png","contentUrl":"https:\/\/www.oarcanjo.net\/site\/wp-content\/uploads\/LogoOArcanjo.png","width":319,"height":99,"caption":"Par\u00f3quia S\u00e3o Miguel Arcanjo"},"image":{"@id":"https:\/\/www.oarcanjo.net\/site\/#\/schema\/logo\/image\/"},"sameAs":["https:\/\/www.facebook.com\/OArcanjoNoAr\/"]},{"@type":"Person","@id":"https:\/\/www.oarcanjo.net\/site\/#\/schema\/person\/d78ea01c648c91e29c364b516767079e","name":"julio","sameAs":["http:\/\/www.oarcanjo.net"]}]}},"publishpress_future_action":{"enabled":false,"date":"2026-05-08 21:00:11","action":"category","newStatus":"draft","terms":[],"taxonomy":"category"},"publishpress_future_workflow_manual_trigger":{"enabledWorkflows":[]},"_links":{"self":[{"href":"https:\/\/www.oarcanjo.net\/site\/wp-json\/wp\/v2\/posts\/4723"}],"collection":[{"href":"https:\/\/www.oarcanjo.net\/site\/wp-json\/wp\/v2\/posts"}],"about":[{"href":"https:\/\/www.oarcanjo.net\/site\/wp-json\/wp\/v2\/types\/post"}],"author":[{"embeddable":true,"href":"https:\/\/www.oarcanjo.net\/site\/wp-json\/wp\/v2\/users\/4"}],"replies":[{"embeddable":true,"href":"https:\/\/www.oarcanjo.net\/site\/wp-json\/wp\/v2\/comments?post=4723"}],"version-history":[{"count":0,"href":"https:\/\/www.oarcanjo.net\/site\/wp-json\/wp\/v2\/posts\/4723\/revisions"}],"wp:attachment":[{"href":"https:\/\/www.oarcanjo.net\/site\/wp-json\/wp\/v2\/media?parent=4723"}],"wp:term":[{"taxonomy":"category","embeddable":true,"href":"https:\/\/www.oarcanjo.net\/site\/wp-json\/wp\/v2\/categories?post=4723"},{"taxonomy":"post_tag","embeddable":true,"href":"https:\/\/www.oarcanjo.net\/site\/wp-json\/wp\/v2\/tags?post=4723"}],"curies":[{"name":"wp","href":"https:\/\/api.w.org\/{rel}","templated":true}]}}