
{"id":4742,"date":"2009-08-15T13:05:16","date_gmt":"2009-08-15T16:05:16","guid":{"rendered":"http:\/\/www.oarcanjo.net\/site\/?p=4742"},"modified":"2009-08-15T13:40:01","modified_gmt":"2009-08-15T16:40:01","slug":"manifesto-contra-a-reducao-da-maioridade-penal","status":"publish","type":"post","link":"https:\/\/www.oarcanjo.net\/site\/manifesto-contra-a-reducao-da-maioridade-penal\/","title":{"rendered":"Manifesto contra a redu\u00e7\u00e3o da maioridade penal"},"content":{"rendered":"<p>A ABMP (Associa\u00e7\u00e3o Brasileira de Magistrados, Promotores de Justi\u00e7a e Defensores P\u00fablicos da Inf\u00e2ncia e Juventude), constitu\u00edda em prol da defesa dos direitos de crian\u00e7as e adolescentes no Brasil, em conson\u00e2ncia aos princ\u00edpios estatu\u00eddos na Conven\u00e7\u00e3o das Na\u00e7\u00f5es Unidas sobre os direitos da crian\u00e7a e aos direitos fundamentais previstos na Constitui\u00e7\u00e3o da Rep\u00fablica, atenta \u00e0 recente aprova\u00e7\u00e3o da proposta de emenda constitucional que autoriza a redu\u00e7\u00e3o da redu\u00e7\u00e3o da idade penal no Brasil vem publicamente reiterar seu posicionamento em defesa da manuten\u00e7\u00e3o da inimputabilidade penal aos menores de 18 anos, tendo em vista o seguinte:<\/p>\n<p>1 &#8211; A responsabilidade penal a partir dos 18 anos de idade est\u00e1 em vigor no Brasil desde 1940 e \u00e9 garantia constitucional consagrada na Carta Magna de 1988, com status de cl\u00e1usula p\u00e9trea, portanto insuscet\u00edvel de modifica\u00e7\u00e3o sem grave afronta \u00e0s conquistas democr\u00e1ticas deste pa\u00eds;<\/p>\n<p>2 &#8211; A responsabilidade penal aos 18 anos \u00e9 op\u00e7\u00e3o de pol\u00edtica criminal adotada pela maioria dos pa\u00edses no mundo, alinhados com os princ\u00edpios estatu\u00eddos na normativa internacional referente aos direitos humanos das crian\u00e7as e adolescentes, que reputa o ser humano, at\u00e9 os 18 anos de idade, como um sujeito em processo de desenvolvimento, devendo receber tratamento diferenciado em rela\u00e7\u00e3o aos adultos e tanto mais tardiamente quanto poss\u00edvel, tendo o Comit\u00ea dos Direitos da Crian\u00e7a, do Alto Comissariado de Direitos Humanos das Na\u00e7\u00f5es Unidas, inclusive defendido que, em vez de reduzir a maioridade penal, dever-se-ia aumentar a idade m\u00ednima de responsabilidade, que \u00e9 das mais baixas no mundo, no Brasil, aos 12 anos de idade;<\/p>\n<p>3 &#8211; Os projetos de lei de cunho repressivo, com previs\u00e3o de aumento de pena &#8211; a exemplo da lei de crimes hediondos &#8211; t\u00eam demonstrado seguidamente na hist\u00f3ria brasileira que a mera repress\u00e3o e encarceramento n\u00e3o garantem seguran\u00e7a nem diminuem \u00edndices de criminalidade, provocando, pelo contr\u00e1rio, incha\u00e7o e inefici\u00eancia do sistema carcer\u00e1rio e incremento do crime organizado;<\/p>\n<p>4 &#8211; \u00c9 flagrante a constata\u00e7\u00e3o de que Uni\u00e3o, Estados e munic\u00edpios t\u00eam negligenciado historicamente na implanta\u00e7\u00e3o dos programas e estruturas necess\u00e1rias para a execu\u00e7\u00e3o das medidas socioeducativas previstas no Estatuto da Crian\u00e7a e do Adolescente (ECA), uma vez que a imensa maioria dos munic\u00edpios ainda n\u00e3o disp\u00f5e de programas de liberdade assistida e presta\u00e7\u00e3o de servi\u00e7os \u00e0 comunidade, devidamente estruturados e dotados de um projeto pedag\u00f3gico consistente;<\/p>\n<p>5 &#8211; A imensa maioria dos munic\u00edpios tampouco disp\u00f5e de pol\u00edticas e programas compreensivos nas \u00e1reas sociais para a promo\u00e7\u00e3o da inclus\u00e3o dos adolescentes em conflito com a lei, tornando-se ainda mais acentuada em rela\u00e7\u00e3o a eles o not\u00f3rio d\u00e9bito das pol\u00edticas sociais p\u00fablicas no Brasil, em todas as esferas, em rela\u00e7\u00e3o ao p\u00fablico infanto-juvenil, estendendo-se esta omiss\u00e3o em rela\u00e7\u00e3o \u00e0s suas fam\u00edlias e comunidades, sem cujo resgate imposs\u00edvel ser\u00e1 o equacionamento da quest\u00e3o da seguran\u00e7a p\u00fablica no pa\u00eds;<\/p>\n<p>6 &#8211; Diversos exemplos existem, contudo, no pa\u00eds a demonstrar que um Sistema articulado, com pol\u00edticas p\u00fablicas voltadas \u00e0 inclus\u00e3o social, podem diminuir a criminalidade sem recurso a pol\u00edticas de maior \u00edndole repressiva ou excludente, como \u00e9 o caso da proposta de redu\u00e7\u00e3o da maioridade penal de adolescentes, sobretudo quando conjugadas com a\u00e7\u00f5es preventivas;<\/p>\n<p>7 &#8211; Qualquer an\u00e1lise equilibrada do contexto acima descrito indicar\u00e1 que eventual altera\u00e7\u00e3o legislativa reduzindo genericamente a idade penal, ao inv\u00e9s de produzir a diminui\u00e7\u00e3o dos \u00edndices de infra\u00e7\u00f5es penais graves cometidas por menores de 18 anos, servir\u00e1 apenas para incluir milhares de adolescentes e jovens &#8211; a grande maioria de periferias pobres e autores de delitos meramente patrimoniais &#8211; em nosso medieval, corrompido, ineficiente e j\u00e1 superlotado sistema carcer\u00e1rio, misturando-os ao conv\u00edvio de criminosos adultos, com todos os efeitos indesej\u00e1veis que esta conviv\u00eancia ir\u00e1 gerar;<\/p>\n<p>8 &#8211; Por outro lado, \u00e9 de todo lament\u00e1vel que o outro lado da moeda, representado pelos impressionantes e crescentes \u00edndices de mortes violentas de jovens entre 15 e 24 anos de idade, no Brasil, ainda n\u00e3o tenha merecido da m\u00eddia, da sociedade em geral e, sobretudo, da classe pol\u00edtica o mesmo sentimento de indigna\u00e7\u00e3o;<\/p>\n<p>Diante de todas as considera\u00e7\u00f5es acima, a ABMP reafirma sua oposi\u00e7\u00e3o a toda e qualquer proposta de redu\u00e7\u00e3o da idade penal no Brasil, bem como das demais propostas legislativas existentes no Congresso Nacional, preconizando a amplia\u00e7\u00e3o dos prazos de cumprimento da medida s\u00f3cioeducativa de interna\u00e7\u00e3o.<\/p>\n<p>Conclamamos os Senadores da Rep\u00fablica a votarem contra esta proposta e colocamo-nos \u00e0 disposi\u00e7\u00e3o para colaborar com o debate equilibrado em prol da elabora\u00e7\u00e3o de pol\u00edticas p\u00fablicas que possam contribuir para a quest\u00e3o da seguran\u00e7a p\u00fablica, respeitando os direitos fundamentais das crian\u00e7as e adolescentes e fazendo com que o Estado Brasileiro honre seus compromissos com as futuras gera\u00e7\u00f5es.<\/p>\n<div id=\"themify_builder_content-4742\" data-postid=\"4742\" class=\"themify_builder_content themify_builder_content-4742 themify_builder themify_builder_front\">\n\t<\/div>\n<!-- \/themify_builder_content -->","protected":false},"excerpt":{"rendered":"<p>A ABMP (Associa\u00e7\u00e3o Brasileira de Magistrados, Promotores de Justi\u00e7a e Defensores P\u00fablicos da Inf\u00e2ncia e Juventude), constitu\u00edda em prol da defesa dos direitos de crian\u00e7as e adolescentes no Brasil, em conson\u00e2ncia aos princ\u00edpios estatu\u00eddos na Conven\u00e7\u00e3o das Na\u00e7\u00f5es Unidas sobre os direitos da crian\u00e7a e aos direitos fundamentais previstos na Constitui\u00e7\u00e3o da Rep\u00fablica, atenta \u00e0 [&hellip;]<\/p>\n","protected":false},"author":5,"featured_media":0,"comment_status":"open","ping_status":"open","sticky":false,"template":"","format":"standard","meta":{"ngg_post_thumbnail":0,"footnotes":""},"categories":[8],"tags":[43,225,548,231,20],"yoast_head":"<!-- This site is optimized with the Yoast SEO plugin v23.5 - https:\/\/yoast.com\/wordpress\/plugins\/seo\/ -->\n<title>Manifesto contra a redu\u00e7\u00e3o da maioridade penal - O Arcanjo no ar<\/title>\n<meta name=\"robots\" content=\"index, follow, max-snippet:-1, max-image-preview:large, max-video-preview:-1\" \/>\n<link rel=\"canonical\" href=\"https:\/\/www.oarcanjo.net\/site\/manifesto-contra-a-reducao-da-maioridade-penal\/\" \/>\n<meta property=\"og:locale\" content=\"pt_BR\" \/>\n<meta property=\"og:type\" content=\"article\" \/>\n<meta property=\"og:title\" content=\"Manifesto contra a redu\u00e7\u00e3o da maioridade penal - O Arcanjo no ar\" \/>\n<meta property=\"og:description\" content=\"A ABMP (Associa\u00e7\u00e3o Brasileira de Magistrados, Promotores de Justi\u00e7a e Defensores P\u00fablicos da Inf\u00e2ncia e Juventude), constitu\u00edda em prol da defesa dos direitos de crian\u00e7as e adolescentes no Brasil, em conson\u00e2ncia aos princ\u00edpios estatu\u00eddos na Conven\u00e7\u00e3o das Na\u00e7\u00f5es Unidas sobre os direitos da crian\u00e7a e aos direitos fundamentais previstos na Constitui\u00e7\u00e3o da Rep\u00fablica, atenta \u00e0 [&hellip;]\" \/>\n<meta property=\"og:url\" content=\"https:\/\/www.oarcanjo.net\/site\/manifesto-contra-a-reducao-da-maioridade-penal\/\" \/>\n<meta property=\"og:site_name\" content=\"O Arcanjo no ar\" \/>\n<meta property=\"article:publisher\" content=\"https:\/\/www.facebook.com\/OArcanjoNoAr\/\" \/>\n<meta property=\"article:published_time\" content=\"2009-08-15T16:05:16+00:00\" \/>\n<meta property=\"article:modified_time\" content=\"2009-08-15T16:40:01+00:00\" \/>\n<meta property=\"og:image\" content=\"https:\/\/www.oarcanjo.net\/site\/wp-content\/uploads\/logo-o-arcanjo-no-ar-facebook.png\" \/>\n\t<meta property=\"og:image:width\" content=\"300\" \/>\n\t<meta property=\"og:image:height\" content=\"300\" \/>\n\t<meta property=\"og:image:type\" content=\"image\/png\" \/>\n<meta name=\"author\" content=\"editor\" \/>\n<meta name=\"twitter:card\" content=\"summary_large_image\" \/>\n<meta name=\"twitter:label1\" content=\"Escrito por\" \/>\n\t<meta name=\"twitter:data1\" content=\"editor\" \/>\n\t<meta name=\"twitter:label2\" content=\"Est. tempo de leitura\" \/>\n\t<meta name=\"twitter:data2\" content=\"4 minutos\" \/>\n<script type=\"application\/ld+json\" class=\"yoast-schema-graph\">{\"@context\":\"https:\/\/schema.org\",\"@graph\":[{\"@type\":\"Article\",\"@id\":\"https:\/\/www.oarcanjo.net\/site\/manifesto-contra-a-reducao-da-maioridade-penal\/#article\",\"isPartOf\":{\"@id\":\"https:\/\/www.oarcanjo.net\/site\/manifesto-contra-a-reducao-da-maioridade-penal\/\"},\"author\":{\"name\":\"editor\",\"@id\":\"https:\/\/www.oarcanjo.net\/site\/#\/schema\/person\/f7024d007863202483a31326673a0838\"},\"headline\":\"Manifesto contra a redu\u00e7\u00e3o da maioridade penal\",\"datePublished\":\"2009-08-15T16:05:16+00:00\",\"dateModified\":\"2009-08-15T16:40:01+00:00\",\"mainEntityOfPage\":{\"@id\":\"https:\/\/www.oarcanjo.net\/site\/manifesto-contra-a-reducao-da-maioridade-penal\/\"},\"wordCount\":855,\"commentCount\":0,\"publisher\":{\"@id\":\"https:\/\/www.oarcanjo.net\/site\/#organization\"},\"keywords\":[\"direitos humanos\",\"juventude\",\"maioridade penal\",\"seguran\u00e7a\",\"viol\u00eancia\"],\"articleSection\":[\"Not\u00edcias\"],\"inLanguage\":\"pt-BR\",\"potentialAction\":[{\"@type\":\"CommentAction\",\"name\":\"Comment\",\"target\":[\"https:\/\/www.oarcanjo.net\/site\/manifesto-contra-a-reducao-da-maioridade-penal\/#respond\"]}]},{\"@type\":\"WebPage\",\"@id\":\"https:\/\/www.oarcanjo.net\/site\/manifesto-contra-a-reducao-da-maioridade-penal\/\",\"url\":\"https:\/\/www.oarcanjo.net\/site\/manifesto-contra-a-reducao-da-maioridade-penal\/\",\"name\":\"Manifesto contra a redu\u00e7\u00e3o da maioridade penal - O Arcanjo no ar\",\"isPartOf\":{\"@id\":\"https:\/\/www.oarcanjo.net\/site\/#website\"},\"datePublished\":\"2009-08-15T16:05:16+00:00\",\"dateModified\":\"2009-08-15T16:40:01+00:00\",\"breadcrumb\":{\"@id\":\"https:\/\/www.oarcanjo.net\/site\/manifesto-contra-a-reducao-da-maioridade-penal\/#breadcrumb\"},\"inLanguage\":\"pt-BR\",\"potentialAction\":[{\"@type\":\"ReadAction\",\"target\":[\"https:\/\/www.oarcanjo.net\/site\/manifesto-contra-a-reducao-da-maioridade-penal\/\"]}]},{\"@type\":\"BreadcrumbList\",\"@id\":\"https:\/\/www.oarcanjo.net\/site\/manifesto-contra-a-reducao-da-maioridade-penal\/#breadcrumb\",\"itemListElement\":[{\"@type\":\"ListItem\",\"position\":1,\"name\":\"In\u00edcio\",\"item\":\"https:\/\/www.oarcanjo.net\/site\/\"},{\"@type\":\"ListItem\",\"position\":2,\"name\":\"Manifesto contra a redu\u00e7\u00e3o da maioridade penal\"}]},{\"@type\":\"WebSite\",\"@id\":\"https:\/\/www.oarcanjo.net\/site\/#website\",\"url\":\"https:\/\/www.oarcanjo.net\/site\/\",\"name\":\"O Arcanjo no ar\",\"description\":\"Site da Par\u00f3quia S\u00e3o Miguel Arcanjo (Arquidiocese de SP)\",\"publisher\":{\"@id\":\"https:\/\/www.oarcanjo.net\/site\/#organization\"},\"potentialAction\":[{\"@type\":\"SearchAction\",\"target\":{\"@type\":\"EntryPoint\",\"urlTemplate\":\"https:\/\/www.oarcanjo.net\/site\/?s={search_term_string}\"},\"query-input\":{\"@type\":\"PropertyValueSpecification\",\"valueRequired\":true,\"valueName\":\"search_term_string\"}}],\"inLanguage\":\"pt-BR\"},{\"@type\":\"Organization\",\"@id\":\"https:\/\/www.oarcanjo.net\/site\/#organization\",\"name\":\"Par\u00f3quia S\u00e3o Miguel Arcanjo\",\"url\":\"https:\/\/www.oarcanjo.net\/site\/\",\"logo\":{\"@type\":\"ImageObject\",\"inLanguage\":\"pt-BR\",\"@id\":\"https:\/\/www.oarcanjo.net\/site\/#\/schema\/logo\/image\/\",\"url\":\"https:\/\/www.oarcanjo.net\/site\/wp-content\/uploads\/LogoOArcanjo.png\",\"contentUrl\":\"https:\/\/www.oarcanjo.net\/site\/wp-content\/uploads\/LogoOArcanjo.png\",\"width\":319,\"height\":99,\"caption\":\"Par\u00f3quia S\u00e3o Miguel Arcanjo\"},\"image\":{\"@id\":\"https:\/\/www.oarcanjo.net\/site\/#\/schema\/logo\/image\/\"},\"sameAs\":[\"https:\/\/www.facebook.com\/OArcanjoNoAr\/\"]},{\"@type\":\"Person\",\"@id\":\"https:\/\/www.oarcanjo.net\/site\/#\/schema\/person\/f7024d007863202483a31326673a0838\",\"name\":\"editor\",\"sameAs\":[\"http:\/\/www.oarcanjo.net\"]}]}<\/script>\n<!-- \/ Yoast SEO plugin. -->","yoast_head_json":{"title":"Manifesto contra a redu\u00e7\u00e3o da maioridade penal - O Arcanjo no ar","robots":{"index":"index","follow":"follow","max-snippet":"max-snippet:-1","max-image-preview":"max-image-preview:large","max-video-preview":"max-video-preview:-1"},"canonical":"https:\/\/www.oarcanjo.net\/site\/manifesto-contra-a-reducao-da-maioridade-penal\/","og_locale":"pt_BR","og_type":"article","og_title":"Manifesto contra a redu\u00e7\u00e3o da maioridade penal - O Arcanjo no ar","og_description":"A ABMP (Associa\u00e7\u00e3o Brasileira de Magistrados, Promotores de Justi\u00e7a e Defensores P\u00fablicos da Inf\u00e2ncia e Juventude), constitu\u00edda em prol da defesa dos direitos de crian\u00e7as e adolescentes no Brasil, em conson\u00e2ncia aos princ\u00edpios estatu\u00eddos na Conven\u00e7\u00e3o das Na\u00e7\u00f5es Unidas sobre os direitos da crian\u00e7a e aos direitos fundamentais previstos na Constitui\u00e7\u00e3o da Rep\u00fablica, atenta \u00e0 [&hellip;]","og_url":"https:\/\/www.oarcanjo.net\/site\/manifesto-contra-a-reducao-da-maioridade-penal\/","og_site_name":"O Arcanjo no ar","article_publisher":"https:\/\/www.facebook.com\/OArcanjoNoAr\/","article_published_time":"2009-08-15T16:05:16+00:00","article_modified_time":"2009-08-15T16:40:01+00:00","og_image":[{"width":300,"height":300,"url":"https:\/\/www.oarcanjo.net\/site\/wp-content\/uploads\/logo-o-arcanjo-no-ar-facebook.png","type":"image\/png"}],"author":"editor","twitter_card":"summary_large_image","twitter_misc":{"Escrito por":"editor","Est. tempo de leitura":"4 minutos"},"schema":{"@context":"https:\/\/schema.org","@graph":[{"@type":"Article","@id":"https:\/\/www.oarcanjo.net\/site\/manifesto-contra-a-reducao-da-maioridade-penal\/#article","isPartOf":{"@id":"https:\/\/www.oarcanjo.net\/site\/manifesto-contra-a-reducao-da-maioridade-penal\/"},"author":{"name":"editor","@id":"https:\/\/www.oarcanjo.net\/site\/#\/schema\/person\/f7024d007863202483a31326673a0838"},"headline":"Manifesto contra a redu\u00e7\u00e3o da maioridade penal","datePublished":"2009-08-15T16:05:16+00:00","dateModified":"2009-08-15T16:40:01+00:00","mainEntityOfPage":{"@id":"https:\/\/www.oarcanjo.net\/site\/manifesto-contra-a-reducao-da-maioridade-penal\/"},"wordCount":855,"commentCount":0,"publisher":{"@id":"https:\/\/www.oarcanjo.net\/site\/#organization"},"keywords":["direitos humanos","juventude","maioridade penal","seguran\u00e7a","viol\u00eancia"],"articleSection":["Not\u00edcias"],"inLanguage":"pt-BR","potentialAction":[{"@type":"CommentAction","name":"Comment","target":["https:\/\/www.oarcanjo.net\/site\/manifesto-contra-a-reducao-da-maioridade-penal\/#respond"]}]},{"@type":"WebPage","@id":"https:\/\/www.oarcanjo.net\/site\/manifesto-contra-a-reducao-da-maioridade-penal\/","url":"https:\/\/www.oarcanjo.net\/site\/manifesto-contra-a-reducao-da-maioridade-penal\/","name":"Manifesto contra a redu\u00e7\u00e3o da maioridade penal - O Arcanjo no ar","isPartOf":{"@id":"https:\/\/www.oarcanjo.net\/site\/#website"},"datePublished":"2009-08-15T16:05:16+00:00","dateModified":"2009-08-15T16:40:01+00:00","breadcrumb":{"@id":"https:\/\/www.oarcanjo.net\/site\/manifesto-contra-a-reducao-da-maioridade-penal\/#breadcrumb"},"inLanguage":"pt-BR","potentialAction":[{"@type":"ReadAction","target":["https:\/\/www.oarcanjo.net\/site\/manifesto-contra-a-reducao-da-maioridade-penal\/"]}]},{"@type":"BreadcrumbList","@id":"https:\/\/www.oarcanjo.net\/site\/manifesto-contra-a-reducao-da-maioridade-penal\/#breadcrumb","itemListElement":[{"@type":"ListItem","position":1,"name":"In\u00edcio","item":"https:\/\/www.oarcanjo.net\/site\/"},{"@type":"ListItem","position":2,"name":"Manifesto contra a redu\u00e7\u00e3o da maioridade penal"}]},{"@type":"WebSite","@id":"https:\/\/www.oarcanjo.net\/site\/#website","url":"https:\/\/www.oarcanjo.net\/site\/","name":"O Arcanjo no ar","description":"Site da Par\u00f3quia S\u00e3o Miguel Arcanjo (Arquidiocese de SP)","publisher":{"@id":"https:\/\/www.oarcanjo.net\/site\/#organization"},"potentialAction":[{"@type":"SearchAction","target":{"@type":"EntryPoint","urlTemplate":"https:\/\/www.oarcanjo.net\/site\/?s={search_term_string}"},"query-input":{"@type":"PropertyValueSpecification","valueRequired":true,"valueName":"search_term_string"}}],"inLanguage":"pt-BR"},{"@type":"Organization","@id":"https:\/\/www.oarcanjo.net\/site\/#organization","name":"Par\u00f3quia S\u00e3o Miguel Arcanjo","url":"https:\/\/www.oarcanjo.net\/site\/","logo":{"@type":"ImageObject","inLanguage":"pt-BR","@id":"https:\/\/www.oarcanjo.net\/site\/#\/schema\/logo\/image\/","url":"https:\/\/www.oarcanjo.net\/site\/wp-content\/uploads\/LogoOArcanjo.png","contentUrl":"https:\/\/www.oarcanjo.net\/site\/wp-content\/uploads\/LogoOArcanjo.png","width":319,"height":99,"caption":"Par\u00f3quia S\u00e3o Miguel Arcanjo"},"image":{"@id":"https:\/\/www.oarcanjo.net\/site\/#\/schema\/logo\/image\/"},"sameAs":["https:\/\/www.facebook.com\/OArcanjoNoAr\/"]},{"@type":"Person","@id":"https:\/\/www.oarcanjo.net\/site\/#\/schema\/person\/f7024d007863202483a31326673a0838","name":"editor","sameAs":["http:\/\/www.oarcanjo.net"]}]}},"publishpress_future_action":{"enabled":false,"date":"2026-05-09 04:32:19","action":"category","newStatus":"draft","terms":[],"taxonomy":"category"},"publishpress_future_workflow_manual_trigger":{"enabledWorkflows":[]},"_links":{"self":[{"href":"https:\/\/www.oarcanjo.net\/site\/wp-json\/wp\/v2\/posts\/4742"}],"collection":[{"href":"https:\/\/www.oarcanjo.net\/site\/wp-json\/wp\/v2\/posts"}],"about":[{"href":"https:\/\/www.oarcanjo.net\/site\/wp-json\/wp\/v2\/types\/post"}],"author":[{"embeddable":true,"href":"https:\/\/www.oarcanjo.net\/site\/wp-json\/wp\/v2\/users\/5"}],"replies":[{"embeddable":true,"href":"https:\/\/www.oarcanjo.net\/site\/wp-json\/wp\/v2\/comments?post=4742"}],"version-history":[{"count":0,"href":"https:\/\/www.oarcanjo.net\/site\/wp-json\/wp\/v2\/posts\/4742\/revisions"}],"wp:attachment":[{"href":"https:\/\/www.oarcanjo.net\/site\/wp-json\/wp\/v2\/media?parent=4742"}],"wp:term":[{"taxonomy":"category","embeddable":true,"href":"https:\/\/www.oarcanjo.net\/site\/wp-json\/wp\/v2\/categories?post=4742"},{"taxonomy":"post_tag","embeddable":true,"href":"https:\/\/www.oarcanjo.net\/site\/wp-json\/wp\/v2\/tags?post=4742"}],"curies":[{"name":"wp","href":"https:\/\/api.w.org\/{rel}","templated":true}]}}