
{"id":4745,"date":"2009-08-15T08:48:50","date_gmt":"2009-08-15T11:48:50","guid":{"rendered":"http:\/\/www.oarcanjo.net\/site\/?p=4745"},"modified":"2009-08-17T09:49:09","modified_gmt":"2009-08-17T12:49:09","slug":"a-glorificacao-de-maria","status":"publish","type":"post","link":"https:\/\/www.oarcanjo.net\/site\/a-glorificacao-de-maria\/","title":{"rendered":"A Glorifica\u00e7\u00e3o de MARIA !"},"content":{"rendered":"<p><video style=\"width: 100%; height: auto; aspect-ratio: 480\/334; border: none; overflow: hidden;\" controls>\n                <source src=\"mms:\/\/mms.bizmedia.com.br\/bizmedia\/Homilia20090816-final.wmv\" type=\"video\/x-ms-wmv\">\n                <source src=\"mms:\/\/mms.bizmedia.com.br\/bizmedia\/Homilia20090816-final.wmv\" type=\"video\/wmv\">\n                Your browser does not support the video tag.\n            <\/video><\/p>\n<p>A solenidade da ASSUN\u00c7\u00c3O de Nossa Senhora \u00e9 a esperan\u00e7a dos pequenos e enfraquecidos que pela l\u00f3gica deste mundo n\u00e3o contam , mas que pelo mist\u00e9rio de DEUS s\u00e3o glorificados\u00a0 na hist\u00f3ria.<\/p>\n<p>DEUS realiza a esperan\u00e7a dos enfraquecidos e desvalidos que n\u00e3o deixam de confiar que dia ap\u00f3s dia construimos resistencia defendendo a VIDA onde est\u00e1 amea\u00e7ada .<\/p>\n<p>A glorifica\u00e7\u00e3o de MARIA nos faz\u00a0acreditar que \u00e9 preciso perseverar , n\u00e3o desanimar , continuar ao lado daqueles que parecem derrotados pela injusti\u00e7a e maldade que teima em usar da for\u00e7a e do poder para dominar e explorar os fracos e os que n\u00e3o s\u00e3o capazes de reagir .<\/p>\n<p>MARIA nossa M\u00c3E , glorificada , ASSUNTA aos c\u00e9u \u00e9 nossa esperan\u00e7a e animo , com ELA queremos caminhar no seguimento , no discipulado de JESUS .<\/p>\n<p>MARIA , NOSSA SENHORA da GL\u00d3RIA , mostra que o caminho de DEUS na hist\u00f3ria \u00e9 o contr\u00e1rio da acumula\u00e7\u00e3o , da explora\u00e7\u00e3o , e do exerc\u00edcio do poder como domina\u00e7\u00e3o . A Glorifica\u00e7\u00e3o de MARIA vem pelo servi\u00e7o e fidelidade ao PAI .<\/p>\n<p>MARIA esposa o ESPIR\u00cdTO SANTO para que JESUS o CRISTO se torne presente na hist\u00f3ria como a miseric\u00f3rdia do PAI !<\/p>\n<p>MARIA nos inspira a reconhecer no Cordeiro e n\u00e3o no drag\u00e3o a vit\u00f3ria dos que amam e acreditam na for\u00e7a das comunidades na constru\u00e7\u00e3o do mundo novo que ser\u00e1 gestado na hist\u00f3ria de quem acredita\u00a0 no BEM e n\u00e3o desanima .<\/p>\n<p>Nossa Senhora da Assun\u00e7\u00e3o !<\/p>\n<p>Nossa Senhora da Gl\u00f3ria !<\/p>\n<p>rogai , rogai por n\u00f3s que recorremos a v\u00f3s !<\/p>\n<p><object classid=\"clsid:d27cdb6e-ae6d-11cf-96b8-444553540000\" width=\"425\" height=\"344\" codebase=\"http:\/\/download.macromedia.com\/pub\/shockwave\/cabs\/flash\/swflash.cab#version=6,0,40,0\"><param name=\"allowFullScreen\" value=\"true\" \/><param name=\"allowscriptaccess\" value=\"always\" \/><param name=\"src\" value=\"http:\/\/www.youtube.com\/v\/U_IngZBTR1o&amp;hl=pt-br&amp;fs=1&amp;rel=0&amp;color1=0xe1600f&amp;color2=0xfebd01\" \/><param name=\"allowfullscreen\" value=\"true\" \/><embed type=\"application\/x-shockwave-flash\" width=\"425\" height=\"344\" src=\"http:\/\/www.youtube.com\/v\/U_IngZBTR1o&amp;hl=pt-br&amp;fs=1&amp;rel=0&amp;color1=0xe1600f&amp;color2=0xfebd01\" allowscriptaccess=\"always\" allowfullscreen=\"true\"><\/embed><\/object><\/p>\n<div id=\"themify_builder_content-4745\" data-postid=\"4745\" class=\"themify_builder_content themify_builder_content-4745 themify_builder themify_builder_front\">\n\t<\/div>\n<!-- \/themify_builder_content -->","protected":false},"excerpt":{"rendered":"<p>Your browser does not support the video tag. A solenidade da ASSUN\u00c7\u00c3O de Nossa Senhora \u00e9 a esperan\u00e7a dos pequenos e enfraquecidos que pela l\u00f3gica deste mundo n\u00e3o contam , mas que pelo mist\u00e9rio de DEUS s\u00e3o glorificados\u00a0 na hist\u00f3ria. DEUS realiza a esperan\u00e7a dos enfraquecidos e desvalidos que n\u00e3o deixam de confiar que dia [&hellip;]<\/p>\n","protected":false},"author":4,"featured_media":0,"comment_status":"open","ping_status":"open","sticky":false,"template":"","format":"standard","meta":{"ngg_post_thumbnail":0,"footnotes":""},"categories":[4,475],"tags":[349,46],"yoast_head":"<!-- This site is optimized with the Yoast SEO plugin v23.5 - https:\/\/yoast.com\/wordpress\/plugins\/seo\/ -->\n<title>A Glorifica\u00e7\u00e3o de MARIA ! - O Arcanjo no ar<\/title>\n<meta name=\"robots\" content=\"index, follow, max-snippet:-1, max-image-preview:large, max-video-preview:-1\" \/>\n<link rel=\"canonical\" href=\"https:\/\/www.oarcanjo.net\/site\/a-glorificacao-de-maria\/\" \/>\n<meta property=\"og:locale\" content=\"pt_BR\" \/>\n<meta property=\"og:type\" content=\"article\" \/>\n<meta property=\"og:title\" content=\"A Glorifica\u00e7\u00e3o de MARIA ! - O Arcanjo no ar\" \/>\n<meta property=\"og:description\" content=\"Your browser does not support the video tag. A solenidade da ASSUN\u00c7\u00c3O de Nossa Senhora \u00e9 a esperan\u00e7a dos pequenos e enfraquecidos que pela l\u00f3gica deste mundo n\u00e3o contam , mas que pelo mist\u00e9rio de DEUS s\u00e3o glorificados\u00a0 na hist\u00f3ria. DEUS realiza a esperan\u00e7a dos enfraquecidos e desvalidos que n\u00e3o deixam de confiar que dia [&hellip;]\" \/>\n<meta property=\"og:url\" content=\"https:\/\/www.oarcanjo.net\/site\/a-glorificacao-de-maria\/\" \/>\n<meta property=\"og:site_name\" content=\"O Arcanjo no ar\" \/>\n<meta property=\"article:publisher\" content=\"https:\/\/www.facebook.com\/OArcanjoNoAr\/\" \/>\n<meta property=\"article:published_time\" content=\"2009-08-15T11:48:50+00:00\" \/>\n<meta property=\"article:modified_time\" content=\"2009-08-17T12:49:09+00:00\" \/>\n<meta property=\"og:image\" content=\"https:\/\/www.oarcanjo.net\/site\/wp-content\/uploads\/logo-o-arcanjo-no-ar-facebook.png\" \/>\n\t<meta property=\"og:image:width\" content=\"300\" \/>\n\t<meta property=\"og:image:height\" content=\"300\" \/>\n\t<meta property=\"og:image:type\" content=\"image\/png\" \/>\n<meta name=\"author\" content=\"julio\" \/>\n<meta name=\"twitter:card\" content=\"summary_large_image\" \/>\n<meta name=\"twitter:label1\" content=\"Escrito por\" \/>\n\t<meta name=\"twitter:data1\" content=\"julio\" \/>\n\t<meta name=\"twitter:label2\" content=\"Est. tempo de leitura\" \/>\n\t<meta name=\"twitter:data2\" content=\"1 minuto\" \/>\n<script type=\"application\/ld+json\" class=\"yoast-schema-graph\">{\"@context\":\"https:\/\/schema.org\",\"@graph\":[{\"@type\":\"Article\",\"@id\":\"https:\/\/www.oarcanjo.net\/site\/a-glorificacao-de-maria\/#article\",\"isPartOf\":{\"@id\":\"https:\/\/www.oarcanjo.net\/site\/a-glorificacao-de-maria\/\"},\"author\":{\"name\":\"julio\",\"@id\":\"https:\/\/www.oarcanjo.net\/site\/#\/schema\/person\/d78ea01c648c91e29c364b516767079e\"},\"headline\":\"A Glorifica\u00e7\u00e3o de MARIA !\",\"datePublished\":\"2009-08-15T11:48:50+00:00\",\"dateModified\":\"2009-08-17T12:49:09+00:00\",\"mainEntityOfPage\":{\"@id\":\"https:\/\/www.oarcanjo.net\/site\/a-glorificacao-de-maria\/\"},\"wordCount\":294,\"commentCount\":16,\"publisher\":{\"@id\":\"https:\/\/www.oarcanjo.net\/site\/#organization\"},\"keywords\":[\"Maria\",\"nossa senhora\"],\"articleSection\":[\"Blog\",\"Homilias\"],\"inLanguage\":\"pt-BR\",\"potentialAction\":[{\"@type\":\"CommentAction\",\"name\":\"Comment\",\"target\":[\"https:\/\/www.oarcanjo.net\/site\/a-glorificacao-de-maria\/#respond\"]}]},{\"@type\":\"WebPage\",\"@id\":\"https:\/\/www.oarcanjo.net\/site\/a-glorificacao-de-maria\/\",\"url\":\"https:\/\/www.oarcanjo.net\/site\/a-glorificacao-de-maria\/\",\"name\":\"A Glorifica\u00e7\u00e3o de MARIA ! - O Arcanjo no ar\",\"isPartOf\":{\"@id\":\"https:\/\/www.oarcanjo.net\/site\/#website\"},\"datePublished\":\"2009-08-15T11:48:50+00:00\",\"dateModified\":\"2009-08-17T12:49:09+00:00\",\"breadcrumb\":{\"@id\":\"https:\/\/www.oarcanjo.net\/site\/a-glorificacao-de-maria\/#breadcrumb\"},\"inLanguage\":\"pt-BR\",\"potentialAction\":[{\"@type\":\"ReadAction\",\"target\":[\"https:\/\/www.oarcanjo.net\/site\/a-glorificacao-de-maria\/\"]}]},{\"@type\":\"BreadcrumbList\",\"@id\":\"https:\/\/www.oarcanjo.net\/site\/a-glorificacao-de-maria\/#breadcrumb\",\"itemListElement\":[{\"@type\":\"ListItem\",\"position\":1,\"name\":\"In\u00edcio\",\"item\":\"https:\/\/www.oarcanjo.net\/site\/\"},{\"@type\":\"ListItem\",\"position\":2,\"name\":\"A Glorifica\u00e7\u00e3o de MARIA !\"}]},{\"@type\":\"WebSite\",\"@id\":\"https:\/\/www.oarcanjo.net\/site\/#website\",\"url\":\"https:\/\/www.oarcanjo.net\/site\/\",\"name\":\"O Arcanjo no ar\",\"description\":\"Site da Par\u00f3quia S\u00e3o Miguel Arcanjo (Arquidiocese de SP)\",\"publisher\":{\"@id\":\"https:\/\/www.oarcanjo.net\/site\/#organization\"},\"potentialAction\":[{\"@type\":\"SearchAction\",\"target\":{\"@type\":\"EntryPoint\",\"urlTemplate\":\"https:\/\/www.oarcanjo.net\/site\/?s={search_term_string}\"},\"query-input\":{\"@type\":\"PropertyValueSpecification\",\"valueRequired\":true,\"valueName\":\"search_term_string\"}}],\"inLanguage\":\"pt-BR\"},{\"@type\":\"Organization\",\"@id\":\"https:\/\/www.oarcanjo.net\/site\/#organization\",\"name\":\"Par\u00f3quia S\u00e3o Miguel Arcanjo\",\"url\":\"https:\/\/www.oarcanjo.net\/site\/\",\"logo\":{\"@type\":\"ImageObject\",\"inLanguage\":\"pt-BR\",\"@id\":\"https:\/\/www.oarcanjo.net\/site\/#\/schema\/logo\/image\/\",\"url\":\"https:\/\/www.oarcanjo.net\/site\/wp-content\/uploads\/LogoOArcanjo.png\",\"contentUrl\":\"https:\/\/www.oarcanjo.net\/site\/wp-content\/uploads\/LogoOArcanjo.png\",\"width\":319,\"height\":99,\"caption\":\"Par\u00f3quia S\u00e3o Miguel Arcanjo\"},\"image\":{\"@id\":\"https:\/\/www.oarcanjo.net\/site\/#\/schema\/logo\/image\/\"},\"sameAs\":[\"https:\/\/www.facebook.com\/OArcanjoNoAr\/\"]},{\"@type\":\"Person\",\"@id\":\"https:\/\/www.oarcanjo.net\/site\/#\/schema\/person\/d78ea01c648c91e29c364b516767079e\",\"name\":\"julio\",\"sameAs\":[\"http:\/\/www.oarcanjo.net\"]}]}<\/script>\n<!-- \/ Yoast SEO plugin. -->","yoast_head_json":{"title":"A Glorifica\u00e7\u00e3o de MARIA ! - O Arcanjo no ar","robots":{"index":"index","follow":"follow","max-snippet":"max-snippet:-1","max-image-preview":"max-image-preview:large","max-video-preview":"max-video-preview:-1"},"canonical":"https:\/\/www.oarcanjo.net\/site\/a-glorificacao-de-maria\/","og_locale":"pt_BR","og_type":"article","og_title":"A Glorifica\u00e7\u00e3o de MARIA ! - O Arcanjo no ar","og_description":"Your browser does not support the video tag. A solenidade da ASSUN\u00c7\u00c3O de Nossa Senhora \u00e9 a esperan\u00e7a dos pequenos e enfraquecidos que pela l\u00f3gica deste mundo n\u00e3o contam , mas que pelo mist\u00e9rio de DEUS s\u00e3o glorificados\u00a0 na hist\u00f3ria. DEUS realiza a esperan\u00e7a dos enfraquecidos e desvalidos que n\u00e3o deixam de confiar que dia [&hellip;]","og_url":"https:\/\/www.oarcanjo.net\/site\/a-glorificacao-de-maria\/","og_site_name":"O Arcanjo no ar","article_publisher":"https:\/\/www.facebook.com\/OArcanjoNoAr\/","article_published_time":"2009-08-15T11:48:50+00:00","article_modified_time":"2009-08-17T12:49:09+00:00","og_image":[{"width":300,"height":300,"url":"https:\/\/www.oarcanjo.net\/site\/wp-content\/uploads\/logo-o-arcanjo-no-ar-facebook.png","type":"image\/png"}],"author":"julio","twitter_card":"summary_large_image","twitter_misc":{"Escrito por":"julio","Est. tempo de leitura":"1 minuto"},"schema":{"@context":"https:\/\/schema.org","@graph":[{"@type":"Article","@id":"https:\/\/www.oarcanjo.net\/site\/a-glorificacao-de-maria\/#article","isPartOf":{"@id":"https:\/\/www.oarcanjo.net\/site\/a-glorificacao-de-maria\/"},"author":{"name":"julio","@id":"https:\/\/www.oarcanjo.net\/site\/#\/schema\/person\/d78ea01c648c91e29c364b516767079e"},"headline":"A Glorifica\u00e7\u00e3o de MARIA !","datePublished":"2009-08-15T11:48:50+00:00","dateModified":"2009-08-17T12:49:09+00:00","mainEntityOfPage":{"@id":"https:\/\/www.oarcanjo.net\/site\/a-glorificacao-de-maria\/"},"wordCount":294,"commentCount":16,"publisher":{"@id":"https:\/\/www.oarcanjo.net\/site\/#organization"},"keywords":["Maria","nossa senhora"],"articleSection":["Blog","Homilias"],"inLanguage":"pt-BR","potentialAction":[{"@type":"CommentAction","name":"Comment","target":["https:\/\/www.oarcanjo.net\/site\/a-glorificacao-de-maria\/#respond"]}]},{"@type":"WebPage","@id":"https:\/\/www.oarcanjo.net\/site\/a-glorificacao-de-maria\/","url":"https:\/\/www.oarcanjo.net\/site\/a-glorificacao-de-maria\/","name":"A Glorifica\u00e7\u00e3o de MARIA ! - O Arcanjo no ar","isPartOf":{"@id":"https:\/\/www.oarcanjo.net\/site\/#website"},"datePublished":"2009-08-15T11:48:50+00:00","dateModified":"2009-08-17T12:49:09+00:00","breadcrumb":{"@id":"https:\/\/www.oarcanjo.net\/site\/a-glorificacao-de-maria\/#breadcrumb"},"inLanguage":"pt-BR","potentialAction":[{"@type":"ReadAction","target":["https:\/\/www.oarcanjo.net\/site\/a-glorificacao-de-maria\/"]}]},{"@type":"BreadcrumbList","@id":"https:\/\/www.oarcanjo.net\/site\/a-glorificacao-de-maria\/#breadcrumb","itemListElement":[{"@type":"ListItem","position":1,"name":"In\u00edcio","item":"https:\/\/www.oarcanjo.net\/site\/"},{"@type":"ListItem","position":2,"name":"A Glorifica\u00e7\u00e3o de MARIA !"}]},{"@type":"WebSite","@id":"https:\/\/www.oarcanjo.net\/site\/#website","url":"https:\/\/www.oarcanjo.net\/site\/","name":"O Arcanjo no ar","description":"Site da Par\u00f3quia S\u00e3o Miguel Arcanjo (Arquidiocese de SP)","publisher":{"@id":"https:\/\/www.oarcanjo.net\/site\/#organization"},"potentialAction":[{"@type":"SearchAction","target":{"@type":"EntryPoint","urlTemplate":"https:\/\/www.oarcanjo.net\/site\/?s={search_term_string}"},"query-input":{"@type":"PropertyValueSpecification","valueRequired":true,"valueName":"search_term_string"}}],"inLanguage":"pt-BR"},{"@type":"Organization","@id":"https:\/\/www.oarcanjo.net\/site\/#organization","name":"Par\u00f3quia S\u00e3o Miguel Arcanjo","url":"https:\/\/www.oarcanjo.net\/site\/","logo":{"@type":"ImageObject","inLanguage":"pt-BR","@id":"https:\/\/www.oarcanjo.net\/site\/#\/schema\/logo\/image\/","url":"https:\/\/www.oarcanjo.net\/site\/wp-content\/uploads\/LogoOArcanjo.png","contentUrl":"https:\/\/www.oarcanjo.net\/site\/wp-content\/uploads\/LogoOArcanjo.png","width":319,"height":99,"caption":"Par\u00f3quia S\u00e3o Miguel Arcanjo"},"image":{"@id":"https:\/\/www.oarcanjo.net\/site\/#\/schema\/logo\/image\/"},"sameAs":["https:\/\/www.facebook.com\/OArcanjoNoAr\/"]},{"@type":"Person","@id":"https:\/\/www.oarcanjo.net\/site\/#\/schema\/person\/d78ea01c648c91e29c364b516767079e","name":"julio","sameAs":["http:\/\/www.oarcanjo.net"]}]}},"publishpress_future_action":{"enabled":false,"date":"2026-05-08 22:29:24","action":"category","newStatus":"draft","terms":[],"taxonomy":"category"},"publishpress_future_workflow_manual_trigger":{"enabledWorkflows":[]},"_links":{"self":[{"href":"https:\/\/www.oarcanjo.net\/site\/wp-json\/wp\/v2\/posts\/4745"}],"collection":[{"href":"https:\/\/www.oarcanjo.net\/site\/wp-json\/wp\/v2\/posts"}],"about":[{"href":"https:\/\/www.oarcanjo.net\/site\/wp-json\/wp\/v2\/types\/post"}],"author":[{"embeddable":true,"href":"https:\/\/www.oarcanjo.net\/site\/wp-json\/wp\/v2\/users\/4"}],"replies":[{"embeddable":true,"href":"https:\/\/www.oarcanjo.net\/site\/wp-json\/wp\/v2\/comments?post=4745"}],"version-history":[{"count":0,"href":"https:\/\/www.oarcanjo.net\/site\/wp-json\/wp\/v2\/posts\/4745\/revisions"}],"wp:attachment":[{"href":"https:\/\/www.oarcanjo.net\/site\/wp-json\/wp\/v2\/media?parent=4745"}],"wp:term":[{"taxonomy":"category","embeddable":true,"href":"https:\/\/www.oarcanjo.net\/site\/wp-json\/wp\/v2\/categories?post=4745"},{"taxonomy":"post_tag","embeddable":true,"href":"https:\/\/www.oarcanjo.net\/site\/wp-json\/wp\/v2\/tags?post=4745"}],"curies":[{"name":"wp","href":"https:\/\/api.w.org\/{rel}","templated":true}]}}