
{"id":4761,"date":"2009-08-16T14:00:06","date_gmt":"2009-08-16T17:00:06","guid":{"rendered":"http:\/\/www.oarcanjo.net\/site\/?p=4761"},"modified":"2009-08-16T15:20:30","modified_gmt":"2009-08-16T18:20:30","slug":"igreja-forma-grupo-de-pastoral-da-ecologia","status":"publish","type":"post","link":"https:\/\/www.oarcanjo.net\/site\/igreja-forma-grupo-de-pastoral-da-ecologia\/","title":{"rendered":"Igreja forma grupo de Pastoral da Ecologia"},"content":{"rendered":"<p>Voc\u00ea est\u00e1 convidado(a) a participar da Pastoral da Ecologia da igreja S\u00e3o Miguel Arcanjo. A primeira atividade do grupo ser\u00e1 o Semin\u00e1rio promovido pela Regi\u00e3o Bel\u00e9m no s\u00e1bado, dia 22, das 12h30 \u00e0s 17h30 no Centro Pastoral S\u00e3o Jos\u00e9 (Av. \u00c1lvaro Ramos, 366).<\/p>\n<p>Nesse encontro, aberto pelo bispo regional, D. Pedro Luiz Stringhini, ser\u00e1 refletido o tema &#8220;A\u00a0informa\u00e7\u00e3o como fonte de educa\u00e7\u00e3o ambiental&#8221; e haver\u00e1 oficinas tem\u00e1ticas sobre \u00e1gua, polui\u00e7\u00e3o atmosf\u00e9rica, res\u00edduos s\u00f3lidos e arboriza\u00e7\u00e3o.<\/p>\n<p>Interessados podem procurar Mariana Nascimento, da p\u00e1gina &#8220;Jovens no ar&#8221;, e Miriam Meyer.<\/p>\n<p style=\"text-align: center;\"><em>A Pastoral da Ecologia pretende atingir a todos os cidad\u00e3os<br \/>\ne todos os aspectos da vida do ser humano.<br \/>\nFalamos de uma ecologia humana que respeita os direitos e a dignidade<br \/>\ne toda pessoa, especialmente os mais pobres,<br \/>\nue s\u00e3o sempre as maiores v\u00edtimas das injusti\u00e7as sociais,<br \/>\nos desastres ambientais, do descaso do poder p\u00fablico,<br \/>\nda mis\u00e9ria, fome e exclus\u00e3o social.<\/em><\/p>\n<div id=\"themify_builder_content-4761\" data-postid=\"4761\" class=\"themify_builder_content themify_builder_content-4761 themify_builder themify_builder_front\">\n\t<\/div>\n<!-- \/themify_builder_content -->","protected":false},"excerpt":{"rendered":"<p>Voc\u00ea est\u00e1 convidado(a) a participar da Pastoral da Ecologia da igreja S\u00e3o Miguel Arcanjo. A primeira atividade do grupo ser\u00e1 o Semin\u00e1rio promovido pela Regi\u00e3o Bel\u00e9m no s\u00e1bado, dia 22, das 12h30 \u00e0s 17h30 no Centro Pastoral S\u00e3o Jos\u00e9 (Av. \u00c1lvaro Ramos, 366). Nesse encontro, aberto pelo bispo regional, D. Pedro Luiz Stringhini, ser\u00e1 refletido [&hellip;]<\/p>\n","protected":false},"author":5,"featured_media":0,"comment_status":"open","ping_status":"open","sticky":false,"template":"","format":"standard","meta":{"ngg_post_thumbnail":0,"footnotes":""},"categories":[3,8],"tags":[105,990,470],"yoast_head":"<!-- This site is optimized with the Yoast SEO plugin v23.5 - https:\/\/yoast.com\/wordpress\/plugins\/seo\/ -->\n<title>Igreja forma grupo de Pastoral da Ecologia - O Arcanjo no ar<\/title>\n<meta name=\"robots\" content=\"index, follow, max-snippet:-1, max-image-preview:large, max-video-preview:-1\" \/>\n<link rel=\"canonical\" href=\"https:\/\/www.oarcanjo.net\/site\/igreja-forma-grupo-de-pastoral-da-ecologia\/\" \/>\n<meta property=\"og:locale\" content=\"pt_BR\" \/>\n<meta property=\"og:type\" content=\"article\" \/>\n<meta property=\"og:title\" content=\"Igreja forma grupo de Pastoral da Ecologia - O Arcanjo no ar\" \/>\n<meta property=\"og:description\" content=\"Voc\u00ea est\u00e1 convidado(a) a participar da Pastoral da Ecologia da igreja S\u00e3o Miguel Arcanjo. A primeira atividade do grupo ser\u00e1 o Semin\u00e1rio promovido pela Regi\u00e3o Bel\u00e9m no s\u00e1bado, dia 22, das 12h30 \u00e0s 17h30 no Centro Pastoral S\u00e3o Jos\u00e9 (Av. \u00c1lvaro Ramos, 366). Nesse encontro, aberto pelo bispo regional, D. Pedro Luiz Stringhini, ser\u00e1 refletido [&hellip;]\" \/>\n<meta property=\"og:url\" content=\"https:\/\/www.oarcanjo.net\/site\/igreja-forma-grupo-de-pastoral-da-ecologia\/\" \/>\n<meta property=\"og:site_name\" content=\"O Arcanjo no ar\" \/>\n<meta property=\"article:publisher\" content=\"https:\/\/www.facebook.com\/OArcanjoNoAr\/\" \/>\n<meta property=\"article:published_time\" content=\"2009-08-16T17:00:06+00:00\" \/>\n<meta property=\"article:modified_time\" content=\"2009-08-16T18:20:30+00:00\" \/>\n<meta property=\"og:image\" content=\"https:\/\/www.oarcanjo.net\/site\/wp-content\/uploads\/logo-o-arcanjo-no-ar-facebook.png\" \/>\n\t<meta property=\"og:image:width\" content=\"300\" \/>\n\t<meta property=\"og:image:height\" content=\"300\" \/>\n\t<meta property=\"og:image:type\" content=\"image\/png\" \/>\n<meta name=\"author\" content=\"editor\" \/>\n<meta name=\"twitter:card\" content=\"summary_large_image\" \/>\n<meta name=\"twitter:label1\" content=\"Escrito por\" \/>\n\t<meta name=\"twitter:data1\" content=\"editor\" \/>\n\t<meta name=\"twitter:label2\" content=\"Est. tempo de leitura\" \/>\n\t<meta name=\"twitter:data2\" content=\"1 minuto\" \/>\n<script type=\"application\/ld+json\" class=\"yoast-schema-graph\">{\"@context\":\"https:\/\/schema.org\",\"@graph\":[{\"@type\":\"Article\",\"@id\":\"https:\/\/www.oarcanjo.net\/site\/igreja-forma-grupo-de-pastoral-da-ecologia\/#article\",\"isPartOf\":{\"@id\":\"https:\/\/www.oarcanjo.net\/site\/igreja-forma-grupo-de-pastoral-da-ecologia\/\"},\"author\":{\"name\":\"editor\",\"@id\":\"https:\/\/www.oarcanjo.net\/site\/#\/schema\/person\/f7024d007863202483a31326673a0838\"},\"headline\":\"Igreja forma grupo de Pastoral da Ecologia\",\"datePublished\":\"2009-08-16T17:00:06+00:00\",\"dateModified\":\"2009-08-16T18:20:30+00:00\",\"mainEntityOfPage\":{\"@id\":\"https:\/\/www.oarcanjo.net\/site\/igreja-forma-grupo-de-pastoral-da-ecologia\/\"},\"wordCount\":178,\"commentCount\":1,\"publisher\":{\"@id\":\"https:\/\/www.oarcanjo.net\/site\/#organization\"},\"keywords\":[\"ambiente\",\"Pastoral da Ecologia\",\"sustentabilidade\"],\"articleSection\":[\"Destaques\",\"Not\u00edcias\"],\"inLanguage\":\"pt-BR\",\"potentialAction\":[{\"@type\":\"CommentAction\",\"name\":\"Comment\",\"target\":[\"https:\/\/www.oarcanjo.net\/site\/igreja-forma-grupo-de-pastoral-da-ecologia\/#respond\"]}]},{\"@type\":\"WebPage\",\"@id\":\"https:\/\/www.oarcanjo.net\/site\/igreja-forma-grupo-de-pastoral-da-ecologia\/\",\"url\":\"https:\/\/www.oarcanjo.net\/site\/igreja-forma-grupo-de-pastoral-da-ecologia\/\",\"name\":\"Igreja forma grupo de Pastoral da Ecologia - O Arcanjo no ar\",\"isPartOf\":{\"@id\":\"https:\/\/www.oarcanjo.net\/site\/#website\"},\"datePublished\":\"2009-08-16T17:00:06+00:00\",\"dateModified\":\"2009-08-16T18:20:30+00:00\",\"breadcrumb\":{\"@id\":\"https:\/\/www.oarcanjo.net\/site\/igreja-forma-grupo-de-pastoral-da-ecologia\/#breadcrumb\"},\"inLanguage\":\"pt-BR\",\"potentialAction\":[{\"@type\":\"ReadAction\",\"target\":[\"https:\/\/www.oarcanjo.net\/site\/igreja-forma-grupo-de-pastoral-da-ecologia\/\"]}]},{\"@type\":\"BreadcrumbList\",\"@id\":\"https:\/\/www.oarcanjo.net\/site\/igreja-forma-grupo-de-pastoral-da-ecologia\/#breadcrumb\",\"itemListElement\":[{\"@type\":\"ListItem\",\"position\":1,\"name\":\"In\u00edcio\",\"item\":\"https:\/\/www.oarcanjo.net\/site\/\"},{\"@type\":\"ListItem\",\"position\":2,\"name\":\"Igreja forma grupo de Pastoral da Ecologia\"}]},{\"@type\":\"WebSite\",\"@id\":\"https:\/\/www.oarcanjo.net\/site\/#website\",\"url\":\"https:\/\/www.oarcanjo.net\/site\/\",\"name\":\"O Arcanjo no ar\",\"description\":\"Site da Par\u00f3quia S\u00e3o Miguel Arcanjo (Arquidiocese de SP)\",\"publisher\":{\"@id\":\"https:\/\/www.oarcanjo.net\/site\/#organization\"},\"potentialAction\":[{\"@type\":\"SearchAction\",\"target\":{\"@type\":\"EntryPoint\",\"urlTemplate\":\"https:\/\/www.oarcanjo.net\/site\/?s={search_term_string}\"},\"query-input\":{\"@type\":\"PropertyValueSpecification\",\"valueRequired\":true,\"valueName\":\"search_term_string\"}}],\"inLanguage\":\"pt-BR\"},{\"@type\":\"Organization\",\"@id\":\"https:\/\/www.oarcanjo.net\/site\/#organization\",\"name\":\"Par\u00f3quia S\u00e3o Miguel Arcanjo\",\"url\":\"https:\/\/www.oarcanjo.net\/site\/\",\"logo\":{\"@type\":\"ImageObject\",\"inLanguage\":\"pt-BR\",\"@id\":\"https:\/\/www.oarcanjo.net\/site\/#\/schema\/logo\/image\/\",\"url\":\"https:\/\/www.oarcanjo.net\/site\/wp-content\/uploads\/LogoOArcanjo.png\",\"contentUrl\":\"https:\/\/www.oarcanjo.net\/site\/wp-content\/uploads\/LogoOArcanjo.png\",\"width\":319,\"height\":99,\"caption\":\"Par\u00f3quia S\u00e3o Miguel Arcanjo\"},\"image\":{\"@id\":\"https:\/\/www.oarcanjo.net\/site\/#\/schema\/logo\/image\/\"},\"sameAs\":[\"https:\/\/www.facebook.com\/OArcanjoNoAr\/\"]},{\"@type\":\"Person\",\"@id\":\"https:\/\/www.oarcanjo.net\/site\/#\/schema\/person\/f7024d007863202483a31326673a0838\",\"name\":\"editor\",\"sameAs\":[\"http:\/\/www.oarcanjo.net\"]}]}<\/script>\n<!-- \/ Yoast SEO plugin. -->","yoast_head_json":{"title":"Igreja forma grupo de Pastoral da Ecologia - O Arcanjo no ar","robots":{"index":"index","follow":"follow","max-snippet":"max-snippet:-1","max-image-preview":"max-image-preview:large","max-video-preview":"max-video-preview:-1"},"canonical":"https:\/\/www.oarcanjo.net\/site\/igreja-forma-grupo-de-pastoral-da-ecologia\/","og_locale":"pt_BR","og_type":"article","og_title":"Igreja forma grupo de Pastoral da Ecologia - O Arcanjo no ar","og_description":"Voc\u00ea est\u00e1 convidado(a) a participar da Pastoral da Ecologia da igreja S\u00e3o Miguel Arcanjo. A primeira atividade do grupo ser\u00e1 o Semin\u00e1rio promovido pela Regi\u00e3o Bel\u00e9m no s\u00e1bado, dia 22, das 12h30 \u00e0s 17h30 no Centro Pastoral S\u00e3o Jos\u00e9 (Av. \u00c1lvaro Ramos, 366). Nesse encontro, aberto pelo bispo regional, D. Pedro Luiz Stringhini, ser\u00e1 refletido [&hellip;]","og_url":"https:\/\/www.oarcanjo.net\/site\/igreja-forma-grupo-de-pastoral-da-ecologia\/","og_site_name":"O Arcanjo no ar","article_publisher":"https:\/\/www.facebook.com\/OArcanjoNoAr\/","article_published_time":"2009-08-16T17:00:06+00:00","article_modified_time":"2009-08-16T18:20:30+00:00","og_image":[{"width":300,"height":300,"url":"https:\/\/www.oarcanjo.net\/site\/wp-content\/uploads\/logo-o-arcanjo-no-ar-facebook.png","type":"image\/png"}],"author":"editor","twitter_card":"summary_large_image","twitter_misc":{"Escrito por":"editor","Est. tempo de leitura":"1 minuto"},"schema":{"@context":"https:\/\/schema.org","@graph":[{"@type":"Article","@id":"https:\/\/www.oarcanjo.net\/site\/igreja-forma-grupo-de-pastoral-da-ecologia\/#article","isPartOf":{"@id":"https:\/\/www.oarcanjo.net\/site\/igreja-forma-grupo-de-pastoral-da-ecologia\/"},"author":{"name":"editor","@id":"https:\/\/www.oarcanjo.net\/site\/#\/schema\/person\/f7024d007863202483a31326673a0838"},"headline":"Igreja forma grupo de Pastoral da Ecologia","datePublished":"2009-08-16T17:00:06+00:00","dateModified":"2009-08-16T18:20:30+00:00","mainEntityOfPage":{"@id":"https:\/\/www.oarcanjo.net\/site\/igreja-forma-grupo-de-pastoral-da-ecologia\/"},"wordCount":178,"commentCount":1,"publisher":{"@id":"https:\/\/www.oarcanjo.net\/site\/#organization"},"keywords":["ambiente","Pastoral da Ecologia","sustentabilidade"],"articleSection":["Destaques","Not\u00edcias"],"inLanguage":"pt-BR","potentialAction":[{"@type":"CommentAction","name":"Comment","target":["https:\/\/www.oarcanjo.net\/site\/igreja-forma-grupo-de-pastoral-da-ecologia\/#respond"]}]},{"@type":"WebPage","@id":"https:\/\/www.oarcanjo.net\/site\/igreja-forma-grupo-de-pastoral-da-ecologia\/","url":"https:\/\/www.oarcanjo.net\/site\/igreja-forma-grupo-de-pastoral-da-ecologia\/","name":"Igreja forma grupo de Pastoral da Ecologia - O Arcanjo no ar","isPartOf":{"@id":"https:\/\/www.oarcanjo.net\/site\/#website"},"datePublished":"2009-08-16T17:00:06+00:00","dateModified":"2009-08-16T18:20:30+00:00","breadcrumb":{"@id":"https:\/\/www.oarcanjo.net\/site\/igreja-forma-grupo-de-pastoral-da-ecologia\/#breadcrumb"},"inLanguage":"pt-BR","potentialAction":[{"@type":"ReadAction","target":["https:\/\/www.oarcanjo.net\/site\/igreja-forma-grupo-de-pastoral-da-ecologia\/"]}]},{"@type":"BreadcrumbList","@id":"https:\/\/www.oarcanjo.net\/site\/igreja-forma-grupo-de-pastoral-da-ecologia\/#breadcrumb","itemListElement":[{"@type":"ListItem","position":1,"name":"In\u00edcio","item":"https:\/\/www.oarcanjo.net\/site\/"},{"@type":"ListItem","position":2,"name":"Igreja forma grupo de Pastoral da Ecologia"}]},{"@type":"WebSite","@id":"https:\/\/www.oarcanjo.net\/site\/#website","url":"https:\/\/www.oarcanjo.net\/site\/","name":"O Arcanjo no ar","description":"Site da Par\u00f3quia S\u00e3o Miguel Arcanjo (Arquidiocese de SP)","publisher":{"@id":"https:\/\/www.oarcanjo.net\/site\/#organization"},"potentialAction":[{"@type":"SearchAction","target":{"@type":"EntryPoint","urlTemplate":"https:\/\/www.oarcanjo.net\/site\/?s={search_term_string}"},"query-input":{"@type":"PropertyValueSpecification","valueRequired":true,"valueName":"search_term_string"}}],"inLanguage":"pt-BR"},{"@type":"Organization","@id":"https:\/\/www.oarcanjo.net\/site\/#organization","name":"Par\u00f3quia S\u00e3o Miguel Arcanjo","url":"https:\/\/www.oarcanjo.net\/site\/","logo":{"@type":"ImageObject","inLanguage":"pt-BR","@id":"https:\/\/www.oarcanjo.net\/site\/#\/schema\/logo\/image\/","url":"https:\/\/www.oarcanjo.net\/site\/wp-content\/uploads\/LogoOArcanjo.png","contentUrl":"https:\/\/www.oarcanjo.net\/site\/wp-content\/uploads\/LogoOArcanjo.png","width":319,"height":99,"caption":"Par\u00f3quia S\u00e3o Miguel Arcanjo"},"image":{"@id":"https:\/\/www.oarcanjo.net\/site\/#\/schema\/logo\/image\/"},"sameAs":["https:\/\/www.facebook.com\/OArcanjoNoAr\/"]},{"@type":"Person","@id":"https:\/\/www.oarcanjo.net\/site\/#\/schema\/person\/f7024d007863202483a31326673a0838","name":"editor","sameAs":["http:\/\/www.oarcanjo.net"]}]}},"publishpress_future_action":{"enabled":false,"date":"2026-05-09 01:44:40","action":"category","newStatus":"draft","terms":[],"taxonomy":"category"},"publishpress_future_workflow_manual_trigger":{"enabledWorkflows":[]},"_links":{"self":[{"href":"https:\/\/www.oarcanjo.net\/site\/wp-json\/wp\/v2\/posts\/4761"}],"collection":[{"href":"https:\/\/www.oarcanjo.net\/site\/wp-json\/wp\/v2\/posts"}],"about":[{"href":"https:\/\/www.oarcanjo.net\/site\/wp-json\/wp\/v2\/types\/post"}],"author":[{"embeddable":true,"href":"https:\/\/www.oarcanjo.net\/site\/wp-json\/wp\/v2\/users\/5"}],"replies":[{"embeddable":true,"href":"https:\/\/www.oarcanjo.net\/site\/wp-json\/wp\/v2\/comments?post=4761"}],"version-history":[{"count":0,"href":"https:\/\/www.oarcanjo.net\/site\/wp-json\/wp\/v2\/posts\/4761\/revisions"}],"wp:attachment":[{"href":"https:\/\/www.oarcanjo.net\/site\/wp-json\/wp\/v2\/media?parent=4761"}],"wp:term":[{"taxonomy":"category","embeddable":true,"href":"https:\/\/www.oarcanjo.net\/site\/wp-json\/wp\/v2\/categories?post=4761"},{"taxonomy":"post_tag","embeddable":true,"href":"https:\/\/www.oarcanjo.net\/site\/wp-json\/wp\/v2\/tags?post=4761"}],"curies":[{"name":"wp","href":"https:\/\/api.w.org\/{rel}","templated":true}]}}