
{"id":47723,"date":"2014-07-11T10:33:13","date_gmt":"2014-07-11T13:33:13","guid":{"rendered":"http:\/\/www.oarcanjo.net\/site\/?p=47723"},"modified":"2014-07-11T10:33:13","modified_gmt":"2014-07-11T13:33:13","slug":"limites-e-potencialidades","status":"publish","type":"post","link":"https:\/\/www.oarcanjo.net\/site\/limites-e-potencialidades\/","title":{"rendered":"Limites e potencialidades"},"content":{"rendered":"<p style=\"text-align: justify;\"><em>Pe. Alfredo J. Gon\u00e7alves, CS<\/em><\/p>\n<p style=\"text-align: justify;\">Inseguran\u00e7a e medo, tristeza e ang\u00fastia, fracasso e frustra\u00e7\u00e3o, impot\u00eancia e fragilidade, sensa\u00e7\u00e3o de inutilidade e solid\u00e3o, d\u00favida e desencanto \u2013 eis um desfile de palavras que costumam nos levar \u00e0 mais absoluta nudez. Vemo-nos repentinamente nus e s\u00f3s, \u00f3rf\u00e3os e perdidos, desarmados diante das intemp\u00e9ries e adversidades da exist\u00eancia.<\/p>\n<p style=\"text-align: justify;\">Tudo isso, por\u00e9m, n\u00e3o deixa de ser um espelho cheio de ambiguidade: reflete , simultaneamente, a pr\u00f3pria fraqueza e debilidade, mas tamb\u00e9m a possibilidade de mudan\u00e7a. Espelho tanto mais vivo e veraz quando retrata uma \u201csitua\u00e7\u00e3o limite\u201d de doen\u00e7a, separa\u00e7\u00e3o, desemprego, morte, amor n\u00e3o correspondido&#8230; As for\u00e7as nos abandonam, tudo se torna escuro, nossa pequena embarca\u00e7\u00e3o permanece \u00e0 deriva das ondas turvas e bravias. As tribula\u00e7\u00f5es, tormentas e a tempestade n\u00e3o deixam ver o farol e o porto, e menos ainda acertar o rumo da travessia. Noite sem estrelas, deserto sem o\u00e1sis, floresta sem trilhas!<\/p>\n<p style=\"text-align: justify;\">Semelhante nudez, por outro lado, e por mais paradoxal que pare\u00e7a, tamb\u00e9m pode converter-se numa oportunidade de reflex\u00e3o e retomada. Uma experi\u00eancia que, quando levada em considera\u00e7\u00e3o e estudada a fundo, nos traz verdadeiras li\u00e7\u00f5es de vida: trata-se, ao mesmo tempo, de trevas que trazem nova luz, de desespero que reacende a chama de novas esperan\u00e7as, de uma cegueira que se abre a novas formas de vis\u00e3o, de limites que revelam novas potencialidades.<\/p>\n<p style=\"text-align: justify;\"><span style=\"color: #ff6600;\"><strong><em>Trevas e luz.<\/em><\/strong><\/span> As trevas nos envolvem numa atmosfera sombria e desoladora, deixando-nos cegos diante do porvir. Ao mesmo tempo, por\u00e9m, desafiam a acender uma vela, uma por menor que seja. A pequena chama multiplica-se, outros podem tamb\u00e9m acender a sua. Pouco a pouco, em raios cada vez mais amplos, a luz vai vencendo a escurid\u00e3o, iluminando o ambiente e devolvendo a capacidade de identificar o caminho. Numa palavra, as trevas moment\u00e2neas representam um est\u00edmulo n\u00e3o s\u00f3 para si mesmo, mas tamb\u00e9m para a solidariedade dos demais.<\/p>\n<p style=\"text-align: justify;\"><span style=\"color: #ff6600;\"><strong><em>Desespero e esperan\u00e7a<\/em><\/strong>.<\/span> O desespero costuma quebrar as pernas de qualquer pessoa. A dor entorpece, os \u00e2nimos se murcham e se apagam. A primeira rea\u00e7\u00e3o \u00e9 fugir de tudo e de todos, refugiar-se na solid\u00e3o e no isolamento, entregar-se ao pranto, curtir um sofrimento que, \u00e0 primeira vista, parece n\u00e3o ter rem\u00e9dio. Mas logo secam as l\u00e1grimas que emba\u00e7avam as coisas e pessoas. Um raio de esperan\u00e7a cruza o espa\u00e7o carregado de nuvens, as \u00e1guas se precipitam, limpam o c\u00e9u e abrem perspectivas no horizonte. Contaminados por sua energia el\u00e9trica, outros raios surgem daqui e dali, refaz-se a confian\u00e7a. A cabe\u00e7a se ergue, as pernas se equilibram e, passo a passo, retomamos o percurso da vida. O desespero traz em si a semente de novas esperan\u00e7as.<\/p>\n<p style=\"text-align: justify;\"><span style=\"color: #ff6600;\"><strong><em>Cegueira e <\/em><\/strong><strong><em>vis<\/em><\/strong><strong><em>\u00e3<\/em><\/strong><strong><em>o<\/em><\/strong>.<\/span> Aqui, o exemplo cl\u00e1ssico \u00e9 a convers\u00e3o de Saulo, o perseguidor, em Paulo, o grande ap\u00f3stolo do Senhor, no caminho de Damasco (At 9,1-19). Saulo dizia-se um \u201cjudeu irrepreens\u00edvel\u201d, estudioso da escola de Gamaliel, profundo conhecedor da lei e dos preceitos da religi\u00e3o do seu povo, o juda\u00edsmo. Mas todo seu conhecimento n\u00e3o passa de cegueira diante da luz do Ressuscitado. No encontro dom Este, perde a vis\u00e3o e necessita de algu\u00e9m que o conduza at\u00e9 a cidade. Ali, mesmo com toda a sua pretensa sabedoria, Saulo v\u00ea-se constrangido a pedir conselho ao disc\u00edpulo Ananias sobre o que deveria fazer. E assim torna-se Paulo, \u201co ap\u00f3stolo de todas as gentes\u201d. A perda da vista (cegueira) f\u00ea-lo enxergar com os olhos do cora\u00e7\u00e3o e da alma (f\u00e9 e esperan\u00e7a).<\/p>\n<p style=\"text-align: justify;\"><span style=\"color: #ff6600;\"><strong><em>Limites e potencialidades<\/em><\/strong>.<\/span> Enquanto os limites e imperfei\u00e7\u00f5es de qualquer pessoa afloram imediatamente \u00e0 tona, suas potencialidades costumam surgir lentamente, com o passar do tempo. Disso resulta, por um lado, a facilidade com que apontamos os defeitos dos outros e, por outro, a demora em reconhecer suas energias positivas. Todo limite, por\u00e9m, quando dele tomamos consci\u00eancia, pode estimular um processo de supera\u00e7\u00e3o. Nisso o ser humano se diferencia dos outros animais. A cada minuto, a cada hora, a cada dia \u00e9 capaz de superar-se a si mesmo, tornando-se superior \u00e0s pr\u00f3prias imperfei\u00e7\u00f5es. N\u00e3o raro o limite converte-se, ele mesmo, numa esp\u00e9cie de trampolim para um salto de qualidade.<\/p>\n<p style=\"text-align: justify;\"><em>Reykjavik, Isl\u00e2ndia, 5 de julho de 2014<\/em><\/p>\n<p style=\"text-align: justify;\">\n<p style=\"text-align: justify;\">\n<div id=\"themify_builder_content-47723\" data-postid=\"47723\" class=\"themify_builder_content themify_builder_content-47723 themify_builder themify_builder_front\">\n\t<\/div>\n<!-- \/themify_builder_content -->","protected":false},"excerpt":{"rendered":"<p>Pe. Alfredo J. Gon\u00e7alves, CS Inseguran\u00e7a e medo, tristeza e ang\u00fastia, fracasso e frustra\u00e7\u00e3o, impot\u00eancia e fragilidade, sensa\u00e7\u00e3o de inutilidade e solid\u00e3o, d\u00favida e desencanto \u2013 eis um desfile de palavras que costumam nos levar \u00e0 mais absoluta nudez. Vemo-nos repentinamente nus e s\u00f3s, \u00f3rf\u00e3os e perdidos, desarmados diante das intemp\u00e9ries e adversidades da exist\u00eancia. [&hellip;]<\/p>\n","protected":false},"author":15,"featured_media":0,"comment_status":"open","ping_status":"open","sticky":false,"template":"","format":"standard","meta":{"ngg_post_thumbnail":0,"footnotes":""},"categories":[9],"tags":[],"yoast_head":"<!-- This site is optimized with the Yoast SEO plugin v23.5 - https:\/\/yoast.com\/wordpress\/plugins\/seo\/ -->\n<title>Limites e potencialidades - O Arcanjo no ar<\/title>\n<meta name=\"robots\" content=\"index, follow, max-snippet:-1, max-image-preview:large, max-video-preview:-1\" \/>\n<link rel=\"canonical\" href=\"https:\/\/www.oarcanjo.net\/site\/limites-e-potencialidades\/\" \/>\n<meta property=\"og:locale\" content=\"pt_BR\" \/>\n<meta property=\"og:type\" content=\"article\" \/>\n<meta property=\"og:title\" content=\"Limites e potencialidades - O Arcanjo no ar\" \/>\n<meta property=\"og:description\" content=\"Pe. Alfredo J. Gon\u00e7alves, CS Inseguran\u00e7a e medo, tristeza e ang\u00fastia, fracasso e frustra\u00e7\u00e3o, impot\u00eancia e fragilidade, sensa\u00e7\u00e3o de inutilidade e solid\u00e3o, d\u00favida e desencanto \u2013 eis um desfile de palavras que costumam nos levar \u00e0 mais absoluta nudez. Vemo-nos repentinamente nus e s\u00f3s, \u00f3rf\u00e3os e perdidos, desarmados diante das intemp\u00e9ries e adversidades da exist\u00eancia. [&hellip;]\" \/>\n<meta property=\"og:url\" content=\"https:\/\/www.oarcanjo.net\/site\/limites-e-potencialidades\/\" \/>\n<meta property=\"og:site_name\" content=\"O Arcanjo no ar\" \/>\n<meta property=\"article:publisher\" content=\"https:\/\/www.facebook.com\/OArcanjoNoAr\/\" \/>\n<meta property=\"article:published_time\" content=\"2014-07-11T13:33:13+00:00\" \/>\n<meta property=\"og:image\" content=\"https:\/\/www.oarcanjo.net\/site\/wp-content\/uploads\/logo-o-arcanjo-no-ar-facebook.png\" \/>\n\t<meta property=\"og:image:width\" content=\"300\" \/>\n\t<meta property=\"og:image:height\" content=\"300\" \/>\n\t<meta property=\"og:image:type\" content=\"image\/png\" \/>\n<meta name=\"author\" content=\"Alexandre Nunes\" \/>\n<meta name=\"twitter:card\" content=\"summary_large_image\" \/>\n<meta name=\"twitter:label1\" content=\"Escrito por\" \/>\n\t<meta name=\"twitter:data1\" content=\"Alexandre Nunes\" \/>\n\t<meta name=\"twitter:label2\" content=\"Est. tempo de leitura\" \/>\n\t<meta name=\"twitter:data2\" content=\"4 minutos\" \/>\n<script type=\"application\/ld+json\" class=\"yoast-schema-graph\">{\"@context\":\"https:\/\/schema.org\",\"@graph\":[{\"@type\":\"Article\",\"@id\":\"https:\/\/www.oarcanjo.net\/site\/limites-e-potencialidades\/#article\",\"isPartOf\":{\"@id\":\"https:\/\/www.oarcanjo.net\/site\/limites-e-potencialidades\/\"},\"author\":{\"name\":\"Alexandre Nunes\",\"@id\":\"https:\/\/www.oarcanjo.net\/site\/#\/schema\/person\/0a2ae077c1a09b69d29928e3b9f1c0d1\"},\"headline\":\"Limites e potencialidades\",\"datePublished\":\"2014-07-11T13:33:13+00:00\",\"dateModified\":\"2014-07-11T13:33:13+00:00\",\"mainEntityOfPage\":{\"@id\":\"https:\/\/www.oarcanjo.net\/site\/limites-e-potencialidades\/\"},\"wordCount\":754,\"commentCount\":0,\"publisher\":{\"@id\":\"https:\/\/www.oarcanjo.net\/site\/#organization\"},\"articleSection\":[\"Reflex\u00f5es\"],\"inLanguage\":\"pt-BR\",\"potentialAction\":[{\"@type\":\"CommentAction\",\"name\":\"Comment\",\"target\":[\"https:\/\/www.oarcanjo.net\/site\/limites-e-potencialidades\/#respond\"]}]},{\"@type\":\"WebPage\",\"@id\":\"https:\/\/www.oarcanjo.net\/site\/limites-e-potencialidades\/\",\"url\":\"https:\/\/www.oarcanjo.net\/site\/limites-e-potencialidades\/\",\"name\":\"Limites e potencialidades - O Arcanjo no ar\",\"isPartOf\":{\"@id\":\"https:\/\/www.oarcanjo.net\/site\/#website\"},\"datePublished\":\"2014-07-11T13:33:13+00:00\",\"dateModified\":\"2014-07-11T13:33:13+00:00\",\"breadcrumb\":{\"@id\":\"https:\/\/www.oarcanjo.net\/site\/limites-e-potencialidades\/#breadcrumb\"},\"inLanguage\":\"pt-BR\",\"potentialAction\":[{\"@type\":\"ReadAction\",\"target\":[\"https:\/\/www.oarcanjo.net\/site\/limites-e-potencialidades\/\"]}]},{\"@type\":\"BreadcrumbList\",\"@id\":\"https:\/\/www.oarcanjo.net\/site\/limites-e-potencialidades\/#breadcrumb\",\"itemListElement\":[{\"@type\":\"ListItem\",\"position\":1,\"name\":\"In\u00edcio\",\"item\":\"https:\/\/www.oarcanjo.net\/site\/\"},{\"@type\":\"ListItem\",\"position\":2,\"name\":\"Limites e potencialidades\"}]},{\"@type\":\"WebSite\",\"@id\":\"https:\/\/www.oarcanjo.net\/site\/#website\",\"url\":\"https:\/\/www.oarcanjo.net\/site\/\",\"name\":\"O Arcanjo no ar\",\"description\":\"Site da Par\u00f3quia S\u00e3o Miguel Arcanjo (Arquidiocese de SP)\",\"publisher\":{\"@id\":\"https:\/\/www.oarcanjo.net\/site\/#organization\"},\"potentialAction\":[{\"@type\":\"SearchAction\",\"target\":{\"@type\":\"EntryPoint\",\"urlTemplate\":\"https:\/\/www.oarcanjo.net\/site\/?s={search_term_string}\"},\"query-input\":{\"@type\":\"PropertyValueSpecification\",\"valueRequired\":true,\"valueName\":\"search_term_string\"}}],\"inLanguage\":\"pt-BR\"},{\"@type\":\"Organization\",\"@id\":\"https:\/\/www.oarcanjo.net\/site\/#organization\",\"name\":\"Par\u00f3quia S\u00e3o Miguel Arcanjo\",\"url\":\"https:\/\/www.oarcanjo.net\/site\/\",\"logo\":{\"@type\":\"ImageObject\",\"inLanguage\":\"pt-BR\",\"@id\":\"https:\/\/www.oarcanjo.net\/site\/#\/schema\/logo\/image\/\",\"url\":\"https:\/\/www.oarcanjo.net\/site\/wp-content\/uploads\/LogoOArcanjo.png\",\"contentUrl\":\"https:\/\/www.oarcanjo.net\/site\/wp-content\/uploads\/LogoOArcanjo.png\",\"width\":319,\"height\":99,\"caption\":\"Par\u00f3quia S\u00e3o Miguel Arcanjo\"},\"image\":{\"@id\":\"https:\/\/www.oarcanjo.net\/site\/#\/schema\/logo\/image\/\"},\"sameAs\":[\"https:\/\/www.facebook.com\/OArcanjoNoAr\/\"]},{\"@type\":\"Person\",\"@id\":\"https:\/\/www.oarcanjo.net\/site\/#\/schema\/person\/0a2ae077c1a09b69d29928e3b9f1c0d1\",\"name\":\"Alexandre Nunes\",\"sameAs\":[\"http:\/\/alexandrenu.com\"]}]}<\/script>\n<!-- \/ Yoast SEO plugin. -->","yoast_head_json":{"title":"Limites e potencialidades - O Arcanjo no ar","robots":{"index":"index","follow":"follow","max-snippet":"max-snippet:-1","max-image-preview":"max-image-preview:large","max-video-preview":"max-video-preview:-1"},"canonical":"https:\/\/www.oarcanjo.net\/site\/limites-e-potencialidades\/","og_locale":"pt_BR","og_type":"article","og_title":"Limites e potencialidades - O Arcanjo no ar","og_description":"Pe. Alfredo J. Gon\u00e7alves, CS Inseguran\u00e7a e medo, tristeza e ang\u00fastia, fracasso e frustra\u00e7\u00e3o, impot\u00eancia e fragilidade, sensa\u00e7\u00e3o de inutilidade e solid\u00e3o, d\u00favida e desencanto \u2013 eis um desfile de palavras que costumam nos levar \u00e0 mais absoluta nudez. Vemo-nos repentinamente nus e s\u00f3s, \u00f3rf\u00e3os e perdidos, desarmados diante das intemp\u00e9ries e adversidades da exist\u00eancia. [&hellip;]","og_url":"https:\/\/www.oarcanjo.net\/site\/limites-e-potencialidades\/","og_site_name":"O Arcanjo no ar","article_publisher":"https:\/\/www.facebook.com\/OArcanjoNoAr\/","article_published_time":"2014-07-11T13:33:13+00:00","og_image":[{"width":300,"height":300,"url":"https:\/\/www.oarcanjo.net\/site\/wp-content\/uploads\/logo-o-arcanjo-no-ar-facebook.png","type":"image\/png"}],"author":"Alexandre Nunes","twitter_card":"summary_large_image","twitter_misc":{"Escrito por":"Alexandre Nunes","Est. tempo de leitura":"4 minutos"},"schema":{"@context":"https:\/\/schema.org","@graph":[{"@type":"Article","@id":"https:\/\/www.oarcanjo.net\/site\/limites-e-potencialidades\/#article","isPartOf":{"@id":"https:\/\/www.oarcanjo.net\/site\/limites-e-potencialidades\/"},"author":{"name":"Alexandre Nunes","@id":"https:\/\/www.oarcanjo.net\/site\/#\/schema\/person\/0a2ae077c1a09b69d29928e3b9f1c0d1"},"headline":"Limites e potencialidades","datePublished":"2014-07-11T13:33:13+00:00","dateModified":"2014-07-11T13:33:13+00:00","mainEntityOfPage":{"@id":"https:\/\/www.oarcanjo.net\/site\/limites-e-potencialidades\/"},"wordCount":754,"commentCount":0,"publisher":{"@id":"https:\/\/www.oarcanjo.net\/site\/#organization"},"articleSection":["Reflex\u00f5es"],"inLanguage":"pt-BR","potentialAction":[{"@type":"CommentAction","name":"Comment","target":["https:\/\/www.oarcanjo.net\/site\/limites-e-potencialidades\/#respond"]}]},{"@type":"WebPage","@id":"https:\/\/www.oarcanjo.net\/site\/limites-e-potencialidades\/","url":"https:\/\/www.oarcanjo.net\/site\/limites-e-potencialidades\/","name":"Limites e potencialidades - O Arcanjo no ar","isPartOf":{"@id":"https:\/\/www.oarcanjo.net\/site\/#website"},"datePublished":"2014-07-11T13:33:13+00:00","dateModified":"2014-07-11T13:33:13+00:00","breadcrumb":{"@id":"https:\/\/www.oarcanjo.net\/site\/limites-e-potencialidades\/#breadcrumb"},"inLanguage":"pt-BR","potentialAction":[{"@type":"ReadAction","target":["https:\/\/www.oarcanjo.net\/site\/limites-e-potencialidades\/"]}]},{"@type":"BreadcrumbList","@id":"https:\/\/www.oarcanjo.net\/site\/limites-e-potencialidades\/#breadcrumb","itemListElement":[{"@type":"ListItem","position":1,"name":"In\u00edcio","item":"https:\/\/www.oarcanjo.net\/site\/"},{"@type":"ListItem","position":2,"name":"Limites e potencialidades"}]},{"@type":"WebSite","@id":"https:\/\/www.oarcanjo.net\/site\/#website","url":"https:\/\/www.oarcanjo.net\/site\/","name":"O Arcanjo no ar","description":"Site da Par\u00f3quia S\u00e3o Miguel Arcanjo (Arquidiocese de SP)","publisher":{"@id":"https:\/\/www.oarcanjo.net\/site\/#organization"},"potentialAction":[{"@type":"SearchAction","target":{"@type":"EntryPoint","urlTemplate":"https:\/\/www.oarcanjo.net\/site\/?s={search_term_string}"},"query-input":{"@type":"PropertyValueSpecification","valueRequired":true,"valueName":"search_term_string"}}],"inLanguage":"pt-BR"},{"@type":"Organization","@id":"https:\/\/www.oarcanjo.net\/site\/#organization","name":"Par\u00f3quia S\u00e3o Miguel Arcanjo","url":"https:\/\/www.oarcanjo.net\/site\/","logo":{"@type":"ImageObject","inLanguage":"pt-BR","@id":"https:\/\/www.oarcanjo.net\/site\/#\/schema\/logo\/image\/","url":"https:\/\/www.oarcanjo.net\/site\/wp-content\/uploads\/LogoOArcanjo.png","contentUrl":"https:\/\/www.oarcanjo.net\/site\/wp-content\/uploads\/LogoOArcanjo.png","width":319,"height":99,"caption":"Par\u00f3quia S\u00e3o Miguel Arcanjo"},"image":{"@id":"https:\/\/www.oarcanjo.net\/site\/#\/schema\/logo\/image\/"},"sameAs":["https:\/\/www.facebook.com\/OArcanjoNoAr\/"]},{"@type":"Person","@id":"https:\/\/www.oarcanjo.net\/site\/#\/schema\/person\/0a2ae077c1a09b69d29928e3b9f1c0d1","name":"Alexandre Nunes","sameAs":["http:\/\/alexandrenu.com"]}]}},"publishpress_future_action":{"enabled":false,"date":"2026-05-08 18:53:27","action":"category","newStatus":"draft","terms":[],"taxonomy":"category"},"publishpress_future_workflow_manual_trigger":{"enabledWorkflows":[]},"_links":{"self":[{"href":"https:\/\/www.oarcanjo.net\/site\/wp-json\/wp\/v2\/posts\/47723"}],"collection":[{"href":"https:\/\/www.oarcanjo.net\/site\/wp-json\/wp\/v2\/posts"}],"about":[{"href":"https:\/\/www.oarcanjo.net\/site\/wp-json\/wp\/v2\/types\/post"}],"author":[{"embeddable":true,"href":"https:\/\/www.oarcanjo.net\/site\/wp-json\/wp\/v2\/users\/15"}],"replies":[{"embeddable":true,"href":"https:\/\/www.oarcanjo.net\/site\/wp-json\/wp\/v2\/comments?post=47723"}],"version-history":[{"count":0,"href":"https:\/\/www.oarcanjo.net\/site\/wp-json\/wp\/v2\/posts\/47723\/revisions"}],"wp:attachment":[{"href":"https:\/\/www.oarcanjo.net\/site\/wp-json\/wp\/v2\/media?parent=47723"}],"wp:term":[{"taxonomy":"category","embeddable":true,"href":"https:\/\/www.oarcanjo.net\/site\/wp-json\/wp\/v2\/categories?post=47723"},{"taxonomy":"post_tag","embeddable":true,"href":"https:\/\/www.oarcanjo.net\/site\/wp-json\/wp\/v2\/tags?post=47723"}],"curies":[{"name":"wp","href":"https:\/\/api.w.org\/{rel}","templated":true}]}}