
{"id":4775,"date":"2009-08-17T06:00:09","date_gmt":"2009-08-17T09:00:09","guid":{"rendered":"http:\/\/www.oarcanjo.net\/site\/?p=4775"},"modified":"2009-08-17T09:46:57","modified_gmt":"2009-08-17T12:46:57","slug":"seminario-homenageia-memoria-de-frei-tito-de-alencar-lima","status":"publish","type":"post","link":"https:\/\/www.oarcanjo.net\/site\/seminario-homenageia-memoria-de-frei-tito-de-alencar-lima\/","title":{"rendered":"Semin\u00e1rio homenageia mem\u00f3ria de Frei Tito de Alencar Lima"},"content":{"rendered":"<p>Na semana em que completa 35 anos da morte do religioso dominicano Frei Tito de Alencar Lima, a cidade de Barbalha, na regi\u00e3o do Cariri, Cear\u00e1, realiza o I Semin\u00e1rio Frei Tito de Alencar: Vida e Obra, em que homenageia a mem\u00f3ria do m\u00e1rtir cearense.<\/p>\n<p>O evento ser\u00e1 realizado na pr\u00f3xima quarta-feira, 19, no audit\u00f3rio do Sindicato dos Trabalhadores Rurais da cidade de Barbalha, a partir das 19h. A iniciativa \u00e9 da Secretaria de Cultura e Turismo da cidade e conta com Parceria do Instituto Frei Tito, Universidade Regional do Cariri (Urca) e Diocese do Crato (CE).<\/p>\n<p>O semin\u00e1rio \u00e9 aberto ao p\u00fablico e apresentar\u00e1 palestras e debates. Um dos principais momentos acontece na mesa de debate que relata a vida e a obra do frei dominicano, com as tem\u00e1ticas: Igreja, Fam\u00edlia e Hist\u00f3ria. A pedagoga e coordenadora do Instituto Frei Tito, L\u00facia Rodrigues Alencar Lima, sobrinha do religioso, \u00e9 uma das palestrantes.<\/p>\n<p>S\u00edmbolo de luta pelos direitos humanos, militando desde a juventude quando ainda era estudante, Frei Tito foi morar na capital pernambucana, Recife, quando assumiu a dire\u00e7\u00e3o da Juventude Estudantil Cat\u00f3lica em 1963. Cinco anos depois, em outubro de 1968, ele foi preso por participar ativamente de um congresso clandestino da Uni\u00e3o Nacional dos Estudantes em Ibi\u00fana (SP). O frei foi duramente perseguido pelos militares durante o per\u00edodo da ditadura, sendo torturado nos por\u00f5es da ent\u00e3o chamada Opera\u00e7\u00e3o Bandeirantes.<\/p>\n<p>Entre as freq\u00fcentes se\u00e7\u00f5es de tortura, Tito relatou em carta tudo o que lhe acontecia, denunciando a crueldade da repress\u00e3o militar. O documento ficou conhecido mundialmente relatando o que acontecia em territ\u00f3rio brasileiro. Desde ent\u00e3o, Frei Tito ficou marcado como s\u00edmbolo da luta em defesa dos direitos humanos.<\/p>\n<p>Mas a traum\u00e1tica experi\u00eancia deixou seq\u00fcelas. O religioso sofreu o resto dos seus dias com as lembran\u00e7as da tortura, que nem um tratamento psiqui\u00e1trico conseguiu apagar. Frei Tito foi encontrado morto, suspenso por uma corda amarrada num galho de \u00e1rvore, em Lyon, na Fran\u00e7a, em 10 de agosto de 1974.<\/p>\n<p>Informa\u00e7\u00f5es:<\/p>\n<p>Universidade Regional do Cariri &#8211; URCA &#8211; <a href=\"http:\/\/Semin\u00e1rio homenageia mem\u00f3ria de Frei Tito de Alencar nos 35 anos de sua morte\" target=\"_blank\">www.urca.br<\/a><\/p>\n<div id=\"themify_builder_content-4775\" data-postid=\"4775\" class=\"themify_builder_content themify_builder_content-4775 themify_builder themify_builder_front\">\n\t<\/div>\n<!-- \/themify_builder_content -->","protected":false},"excerpt":{"rendered":"<p>Na semana em que completa 35 anos da morte do religioso dominicano Frei Tito de Alencar Lima, a cidade de Barbalha, na regi\u00e3o do Cariri, Cear\u00e1, realiza o I Semin\u00e1rio Frei Tito de Alencar: Vida e Obra, em que homenageia a mem\u00f3ria do m\u00e1rtir cearense. O evento ser\u00e1 realizado na pr\u00f3xima quarta-feira, 19, no audit\u00f3rio [&hellip;]<\/p>\n","protected":false},"author":5,"featured_media":0,"comment_status":"open","ping_status":"open","sticky":false,"template":"","format":"standard","meta":{"ngg_post_thumbnail":0,"footnotes":""},"categories":[8],"tags":[191,991,147,66,662,738,20],"yoast_head":"<!-- This site is optimized with the Yoast SEO plugin v23.5 - https:\/\/yoast.com\/wordpress\/plugins\/seo\/ -->\n<title>Semin\u00e1rio homenageia mem\u00f3ria de Frei Tito de Alencar Lima - O Arcanjo no ar<\/title>\n<meta name=\"robots\" content=\"index, follow, max-snippet:-1, max-image-preview:large, max-video-preview:-1\" \/>\n<link rel=\"canonical\" href=\"https:\/\/www.oarcanjo.net\/site\/seminario-homenageia-memoria-de-frei-tito-de-alencar-lima\/\" \/>\n<meta property=\"og:locale\" content=\"pt_BR\" \/>\n<meta property=\"og:type\" content=\"article\" \/>\n<meta property=\"og:title\" content=\"Semin\u00e1rio homenageia mem\u00f3ria de Frei Tito de Alencar Lima - O Arcanjo no ar\" \/>\n<meta property=\"og:description\" content=\"Na semana em que completa 35 anos da morte do religioso dominicano Frei Tito de Alencar Lima, a cidade de Barbalha, na regi\u00e3o do Cariri, Cear\u00e1, realiza o I Semin\u00e1rio Frei Tito de Alencar: Vida e Obra, em que homenageia a mem\u00f3ria do m\u00e1rtir cearense. O evento ser\u00e1 realizado na pr\u00f3xima quarta-feira, 19, no audit\u00f3rio [&hellip;]\" \/>\n<meta property=\"og:url\" content=\"https:\/\/www.oarcanjo.net\/site\/seminario-homenageia-memoria-de-frei-tito-de-alencar-lima\/\" \/>\n<meta property=\"og:site_name\" content=\"O Arcanjo no ar\" \/>\n<meta property=\"article:publisher\" content=\"https:\/\/www.facebook.com\/OArcanjoNoAr\/\" \/>\n<meta property=\"article:published_time\" content=\"2009-08-17T09:00:09+00:00\" \/>\n<meta property=\"article:modified_time\" content=\"2009-08-17T12:46:57+00:00\" \/>\n<meta property=\"og:image\" content=\"https:\/\/www.oarcanjo.net\/site\/wp-content\/uploads\/logo-o-arcanjo-no-ar-facebook.png\" \/>\n\t<meta property=\"og:image:width\" content=\"300\" \/>\n\t<meta property=\"og:image:height\" content=\"300\" \/>\n\t<meta property=\"og:image:type\" content=\"image\/png\" \/>\n<meta name=\"author\" content=\"editor\" \/>\n<meta name=\"twitter:card\" content=\"summary_large_image\" \/>\n<meta name=\"twitter:label1\" content=\"Escrito por\" \/>\n\t<meta name=\"twitter:data1\" content=\"editor\" \/>\n\t<meta name=\"twitter:label2\" content=\"Est. tempo de leitura\" \/>\n\t<meta name=\"twitter:data2\" content=\"2 minutos\" \/>\n<script type=\"application\/ld+json\" class=\"yoast-schema-graph\">{\"@context\":\"https:\/\/schema.org\",\"@graph\":[{\"@type\":\"Article\",\"@id\":\"https:\/\/www.oarcanjo.net\/site\/seminario-homenageia-memoria-de-frei-tito-de-alencar-lima\/#article\",\"isPartOf\":{\"@id\":\"https:\/\/www.oarcanjo.net\/site\/seminario-homenageia-memoria-de-frei-tito-de-alencar-lima\/\"},\"author\":{\"name\":\"editor\",\"@id\":\"https:\/\/www.oarcanjo.net\/site\/#\/schema\/person\/f7024d007863202483a31326673a0838\"},\"headline\":\"Semin\u00e1rio homenageia mem\u00f3ria de Frei Tito de Alencar Lima\",\"datePublished\":\"2009-08-17T09:00:09+00:00\",\"dateModified\":\"2009-08-17T12:46:57+00:00\",\"mainEntityOfPage\":{\"@id\":\"https:\/\/www.oarcanjo.net\/site\/seminario-homenageia-memoria-de-frei-tito-de-alencar-lima\/\"},\"wordCount\":376,\"commentCount\":0,\"publisher\":{\"@id\":\"https:\/\/www.oarcanjo.net\/site\/#organization\"},\"keywords\":[\"ditadura militar\",\"Frei Tito\",\"Mem\u00f3ria\",\"morte\",\"pris\u00e3o\",\"tortura\",\"viol\u00eancia\"],\"articleSection\":[\"Not\u00edcias\"],\"inLanguage\":\"pt-BR\",\"potentialAction\":[{\"@type\":\"CommentAction\",\"name\":\"Comment\",\"target\":[\"https:\/\/www.oarcanjo.net\/site\/seminario-homenageia-memoria-de-frei-tito-de-alencar-lima\/#respond\"]}]},{\"@type\":\"WebPage\",\"@id\":\"https:\/\/www.oarcanjo.net\/site\/seminario-homenageia-memoria-de-frei-tito-de-alencar-lima\/\",\"url\":\"https:\/\/www.oarcanjo.net\/site\/seminario-homenageia-memoria-de-frei-tito-de-alencar-lima\/\",\"name\":\"Semin\u00e1rio homenageia mem\u00f3ria de Frei Tito de Alencar Lima - O Arcanjo no ar\",\"isPartOf\":{\"@id\":\"https:\/\/www.oarcanjo.net\/site\/#website\"},\"datePublished\":\"2009-08-17T09:00:09+00:00\",\"dateModified\":\"2009-08-17T12:46:57+00:00\",\"breadcrumb\":{\"@id\":\"https:\/\/www.oarcanjo.net\/site\/seminario-homenageia-memoria-de-frei-tito-de-alencar-lima\/#breadcrumb\"},\"inLanguage\":\"pt-BR\",\"potentialAction\":[{\"@type\":\"ReadAction\",\"target\":[\"https:\/\/www.oarcanjo.net\/site\/seminario-homenageia-memoria-de-frei-tito-de-alencar-lima\/\"]}]},{\"@type\":\"BreadcrumbList\",\"@id\":\"https:\/\/www.oarcanjo.net\/site\/seminario-homenageia-memoria-de-frei-tito-de-alencar-lima\/#breadcrumb\",\"itemListElement\":[{\"@type\":\"ListItem\",\"position\":1,\"name\":\"In\u00edcio\",\"item\":\"https:\/\/www.oarcanjo.net\/site\/\"},{\"@type\":\"ListItem\",\"position\":2,\"name\":\"Semin\u00e1rio homenageia mem\u00f3ria de Frei Tito de Alencar Lima\"}]},{\"@type\":\"WebSite\",\"@id\":\"https:\/\/www.oarcanjo.net\/site\/#website\",\"url\":\"https:\/\/www.oarcanjo.net\/site\/\",\"name\":\"O Arcanjo no ar\",\"description\":\"Site da Par\u00f3quia S\u00e3o Miguel Arcanjo (Arquidiocese de SP)\",\"publisher\":{\"@id\":\"https:\/\/www.oarcanjo.net\/site\/#organization\"},\"potentialAction\":[{\"@type\":\"SearchAction\",\"target\":{\"@type\":\"EntryPoint\",\"urlTemplate\":\"https:\/\/www.oarcanjo.net\/site\/?s={search_term_string}\"},\"query-input\":{\"@type\":\"PropertyValueSpecification\",\"valueRequired\":true,\"valueName\":\"search_term_string\"}}],\"inLanguage\":\"pt-BR\"},{\"@type\":\"Organization\",\"@id\":\"https:\/\/www.oarcanjo.net\/site\/#organization\",\"name\":\"Par\u00f3quia S\u00e3o Miguel Arcanjo\",\"url\":\"https:\/\/www.oarcanjo.net\/site\/\",\"logo\":{\"@type\":\"ImageObject\",\"inLanguage\":\"pt-BR\",\"@id\":\"https:\/\/www.oarcanjo.net\/site\/#\/schema\/logo\/image\/\",\"url\":\"https:\/\/www.oarcanjo.net\/site\/wp-content\/uploads\/LogoOArcanjo.png\",\"contentUrl\":\"https:\/\/www.oarcanjo.net\/site\/wp-content\/uploads\/LogoOArcanjo.png\",\"width\":319,\"height\":99,\"caption\":\"Par\u00f3quia S\u00e3o Miguel Arcanjo\"},\"image\":{\"@id\":\"https:\/\/www.oarcanjo.net\/site\/#\/schema\/logo\/image\/\"},\"sameAs\":[\"https:\/\/www.facebook.com\/OArcanjoNoAr\/\"]},{\"@type\":\"Person\",\"@id\":\"https:\/\/www.oarcanjo.net\/site\/#\/schema\/person\/f7024d007863202483a31326673a0838\",\"name\":\"editor\",\"sameAs\":[\"http:\/\/www.oarcanjo.net\"]}]}<\/script>\n<!-- \/ Yoast SEO plugin. -->","yoast_head_json":{"title":"Semin\u00e1rio homenageia mem\u00f3ria de Frei Tito de Alencar Lima - O Arcanjo no ar","robots":{"index":"index","follow":"follow","max-snippet":"max-snippet:-1","max-image-preview":"max-image-preview:large","max-video-preview":"max-video-preview:-1"},"canonical":"https:\/\/www.oarcanjo.net\/site\/seminario-homenageia-memoria-de-frei-tito-de-alencar-lima\/","og_locale":"pt_BR","og_type":"article","og_title":"Semin\u00e1rio homenageia mem\u00f3ria de Frei Tito de Alencar Lima - O Arcanjo no ar","og_description":"Na semana em que completa 35 anos da morte do religioso dominicano Frei Tito de Alencar Lima, a cidade de Barbalha, na regi\u00e3o do Cariri, Cear\u00e1, realiza o I Semin\u00e1rio Frei Tito de Alencar: Vida e Obra, em que homenageia a mem\u00f3ria do m\u00e1rtir cearense. O evento ser\u00e1 realizado na pr\u00f3xima quarta-feira, 19, no audit\u00f3rio [&hellip;]","og_url":"https:\/\/www.oarcanjo.net\/site\/seminario-homenageia-memoria-de-frei-tito-de-alencar-lima\/","og_site_name":"O Arcanjo no ar","article_publisher":"https:\/\/www.facebook.com\/OArcanjoNoAr\/","article_published_time":"2009-08-17T09:00:09+00:00","article_modified_time":"2009-08-17T12:46:57+00:00","og_image":[{"width":300,"height":300,"url":"https:\/\/www.oarcanjo.net\/site\/wp-content\/uploads\/logo-o-arcanjo-no-ar-facebook.png","type":"image\/png"}],"author":"editor","twitter_card":"summary_large_image","twitter_misc":{"Escrito por":"editor","Est. tempo de leitura":"2 minutos"},"schema":{"@context":"https:\/\/schema.org","@graph":[{"@type":"Article","@id":"https:\/\/www.oarcanjo.net\/site\/seminario-homenageia-memoria-de-frei-tito-de-alencar-lima\/#article","isPartOf":{"@id":"https:\/\/www.oarcanjo.net\/site\/seminario-homenageia-memoria-de-frei-tito-de-alencar-lima\/"},"author":{"name":"editor","@id":"https:\/\/www.oarcanjo.net\/site\/#\/schema\/person\/f7024d007863202483a31326673a0838"},"headline":"Semin\u00e1rio homenageia mem\u00f3ria de Frei Tito de Alencar Lima","datePublished":"2009-08-17T09:00:09+00:00","dateModified":"2009-08-17T12:46:57+00:00","mainEntityOfPage":{"@id":"https:\/\/www.oarcanjo.net\/site\/seminario-homenageia-memoria-de-frei-tito-de-alencar-lima\/"},"wordCount":376,"commentCount":0,"publisher":{"@id":"https:\/\/www.oarcanjo.net\/site\/#organization"},"keywords":["ditadura militar","Frei Tito","Mem\u00f3ria","morte","pris\u00e3o","tortura","viol\u00eancia"],"articleSection":["Not\u00edcias"],"inLanguage":"pt-BR","potentialAction":[{"@type":"CommentAction","name":"Comment","target":["https:\/\/www.oarcanjo.net\/site\/seminario-homenageia-memoria-de-frei-tito-de-alencar-lima\/#respond"]}]},{"@type":"WebPage","@id":"https:\/\/www.oarcanjo.net\/site\/seminario-homenageia-memoria-de-frei-tito-de-alencar-lima\/","url":"https:\/\/www.oarcanjo.net\/site\/seminario-homenageia-memoria-de-frei-tito-de-alencar-lima\/","name":"Semin\u00e1rio homenageia mem\u00f3ria de Frei Tito de Alencar Lima - O Arcanjo no ar","isPartOf":{"@id":"https:\/\/www.oarcanjo.net\/site\/#website"},"datePublished":"2009-08-17T09:00:09+00:00","dateModified":"2009-08-17T12:46:57+00:00","breadcrumb":{"@id":"https:\/\/www.oarcanjo.net\/site\/seminario-homenageia-memoria-de-frei-tito-de-alencar-lima\/#breadcrumb"},"inLanguage":"pt-BR","potentialAction":[{"@type":"ReadAction","target":["https:\/\/www.oarcanjo.net\/site\/seminario-homenageia-memoria-de-frei-tito-de-alencar-lima\/"]}]},{"@type":"BreadcrumbList","@id":"https:\/\/www.oarcanjo.net\/site\/seminario-homenageia-memoria-de-frei-tito-de-alencar-lima\/#breadcrumb","itemListElement":[{"@type":"ListItem","position":1,"name":"In\u00edcio","item":"https:\/\/www.oarcanjo.net\/site\/"},{"@type":"ListItem","position":2,"name":"Semin\u00e1rio homenageia mem\u00f3ria de Frei Tito de Alencar Lima"}]},{"@type":"WebSite","@id":"https:\/\/www.oarcanjo.net\/site\/#website","url":"https:\/\/www.oarcanjo.net\/site\/","name":"O Arcanjo no ar","description":"Site da Par\u00f3quia S\u00e3o Miguel Arcanjo (Arquidiocese de SP)","publisher":{"@id":"https:\/\/www.oarcanjo.net\/site\/#organization"},"potentialAction":[{"@type":"SearchAction","target":{"@type":"EntryPoint","urlTemplate":"https:\/\/www.oarcanjo.net\/site\/?s={search_term_string}"},"query-input":{"@type":"PropertyValueSpecification","valueRequired":true,"valueName":"search_term_string"}}],"inLanguage":"pt-BR"},{"@type":"Organization","@id":"https:\/\/www.oarcanjo.net\/site\/#organization","name":"Par\u00f3quia S\u00e3o Miguel Arcanjo","url":"https:\/\/www.oarcanjo.net\/site\/","logo":{"@type":"ImageObject","inLanguage":"pt-BR","@id":"https:\/\/www.oarcanjo.net\/site\/#\/schema\/logo\/image\/","url":"https:\/\/www.oarcanjo.net\/site\/wp-content\/uploads\/LogoOArcanjo.png","contentUrl":"https:\/\/www.oarcanjo.net\/site\/wp-content\/uploads\/LogoOArcanjo.png","width":319,"height":99,"caption":"Par\u00f3quia S\u00e3o Miguel Arcanjo"},"image":{"@id":"https:\/\/www.oarcanjo.net\/site\/#\/schema\/logo\/image\/"},"sameAs":["https:\/\/www.facebook.com\/OArcanjoNoAr\/"]},{"@type":"Person","@id":"https:\/\/www.oarcanjo.net\/site\/#\/schema\/person\/f7024d007863202483a31326673a0838","name":"editor","sameAs":["http:\/\/www.oarcanjo.net"]}]}},"publishpress_future_action":{"enabled":false,"date":"2026-05-09 01:49:31","action":"category","newStatus":"draft","terms":[],"taxonomy":"category"},"publishpress_future_workflow_manual_trigger":{"enabledWorkflows":[]},"_links":{"self":[{"href":"https:\/\/www.oarcanjo.net\/site\/wp-json\/wp\/v2\/posts\/4775"}],"collection":[{"href":"https:\/\/www.oarcanjo.net\/site\/wp-json\/wp\/v2\/posts"}],"about":[{"href":"https:\/\/www.oarcanjo.net\/site\/wp-json\/wp\/v2\/types\/post"}],"author":[{"embeddable":true,"href":"https:\/\/www.oarcanjo.net\/site\/wp-json\/wp\/v2\/users\/5"}],"replies":[{"embeddable":true,"href":"https:\/\/www.oarcanjo.net\/site\/wp-json\/wp\/v2\/comments?post=4775"}],"version-history":[{"count":0,"href":"https:\/\/www.oarcanjo.net\/site\/wp-json\/wp\/v2\/posts\/4775\/revisions"}],"wp:attachment":[{"href":"https:\/\/www.oarcanjo.net\/site\/wp-json\/wp\/v2\/media?parent=4775"}],"wp:term":[{"taxonomy":"category","embeddable":true,"href":"https:\/\/www.oarcanjo.net\/site\/wp-json\/wp\/v2\/categories?post=4775"},{"taxonomy":"post_tag","embeddable":true,"href":"https:\/\/www.oarcanjo.net\/site\/wp-json\/wp\/v2\/tags?post=4775"}],"curies":[{"name":"wp","href":"https:\/\/api.w.org\/{rel}","templated":true}]}}