
{"id":47776,"date":"2014-07-15T00:07:28","date_gmt":"2014-07-15T03:07:28","guid":{"rendered":"http:\/\/www.oarcanjo.net\/site\/?p=47776"},"modified":"2014-07-15T00:07:28","modified_gmt":"2014-07-15T03:07:28","slug":"a-oracao-pela-paz-nunca-e-em-vao","status":"publish","type":"post","link":"https:\/\/www.oarcanjo.net\/site\/a-oracao-pela-paz-nunca-e-em-vao\/","title":{"rendered":"A ora\u00e7\u00e3o pela paz nunca \u00e9 em v\u00e3o"},"content":{"rendered":"<p style=\"color: #343434;\">\u00abAgora, Senhor, ajuda-nos! Doa-nos a paz, ensina-nos a paz, guia-nos para a paz. Abre os nossos olhos e cora\u00e7\u00f5es e doa-nos a coragem de dizer: \u201cnunca mais a guerra!\u201d; \u201ccom a guerra tudo se destr\u00f3i!\u201d. Infunde em n\u00f3s a coragem de realizar gestos concretos para construir a paz&#8230; Torna-nos dispon\u00edveis para escutar o grito dos nossos cidad\u00e3os que nos pedem para transformar as nossas armas em instrumentos de paz, os nossos medos em confian\u00e7a e as nossas tens\u00f5es em perd\u00e3o\u00bb. Foi a ora\u00e7\u00e3o do Papa Francisco pela paz na Terra Santa. Mais uma vez o Pont\u00edfice rezou e pediu para rezar pela paz, n\u00e3o obstante a linguagem que se fala naquelas terras ainda tenha um acre sabor de \u00f3dio, de viol\u00eancia e de sangue de muitos inocentes. \u00abDirijo a todos v\u00f3s \u2013 disse no domingo 13 de Julho aos fi\u00e9is reunidos na pra\u00e7a de S\u00e3o Pedro para recitar com ele o Angelus \u2013 um sentido apelo a continuar a rezar com insist\u00eancia pela paz na Terra Santa \u00e0 luz dos tr\u00e1gicos eventos dos \u00faltimos dias\u00bb. E recordando o encontro de 8 de Junho passado com o patriarca Bartolomeu e com os presidentes Peres e Abbas \u2013 \u00abjuntamente com os quais invocamos o dom da paz e escutamos a chamada a interromper a espiral do \u00f3dio e da viol\u00eancia\u00bb \u2013 reafirmou com for\u00e7a que, embora alguns possam pensar \u00abque tal encontro tenha sido realizado em v\u00e3o\u00bb, \u00e9 precisamente \u00aba ora\u00e7\u00e3o que nos ajuda a n\u00e3o nos deixarmos vencer pelo mal nem nos resignarmos ao predom\u00ednio da viol\u00eancia e do \u00f3dio sobre o di\u00e1logo e a reconcilia\u00e7\u00e3o\u00bb.<\/p>\n<p style=\"color: #343434;\">Portanto, um apelo duplo. \u00c0s partes interessadas e a quantos t\u00eam responsabilidades pol\u00edticas: \u00aba n\u00e3o poupar ora\u00e7\u00e3o nem esfor\u00e7o algum para fazer cessar todas as hostilidades e obter a paz desejada para o bem de todos\u00bb; aos fi\u00e9is: a seguir o exemplo da Virgem Maria, da sua ora\u00e7\u00e3o silenciosa. E a pra\u00e7a respondeu com um sil\u00eancio eloquente.<\/p>\n<p style=\"color: #343434;\">Pouco antes o Papa Francisco recordou a par\u00e1bola do semeador que lan\u00e7a as sementes em qualquer terreno, mas s\u00f3 de um deles colhe frutos. \u00c9 importante continuar a lan\u00e7ar a semente boa, depois ser\u00e1 o terreno que frutificar\u00e1. Contudo, este terreno deve ser preparado.<\/p>\n<p style=\"color: #343434;\"><em>Fonte: News.Va<\/em><\/p>\n<div id=\"themify_builder_content-47776\" data-postid=\"47776\" class=\"themify_builder_content themify_builder_content-47776 themify_builder themify_builder_front\">\n\t<\/div>\n<!-- \/themify_builder_content -->","protected":false},"excerpt":{"rendered":"<p>\u00abAgora, Senhor, ajuda-nos! Doa-nos a paz, ensina-nos a paz, guia-nos para a paz. Abre os nossos olhos e cora\u00e7\u00f5es e doa-nos a coragem de dizer: \u201cnunca mais a guerra!\u201d; \u201ccom a guerra tudo se destr\u00f3i!\u201d. Infunde em n\u00f3s a coragem de realizar gestos concretos para construir a paz&#8230; Torna-nos dispon\u00edveis para escutar o grito dos [&hellip;]<\/p>\n","protected":false},"author":5,"featured_media":0,"comment_status":"open","ping_status":"open","sticky":false,"template":"","format":"standard","meta":{"ngg_post_thumbnail":0,"footnotes":""},"categories":[8],"tags":[14,2433,1981,167,699],"yoast_head":"<!-- This site is optimized with the Yoast SEO plugin v23.5 - https:\/\/yoast.com\/wordpress\/plugins\/seo\/ -->\n<title>A ora\u00e7\u00e3o pela paz nunca \u00e9 em v\u00e3o - O Arcanjo no ar<\/title>\n<meta name=\"robots\" content=\"index, follow, max-snippet:-1, max-image-preview:large, max-video-preview:-1\" \/>\n<link rel=\"canonical\" href=\"https:\/\/www.oarcanjo.net\/site\/a-oracao-pela-paz-nunca-e-em-vao\/\" \/>\n<meta property=\"og:locale\" content=\"pt_BR\" \/>\n<meta property=\"og:type\" content=\"article\" \/>\n<meta property=\"og:title\" content=\"A ora\u00e7\u00e3o pela paz nunca \u00e9 em v\u00e3o - O Arcanjo no ar\" \/>\n<meta property=\"og:description\" content=\"\u00abAgora, Senhor, ajuda-nos! Doa-nos a paz, ensina-nos a paz, guia-nos para a paz. Abre os nossos olhos e cora\u00e7\u00f5es e doa-nos a coragem de dizer: \u201cnunca mais a guerra!\u201d; \u201ccom a guerra tudo se destr\u00f3i!\u201d. Infunde em n\u00f3s a coragem de realizar gestos concretos para construir a paz&#8230; Torna-nos dispon\u00edveis para escutar o grito dos [&hellip;]\" \/>\n<meta property=\"og:url\" content=\"https:\/\/www.oarcanjo.net\/site\/a-oracao-pela-paz-nunca-e-em-vao\/\" \/>\n<meta property=\"og:site_name\" content=\"O Arcanjo no ar\" \/>\n<meta property=\"article:publisher\" content=\"https:\/\/www.facebook.com\/OArcanjoNoAr\/\" \/>\n<meta property=\"article:published_time\" content=\"2014-07-15T03:07:28+00:00\" \/>\n<meta property=\"og:image\" content=\"https:\/\/www.oarcanjo.net\/site\/wp-content\/uploads\/logo-o-arcanjo-no-ar-facebook.png\" \/>\n\t<meta property=\"og:image:width\" content=\"300\" \/>\n\t<meta property=\"og:image:height\" content=\"300\" \/>\n\t<meta property=\"og:image:type\" content=\"image\/png\" \/>\n<meta name=\"author\" content=\"editor\" \/>\n<meta name=\"twitter:card\" content=\"summary_large_image\" \/>\n<meta name=\"twitter:label1\" content=\"Escrito por\" \/>\n\t<meta name=\"twitter:data1\" content=\"editor\" \/>\n\t<meta name=\"twitter:label2\" content=\"Est. tempo de leitura\" \/>\n\t<meta name=\"twitter:data2\" content=\"2 minutos\" \/>\n<script type=\"application\/ld+json\" class=\"yoast-schema-graph\">{\"@context\":\"https:\/\/schema.org\",\"@graph\":[{\"@type\":\"Article\",\"@id\":\"https:\/\/www.oarcanjo.net\/site\/a-oracao-pela-paz-nunca-e-em-vao\/#article\",\"isPartOf\":{\"@id\":\"https:\/\/www.oarcanjo.net\/site\/a-oracao-pela-paz-nunca-e-em-vao\/\"},\"author\":{\"name\":\"editor\",\"@id\":\"https:\/\/www.oarcanjo.net\/site\/#\/schema\/person\/f7024d007863202483a31326673a0838\"},\"headline\":\"A ora\u00e7\u00e3o pela paz nunca \u00e9 em v\u00e3o\",\"datePublished\":\"2014-07-15T03:07:28+00:00\",\"dateModified\":\"2014-07-15T03:07:28+00:00\",\"mainEntityOfPage\":{\"@id\":\"https:\/\/www.oarcanjo.net\/site\/a-oracao-pela-paz-nunca-e-em-vao\/\"},\"wordCount\":408,\"commentCount\":3,\"publisher\":{\"@id\":\"https:\/\/www.oarcanjo.net\/site\/#organization\"},\"keywords\":[\"ora\u00e7\u00e3o\",\"Papa Francisco\",\"par\u00e1bola do semeador\",\"paz\",\"Terra Santa\"],\"articleSection\":[\"Not\u00edcias\"],\"inLanguage\":\"pt-BR\",\"potentialAction\":[{\"@type\":\"CommentAction\",\"name\":\"Comment\",\"target\":[\"https:\/\/www.oarcanjo.net\/site\/a-oracao-pela-paz-nunca-e-em-vao\/#respond\"]}]},{\"@type\":\"WebPage\",\"@id\":\"https:\/\/www.oarcanjo.net\/site\/a-oracao-pela-paz-nunca-e-em-vao\/\",\"url\":\"https:\/\/www.oarcanjo.net\/site\/a-oracao-pela-paz-nunca-e-em-vao\/\",\"name\":\"A ora\u00e7\u00e3o pela paz nunca \u00e9 em v\u00e3o - O Arcanjo no ar\",\"isPartOf\":{\"@id\":\"https:\/\/www.oarcanjo.net\/site\/#website\"},\"datePublished\":\"2014-07-15T03:07:28+00:00\",\"dateModified\":\"2014-07-15T03:07:28+00:00\",\"breadcrumb\":{\"@id\":\"https:\/\/www.oarcanjo.net\/site\/a-oracao-pela-paz-nunca-e-em-vao\/#breadcrumb\"},\"inLanguage\":\"pt-BR\",\"potentialAction\":[{\"@type\":\"ReadAction\",\"target\":[\"https:\/\/www.oarcanjo.net\/site\/a-oracao-pela-paz-nunca-e-em-vao\/\"]}]},{\"@type\":\"BreadcrumbList\",\"@id\":\"https:\/\/www.oarcanjo.net\/site\/a-oracao-pela-paz-nunca-e-em-vao\/#breadcrumb\",\"itemListElement\":[{\"@type\":\"ListItem\",\"position\":1,\"name\":\"In\u00edcio\",\"item\":\"https:\/\/www.oarcanjo.net\/site\/\"},{\"@type\":\"ListItem\",\"position\":2,\"name\":\"A ora\u00e7\u00e3o pela paz nunca \u00e9 em v\u00e3o\"}]},{\"@type\":\"WebSite\",\"@id\":\"https:\/\/www.oarcanjo.net\/site\/#website\",\"url\":\"https:\/\/www.oarcanjo.net\/site\/\",\"name\":\"O Arcanjo no ar\",\"description\":\"Site da Par\u00f3quia S\u00e3o Miguel Arcanjo (Arquidiocese de SP)\",\"publisher\":{\"@id\":\"https:\/\/www.oarcanjo.net\/site\/#organization\"},\"potentialAction\":[{\"@type\":\"SearchAction\",\"target\":{\"@type\":\"EntryPoint\",\"urlTemplate\":\"https:\/\/www.oarcanjo.net\/site\/?s={search_term_string}\"},\"query-input\":{\"@type\":\"PropertyValueSpecification\",\"valueRequired\":true,\"valueName\":\"search_term_string\"}}],\"inLanguage\":\"pt-BR\"},{\"@type\":\"Organization\",\"@id\":\"https:\/\/www.oarcanjo.net\/site\/#organization\",\"name\":\"Par\u00f3quia S\u00e3o Miguel Arcanjo\",\"url\":\"https:\/\/www.oarcanjo.net\/site\/\",\"logo\":{\"@type\":\"ImageObject\",\"inLanguage\":\"pt-BR\",\"@id\":\"https:\/\/www.oarcanjo.net\/site\/#\/schema\/logo\/image\/\",\"url\":\"https:\/\/www.oarcanjo.net\/site\/wp-content\/uploads\/LogoOArcanjo.png\",\"contentUrl\":\"https:\/\/www.oarcanjo.net\/site\/wp-content\/uploads\/LogoOArcanjo.png\",\"width\":319,\"height\":99,\"caption\":\"Par\u00f3quia S\u00e3o Miguel Arcanjo\"},\"image\":{\"@id\":\"https:\/\/www.oarcanjo.net\/site\/#\/schema\/logo\/image\/\"},\"sameAs\":[\"https:\/\/www.facebook.com\/OArcanjoNoAr\/\"]},{\"@type\":\"Person\",\"@id\":\"https:\/\/www.oarcanjo.net\/site\/#\/schema\/person\/f7024d007863202483a31326673a0838\",\"name\":\"editor\",\"sameAs\":[\"http:\/\/www.oarcanjo.net\"]}]}<\/script>\n<!-- \/ Yoast SEO plugin. -->","yoast_head_json":{"title":"A ora\u00e7\u00e3o pela paz nunca \u00e9 em v\u00e3o - O Arcanjo no ar","robots":{"index":"index","follow":"follow","max-snippet":"max-snippet:-1","max-image-preview":"max-image-preview:large","max-video-preview":"max-video-preview:-1"},"canonical":"https:\/\/www.oarcanjo.net\/site\/a-oracao-pela-paz-nunca-e-em-vao\/","og_locale":"pt_BR","og_type":"article","og_title":"A ora\u00e7\u00e3o pela paz nunca \u00e9 em v\u00e3o - O Arcanjo no ar","og_description":"\u00abAgora, Senhor, ajuda-nos! Doa-nos a paz, ensina-nos a paz, guia-nos para a paz. Abre os nossos olhos e cora\u00e7\u00f5es e doa-nos a coragem de dizer: \u201cnunca mais a guerra!\u201d; \u201ccom a guerra tudo se destr\u00f3i!\u201d. Infunde em n\u00f3s a coragem de realizar gestos concretos para construir a paz&#8230; Torna-nos dispon\u00edveis para escutar o grito dos [&hellip;]","og_url":"https:\/\/www.oarcanjo.net\/site\/a-oracao-pela-paz-nunca-e-em-vao\/","og_site_name":"O Arcanjo no ar","article_publisher":"https:\/\/www.facebook.com\/OArcanjoNoAr\/","article_published_time":"2014-07-15T03:07:28+00:00","og_image":[{"width":300,"height":300,"url":"https:\/\/www.oarcanjo.net\/site\/wp-content\/uploads\/logo-o-arcanjo-no-ar-facebook.png","type":"image\/png"}],"author":"editor","twitter_card":"summary_large_image","twitter_misc":{"Escrito por":"editor","Est. tempo de leitura":"2 minutos"},"schema":{"@context":"https:\/\/schema.org","@graph":[{"@type":"Article","@id":"https:\/\/www.oarcanjo.net\/site\/a-oracao-pela-paz-nunca-e-em-vao\/#article","isPartOf":{"@id":"https:\/\/www.oarcanjo.net\/site\/a-oracao-pela-paz-nunca-e-em-vao\/"},"author":{"name":"editor","@id":"https:\/\/www.oarcanjo.net\/site\/#\/schema\/person\/f7024d007863202483a31326673a0838"},"headline":"A ora\u00e7\u00e3o pela paz nunca \u00e9 em v\u00e3o","datePublished":"2014-07-15T03:07:28+00:00","dateModified":"2014-07-15T03:07:28+00:00","mainEntityOfPage":{"@id":"https:\/\/www.oarcanjo.net\/site\/a-oracao-pela-paz-nunca-e-em-vao\/"},"wordCount":408,"commentCount":3,"publisher":{"@id":"https:\/\/www.oarcanjo.net\/site\/#organization"},"keywords":["ora\u00e7\u00e3o","Papa Francisco","par\u00e1bola do semeador","paz","Terra Santa"],"articleSection":["Not\u00edcias"],"inLanguage":"pt-BR","potentialAction":[{"@type":"CommentAction","name":"Comment","target":["https:\/\/www.oarcanjo.net\/site\/a-oracao-pela-paz-nunca-e-em-vao\/#respond"]}]},{"@type":"WebPage","@id":"https:\/\/www.oarcanjo.net\/site\/a-oracao-pela-paz-nunca-e-em-vao\/","url":"https:\/\/www.oarcanjo.net\/site\/a-oracao-pela-paz-nunca-e-em-vao\/","name":"A ora\u00e7\u00e3o pela paz nunca \u00e9 em v\u00e3o - O Arcanjo no ar","isPartOf":{"@id":"https:\/\/www.oarcanjo.net\/site\/#website"},"datePublished":"2014-07-15T03:07:28+00:00","dateModified":"2014-07-15T03:07:28+00:00","breadcrumb":{"@id":"https:\/\/www.oarcanjo.net\/site\/a-oracao-pela-paz-nunca-e-em-vao\/#breadcrumb"},"inLanguage":"pt-BR","potentialAction":[{"@type":"ReadAction","target":["https:\/\/www.oarcanjo.net\/site\/a-oracao-pela-paz-nunca-e-em-vao\/"]}]},{"@type":"BreadcrumbList","@id":"https:\/\/www.oarcanjo.net\/site\/a-oracao-pela-paz-nunca-e-em-vao\/#breadcrumb","itemListElement":[{"@type":"ListItem","position":1,"name":"In\u00edcio","item":"https:\/\/www.oarcanjo.net\/site\/"},{"@type":"ListItem","position":2,"name":"A ora\u00e7\u00e3o pela paz nunca \u00e9 em v\u00e3o"}]},{"@type":"WebSite","@id":"https:\/\/www.oarcanjo.net\/site\/#website","url":"https:\/\/www.oarcanjo.net\/site\/","name":"O Arcanjo no ar","description":"Site da Par\u00f3quia S\u00e3o Miguel Arcanjo (Arquidiocese de SP)","publisher":{"@id":"https:\/\/www.oarcanjo.net\/site\/#organization"},"potentialAction":[{"@type":"SearchAction","target":{"@type":"EntryPoint","urlTemplate":"https:\/\/www.oarcanjo.net\/site\/?s={search_term_string}"},"query-input":{"@type":"PropertyValueSpecification","valueRequired":true,"valueName":"search_term_string"}}],"inLanguage":"pt-BR"},{"@type":"Organization","@id":"https:\/\/www.oarcanjo.net\/site\/#organization","name":"Par\u00f3quia S\u00e3o Miguel Arcanjo","url":"https:\/\/www.oarcanjo.net\/site\/","logo":{"@type":"ImageObject","inLanguage":"pt-BR","@id":"https:\/\/www.oarcanjo.net\/site\/#\/schema\/logo\/image\/","url":"https:\/\/www.oarcanjo.net\/site\/wp-content\/uploads\/LogoOArcanjo.png","contentUrl":"https:\/\/www.oarcanjo.net\/site\/wp-content\/uploads\/LogoOArcanjo.png","width":319,"height":99,"caption":"Par\u00f3quia S\u00e3o Miguel Arcanjo"},"image":{"@id":"https:\/\/www.oarcanjo.net\/site\/#\/schema\/logo\/image\/"},"sameAs":["https:\/\/www.facebook.com\/OArcanjoNoAr\/"]},{"@type":"Person","@id":"https:\/\/www.oarcanjo.net\/site\/#\/schema\/person\/f7024d007863202483a31326673a0838","name":"editor","sameAs":["http:\/\/www.oarcanjo.net"]}]}},"publishpress_future_action":{"enabled":false,"date":"2026-05-10 05:23:41","action":"category","newStatus":"draft","terms":[],"taxonomy":"category"},"publishpress_future_workflow_manual_trigger":{"enabledWorkflows":[]},"_links":{"self":[{"href":"https:\/\/www.oarcanjo.net\/site\/wp-json\/wp\/v2\/posts\/47776"}],"collection":[{"href":"https:\/\/www.oarcanjo.net\/site\/wp-json\/wp\/v2\/posts"}],"about":[{"href":"https:\/\/www.oarcanjo.net\/site\/wp-json\/wp\/v2\/types\/post"}],"author":[{"embeddable":true,"href":"https:\/\/www.oarcanjo.net\/site\/wp-json\/wp\/v2\/users\/5"}],"replies":[{"embeddable":true,"href":"https:\/\/www.oarcanjo.net\/site\/wp-json\/wp\/v2\/comments?post=47776"}],"version-history":[{"count":0,"href":"https:\/\/www.oarcanjo.net\/site\/wp-json\/wp\/v2\/posts\/47776\/revisions"}],"wp:attachment":[{"href":"https:\/\/www.oarcanjo.net\/site\/wp-json\/wp\/v2\/media?parent=47776"}],"wp:term":[{"taxonomy":"category","embeddable":true,"href":"https:\/\/www.oarcanjo.net\/site\/wp-json\/wp\/v2\/categories?post=47776"},{"taxonomy":"post_tag","embeddable":true,"href":"https:\/\/www.oarcanjo.net\/site\/wp-json\/wp\/v2\/tags?post=47776"}],"curies":[{"name":"wp","href":"https:\/\/api.w.org\/{rel}","templated":true}]}}