
{"id":47778,"date":"2014-07-15T00:11:15","date_gmt":"2014-07-15T03:11:15","guid":{"rendered":"http:\/\/www.oarcanjo.net\/site\/?p=47778"},"modified":"2014-07-15T00:11:15","modified_gmt":"2014-07-15T03:11:15","slug":"sinodo-de-outubro-a-familia-como-vai","status":"publish","type":"post","link":"https:\/\/www.oarcanjo.net\/site\/sinodo-de-outubro-a-familia-como-vai\/","title":{"rendered":"S\u00ednodo de outubro: a fam\u00edlia, como vai?"},"content":{"rendered":"<p><em>Cardeal Odilo Pedro Scherer<\/em><\/p>\n<p>No dia 25 de junho passado, o Conselho dos Direitos Humanos da ONU aprovou uma resolu\u00e7\u00e3o de \u201cprote\u00e7\u00e3o \u00e0 fam\u00edlia\u201d, reconhecendo-a como n\u00facleo natural, e fundamental da sociedade, com \u201cdireito \u00e0 prote\u00e7\u00e3o por parte da sociedade e do Estado\u201d.<\/p>\n<p>O Conselho ainda reconheceu que \u201ca fam\u00edlia tem a responsabilidade prim\u00e1ria de nutrir e proteger as crian\u00e7as, para o desenvolvimento completo e harmonioso de sua personalidade\u201d; e, para tanto, que estas \u201cdevem crescer num ambiente familiar e numa atmosfera de felicidade, amor e entendimento\u201d.<\/p>\n<p>Pareceria que a ONU aprovou o \u00f3bvio ao se referir ao direito das crian\u00e7as, pois \u00e9 dif\u00edcil imaginar que algu\u00e9m possa afirmar o contr\u00e1rio. Os problemas aparecem quando se tomam em considera\u00e7\u00e3o a fam\u00edlia e seu papel fundamental para a pessoa, a sociedade e o Estado; neste caso, a resolu\u00e7\u00e3o da ONU contraria uma tend\u00eancia bastante difundida de descren\u00e7a e at\u00e9 de abandono da fam\u00edlia, vista por muitos como institui\u00e7\u00e3o falida; n\u00e3o ser\u00e1, justamente, porque h\u00e1 uma forte percep\u00e7\u00e3o de que mais e mais crian\u00e7as, e n\u00e3o apenas elas, est\u00e3o expostas a graves problemas decorrentes da desestrutura\u00e7\u00e3o da fam\u00edlia e do seu desamparo por parte da sociedade e do Estado?<\/p>\n<p>A Igreja Cat\u00f3lica, que tem valorizado e defendido a fam\u00edlia e suas atribui\u00e7\u00f5es naturais, n\u00e3o desconhece as dificuldades que sacodem a institui\u00e7\u00e3o familiar; mas n\u00e3o a considera como um barco \u00e0 deriva, que deva ser abandonado \u00e0 pr\u00f3pria sorte. Mesmo em tempos de crise, a institui\u00e7\u00e3o familiar tem merecido o melhor dos esfor\u00e7os da Igreja, para ampar\u00e1-la e fortalec\u00ea-la em sua dignidade e fun\u00e7\u00e3o social.<\/p>\n<p>Compreende-se, assim, por que o papa Francisco convocou uma assembl\u00e9ia extraordin\u00e1ria do S\u00ednodo dos Bispos, com o objetivo de tratar dos atuais desafios da fam\u00edlia, que interpelam tamb\u00e9m a miss\u00e3o da pr\u00f3pria Igreja. Sendo o primeiro S\u00ednodo presidido por Francisco, pode-se intuir a import\u00e2ncia que ele d\u00e1 \u00e0 fam\u00edlia.<\/p>\n<p>No final de junho, foi publicado o Instrumento de trabalho do S\u00ednodo, um texto elaborado a partir das respostas a um amplo question\u00e1rio espalhado pelas dioceses do mundo inteiro, visando obter o conhecimento da atual situa\u00e7\u00e3o da fam\u00edlia e dos desafios por ela enfrentados nos diversos pa\u00edses e contextos culturais. Ainda n\u00e3o \u00e9 um documento conclusivo, mas uma proposta de reflex\u00e3o.<\/p>\n<p>As respostas trataram de uma lista extensa de situa\u00e7\u00f5es vividas pela fam\u00edlia, que v\u00e3o da difus\u00e3o dos ensinamentos da Igreja sobre a fam\u00edlia e o casamento, e sua recep\u00e7\u00e3o, ao trato da Igreja com tais quest\u00f5es, \u00e0s press\u00f5es culturais, econ\u00f4micas e morais sofridas pela fam\u00edlia; mas tamb\u00e9m contemplam as atuais realidades familiares, como as novas uni\u00f5es depois de uma separa\u00e7\u00e3o ou div\u00f3rcio e sua participa\u00e7\u00e3o na vida da Igreja; as uni\u00f5es sem formaliza\u00e7\u00e3o alguma, nem civil, nem religiosa; a aparente descren\u00e7a no casamento e na fam\u00edlia e a transmiss\u00e3o respons\u00e1vel da vida; a educa\u00e7\u00e3o dos filhos, cada vez mais fora da responsabilidade dos pais; as uni\u00f5es de pessoas do mesmo sexo, com a pretens\u00e3o de ter status de casamento e fam\u00edlia; as pol\u00edticas contr\u00e1rias ao casamento e \u00e0 fam\u00edlia em v\u00e1rias partes do mundo&#8230;<\/p>\n<p>N\u00e3o faltam quest\u00f5es antigas e novas, nem sempre ajustadas ao Evangelho e \u00e0 doutrina da Igreja. O que, ent\u00e3o, leva a Igreja, convocada pelo papa Francisco, a se debru\u00e7ar sobre essas quest\u00f5es, \u00e9 a preocupa\u00e7\u00e3o com as pessoas envolvidas nessas diversas situa\u00e7\u00f5es concretas, sem abandon\u00e1-las, nem lhes dar a impress\u00e3o de que a Igreja e o pr\u00f3prio Deus n\u00e3o t\u00eam mais nada para lhes oferecer. O Evangelho, de toda maneira, continua sendo \u201cboa nova\u201d de salva\u00e7\u00e3o e de vida para todos; as dificuldades atuais n\u00e3o s\u00e3o, nem devem ser, a refer\u00eancia \u00faltima para a fam\u00edlia e a pessoa humana.<\/p>\n<p>Participar\u00e3o da assembl\u00e9ia sinodal extraordin\u00e1ria os presidentes das Confer\u00eancias Episcopais, al\u00e9m de outras pessoas, a crit\u00e9rio do papa. N\u00e3o se espere que o S\u00ednodo v\u00e1 enfrentar esses temas de maneira pragm\u00e1tica, buscando apenas chegar a um simplista \u201cpode-n\u00e3o pode\u201d. As quest\u00f5es s\u00e3o profundas e n\u00e3o dependem de uma atitude voluntarista da Igreja, amold\u00e1vel aos humores do tempo e dos movimentos culturais.<\/p>\n<p>Elas se inscrevem numa crise antropol\u00f3gica e cultural aguda, que atinge a pr\u00f3pria pessoa humana, sua identidade e sentido. Quando o ser humano \u00e9 apreciado apenas do ponto de vista instrumental e utilitarista, ele passa a ser objeto de uso e meio para atingir objetivos de outras pessoas, da sociedade ou do Estado; e j\u00e1 n\u00e3o \u00e9 mais vista um fim em si mesmo, como ensinava Emmanuel Kant: \u201co ser humano nunca deve ser tido como um meio, mas sempre como um fim em si mesmo\u201d.<\/p>\n<p>Essa verdadeira deturpa\u00e7\u00e3o do sentido do ser humano tamb\u00e9m leva \u00e0 concep\u00e7\u00e3o da vida como aventura voltada sobre o pr\u00f3prio indiv\u00edduo, para o usufruto das sensa\u00e7\u00f5es do momento, sem o horizonte da alteridade, no qual ele encontra a sua verdadeira express\u00e3o e sua realiza\u00e7\u00e3o mais plena. E introduz uma grande desorienta\u00e7\u00e3o nas rela\u00e7\u00f5es humanas, no sentido do amor, bem como nas institui\u00e7\u00f5es sociais mais elementares, como o casamento e a fam\u00edlia, anteriores \u00e0 pr\u00f3pria sociedade organizada e ao Estado.<\/p>\n<p>A assembleia extraordin\u00e1ria do S\u00ednodo, deste ano, n\u00e3o dar\u00e1 uma palavra conclusiva sobre as quest\u00f5es postas, mas ser\u00e1 uma etapa do \u201ccaminho sinodal\u201d, que se concluir\u00e1 na 14\u00aa. assembl\u00e9ia ordin\u00e1ria do S\u00ednodo, em outubro de 2015. Agora, o objetivo \u00e9 fazer uma reflex\u00e3o aprofundada sobre a situa\u00e7\u00e3o da fam\u00edlia e do casamento, para compreender melhor os motivos da sua crise e discernir sobre as novas perspectivas que se abrem para a miss\u00e3o da Igreja.<\/p>\n<p>Em 2015, a reflex\u00e3o ser\u00e1 de fundo antropol\u00f3gico, sobre a pessoa humana e a fam\u00edlia \u00e0 luz da f\u00e9 crist\u00e3. Ent\u00e3o sim, ser\u00e1 o momento de oferecer diretrizes pastorais novas.<\/p>\n<div id=\"themify_builder_content-47778\" data-postid=\"47778\" class=\"themify_builder_content themify_builder_content-47778 themify_builder themify_builder_front\">\n\t<\/div>\n<!-- \/themify_builder_content -->","protected":false},"excerpt":{"rendered":"<p>Cardeal Odilo Pedro Scherer No dia 25 de junho passado, o Conselho dos Direitos Humanos da ONU aprovou uma resolu\u00e7\u00e3o de \u201cprote\u00e7\u00e3o \u00e0 fam\u00edlia\u201d, reconhecendo-a como n\u00facleo natural, e fundamental da sociedade, com \u201cdireito \u00e0 prote\u00e7\u00e3o por parte da sociedade e do Estado\u201d. O Conselho ainda reconheceu que \u201ca fam\u00edlia tem a responsabilidade prim\u00e1ria de [&hellip;]<\/p>\n","protected":false},"author":5,"featured_media":0,"comment_status":"open","ping_status":"open","sticky":false,"template":"","format":"standard","meta":{"ngg_post_thumbnail":0,"footnotes":""},"categories":[9],"tags":[3098,119,2705],"yoast_head":"<!-- This site is optimized with the Yoast SEO plugin v23.5 - https:\/\/yoast.com\/wordpress\/plugins\/seo\/ -->\n<title>S\u00ednodo de outubro: a fam\u00edlia, como vai? - O Arcanjo no ar<\/title>\n<meta name=\"robots\" content=\"index, follow, max-snippet:-1, max-image-preview:large, max-video-preview:-1\" \/>\n<link rel=\"canonical\" href=\"https:\/\/www.oarcanjo.net\/site\/sinodo-de-outubro-a-familia-como-vai\/\" \/>\n<meta property=\"og:locale\" content=\"pt_BR\" \/>\n<meta property=\"og:type\" content=\"article\" \/>\n<meta property=\"og:title\" content=\"S\u00ednodo de outubro: a fam\u00edlia, como vai? - O Arcanjo no ar\" \/>\n<meta property=\"og:description\" content=\"Cardeal Odilo Pedro Scherer No dia 25 de junho passado, o Conselho dos Direitos Humanos da ONU aprovou uma resolu\u00e7\u00e3o de \u201cprote\u00e7\u00e3o \u00e0 fam\u00edlia\u201d, reconhecendo-a como n\u00facleo natural, e fundamental da sociedade, com \u201cdireito \u00e0 prote\u00e7\u00e3o por parte da sociedade e do Estado\u201d. O Conselho ainda reconheceu que \u201ca fam\u00edlia tem a responsabilidade prim\u00e1ria de [&hellip;]\" \/>\n<meta property=\"og:url\" content=\"https:\/\/www.oarcanjo.net\/site\/sinodo-de-outubro-a-familia-como-vai\/\" \/>\n<meta property=\"og:site_name\" content=\"O Arcanjo no ar\" \/>\n<meta property=\"article:publisher\" content=\"https:\/\/www.facebook.com\/OArcanjoNoAr\/\" \/>\n<meta property=\"article:published_time\" content=\"2014-07-15T03:11:15+00:00\" \/>\n<meta property=\"og:image\" content=\"https:\/\/www.oarcanjo.net\/site\/wp-content\/uploads\/logo-o-arcanjo-no-ar-facebook.png\" \/>\n\t<meta property=\"og:image:width\" content=\"300\" \/>\n\t<meta property=\"og:image:height\" content=\"300\" \/>\n\t<meta property=\"og:image:type\" content=\"image\/png\" \/>\n<meta name=\"author\" content=\"editor\" \/>\n<meta name=\"twitter:card\" content=\"summary_large_image\" \/>\n<meta name=\"twitter:label1\" content=\"Escrito por\" \/>\n\t<meta name=\"twitter:data1\" content=\"editor\" \/>\n\t<meta name=\"twitter:label2\" content=\"Est. tempo de leitura\" \/>\n\t<meta name=\"twitter:data2\" content=\"5 minutos\" \/>\n<script type=\"application\/ld+json\" class=\"yoast-schema-graph\">{\"@context\":\"https:\/\/schema.org\",\"@graph\":[{\"@type\":\"Article\",\"@id\":\"https:\/\/www.oarcanjo.net\/site\/sinodo-de-outubro-a-familia-como-vai\/#article\",\"isPartOf\":{\"@id\":\"https:\/\/www.oarcanjo.net\/site\/sinodo-de-outubro-a-familia-como-vai\/\"},\"author\":{\"name\":\"editor\",\"@id\":\"https:\/\/www.oarcanjo.net\/site\/#\/schema\/person\/f7024d007863202483a31326673a0838\"},\"headline\":\"S\u00ednodo de outubro: a fam\u00edlia, como vai?\",\"datePublished\":\"2014-07-15T03:11:15+00:00\",\"dateModified\":\"2014-07-15T03:11:15+00:00\",\"mainEntityOfPage\":{\"@id\":\"https:\/\/www.oarcanjo.net\/site\/sinodo-de-outubro-a-familia-como-vai\/\"},\"wordCount\":1070,\"commentCount\":0,\"publisher\":{\"@id\":\"https:\/\/www.oarcanjo.net\/site\/#organization\"},\"keywords\":[\"Conselho dos Direitos Humanos da ONU\",\"fam\u00edlia\",\"S\u00ednodo dos Bispos\"],\"articleSection\":[\"Reflex\u00f5es\"],\"inLanguage\":\"pt-BR\",\"potentialAction\":[{\"@type\":\"CommentAction\",\"name\":\"Comment\",\"target\":[\"https:\/\/www.oarcanjo.net\/site\/sinodo-de-outubro-a-familia-como-vai\/#respond\"]}]},{\"@type\":\"WebPage\",\"@id\":\"https:\/\/www.oarcanjo.net\/site\/sinodo-de-outubro-a-familia-como-vai\/\",\"url\":\"https:\/\/www.oarcanjo.net\/site\/sinodo-de-outubro-a-familia-como-vai\/\",\"name\":\"S\u00ednodo de outubro: a fam\u00edlia, como vai? - O Arcanjo no ar\",\"isPartOf\":{\"@id\":\"https:\/\/www.oarcanjo.net\/site\/#website\"},\"datePublished\":\"2014-07-15T03:11:15+00:00\",\"dateModified\":\"2014-07-15T03:11:15+00:00\",\"breadcrumb\":{\"@id\":\"https:\/\/www.oarcanjo.net\/site\/sinodo-de-outubro-a-familia-como-vai\/#breadcrumb\"},\"inLanguage\":\"pt-BR\",\"potentialAction\":[{\"@type\":\"ReadAction\",\"target\":[\"https:\/\/www.oarcanjo.net\/site\/sinodo-de-outubro-a-familia-como-vai\/\"]}]},{\"@type\":\"BreadcrumbList\",\"@id\":\"https:\/\/www.oarcanjo.net\/site\/sinodo-de-outubro-a-familia-como-vai\/#breadcrumb\",\"itemListElement\":[{\"@type\":\"ListItem\",\"position\":1,\"name\":\"In\u00edcio\",\"item\":\"https:\/\/www.oarcanjo.net\/site\/\"},{\"@type\":\"ListItem\",\"position\":2,\"name\":\"S\u00ednodo de outubro: a fam\u00edlia, como vai?\"}]},{\"@type\":\"WebSite\",\"@id\":\"https:\/\/www.oarcanjo.net\/site\/#website\",\"url\":\"https:\/\/www.oarcanjo.net\/site\/\",\"name\":\"O Arcanjo no ar\",\"description\":\"Site da Par\u00f3quia S\u00e3o Miguel Arcanjo (Arquidiocese de SP)\",\"publisher\":{\"@id\":\"https:\/\/www.oarcanjo.net\/site\/#organization\"},\"potentialAction\":[{\"@type\":\"SearchAction\",\"target\":{\"@type\":\"EntryPoint\",\"urlTemplate\":\"https:\/\/www.oarcanjo.net\/site\/?s={search_term_string}\"},\"query-input\":{\"@type\":\"PropertyValueSpecification\",\"valueRequired\":true,\"valueName\":\"search_term_string\"}}],\"inLanguage\":\"pt-BR\"},{\"@type\":\"Organization\",\"@id\":\"https:\/\/www.oarcanjo.net\/site\/#organization\",\"name\":\"Par\u00f3quia S\u00e3o Miguel Arcanjo\",\"url\":\"https:\/\/www.oarcanjo.net\/site\/\",\"logo\":{\"@type\":\"ImageObject\",\"inLanguage\":\"pt-BR\",\"@id\":\"https:\/\/www.oarcanjo.net\/site\/#\/schema\/logo\/image\/\",\"url\":\"https:\/\/www.oarcanjo.net\/site\/wp-content\/uploads\/LogoOArcanjo.png\",\"contentUrl\":\"https:\/\/www.oarcanjo.net\/site\/wp-content\/uploads\/LogoOArcanjo.png\",\"width\":319,\"height\":99,\"caption\":\"Par\u00f3quia S\u00e3o Miguel Arcanjo\"},\"image\":{\"@id\":\"https:\/\/www.oarcanjo.net\/site\/#\/schema\/logo\/image\/\"},\"sameAs\":[\"https:\/\/www.facebook.com\/OArcanjoNoAr\/\"]},{\"@type\":\"Person\",\"@id\":\"https:\/\/www.oarcanjo.net\/site\/#\/schema\/person\/f7024d007863202483a31326673a0838\",\"name\":\"editor\",\"sameAs\":[\"http:\/\/www.oarcanjo.net\"]}]}<\/script>\n<!-- \/ Yoast SEO plugin. -->","yoast_head_json":{"title":"S\u00ednodo de outubro: a fam\u00edlia, como vai? - O Arcanjo no ar","robots":{"index":"index","follow":"follow","max-snippet":"max-snippet:-1","max-image-preview":"max-image-preview:large","max-video-preview":"max-video-preview:-1"},"canonical":"https:\/\/www.oarcanjo.net\/site\/sinodo-de-outubro-a-familia-como-vai\/","og_locale":"pt_BR","og_type":"article","og_title":"S\u00ednodo de outubro: a fam\u00edlia, como vai? - O Arcanjo no ar","og_description":"Cardeal Odilo Pedro Scherer No dia 25 de junho passado, o Conselho dos Direitos Humanos da ONU aprovou uma resolu\u00e7\u00e3o de \u201cprote\u00e7\u00e3o \u00e0 fam\u00edlia\u201d, reconhecendo-a como n\u00facleo natural, e fundamental da sociedade, com \u201cdireito \u00e0 prote\u00e7\u00e3o por parte da sociedade e do Estado\u201d. O Conselho ainda reconheceu que \u201ca fam\u00edlia tem a responsabilidade prim\u00e1ria de [&hellip;]","og_url":"https:\/\/www.oarcanjo.net\/site\/sinodo-de-outubro-a-familia-como-vai\/","og_site_name":"O Arcanjo no ar","article_publisher":"https:\/\/www.facebook.com\/OArcanjoNoAr\/","article_published_time":"2014-07-15T03:11:15+00:00","og_image":[{"width":300,"height":300,"url":"https:\/\/www.oarcanjo.net\/site\/wp-content\/uploads\/logo-o-arcanjo-no-ar-facebook.png","type":"image\/png"}],"author":"editor","twitter_card":"summary_large_image","twitter_misc":{"Escrito por":"editor","Est. tempo de leitura":"5 minutos"},"schema":{"@context":"https:\/\/schema.org","@graph":[{"@type":"Article","@id":"https:\/\/www.oarcanjo.net\/site\/sinodo-de-outubro-a-familia-como-vai\/#article","isPartOf":{"@id":"https:\/\/www.oarcanjo.net\/site\/sinodo-de-outubro-a-familia-como-vai\/"},"author":{"name":"editor","@id":"https:\/\/www.oarcanjo.net\/site\/#\/schema\/person\/f7024d007863202483a31326673a0838"},"headline":"S\u00ednodo de outubro: a fam\u00edlia, como vai?","datePublished":"2014-07-15T03:11:15+00:00","dateModified":"2014-07-15T03:11:15+00:00","mainEntityOfPage":{"@id":"https:\/\/www.oarcanjo.net\/site\/sinodo-de-outubro-a-familia-como-vai\/"},"wordCount":1070,"commentCount":0,"publisher":{"@id":"https:\/\/www.oarcanjo.net\/site\/#organization"},"keywords":["Conselho dos Direitos Humanos da ONU","fam\u00edlia","S\u00ednodo dos Bispos"],"articleSection":["Reflex\u00f5es"],"inLanguage":"pt-BR","potentialAction":[{"@type":"CommentAction","name":"Comment","target":["https:\/\/www.oarcanjo.net\/site\/sinodo-de-outubro-a-familia-como-vai\/#respond"]}]},{"@type":"WebPage","@id":"https:\/\/www.oarcanjo.net\/site\/sinodo-de-outubro-a-familia-como-vai\/","url":"https:\/\/www.oarcanjo.net\/site\/sinodo-de-outubro-a-familia-como-vai\/","name":"S\u00ednodo de outubro: a fam\u00edlia, como vai? - O Arcanjo no ar","isPartOf":{"@id":"https:\/\/www.oarcanjo.net\/site\/#website"},"datePublished":"2014-07-15T03:11:15+00:00","dateModified":"2014-07-15T03:11:15+00:00","breadcrumb":{"@id":"https:\/\/www.oarcanjo.net\/site\/sinodo-de-outubro-a-familia-como-vai\/#breadcrumb"},"inLanguage":"pt-BR","potentialAction":[{"@type":"ReadAction","target":["https:\/\/www.oarcanjo.net\/site\/sinodo-de-outubro-a-familia-como-vai\/"]}]},{"@type":"BreadcrumbList","@id":"https:\/\/www.oarcanjo.net\/site\/sinodo-de-outubro-a-familia-como-vai\/#breadcrumb","itemListElement":[{"@type":"ListItem","position":1,"name":"In\u00edcio","item":"https:\/\/www.oarcanjo.net\/site\/"},{"@type":"ListItem","position":2,"name":"S\u00ednodo de outubro: a fam\u00edlia, como vai?"}]},{"@type":"WebSite","@id":"https:\/\/www.oarcanjo.net\/site\/#website","url":"https:\/\/www.oarcanjo.net\/site\/","name":"O Arcanjo no ar","description":"Site da Par\u00f3quia S\u00e3o Miguel Arcanjo (Arquidiocese de SP)","publisher":{"@id":"https:\/\/www.oarcanjo.net\/site\/#organization"},"potentialAction":[{"@type":"SearchAction","target":{"@type":"EntryPoint","urlTemplate":"https:\/\/www.oarcanjo.net\/site\/?s={search_term_string}"},"query-input":{"@type":"PropertyValueSpecification","valueRequired":true,"valueName":"search_term_string"}}],"inLanguage":"pt-BR"},{"@type":"Organization","@id":"https:\/\/www.oarcanjo.net\/site\/#organization","name":"Par\u00f3quia S\u00e3o Miguel Arcanjo","url":"https:\/\/www.oarcanjo.net\/site\/","logo":{"@type":"ImageObject","inLanguage":"pt-BR","@id":"https:\/\/www.oarcanjo.net\/site\/#\/schema\/logo\/image\/","url":"https:\/\/www.oarcanjo.net\/site\/wp-content\/uploads\/LogoOArcanjo.png","contentUrl":"https:\/\/www.oarcanjo.net\/site\/wp-content\/uploads\/LogoOArcanjo.png","width":319,"height":99,"caption":"Par\u00f3quia S\u00e3o Miguel Arcanjo"},"image":{"@id":"https:\/\/www.oarcanjo.net\/site\/#\/schema\/logo\/image\/"},"sameAs":["https:\/\/www.facebook.com\/OArcanjoNoAr\/"]},{"@type":"Person","@id":"https:\/\/www.oarcanjo.net\/site\/#\/schema\/person\/f7024d007863202483a31326673a0838","name":"editor","sameAs":["http:\/\/www.oarcanjo.net"]}]}},"publishpress_future_action":{"enabled":false,"date":"2026-05-08 19:06:00","action":"category","newStatus":"draft","terms":[],"taxonomy":"category"},"publishpress_future_workflow_manual_trigger":{"enabledWorkflows":[]},"_links":{"self":[{"href":"https:\/\/www.oarcanjo.net\/site\/wp-json\/wp\/v2\/posts\/47778"}],"collection":[{"href":"https:\/\/www.oarcanjo.net\/site\/wp-json\/wp\/v2\/posts"}],"about":[{"href":"https:\/\/www.oarcanjo.net\/site\/wp-json\/wp\/v2\/types\/post"}],"author":[{"embeddable":true,"href":"https:\/\/www.oarcanjo.net\/site\/wp-json\/wp\/v2\/users\/5"}],"replies":[{"embeddable":true,"href":"https:\/\/www.oarcanjo.net\/site\/wp-json\/wp\/v2\/comments?post=47778"}],"version-history":[{"count":0,"href":"https:\/\/www.oarcanjo.net\/site\/wp-json\/wp\/v2\/posts\/47778\/revisions"}],"wp:attachment":[{"href":"https:\/\/www.oarcanjo.net\/site\/wp-json\/wp\/v2\/media?parent=47778"}],"wp:term":[{"taxonomy":"category","embeddable":true,"href":"https:\/\/www.oarcanjo.net\/site\/wp-json\/wp\/v2\/categories?post=47778"},{"taxonomy":"post_tag","embeddable":true,"href":"https:\/\/www.oarcanjo.net\/site\/wp-json\/wp\/v2\/tags?post=47778"}],"curies":[{"name":"wp","href":"https:\/\/api.w.org\/{rel}","templated":true}]}}