
{"id":4782,"date":"2009-08-17T21:20:46","date_gmt":"2009-08-18T00:20:46","guid":{"rendered":"http:\/\/www.oarcanjo.net\/site\/?p=4782"},"modified":"2009-09-06T13:31:12","modified_gmt":"2009-09-06T16:31:12","slug":"turma-da-monica-especial-michael-jackson","status":"publish","type":"post","link":"https:\/\/www.oarcanjo.net\/site\/turma-da-monica-especial-michael-jackson\/","title":{"rendered":"Turma da M\u00f4nica : Especial Michael Jackson"},"content":{"rendered":"<p>Na semana passada as nossas bancas receberam um novo gibi da Turma da M\u00f4nica de Maur\u00edcio de Souza que este ano faz 50 anos de carreira como escritor da hist\u00f3rias dessa turma t\u00e3o animada que todos gostam n\u00e3o importando a idade sempre gostaremos mas at\u00e9 a\u00ed parece tudo normal mas esse novo gibi que j\u00e1 est\u00e1 dispon\u00edvel \u00e9 uma edi\u00e7\u00e3o especial em homenagem a Michael Jackson que j\u00e1 est\u00e1 com nosso Deus est\u00e1 edi\u00e7\u00e3o h\u00e1 seis historinhas sobre este grande astro.No\u00a0gibi um dos desenhistas diz que ele ser\u00e1 eterno e est\u00e1\u00a0\u00e9 uma verdade ele ser\u00e1 eterno em nossos cora\u00e7\u00f5es.<\/p>\n<p><img loading=\"lazy\" decoding=\"async\" class=\"aligncenter size-medium wp-image-4783\" src=\"http:\/\/www.oarcanjo.net\/site\/wp-content\/uploads\/MNEspecialMaicoJeca-207x300.jpg\" alt=\"Gibi em homenagem a Michael Jackson\" width=\"207\" height=\"300\" srcset=\"https:\/\/www.oarcanjo.net\/site\/wp-content\/uploads\/MNEspecialMaicoJeca-207x300.jpg 207w, https:\/\/www.oarcanjo.net\/site\/wp-content\/uploads\/MNEspecialMaicoJeca.jpg 276w\" sizes=\"(max-width: 207px) 100vw, 207px\" \/><\/p>\n<div id=\"themify_builder_content-4782\" data-postid=\"4782\" class=\"themify_builder_content themify_builder_content-4782 themify_builder themify_builder_front\">\n\t<\/div>\n<!-- \/themify_builder_content -->","protected":false},"excerpt":{"rendered":"<p>Na semana passada as nossas bancas receberam um novo gibi da Turma da M\u00f4nica de Maur\u00edcio de Souza que este ano faz 50 anos de carreira como escritor da hist\u00f3rias dessa turma t\u00e3o animada que todos gostam n\u00e3o importando a idade sempre gostaremos mas at\u00e9 a\u00ed parece tudo normal mas esse novo gibi que j\u00e1 [&hellip;]<\/p>\n","protected":false},"author":12,"featured_media":0,"comment_status":"open","ping_status":"open","sticky":false,"template":"","format":"standard","meta":{"ngg_post_thumbnail":0,"footnotes":""},"categories":[395],"tags":[],"yoast_head":"<!-- This site is optimized with the Yoast SEO plugin v23.5 - https:\/\/yoast.com\/wordpress\/plugins\/seo\/ -->\n<title>Turma da M\u00f4nica : Especial Michael Jackson - O Arcanjo no ar<\/title>\n<meta name=\"robots\" content=\"index, follow, max-snippet:-1, max-image-preview:large, max-video-preview:-1\" \/>\n<link rel=\"canonical\" href=\"https:\/\/www.oarcanjo.net\/site\/turma-da-monica-especial-michael-jackson\/\" \/>\n<meta property=\"og:locale\" content=\"pt_BR\" \/>\n<meta property=\"og:type\" content=\"article\" \/>\n<meta property=\"og:title\" content=\"Turma da M\u00f4nica : Especial Michael Jackson - O Arcanjo no ar\" \/>\n<meta property=\"og:description\" content=\"Na semana passada as nossas bancas receberam um novo gibi da Turma da M\u00f4nica de Maur\u00edcio de Souza que este ano faz 50 anos de carreira como escritor da hist\u00f3rias dessa turma t\u00e3o animada que todos gostam n\u00e3o importando a idade sempre gostaremos mas at\u00e9 a\u00ed parece tudo normal mas esse novo gibi que j\u00e1 [&hellip;]\" \/>\n<meta property=\"og:url\" content=\"https:\/\/www.oarcanjo.net\/site\/turma-da-monica-especial-michael-jackson\/\" \/>\n<meta property=\"og:site_name\" content=\"O Arcanjo no ar\" \/>\n<meta property=\"article:publisher\" content=\"https:\/\/www.facebook.com\/OArcanjoNoAr\/\" \/>\n<meta property=\"article:published_time\" content=\"2009-08-18T00:20:46+00:00\" \/>\n<meta property=\"article:modified_time\" content=\"2009-09-06T16:31:12+00:00\" \/>\n<meta property=\"og:image\" content=\"http:\/\/www.oarcanjo.net\/site\/wp-content\/uploads\/MNEspecialMaicoJeca-207x300.jpg\" \/>\n<meta name=\"author\" content=\"mariana\" \/>\n<meta name=\"twitter:card\" content=\"summary_large_image\" \/>\n<meta name=\"twitter:label1\" content=\"Escrito por\" \/>\n\t<meta name=\"twitter:data1\" content=\"mariana\" \/>\n\t<meta name=\"twitter:label2\" content=\"Est. tempo de leitura\" \/>\n\t<meta name=\"twitter:data2\" content=\"1 minuto\" \/>\n<script type=\"application\/ld+json\" class=\"yoast-schema-graph\">{\"@context\":\"https:\/\/schema.org\",\"@graph\":[{\"@type\":\"Article\",\"@id\":\"https:\/\/www.oarcanjo.net\/site\/turma-da-monica-especial-michael-jackson\/#article\",\"isPartOf\":{\"@id\":\"https:\/\/www.oarcanjo.net\/site\/turma-da-monica-especial-michael-jackson\/\"},\"author\":{\"name\":\"mariana\",\"@id\":\"https:\/\/www.oarcanjo.net\/site\/#\/schema\/person\/e54a5c62347067e278a5d0cf64f6a6e6\"},\"headline\":\"Turma da M\u00f4nica : Especial Michael Jackson\",\"datePublished\":\"2009-08-18T00:20:46+00:00\",\"dateModified\":\"2009-09-06T16:31:12+00:00\",\"mainEntityOfPage\":{\"@id\":\"https:\/\/www.oarcanjo.net\/site\/turma-da-monica-especial-michael-jackson\/\"},\"wordCount\":115,\"commentCount\":2,\"publisher\":{\"@id\":\"https:\/\/www.oarcanjo.net\/site\/#organization\"},\"image\":{\"@id\":\"https:\/\/www.oarcanjo.net\/site\/turma-da-monica-especial-michael-jackson\/#primaryimage\"},\"thumbnailUrl\":\"http:\/\/www.oarcanjo.net\/site\/wp-content\/uploads\/MNEspecialMaicoJeca-207x300.jpg\",\"articleSection\":[\"Jovens\"],\"inLanguage\":\"pt-BR\",\"potentialAction\":[{\"@type\":\"CommentAction\",\"name\":\"Comment\",\"target\":[\"https:\/\/www.oarcanjo.net\/site\/turma-da-monica-especial-michael-jackson\/#respond\"]}]},{\"@type\":\"WebPage\",\"@id\":\"https:\/\/www.oarcanjo.net\/site\/turma-da-monica-especial-michael-jackson\/\",\"url\":\"https:\/\/www.oarcanjo.net\/site\/turma-da-monica-especial-michael-jackson\/\",\"name\":\"Turma da M\u00f4nica : Especial Michael Jackson - O Arcanjo no ar\",\"isPartOf\":{\"@id\":\"https:\/\/www.oarcanjo.net\/site\/#website\"},\"primaryImageOfPage\":{\"@id\":\"https:\/\/www.oarcanjo.net\/site\/turma-da-monica-especial-michael-jackson\/#primaryimage\"},\"image\":{\"@id\":\"https:\/\/www.oarcanjo.net\/site\/turma-da-monica-especial-michael-jackson\/#primaryimage\"},\"thumbnailUrl\":\"http:\/\/www.oarcanjo.net\/site\/wp-content\/uploads\/MNEspecialMaicoJeca-207x300.jpg\",\"datePublished\":\"2009-08-18T00:20:46+00:00\",\"dateModified\":\"2009-09-06T16:31:12+00:00\",\"breadcrumb\":{\"@id\":\"https:\/\/www.oarcanjo.net\/site\/turma-da-monica-especial-michael-jackson\/#breadcrumb\"},\"inLanguage\":\"pt-BR\",\"potentialAction\":[{\"@type\":\"ReadAction\",\"target\":[\"https:\/\/www.oarcanjo.net\/site\/turma-da-monica-especial-michael-jackson\/\"]}]},{\"@type\":\"ImageObject\",\"inLanguage\":\"pt-BR\",\"@id\":\"https:\/\/www.oarcanjo.net\/site\/turma-da-monica-especial-michael-jackson\/#primaryimage\",\"url\":\"https:\/\/www.oarcanjo.net\/site\/wp-content\/uploads\/MNEspecialMaicoJeca.jpg\",\"contentUrl\":\"https:\/\/www.oarcanjo.net\/site\/wp-content\/uploads\/MNEspecialMaicoJeca.jpg\",\"width\":\"276\",\"height\":\"400\"},{\"@type\":\"BreadcrumbList\",\"@id\":\"https:\/\/www.oarcanjo.net\/site\/turma-da-monica-especial-michael-jackson\/#breadcrumb\",\"itemListElement\":[{\"@type\":\"ListItem\",\"position\":1,\"name\":\"In\u00edcio\",\"item\":\"https:\/\/www.oarcanjo.net\/site\/\"},{\"@type\":\"ListItem\",\"position\":2,\"name\":\"Turma da M\u00f4nica : Especial Michael Jackson\"}]},{\"@type\":\"WebSite\",\"@id\":\"https:\/\/www.oarcanjo.net\/site\/#website\",\"url\":\"https:\/\/www.oarcanjo.net\/site\/\",\"name\":\"O Arcanjo no ar\",\"description\":\"Site da Par\u00f3quia S\u00e3o Miguel Arcanjo (Arquidiocese de SP)\",\"publisher\":{\"@id\":\"https:\/\/www.oarcanjo.net\/site\/#organization\"},\"potentialAction\":[{\"@type\":\"SearchAction\",\"target\":{\"@type\":\"EntryPoint\",\"urlTemplate\":\"https:\/\/www.oarcanjo.net\/site\/?s={search_term_string}\"},\"query-input\":{\"@type\":\"PropertyValueSpecification\",\"valueRequired\":true,\"valueName\":\"search_term_string\"}}],\"inLanguage\":\"pt-BR\"},{\"@type\":\"Organization\",\"@id\":\"https:\/\/www.oarcanjo.net\/site\/#organization\",\"name\":\"Par\u00f3quia S\u00e3o Miguel Arcanjo\",\"url\":\"https:\/\/www.oarcanjo.net\/site\/\",\"logo\":{\"@type\":\"ImageObject\",\"inLanguage\":\"pt-BR\",\"@id\":\"https:\/\/www.oarcanjo.net\/site\/#\/schema\/logo\/image\/\",\"url\":\"https:\/\/www.oarcanjo.net\/site\/wp-content\/uploads\/LogoOArcanjo.png\",\"contentUrl\":\"https:\/\/www.oarcanjo.net\/site\/wp-content\/uploads\/LogoOArcanjo.png\",\"width\":319,\"height\":99,\"caption\":\"Par\u00f3quia S\u00e3o Miguel Arcanjo\"},\"image\":{\"@id\":\"https:\/\/www.oarcanjo.net\/site\/#\/schema\/logo\/image\/\"},\"sameAs\":[\"https:\/\/www.facebook.com\/OArcanjoNoAr\/\"]},{\"@type\":\"Person\",\"@id\":\"https:\/\/www.oarcanjo.net\/site\/#\/schema\/person\/e54a5c62347067e278a5d0cf64f6a6e6\",\"name\":\"mariana\"}]}<\/script>\n<!-- \/ Yoast SEO plugin. -->","yoast_head_json":{"title":"Turma da M\u00f4nica : Especial Michael Jackson - O Arcanjo no ar","robots":{"index":"index","follow":"follow","max-snippet":"max-snippet:-1","max-image-preview":"max-image-preview:large","max-video-preview":"max-video-preview:-1"},"canonical":"https:\/\/www.oarcanjo.net\/site\/turma-da-monica-especial-michael-jackson\/","og_locale":"pt_BR","og_type":"article","og_title":"Turma da M\u00f4nica : Especial Michael Jackson - O Arcanjo no ar","og_description":"Na semana passada as nossas bancas receberam um novo gibi da Turma da M\u00f4nica de Maur\u00edcio de Souza que este ano faz 50 anos de carreira como escritor da hist\u00f3rias dessa turma t\u00e3o animada que todos gostam n\u00e3o importando a idade sempre gostaremos mas at\u00e9 a\u00ed parece tudo normal mas esse novo gibi que j\u00e1 [&hellip;]","og_url":"https:\/\/www.oarcanjo.net\/site\/turma-da-monica-especial-michael-jackson\/","og_site_name":"O Arcanjo no ar","article_publisher":"https:\/\/www.facebook.com\/OArcanjoNoAr\/","article_published_time":"2009-08-18T00:20:46+00:00","article_modified_time":"2009-09-06T16:31:12+00:00","og_image":[{"url":"http:\/\/www.oarcanjo.net\/site\/wp-content\/uploads\/MNEspecialMaicoJeca-207x300.jpg"}],"author":"mariana","twitter_card":"summary_large_image","twitter_misc":{"Escrito por":"mariana","Est. tempo de leitura":"1 minuto"},"schema":{"@context":"https:\/\/schema.org","@graph":[{"@type":"Article","@id":"https:\/\/www.oarcanjo.net\/site\/turma-da-monica-especial-michael-jackson\/#article","isPartOf":{"@id":"https:\/\/www.oarcanjo.net\/site\/turma-da-monica-especial-michael-jackson\/"},"author":{"name":"mariana","@id":"https:\/\/www.oarcanjo.net\/site\/#\/schema\/person\/e54a5c62347067e278a5d0cf64f6a6e6"},"headline":"Turma da M\u00f4nica : Especial Michael Jackson","datePublished":"2009-08-18T00:20:46+00:00","dateModified":"2009-09-06T16:31:12+00:00","mainEntityOfPage":{"@id":"https:\/\/www.oarcanjo.net\/site\/turma-da-monica-especial-michael-jackson\/"},"wordCount":115,"commentCount":2,"publisher":{"@id":"https:\/\/www.oarcanjo.net\/site\/#organization"},"image":{"@id":"https:\/\/www.oarcanjo.net\/site\/turma-da-monica-especial-michael-jackson\/#primaryimage"},"thumbnailUrl":"http:\/\/www.oarcanjo.net\/site\/wp-content\/uploads\/MNEspecialMaicoJeca-207x300.jpg","articleSection":["Jovens"],"inLanguage":"pt-BR","potentialAction":[{"@type":"CommentAction","name":"Comment","target":["https:\/\/www.oarcanjo.net\/site\/turma-da-monica-especial-michael-jackson\/#respond"]}]},{"@type":"WebPage","@id":"https:\/\/www.oarcanjo.net\/site\/turma-da-monica-especial-michael-jackson\/","url":"https:\/\/www.oarcanjo.net\/site\/turma-da-monica-especial-michael-jackson\/","name":"Turma da M\u00f4nica : Especial Michael Jackson - O Arcanjo no ar","isPartOf":{"@id":"https:\/\/www.oarcanjo.net\/site\/#website"},"primaryImageOfPage":{"@id":"https:\/\/www.oarcanjo.net\/site\/turma-da-monica-especial-michael-jackson\/#primaryimage"},"image":{"@id":"https:\/\/www.oarcanjo.net\/site\/turma-da-monica-especial-michael-jackson\/#primaryimage"},"thumbnailUrl":"http:\/\/www.oarcanjo.net\/site\/wp-content\/uploads\/MNEspecialMaicoJeca-207x300.jpg","datePublished":"2009-08-18T00:20:46+00:00","dateModified":"2009-09-06T16:31:12+00:00","breadcrumb":{"@id":"https:\/\/www.oarcanjo.net\/site\/turma-da-monica-especial-michael-jackson\/#breadcrumb"},"inLanguage":"pt-BR","potentialAction":[{"@type":"ReadAction","target":["https:\/\/www.oarcanjo.net\/site\/turma-da-monica-especial-michael-jackson\/"]}]},{"@type":"ImageObject","inLanguage":"pt-BR","@id":"https:\/\/www.oarcanjo.net\/site\/turma-da-monica-especial-michael-jackson\/#primaryimage","url":"https:\/\/www.oarcanjo.net\/site\/wp-content\/uploads\/MNEspecialMaicoJeca.jpg","contentUrl":"https:\/\/www.oarcanjo.net\/site\/wp-content\/uploads\/MNEspecialMaicoJeca.jpg","width":"276","height":"400"},{"@type":"BreadcrumbList","@id":"https:\/\/www.oarcanjo.net\/site\/turma-da-monica-especial-michael-jackson\/#breadcrumb","itemListElement":[{"@type":"ListItem","position":1,"name":"In\u00edcio","item":"https:\/\/www.oarcanjo.net\/site\/"},{"@type":"ListItem","position":2,"name":"Turma da M\u00f4nica : Especial Michael Jackson"}]},{"@type":"WebSite","@id":"https:\/\/www.oarcanjo.net\/site\/#website","url":"https:\/\/www.oarcanjo.net\/site\/","name":"O Arcanjo no ar","description":"Site da Par\u00f3quia S\u00e3o Miguel Arcanjo (Arquidiocese de SP)","publisher":{"@id":"https:\/\/www.oarcanjo.net\/site\/#organization"},"potentialAction":[{"@type":"SearchAction","target":{"@type":"EntryPoint","urlTemplate":"https:\/\/www.oarcanjo.net\/site\/?s={search_term_string}"},"query-input":{"@type":"PropertyValueSpecification","valueRequired":true,"valueName":"search_term_string"}}],"inLanguage":"pt-BR"},{"@type":"Organization","@id":"https:\/\/www.oarcanjo.net\/site\/#organization","name":"Par\u00f3quia S\u00e3o Miguel Arcanjo","url":"https:\/\/www.oarcanjo.net\/site\/","logo":{"@type":"ImageObject","inLanguage":"pt-BR","@id":"https:\/\/www.oarcanjo.net\/site\/#\/schema\/logo\/image\/","url":"https:\/\/www.oarcanjo.net\/site\/wp-content\/uploads\/LogoOArcanjo.png","contentUrl":"https:\/\/www.oarcanjo.net\/site\/wp-content\/uploads\/LogoOArcanjo.png","width":319,"height":99,"caption":"Par\u00f3quia S\u00e3o Miguel Arcanjo"},"image":{"@id":"https:\/\/www.oarcanjo.net\/site\/#\/schema\/logo\/image\/"},"sameAs":["https:\/\/www.facebook.com\/OArcanjoNoAr\/"]},{"@type":"Person","@id":"https:\/\/www.oarcanjo.net\/site\/#\/schema\/person\/e54a5c62347067e278a5d0cf64f6a6e6","name":"mariana"}]}},"publishpress_future_action":{"enabled":false,"date":"2026-05-07 07:53:14","action":"category","newStatus":"draft","terms":[],"taxonomy":"category"},"publishpress_future_workflow_manual_trigger":{"enabledWorkflows":[]},"_links":{"self":[{"href":"https:\/\/www.oarcanjo.net\/site\/wp-json\/wp\/v2\/posts\/4782"}],"collection":[{"href":"https:\/\/www.oarcanjo.net\/site\/wp-json\/wp\/v2\/posts"}],"about":[{"href":"https:\/\/www.oarcanjo.net\/site\/wp-json\/wp\/v2\/types\/post"}],"author":[{"embeddable":true,"href":"https:\/\/www.oarcanjo.net\/site\/wp-json\/wp\/v2\/users\/12"}],"replies":[{"embeddable":true,"href":"https:\/\/www.oarcanjo.net\/site\/wp-json\/wp\/v2\/comments?post=4782"}],"version-history":[{"count":0,"href":"https:\/\/www.oarcanjo.net\/site\/wp-json\/wp\/v2\/posts\/4782\/revisions"}],"wp:attachment":[{"href":"https:\/\/www.oarcanjo.net\/site\/wp-json\/wp\/v2\/media?parent=4782"}],"wp:term":[{"taxonomy":"category","embeddable":true,"href":"https:\/\/www.oarcanjo.net\/site\/wp-json\/wp\/v2\/categories?post=4782"},{"taxonomy":"post_tag","embeddable":true,"href":"https:\/\/www.oarcanjo.net\/site\/wp-json\/wp\/v2\/tags?post=4782"}],"curies":[{"name":"wp","href":"https:\/\/api.w.org\/{rel}","templated":true}]}}