
{"id":4791,"date":"2009-08-18T10:21:25","date_gmt":"2009-08-18T13:21:25","guid":{"rendered":"http:\/\/www.oarcanjo.net\/site\/?p=4791"},"modified":"2009-08-18T19:07:45","modified_gmt":"2009-08-18T22:07:45","slug":"sao-joao-eudes","status":"publish","type":"post","link":"https:\/\/www.oarcanjo.net\/site\/sao-joao-eudes\/","title":{"rendered":"S\u00e3o Jo\u00e3o Eudes !"},"content":{"rendered":"<p>Dia 19 de agosto a Igreja celebra a mem\u00f3ria de S\u00e3o Jo\u00e3o Eudes, morto em 1680e canonizado em 1925.<\/p>\n<p>S\u00e3o Jo\u00e3o Eudes \u00e9 conhecido como o Santo da Benevol\u00eancia. Palavra um tanto desconhecida e pouco usada mas que significa o bem vivido com bondade e miseric\u00f3rdia.<\/p>\n<p>Num tempo de rigorismo , guerras e muitas maldades S\u00e3o Jo\u00e3o Eudes difunde a devo\u00e7\u00e3o as Sagrados Cora\u00e7\u00f5es de JESUS e Maria para que o povo mais simples sinta-se amado e n\u00e3o afastado do Amor de DEUS . As miss\u00f5es populares marcaram a sua vida e a vida da Igreja de seu tempo.<\/p>\n<p>S\u00e3o Jo\u00e3o Eudes viveu e ofereceu sua vida pelos exclu\u00eddos tendo especial aten\u00e7\u00e3o pelas mulheres prostituidas para quem criou as casas do ref\u00fagio.<\/p>\n<p>Viveu muitas dificuldades e persegui\u00e7\u00f5es, durante a epidemia de peste que assolou a Fran\u00e7a S\u00e3o Jo\u00e3o Eudes saiu \u00e0s ruas para socorrer os doentes e por isso a sua comunidade religiosa n\u00e3o o deixa mais entrar no convento e o nosso Santo passou a morar num tonel na porta do convento.<\/p>\n<p>S\u00e3o Jo\u00e3o Eudes \u00e9 um homem fascinante pela sua ternura, bondade capacidade de fazer o bem e entregar a vida, \u00e9 dele a ora\u00e7\u00e3o que diz:<\/p>\n<p>Me ofere\u00e7o e entrego, me dedico e consagro a V\u00f3s,<br \/>\n\u00f3 JESUS meu SENHOR,<br \/>\nComo h\u00f3stia e vit\u00edma para sofrer em meu corpo e em minha alma,<br \/>\nsegundo a vossa agrado e mediante vossa santa gra\u00e7a,<br \/>\ntoda sorte de penas e tormentos,<br \/>\ninclusive o derramanento de meu sangue e sacrif\u00edcio de minha vida com qualquer genero de morte.<br \/>\nE isto, s\u00f3 para a vossa gl\u00f3ria e por vosso puro AMOR!<\/p>\n<p>S\u00e3o Jo\u00e3o Eudes fundou uma congrega\u00e7\u00e3o para a forma\u00e7\u00e3o dos padres diocesanos, hoje conhecidos como Eudistas, ele ensinou que contra o pecado devemos ser como o le\u00e3o e com o pecador um cordeiro.<\/p>\n<p>Quem me ensinou a amar S\u00e3o Jo\u00e3o Eudes foi a Irm\u00e3 Isabel, das irm\u00e3s do Bom Pastor, e que encarna em sua vida a miseric\u00f3rdia de DEUS, hoje com mais de 80 anos vive em Belo Horizonte\u00a0 e \u00e9 um exemplo de f\u00e9 e amor a DEUS e aos irm\u00e3os.<\/p>\n<p>Neste ano sacerdotal pe\u00e7amos por seu interm\u00e9dio prote\u00e7\u00e3o para todos os padres.<\/p>\n<p>S\u00e3o Jo\u00e3o Eudes, rogai por n\u00f3s!<\/p>\n<p><object classid=\"clsid:d27cdb6e-ae6d-11cf-96b8-444553540000\" width=\"480\" height=\"385\" codebase=\"http:\/\/download.macromedia.com\/pub\/shockwave\/cabs\/flash\/swflash.cab#version=6,0,40,0\"><param name=\"allowFullScreen\" value=\"true\" \/><param name=\"allowscriptaccess\" value=\"always\" \/><param name=\"src\" value=\"http:\/\/www.youtube.com\/v\/JDNviLb5Fxw&amp;hl=pt-br&amp;fs=1&amp;rel=0&amp;color1=0xe1600f&amp;color2=0xfebd01\" \/><param name=\"allowfullscreen\" value=\"true\" \/><embed type=\"application\/x-shockwave-flash\" width=\"480\" height=\"385\" src=\"http:\/\/www.youtube.com\/v\/JDNviLb5Fxw&amp;hl=pt-br&amp;fs=1&amp;rel=0&amp;color1=0xe1600f&amp;color2=0xfebd01\" allowscriptaccess=\"always\" allowfullscreen=\"true\"><\/embed><\/object><\/p>\n<div id=\"themify_builder_content-4791\" data-postid=\"4791\" class=\"themify_builder_content themify_builder_content-4791 themify_builder themify_builder_front\">\n\t<\/div>\n<!-- \/themify_builder_content -->","protected":false},"excerpt":{"rendered":"<p>Dia 19 de agosto a Igreja celebra a mem\u00f3ria de S\u00e3o Jo\u00e3o Eudes, morto em 1680e canonizado em 1925. S\u00e3o Jo\u00e3o Eudes \u00e9 conhecido como o Santo da Benevol\u00eancia. Palavra um tanto desconhecida e pouco usada mas que significa o bem vivido com bondade e miseric\u00f3rdia. Num tempo de rigorismo , guerras e muitas maldades [&hellip;]<\/p>\n","protected":false},"author":4,"featured_media":0,"comment_status":"open","ping_status":"open","sticky":false,"template":"","format":"standard","meta":{"ngg_post_thumbnail":0,"footnotes":""},"categories":[4],"tags":[994,870,995,248,993],"yoast_head":"<!-- This site is optimized with the Yoast SEO plugin v23.5 - https:\/\/yoast.com\/wordpress\/plugins\/seo\/ -->\n<title>S\u00e3o Jo\u00e3o Eudes ! - O Arcanjo no ar<\/title>\n<meta name=\"robots\" content=\"index, follow, max-snippet:-1, max-image-preview:large, max-video-preview:-1\" \/>\n<link rel=\"canonical\" href=\"https:\/\/www.oarcanjo.net\/site\/sao-joao-eudes\/\" \/>\n<meta property=\"og:locale\" content=\"pt_BR\" \/>\n<meta property=\"og:type\" content=\"article\" \/>\n<meta property=\"og:title\" content=\"S\u00e3o Jo\u00e3o Eudes ! - O Arcanjo no ar\" \/>\n<meta property=\"og:description\" content=\"Dia 19 de agosto a Igreja celebra a mem\u00f3ria de S\u00e3o Jo\u00e3o Eudes, morto em 1680e canonizado em 1925. S\u00e3o Jo\u00e3o Eudes \u00e9 conhecido como o Santo da Benevol\u00eancia. Palavra um tanto desconhecida e pouco usada mas que significa o bem vivido com bondade e miseric\u00f3rdia. Num tempo de rigorismo , guerras e muitas maldades [&hellip;]\" \/>\n<meta property=\"og:url\" content=\"https:\/\/www.oarcanjo.net\/site\/sao-joao-eudes\/\" \/>\n<meta property=\"og:site_name\" content=\"O Arcanjo no ar\" \/>\n<meta property=\"article:publisher\" content=\"https:\/\/www.facebook.com\/OArcanjoNoAr\/\" \/>\n<meta property=\"article:published_time\" content=\"2009-08-18T13:21:25+00:00\" \/>\n<meta property=\"article:modified_time\" content=\"2009-08-18T22:07:45+00:00\" \/>\n<meta property=\"og:image\" content=\"https:\/\/www.oarcanjo.net\/site\/wp-content\/uploads\/logo-o-arcanjo-no-ar-facebook.png\" \/>\n\t<meta property=\"og:image:width\" content=\"300\" \/>\n\t<meta property=\"og:image:height\" content=\"300\" \/>\n\t<meta property=\"og:image:type\" content=\"image\/png\" \/>\n<meta name=\"author\" content=\"julio\" \/>\n<meta name=\"twitter:card\" content=\"summary_large_image\" \/>\n<meta name=\"twitter:label1\" content=\"Escrito por\" \/>\n\t<meta name=\"twitter:data1\" content=\"julio\" \/>\n\t<meta name=\"twitter:label2\" content=\"Est. tempo de leitura\" \/>\n\t<meta name=\"twitter:data2\" content=\"2 minutos\" \/>\n<script type=\"application\/ld+json\" class=\"yoast-schema-graph\">{\"@context\":\"https:\/\/schema.org\",\"@graph\":[{\"@type\":\"Article\",\"@id\":\"https:\/\/www.oarcanjo.net\/site\/sao-joao-eudes\/#article\",\"isPartOf\":{\"@id\":\"https:\/\/www.oarcanjo.net\/site\/sao-joao-eudes\/\"},\"author\":{\"name\":\"julio\",\"@id\":\"https:\/\/www.oarcanjo.net\/site\/#\/schema\/person\/d78ea01c648c91e29c364b516767079e\"},\"headline\":\"S\u00e3o Jo\u00e3o Eudes !\",\"datePublished\":\"2009-08-18T13:21:25+00:00\",\"dateModified\":\"2009-08-18T22:07:45+00:00\",\"mainEntityOfPage\":{\"@id\":\"https:\/\/www.oarcanjo.net\/site\/sao-joao-eudes\/\"},\"wordCount\":414,\"commentCount\":3,\"publisher\":{\"@id\":\"https:\/\/www.oarcanjo.net\/site\/#organization\"},\"keywords\":[\"benevol\u00eancia\",\"bondade\",\"exclu\u00eddos\",\"miseric\u00f3rdia\",\"S\u00e3o Jo\u00e3o Eudes\"],\"articleSection\":[\"Blog\"],\"inLanguage\":\"pt-BR\",\"potentialAction\":[{\"@type\":\"CommentAction\",\"name\":\"Comment\",\"target\":[\"https:\/\/www.oarcanjo.net\/site\/sao-joao-eudes\/#respond\"]}]},{\"@type\":\"WebPage\",\"@id\":\"https:\/\/www.oarcanjo.net\/site\/sao-joao-eudes\/\",\"url\":\"https:\/\/www.oarcanjo.net\/site\/sao-joao-eudes\/\",\"name\":\"S\u00e3o Jo\u00e3o Eudes ! - O Arcanjo no ar\",\"isPartOf\":{\"@id\":\"https:\/\/www.oarcanjo.net\/site\/#website\"},\"datePublished\":\"2009-08-18T13:21:25+00:00\",\"dateModified\":\"2009-08-18T22:07:45+00:00\",\"breadcrumb\":{\"@id\":\"https:\/\/www.oarcanjo.net\/site\/sao-joao-eudes\/#breadcrumb\"},\"inLanguage\":\"pt-BR\",\"potentialAction\":[{\"@type\":\"ReadAction\",\"target\":[\"https:\/\/www.oarcanjo.net\/site\/sao-joao-eudes\/\"]}]},{\"@type\":\"BreadcrumbList\",\"@id\":\"https:\/\/www.oarcanjo.net\/site\/sao-joao-eudes\/#breadcrumb\",\"itemListElement\":[{\"@type\":\"ListItem\",\"position\":1,\"name\":\"In\u00edcio\",\"item\":\"https:\/\/www.oarcanjo.net\/site\/\"},{\"@type\":\"ListItem\",\"position\":2,\"name\":\"S\u00e3o Jo\u00e3o Eudes !\"}]},{\"@type\":\"WebSite\",\"@id\":\"https:\/\/www.oarcanjo.net\/site\/#website\",\"url\":\"https:\/\/www.oarcanjo.net\/site\/\",\"name\":\"O Arcanjo no ar\",\"description\":\"Site da Par\u00f3quia S\u00e3o Miguel Arcanjo (Arquidiocese de SP)\",\"publisher\":{\"@id\":\"https:\/\/www.oarcanjo.net\/site\/#organization\"},\"potentialAction\":[{\"@type\":\"SearchAction\",\"target\":{\"@type\":\"EntryPoint\",\"urlTemplate\":\"https:\/\/www.oarcanjo.net\/site\/?s={search_term_string}\"},\"query-input\":{\"@type\":\"PropertyValueSpecification\",\"valueRequired\":true,\"valueName\":\"search_term_string\"}}],\"inLanguage\":\"pt-BR\"},{\"@type\":\"Organization\",\"@id\":\"https:\/\/www.oarcanjo.net\/site\/#organization\",\"name\":\"Par\u00f3quia S\u00e3o Miguel Arcanjo\",\"url\":\"https:\/\/www.oarcanjo.net\/site\/\",\"logo\":{\"@type\":\"ImageObject\",\"inLanguage\":\"pt-BR\",\"@id\":\"https:\/\/www.oarcanjo.net\/site\/#\/schema\/logo\/image\/\",\"url\":\"https:\/\/www.oarcanjo.net\/site\/wp-content\/uploads\/LogoOArcanjo.png\",\"contentUrl\":\"https:\/\/www.oarcanjo.net\/site\/wp-content\/uploads\/LogoOArcanjo.png\",\"width\":319,\"height\":99,\"caption\":\"Par\u00f3quia S\u00e3o Miguel Arcanjo\"},\"image\":{\"@id\":\"https:\/\/www.oarcanjo.net\/site\/#\/schema\/logo\/image\/\"},\"sameAs\":[\"https:\/\/www.facebook.com\/OArcanjoNoAr\/\"]},{\"@type\":\"Person\",\"@id\":\"https:\/\/www.oarcanjo.net\/site\/#\/schema\/person\/d78ea01c648c91e29c364b516767079e\",\"name\":\"julio\",\"sameAs\":[\"http:\/\/www.oarcanjo.net\"]}]}<\/script>\n<!-- \/ Yoast SEO plugin. -->","yoast_head_json":{"title":"S\u00e3o Jo\u00e3o Eudes ! - O Arcanjo no ar","robots":{"index":"index","follow":"follow","max-snippet":"max-snippet:-1","max-image-preview":"max-image-preview:large","max-video-preview":"max-video-preview:-1"},"canonical":"https:\/\/www.oarcanjo.net\/site\/sao-joao-eudes\/","og_locale":"pt_BR","og_type":"article","og_title":"S\u00e3o Jo\u00e3o Eudes ! - O Arcanjo no ar","og_description":"Dia 19 de agosto a Igreja celebra a mem\u00f3ria de S\u00e3o Jo\u00e3o Eudes, morto em 1680e canonizado em 1925. S\u00e3o Jo\u00e3o Eudes \u00e9 conhecido como o Santo da Benevol\u00eancia. Palavra um tanto desconhecida e pouco usada mas que significa o bem vivido com bondade e miseric\u00f3rdia. Num tempo de rigorismo , guerras e muitas maldades [&hellip;]","og_url":"https:\/\/www.oarcanjo.net\/site\/sao-joao-eudes\/","og_site_name":"O Arcanjo no ar","article_publisher":"https:\/\/www.facebook.com\/OArcanjoNoAr\/","article_published_time":"2009-08-18T13:21:25+00:00","article_modified_time":"2009-08-18T22:07:45+00:00","og_image":[{"width":300,"height":300,"url":"https:\/\/www.oarcanjo.net\/site\/wp-content\/uploads\/logo-o-arcanjo-no-ar-facebook.png","type":"image\/png"}],"author":"julio","twitter_card":"summary_large_image","twitter_misc":{"Escrito por":"julio","Est. tempo de leitura":"2 minutos"},"schema":{"@context":"https:\/\/schema.org","@graph":[{"@type":"Article","@id":"https:\/\/www.oarcanjo.net\/site\/sao-joao-eudes\/#article","isPartOf":{"@id":"https:\/\/www.oarcanjo.net\/site\/sao-joao-eudes\/"},"author":{"name":"julio","@id":"https:\/\/www.oarcanjo.net\/site\/#\/schema\/person\/d78ea01c648c91e29c364b516767079e"},"headline":"S\u00e3o Jo\u00e3o Eudes !","datePublished":"2009-08-18T13:21:25+00:00","dateModified":"2009-08-18T22:07:45+00:00","mainEntityOfPage":{"@id":"https:\/\/www.oarcanjo.net\/site\/sao-joao-eudes\/"},"wordCount":414,"commentCount":3,"publisher":{"@id":"https:\/\/www.oarcanjo.net\/site\/#organization"},"keywords":["benevol\u00eancia","bondade","exclu\u00eddos","miseric\u00f3rdia","S\u00e3o Jo\u00e3o Eudes"],"articleSection":["Blog"],"inLanguage":"pt-BR","potentialAction":[{"@type":"CommentAction","name":"Comment","target":["https:\/\/www.oarcanjo.net\/site\/sao-joao-eudes\/#respond"]}]},{"@type":"WebPage","@id":"https:\/\/www.oarcanjo.net\/site\/sao-joao-eudes\/","url":"https:\/\/www.oarcanjo.net\/site\/sao-joao-eudes\/","name":"S\u00e3o Jo\u00e3o Eudes ! - O Arcanjo no ar","isPartOf":{"@id":"https:\/\/www.oarcanjo.net\/site\/#website"},"datePublished":"2009-08-18T13:21:25+00:00","dateModified":"2009-08-18T22:07:45+00:00","breadcrumb":{"@id":"https:\/\/www.oarcanjo.net\/site\/sao-joao-eudes\/#breadcrumb"},"inLanguage":"pt-BR","potentialAction":[{"@type":"ReadAction","target":["https:\/\/www.oarcanjo.net\/site\/sao-joao-eudes\/"]}]},{"@type":"BreadcrumbList","@id":"https:\/\/www.oarcanjo.net\/site\/sao-joao-eudes\/#breadcrumb","itemListElement":[{"@type":"ListItem","position":1,"name":"In\u00edcio","item":"https:\/\/www.oarcanjo.net\/site\/"},{"@type":"ListItem","position":2,"name":"S\u00e3o Jo\u00e3o Eudes !"}]},{"@type":"WebSite","@id":"https:\/\/www.oarcanjo.net\/site\/#website","url":"https:\/\/www.oarcanjo.net\/site\/","name":"O Arcanjo no ar","description":"Site da Par\u00f3quia S\u00e3o Miguel Arcanjo (Arquidiocese de SP)","publisher":{"@id":"https:\/\/www.oarcanjo.net\/site\/#organization"},"potentialAction":[{"@type":"SearchAction","target":{"@type":"EntryPoint","urlTemplate":"https:\/\/www.oarcanjo.net\/site\/?s={search_term_string}"},"query-input":{"@type":"PropertyValueSpecification","valueRequired":true,"valueName":"search_term_string"}}],"inLanguage":"pt-BR"},{"@type":"Organization","@id":"https:\/\/www.oarcanjo.net\/site\/#organization","name":"Par\u00f3quia S\u00e3o Miguel Arcanjo","url":"https:\/\/www.oarcanjo.net\/site\/","logo":{"@type":"ImageObject","inLanguage":"pt-BR","@id":"https:\/\/www.oarcanjo.net\/site\/#\/schema\/logo\/image\/","url":"https:\/\/www.oarcanjo.net\/site\/wp-content\/uploads\/LogoOArcanjo.png","contentUrl":"https:\/\/www.oarcanjo.net\/site\/wp-content\/uploads\/LogoOArcanjo.png","width":319,"height":99,"caption":"Par\u00f3quia S\u00e3o Miguel Arcanjo"},"image":{"@id":"https:\/\/www.oarcanjo.net\/site\/#\/schema\/logo\/image\/"},"sameAs":["https:\/\/www.facebook.com\/OArcanjoNoAr\/"]},{"@type":"Person","@id":"https:\/\/www.oarcanjo.net\/site\/#\/schema\/person\/d78ea01c648c91e29c364b516767079e","name":"julio","sameAs":["http:\/\/www.oarcanjo.net"]}]}},"publishpress_future_action":{"enabled":false,"date":"2026-05-08 23:47:34","action":"category","newStatus":"draft","terms":[],"taxonomy":"category"},"publishpress_future_workflow_manual_trigger":{"enabledWorkflows":[]},"_links":{"self":[{"href":"https:\/\/www.oarcanjo.net\/site\/wp-json\/wp\/v2\/posts\/4791"}],"collection":[{"href":"https:\/\/www.oarcanjo.net\/site\/wp-json\/wp\/v2\/posts"}],"about":[{"href":"https:\/\/www.oarcanjo.net\/site\/wp-json\/wp\/v2\/types\/post"}],"author":[{"embeddable":true,"href":"https:\/\/www.oarcanjo.net\/site\/wp-json\/wp\/v2\/users\/4"}],"replies":[{"embeddable":true,"href":"https:\/\/www.oarcanjo.net\/site\/wp-json\/wp\/v2\/comments?post=4791"}],"version-history":[{"count":0,"href":"https:\/\/www.oarcanjo.net\/site\/wp-json\/wp\/v2\/posts\/4791\/revisions"}],"wp:attachment":[{"href":"https:\/\/www.oarcanjo.net\/site\/wp-json\/wp\/v2\/media?parent=4791"}],"wp:term":[{"taxonomy":"category","embeddable":true,"href":"https:\/\/www.oarcanjo.net\/site\/wp-json\/wp\/v2\/categories?post=4791"},{"taxonomy":"post_tag","embeddable":true,"href":"https:\/\/www.oarcanjo.net\/site\/wp-json\/wp\/v2\/tags?post=4791"}],"curies":[{"name":"wp","href":"https:\/\/api.w.org\/{rel}","templated":true}]}}