
{"id":4793,"date":"2009-08-18T17:23:27","date_gmt":"2009-08-18T20:23:27","guid":{"rendered":"http:\/\/www.oarcanjo.net\/site\/?p=4793"},"modified":"2009-09-06T13:29:02","modified_gmt":"2009-09-06T16:29:02","slug":"discussao-sobre-a-saga-crepusculo","status":"publish","type":"post","link":"https:\/\/www.oarcanjo.net\/site\/discussao-sobre-a-saga-crepusculo\/","title":{"rendered":"Discuss\u00e3o sobre a saga Crep\u00fasculo"},"content":{"rendered":"<p>Acho que todos j\u00e1 ouviram falar no livro\u00a0, no filme\u00a0 e de toda a saga dessa s\u00e9rie que \u00e9 Crep\u00fasculo a hist\u00f3ria que est\u00e1 fazendo muito sucesso no Brasil e no mundo principalmente\u00a0 com o p\u00fablico jovem.A hist\u00f3ria\u00a0\u00a0\u00e9 sobre um vampiro\u00a0(Edward) e de uma mo\u00e7a que n\u00e3o \u00e9 vampira (Bella) que se apaixonam um pelo outro mas este amor parece ser imposs\u00edvel pois ele era um vampiro mas mesmo assim a Bella\u00a0 quis este amor que continuo mesmo com todos os obst\u00e1culos. Tamb\u00e9m h\u00e1 um m\u00e9dico na hist\u00f3ria que se a pessoa tem pouco tempo de vida ele as transforma em vampiros agora no \u00faltimo\u00a0livro Bella ter\u00e1 um filho s\u00f3 que para ela sobreviver ela ter\u00e1 que se tornar vampira\u00a0.A saga tem\u00a0quatro livros Crep\u00fasculo , Lua Nova ,Eclipse e Amanhecer.Este fen\u00f4meno foi parecido com outro fen\u00f4meno que foi e sempre ser\u00e1 Harry Potter apesar das hist\u00f3rias se parecerem um pouco h\u00e1 muitas aspectos bem diferentes entre as duas sagas.<\/p>\n<p>N\u00f3s estamos abrindo uma discuss\u00e3o sobre est\u00e1 saga com o objetivo de saber o que h\u00e1 por tr\u00e1s de toda a hsit\u00f3ria o que passa a hist\u00f3ria o amor que supera os obst\u00e1culos ?\u00a0\u00a0se voc\u00ea j\u00e1 leu Crep\u00fasculo fa\u00e7a parte desta discuss\u00e3o porque voc\u00ea se interessou pela hist\u00f3ria ? O que a hist\u00f3ria passa ?.A discuss\u00e3o ser\u00e1 feita atrav\u00e9s dos coment\u00e1rios do site .Se voc\u00ea j\u00e1 leu participe.<\/p>\n<p><img loading=\"lazy\" decoding=\"async\" class=\"aligncenter size-medium wp-image-4794\" src=\"http:\/\/www.oarcanjo.net\/site\/wp-content\/uploads\/crepusculo1-300x299.jpg\" alt=\"\" width=\"300\" height=\"299\" srcset=\"https:\/\/www.oarcanjo.net\/site\/wp-content\/uploads\/crepusculo1-300x299.jpg 300w, https:\/\/www.oarcanjo.net\/site\/wp-content\/uploads\/crepusculo1-150x150.jpg 150w, https:\/\/www.oarcanjo.net\/site\/wp-content\/uploads\/crepusculo1.jpg 320w\" sizes=\"(max-width: 300px) 100vw, 300px\" \/><\/p>\n<div id=\"themify_builder_content-4793\" data-postid=\"4793\" class=\"themify_builder_content themify_builder_content-4793 themify_builder themify_builder_front\">\n\t<\/div>\n<!-- \/themify_builder_content -->","protected":false},"excerpt":{"rendered":"<p>Acho que todos j\u00e1 ouviram falar no livro\u00a0, no filme\u00a0 e de toda a saga dessa s\u00e9rie que \u00e9 Crep\u00fasculo a hist\u00f3ria que est\u00e1 fazendo muito sucesso no Brasil e no mundo principalmente\u00a0 com o p\u00fablico jovem.A hist\u00f3ria\u00a0\u00a0\u00e9 sobre um vampiro\u00a0(Edward) e de uma mo\u00e7a que n\u00e3o \u00e9 vampira (Bella) que se apaixonam um pelo [&hellip;]<\/p>\n","protected":false},"author":12,"featured_media":0,"comment_status":"open","ping_status":"open","sticky":false,"template":"","format":"standard","meta":{"ngg_post_thumbnail":0,"footnotes":""},"categories":[395],"tags":[],"yoast_head":"<!-- This site is optimized with the Yoast SEO plugin v23.5 - https:\/\/yoast.com\/wordpress\/plugins\/seo\/ -->\n<title>Discuss\u00e3o sobre a saga Crep\u00fasculo - O Arcanjo no ar<\/title>\n<meta name=\"robots\" content=\"index, follow, max-snippet:-1, max-image-preview:large, max-video-preview:-1\" \/>\n<link rel=\"canonical\" href=\"https:\/\/www.oarcanjo.net\/site\/discussao-sobre-a-saga-crepusculo\/\" \/>\n<meta property=\"og:locale\" content=\"pt_BR\" \/>\n<meta property=\"og:type\" content=\"article\" \/>\n<meta property=\"og:title\" content=\"Discuss\u00e3o sobre a saga Crep\u00fasculo - O Arcanjo no ar\" \/>\n<meta property=\"og:description\" content=\"Acho que todos j\u00e1 ouviram falar no livro\u00a0, no filme\u00a0 e de toda a saga dessa s\u00e9rie que \u00e9 Crep\u00fasculo a hist\u00f3ria que est\u00e1 fazendo muito sucesso no Brasil e no mundo principalmente\u00a0 com o p\u00fablico jovem.A hist\u00f3ria\u00a0\u00a0\u00e9 sobre um vampiro\u00a0(Edward) e de uma mo\u00e7a que n\u00e3o \u00e9 vampira (Bella) que se apaixonam um pelo [&hellip;]\" \/>\n<meta property=\"og:url\" content=\"https:\/\/www.oarcanjo.net\/site\/discussao-sobre-a-saga-crepusculo\/\" \/>\n<meta property=\"og:site_name\" content=\"O Arcanjo no ar\" \/>\n<meta property=\"article:publisher\" content=\"https:\/\/www.facebook.com\/OArcanjoNoAr\/\" \/>\n<meta property=\"article:published_time\" content=\"2009-08-18T20:23:27+00:00\" \/>\n<meta property=\"article:modified_time\" content=\"2009-09-06T16:29:02+00:00\" \/>\n<meta property=\"og:image\" content=\"http:\/\/www.oarcanjo.net\/site\/wp-content\/uploads\/crepusculo1-300x299.jpg\" \/>\n<meta name=\"author\" content=\"mariana\" \/>\n<meta name=\"twitter:card\" content=\"summary_large_image\" \/>\n<meta name=\"twitter:label1\" content=\"Escrito por\" \/>\n\t<meta name=\"twitter:data1\" content=\"mariana\" \/>\n\t<meta name=\"twitter:label2\" content=\"Est. tempo de leitura\" \/>\n\t<meta name=\"twitter:data2\" content=\"1 minuto\" \/>\n<script type=\"application\/ld+json\" class=\"yoast-schema-graph\">{\"@context\":\"https:\/\/schema.org\",\"@graph\":[{\"@type\":\"Article\",\"@id\":\"https:\/\/www.oarcanjo.net\/site\/discussao-sobre-a-saga-crepusculo\/#article\",\"isPartOf\":{\"@id\":\"https:\/\/www.oarcanjo.net\/site\/discussao-sobre-a-saga-crepusculo\/\"},\"author\":{\"name\":\"mariana\",\"@id\":\"https:\/\/www.oarcanjo.net\/site\/#\/schema\/person\/e54a5c62347067e278a5d0cf64f6a6e6\"},\"headline\":\"Discuss\u00e3o sobre a saga Crep\u00fasculo\",\"datePublished\":\"2009-08-18T20:23:27+00:00\",\"dateModified\":\"2009-09-06T16:29:02+00:00\",\"mainEntityOfPage\":{\"@id\":\"https:\/\/www.oarcanjo.net\/site\/discussao-sobre-a-saga-crepusculo\/\"},\"wordCount\":266,\"commentCount\":30,\"publisher\":{\"@id\":\"https:\/\/www.oarcanjo.net\/site\/#organization\"},\"image\":{\"@id\":\"https:\/\/www.oarcanjo.net\/site\/discussao-sobre-a-saga-crepusculo\/#primaryimage\"},\"thumbnailUrl\":\"http:\/\/www.oarcanjo.net\/site\/wp-content\/uploads\/crepusculo1-300x299.jpg\",\"articleSection\":[\"Jovens\"],\"inLanguage\":\"pt-BR\",\"potentialAction\":[{\"@type\":\"CommentAction\",\"name\":\"Comment\",\"target\":[\"https:\/\/www.oarcanjo.net\/site\/discussao-sobre-a-saga-crepusculo\/#respond\"]}]},{\"@type\":\"WebPage\",\"@id\":\"https:\/\/www.oarcanjo.net\/site\/discussao-sobre-a-saga-crepusculo\/\",\"url\":\"https:\/\/www.oarcanjo.net\/site\/discussao-sobre-a-saga-crepusculo\/\",\"name\":\"Discuss\u00e3o sobre a saga Crep\u00fasculo - O Arcanjo no ar\",\"isPartOf\":{\"@id\":\"https:\/\/www.oarcanjo.net\/site\/#website\"},\"primaryImageOfPage\":{\"@id\":\"https:\/\/www.oarcanjo.net\/site\/discussao-sobre-a-saga-crepusculo\/#primaryimage\"},\"image\":{\"@id\":\"https:\/\/www.oarcanjo.net\/site\/discussao-sobre-a-saga-crepusculo\/#primaryimage\"},\"thumbnailUrl\":\"http:\/\/www.oarcanjo.net\/site\/wp-content\/uploads\/crepusculo1-300x299.jpg\",\"datePublished\":\"2009-08-18T20:23:27+00:00\",\"dateModified\":\"2009-09-06T16:29:02+00:00\",\"breadcrumb\":{\"@id\":\"https:\/\/www.oarcanjo.net\/site\/discussao-sobre-a-saga-crepusculo\/#breadcrumb\"},\"inLanguage\":\"pt-BR\",\"potentialAction\":[{\"@type\":\"ReadAction\",\"target\":[\"https:\/\/www.oarcanjo.net\/site\/discussao-sobre-a-saga-crepusculo\/\"]}]},{\"@type\":\"ImageObject\",\"inLanguage\":\"pt-BR\",\"@id\":\"https:\/\/www.oarcanjo.net\/site\/discussao-sobre-a-saga-crepusculo\/#primaryimage\",\"url\":\"https:\/\/www.oarcanjo.net\/site\/wp-content\/uploads\/crepusculo1.jpg\",\"contentUrl\":\"https:\/\/www.oarcanjo.net\/site\/wp-content\/uploads\/crepusculo1.jpg\",\"width\":\"320\",\"height\":\"319\"},{\"@type\":\"BreadcrumbList\",\"@id\":\"https:\/\/www.oarcanjo.net\/site\/discussao-sobre-a-saga-crepusculo\/#breadcrumb\",\"itemListElement\":[{\"@type\":\"ListItem\",\"position\":1,\"name\":\"In\u00edcio\",\"item\":\"https:\/\/www.oarcanjo.net\/site\/\"},{\"@type\":\"ListItem\",\"position\":2,\"name\":\"Discuss\u00e3o sobre a saga Crep\u00fasculo\"}]},{\"@type\":\"WebSite\",\"@id\":\"https:\/\/www.oarcanjo.net\/site\/#website\",\"url\":\"https:\/\/www.oarcanjo.net\/site\/\",\"name\":\"O Arcanjo no ar\",\"description\":\"Site da Par\u00f3quia S\u00e3o Miguel Arcanjo (Arquidiocese de SP)\",\"publisher\":{\"@id\":\"https:\/\/www.oarcanjo.net\/site\/#organization\"},\"potentialAction\":[{\"@type\":\"SearchAction\",\"target\":{\"@type\":\"EntryPoint\",\"urlTemplate\":\"https:\/\/www.oarcanjo.net\/site\/?s={search_term_string}\"},\"query-input\":{\"@type\":\"PropertyValueSpecification\",\"valueRequired\":true,\"valueName\":\"search_term_string\"}}],\"inLanguage\":\"pt-BR\"},{\"@type\":\"Organization\",\"@id\":\"https:\/\/www.oarcanjo.net\/site\/#organization\",\"name\":\"Par\u00f3quia S\u00e3o Miguel Arcanjo\",\"url\":\"https:\/\/www.oarcanjo.net\/site\/\",\"logo\":{\"@type\":\"ImageObject\",\"inLanguage\":\"pt-BR\",\"@id\":\"https:\/\/www.oarcanjo.net\/site\/#\/schema\/logo\/image\/\",\"url\":\"https:\/\/www.oarcanjo.net\/site\/wp-content\/uploads\/LogoOArcanjo.png\",\"contentUrl\":\"https:\/\/www.oarcanjo.net\/site\/wp-content\/uploads\/LogoOArcanjo.png\",\"width\":319,\"height\":99,\"caption\":\"Par\u00f3quia S\u00e3o Miguel Arcanjo\"},\"image\":{\"@id\":\"https:\/\/www.oarcanjo.net\/site\/#\/schema\/logo\/image\/\"},\"sameAs\":[\"https:\/\/www.facebook.com\/OArcanjoNoAr\/\"]},{\"@type\":\"Person\",\"@id\":\"https:\/\/www.oarcanjo.net\/site\/#\/schema\/person\/e54a5c62347067e278a5d0cf64f6a6e6\",\"name\":\"mariana\"}]}<\/script>\n<!-- \/ Yoast SEO plugin. -->","yoast_head_json":{"title":"Discuss\u00e3o sobre a saga Crep\u00fasculo - O Arcanjo no ar","robots":{"index":"index","follow":"follow","max-snippet":"max-snippet:-1","max-image-preview":"max-image-preview:large","max-video-preview":"max-video-preview:-1"},"canonical":"https:\/\/www.oarcanjo.net\/site\/discussao-sobre-a-saga-crepusculo\/","og_locale":"pt_BR","og_type":"article","og_title":"Discuss\u00e3o sobre a saga Crep\u00fasculo - O Arcanjo no ar","og_description":"Acho que todos j\u00e1 ouviram falar no livro\u00a0, no filme\u00a0 e de toda a saga dessa s\u00e9rie que \u00e9 Crep\u00fasculo a hist\u00f3ria que est\u00e1 fazendo muito sucesso no Brasil e no mundo principalmente\u00a0 com o p\u00fablico jovem.A hist\u00f3ria\u00a0\u00a0\u00e9 sobre um vampiro\u00a0(Edward) e de uma mo\u00e7a que n\u00e3o \u00e9 vampira (Bella) que se apaixonam um pelo [&hellip;]","og_url":"https:\/\/www.oarcanjo.net\/site\/discussao-sobre-a-saga-crepusculo\/","og_site_name":"O Arcanjo no ar","article_publisher":"https:\/\/www.facebook.com\/OArcanjoNoAr\/","article_published_time":"2009-08-18T20:23:27+00:00","article_modified_time":"2009-09-06T16:29:02+00:00","og_image":[{"url":"http:\/\/www.oarcanjo.net\/site\/wp-content\/uploads\/crepusculo1-300x299.jpg"}],"author":"mariana","twitter_card":"summary_large_image","twitter_misc":{"Escrito por":"mariana","Est. tempo de leitura":"1 minuto"},"schema":{"@context":"https:\/\/schema.org","@graph":[{"@type":"Article","@id":"https:\/\/www.oarcanjo.net\/site\/discussao-sobre-a-saga-crepusculo\/#article","isPartOf":{"@id":"https:\/\/www.oarcanjo.net\/site\/discussao-sobre-a-saga-crepusculo\/"},"author":{"name":"mariana","@id":"https:\/\/www.oarcanjo.net\/site\/#\/schema\/person\/e54a5c62347067e278a5d0cf64f6a6e6"},"headline":"Discuss\u00e3o sobre a saga Crep\u00fasculo","datePublished":"2009-08-18T20:23:27+00:00","dateModified":"2009-09-06T16:29:02+00:00","mainEntityOfPage":{"@id":"https:\/\/www.oarcanjo.net\/site\/discussao-sobre-a-saga-crepusculo\/"},"wordCount":266,"commentCount":30,"publisher":{"@id":"https:\/\/www.oarcanjo.net\/site\/#organization"},"image":{"@id":"https:\/\/www.oarcanjo.net\/site\/discussao-sobre-a-saga-crepusculo\/#primaryimage"},"thumbnailUrl":"http:\/\/www.oarcanjo.net\/site\/wp-content\/uploads\/crepusculo1-300x299.jpg","articleSection":["Jovens"],"inLanguage":"pt-BR","potentialAction":[{"@type":"CommentAction","name":"Comment","target":["https:\/\/www.oarcanjo.net\/site\/discussao-sobre-a-saga-crepusculo\/#respond"]}]},{"@type":"WebPage","@id":"https:\/\/www.oarcanjo.net\/site\/discussao-sobre-a-saga-crepusculo\/","url":"https:\/\/www.oarcanjo.net\/site\/discussao-sobre-a-saga-crepusculo\/","name":"Discuss\u00e3o sobre a saga Crep\u00fasculo - O Arcanjo no ar","isPartOf":{"@id":"https:\/\/www.oarcanjo.net\/site\/#website"},"primaryImageOfPage":{"@id":"https:\/\/www.oarcanjo.net\/site\/discussao-sobre-a-saga-crepusculo\/#primaryimage"},"image":{"@id":"https:\/\/www.oarcanjo.net\/site\/discussao-sobre-a-saga-crepusculo\/#primaryimage"},"thumbnailUrl":"http:\/\/www.oarcanjo.net\/site\/wp-content\/uploads\/crepusculo1-300x299.jpg","datePublished":"2009-08-18T20:23:27+00:00","dateModified":"2009-09-06T16:29:02+00:00","breadcrumb":{"@id":"https:\/\/www.oarcanjo.net\/site\/discussao-sobre-a-saga-crepusculo\/#breadcrumb"},"inLanguage":"pt-BR","potentialAction":[{"@type":"ReadAction","target":["https:\/\/www.oarcanjo.net\/site\/discussao-sobre-a-saga-crepusculo\/"]}]},{"@type":"ImageObject","inLanguage":"pt-BR","@id":"https:\/\/www.oarcanjo.net\/site\/discussao-sobre-a-saga-crepusculo\/#primaryimage","url":"https:\/\/www.oarcanjo.net\/site\/wp-content\/uploads\/crepusculo1.jpg","contentUrl":"https:\/\/www.oarcanjo.net\/site\/wp-content\/uploads\/crepusculo1.jpg","width":"320","height":"319"},{"@type":"BreadcrumbList","@id":"https:\/\/www.oarcanjo.net\/site\/discussao-sobre-a-saga-crepusculo\/#breadcrumb","itemListElement":[{"@type":"ListItem","position":1,"name":"In\u00edcio","item":"https:\/\/www.oarcanjo.net\/site\/"},{"@type":"ListItem","position":2,"name":"Discuss\u00e3o sobre a saga Crep\u00fasculo"}]},{"@type":"WebSite","@id":"https:\/\/www.oarcanjo.net\/site\/#website","url":"https:\/\/www.oarcanjo.net\/site\/","name":"O Arcanjo no ar","description":"Site da Par\u00f3quia S\u00e3o Miguel Arcanjo (Arquidiocese de SP)","publisher":{"@id":"https:\/\/www.oarcanjo.net\/site\/#organization"},"potentialAction":[{"@type":"SearchAction","target":{"@type":"EntryPoint","urlTemplate":"https:\/\/www.oarcanjo.net\/site\/?s={search_term_string}"},"query-input":{"@type":"PropertyValueSpecification","valueRequired":true,"valueName":"search_term_string"}}],"inLanguage":"pt-BR"},{"@type":"Organization","@id":"https:\/\/www.oarcanjo.net\/site\/#organization","name":"Par\u00f3quia S\u00e3o Miguel Arcanjo","url":"https:\/\/www.oarcanjo.net\/site\/","logo":{"@type":"ImageObject","inLanguage":"pt-BR","@id":"https:\/\/www.oarcanjo.net\/site\/#\/schema\/logo\/image\/","url":"https:\/\/www.oarcanjo.net\/site\/wp-content\/uploads\/LogoOArcanjo.png","contentUrl":"https:\/\/www.oarcanjo.net\/site\/wp-content\/uploads\/LogoOArcanjo.png","width":319,"height":99,"caption":"Par\u00f3quia S\u00e3o Miguel Arcanjo"},"image":{"@id":"https:\/\/www.oarcanjo.net\/site\/#\/schema\/logo\/image\/"},"sameAs":["https:\/\/www.facebook.com\/OArcanjoNoAr\/"]},{"@type":"Person","@id":"https:\/\/www.oarcanjo.net\/site\/#\/schema\/person\/e54a5c62347067e278a5d0cf64f6a6e6","name":"mariana"}]}},"publishpress_future_action":{"enabled":false,"date":"2026-05-07 07:53:12","action":"category","newStatus":"draft","terms":[],"taxonomy":"category"},"publishpress_future_workflow_manual_trigger":{"enabledWorkflows":[]},"_links":{"self":[{"href":"https:\/\/www.oarcanjo.net\/site\/wp-json\/wp\/v2\/posts\/4793"}],"collection":[{"href":"https:\/\/www.oarcanjo.net\/site\/wp-json\/wp\/v2\/posts"}],"about":[{"href":"https:\/\/www.oarcanjo.net\/site\/wp-json\/wp\/v2\/types\/post"}],"author":[{"embeddable":true,"href":"https:\/\/www.oarcanjo.net\/site\/wp-json\/wp\/v2\/users\/12"}],"replies":[{"embeddable":true,"href":"https:\/\/www.oarcanjo.net\/site\/wp-json\/wp\/v2\/comments?post=4793"}],"version-history":[{"count":0,"href":"https:\/\/www.oarcanjo.net\/site\/wp-json\/wp\/v2\/posts\/4793\/revisions"}],"wp:attachment":[{"href":"https:\/\/www.oarcanjo.net\/site\/wp-json\/wp\/v2\/media?parent=4793"}],"wp:term":[{"taxonomy":"category","embeddable":true,"href":"https:\/\/www.oarcanjo.net\/site\/wp-json\/wp\/v2\/categories?post=4793"},{"taxonomy":"post_tag","embeddable":true,"href":"https:\/\/www.oarcanjo.net\/site\/wp-json\/wp\/v2\/tags?post=4793"}],"curies":[{"name":"wp","href":"https:\/\/api.w.org\/{rel}","templated":true}]}}