
{"id":4803,"date":"2009-08-19T00:15:28","date_gmt":"2009-08-19T03:15:28","guid":{"rendered":"http:\/\/www.oarcanjo.net\/site\/?p=4803"},"modified":"2009-08-19T00:15:28","modified_gmt":"2009-08-19T03:15:28","slug":"moradores-de-rua-de-fortaleza-ce-participam-nesta-quarta-feira-do-ato-pela-vida","status":"publish","type":"post","link":"https:\/\/www.oarcanjo.net\/site\/moradores-de-rua-de-fortaleza-ce-participam-nesta-quarta-feira-do-ato-pela-vida\/","title":{"rendered":"Moradores de Rua de Fortaleza (CE) participam nesta quarta-feira do Ato pela Vida"},"content":{"rendered":"<p>Entidades e institui\u00e7\u00f5es que trabalham em favor da Popula\u00e7\u00e3o de Rua de Fortaleza, no Cear\u00e1, realizam na tarde desta quarta-feira (19), um Ato pela Vida. O evento, que conta com a presen\u00e7a da popula\u00e7\u00e3o de rua e de outros grupos marginalizados, come\u00e7a \u00e0s 16h30 na Pra\u00e7a D. Pedro II, em frente \u00e0 Catedral Metropolitana da cidade. Cerca de 100 pessoas, entre popula\u00e7\u00e3o e agentes das entidades e pastorais sociais, s\u00e3o esperadas.<\/p>\n<p>Durante o ato ser\u00e3o lembrados os casos de viol\u00eancia que marcam o cotidiano dos moradores de rua de Fortaleza. Haver\u00e1 tamb\u00e9m ato celebrativo em favor da vida. Na ocasi\u00e3o ser\u00e1 lida uma carta escrita por um morador de rua reivindicando maior aten\u00e7\u00e3o do poder p\u00fablico e da sociedade em geral para as necessidades desta popula\u00e7\u00e3o.<\/p>\n<p>De acordo com o assessor da Pastoral do Povo de Rua de Fortaleza, padre Lino Allegri, manifesta\u00e7\u00f5es como essa s\u00e3o importantes para conscientizar os moradores de rua sobre seus direitos de terem uma vida digna e de serem respeitados e inclu\u00eddos na sociedade. &#8220;Esses momentos fazem com que esse &#8220;povo invis\u00edvel&#8221; se sinta mais unido e se organize&#8221;, informa o assessor.<\/p>\n<p>Surgido h\u00e1 tr\u00eas anos na capital cearense, em mem\u00f3ria \u00e0s v\u00edtimas do massacre ocorrido na cidade de S\u00e3o Paulo em 2004, o Ato tem o objetivo de denunciar toda a viol\u00eancia que o povo de rua sofre, n\u00e3o s\u00f3 em S\u00e3o Paulo ou em Fortaleza, mas em todo o pa\u00eds.<\/p>\n<p>Neste ano em que completa cinco anos do massacre, em todo o Brasil est\u00e3o sendo realizados f\u00f3runs e manifesta\u00e7\u00f5es em favor da vida e pelo respeito \u00e0 popula\u00e7\u00e3o em situa\u00e7\u00e3o de rua. Padre Lino refor\u00e7a a import\u00e2ncia dessas mobiliza\u00e7\u00f5es como forma de pressionar o poder p\u00fablico no sentido de que \u00e9 dever dos governantes dar oportunidades aos exclu\u00eddos e garantir pol\u00edticas p\u00fablicas em prol desta fatia da sociedade. &#8220;Essa press\u00e3o faz com que o poder p\u00fablico se sinta chamado a pensar neste povo. O povo da rua tamb\u00e9m tem o direito \u00e0 moradia e a sa\u00fade&#8221;, completa.<\/p>\n<p>Segundo Fernanda Gon\u00e7alves, secret\u00e1ria executiva da Pastoral do Povo de Rua de Fortaleza, &#8220;o ato trata-se de um momento forte para fazer mem\u00f3ria aos irm\u00e3os assassinados e v\u00edtimas de viol\u00eancia, para expressar nossa postura contra a impunidade e a exclus\u00e3o, e trazer presente a luta da popula\u00e7\u00e3o de rua na promo\u00e7\u00e3o e defesa da vida e na formula\u00e7\u00e3o de pol\u00edticas p\u00fablicas&#8221;.<\/p>\n<div id=\"themify_builder_content-4803\" data-postid=\"4803\" class=\"themify_builder_content themify_builder_content-4803 themify_builder themify_builder_front\">\n\t<\/div>\n<!-- \/themify_builder_content -->","protected":false},"excerpt":{"rendered":"<p>Entidades e institui\u00e7\u00f5es que trabalham em favor da Popula\u00e7\u00e3o de Rua de Fortaleza, no Cear\u00e1, realizam na tarde desta quarta-feira (19), um Ato pela Vida. O evento, que conta com a presen\u00e7a da popula\u00e7\u00e3o de rua e de outros grupos marginalizados, come\u00e7a \u00e0s 16h30 na Pra\u00e7a D. Pedro II, em frente \u00e0 Catedral Metropolitana da [&hellip;]<\/p>\n","protected":false},"author":5,"featured_media":0,"comment_status":"open","ping_status":"open","sticky":false,"template":"","format":"standard","meta":{"ngg_post_thumbnail":0,"footnotes":""},"categories":[8],"tags":[996,147,91,88],"yoast_head":"<!-- This site is optimized with the Yoast SEO plugin v23.5 - https:\/\/yoast.com\/wordpress\/plugins\/seo\/ -->\n<title>Moradores de Rua de Fortaleza (CE) participam nesta quarta-feira do Ato pela Vida  - O Arcanjo no ar<\/title>\n<meta name=\"robots\" content=\"index, follow, max-snippet:-1, max-image-preview:large, max-video-preview:-1\" \/>\n<link rel=\"canonical\" href=\"https:\/\/www.oarcanjo.net\/site\/moradores-de-rua-de-fortaleza-ce-participam-nesta-quarta-feira-do-ato-pela-vida\/\" \/>\n<meta property=\"og:locale\" content=\"pt_BR\" \/>\n<meta property=\"og:type\" content=\"article\" \/>\n<meta property=\"og:title\" content=\"Moradores de Rua de Fortaleza (CE) participam nesta quarta-feira do Ato pela Vida  - O Arcanjo no ar\" \/>\n<meta property=\"og:description\" content=\"Entidades e institui\u00e7\u00f5es que trabalham em favor da Popula\u00e7\u00e3o de Rua de Fortaleza, no Cear\u00e1, realizam na tarde desta quarta-feira (19), um Ato pela Vida. O evento, que conta com a presen\u00e7a da popula\u00e7\u00e3o de rua e de outros grupos marginalizados, come\u00e7a \u00e0s 16h30 na Pra\u00e7a D. Pedro II, em frente \u00e0 Catedral Metropolitana da [&hellip;]\" \/>\n<meta property=\"og:url\" content=\"https:\/\/www.oarcanjo.net\/site\/moradores-de-rua-de-fortaleza-ce-participam-nesta-quarta-feira-do-ato-pela-vida\/\" \/>\n<meta property=\"og:site_name\" content=\"O Arcanjo no ar\" \/>\n<meta property=\"article:publisher\" content=\"https:\/\/www.facebook.com\/OArcanjoNoAr\/\" \/>\n<meta property=\"article:published_time\" content=\"2009-08-19T03:15:28+00:00\" \/>\n<meta property=\"og:image\" content=\"https:\/\/www.oarcanjo.net\/site\/wp-content\/uploads\/logo-o-arcanjo-no-ar-facebook.png\" \/>\n\t<meta property=\"og:image:width\" content=\"300\" \/>\n\t<meta property=\"og:image:height\" content=\"300\" \/>\n\t<meta property=\"og:image:type\" content=\"image\/png\" \/>\n<meta name=\"author\" content=\"editor\" \/>\n<meta name=\"twitter:card\" content=\"summary_large_image\" \/>\n<meta name=\"twitter:label1\" content=\"Escrito por\" \/>\n\t<meta name=\"twitter:data1\" content=\"editor\" \/>\n\t<meta name=\"twitter:label2\" content=\"Est. tempo de leitura\" \/>\n\t<meta name=\"twitter:data2\" content=\"2 minutos\" \/>\n<script type=\"application\/ld+json\" class=\"yoast-schema-graph\">{\"@context\":\"https:\/\/schema.org\",\"@graph\":[{\"@type\":\"Article\",\"@id\":\"https:\/\/www.oarcanjo.net\/site\/moradores-de-rua-de-fortaleza-ce-participam-nesta-quarta-feira-do-ato-pela-vida\/#article\",\"isPartOf\":{\"@id\":\"https:\/\/www.oarcanjo.net\/site\/moradores-de-rua-de-fortaleza-ce-participam-nesta-quarta-feira-do-ato-pela-vida\/\"},\"author\":{\"name\":\"editor\",\"@id\":\"https:\/\/www.oarcanjo.net\/site\/#\/schema\/person\/f7024d007863202483a31326673a0838\"},\"headline\":\"Moradores de Rua de Fortaleza (CE) participam nesta quarta-feira do Ato pela Vida\",\"datePublished\":\"2009-08-19T03:15:28+00:00\",\"dateModified\":\"2009-08-19T03:15:28+00:00\",\"mainEntityOfPage\":{\"@id\":\"https:\/\/www.oarcanjo.net\/site\/moradores-de-rua-de-fortaleza-ce-participam-nesta-quarta-feira-do-ato-pela-vida\/\"},\"wordCount\":456,\"commentCount\":0,\"publisher\":{\"@id\":\"https:\/\/www.oarcanjo.net\/site\/#organization\"},\"keywords\":[\"ato p\u00fablico\",\"Mem\u00f3ria\",\"povo da rua\",\"solidariedade\"],\"articleSection\":[\"Not\u00edcias\"],\"inLanguage\":\"pt-BR\",\"potentialAction\":[{\"@type\":\"CommentAction\",\"name\":\"Comment\",\"target\":[\"https:\/\/www.oarcanjo.net\/site\/moradores-de-rua-de-fortaleza-ce-participam-nesta-quarta-feira-do-ato-pela-vida\/#respond\"]}]},{\"@type\":\"WebPage\",\"@id\":\"https:\/\/www.oarcanjo.net\/site\/moradores-de-rua-de-fortaleza-ce-participam-nesta-quarta-feira-do-ato-pela-vida\/\",\"url\":\"https:\/\/www.oarcanjo.net\/site\/moradores-de-rua-de-fortaleza-ce-participam-nesta-quarta-feira-do-ato-pela-vida\/\",\"name\":\"Moradores de Rua de Fortaleza (CE) participam nesta quarta-feira do Ato pela Vida - O Arcanjo no ar\",\"isPartOf\":{\"@id\":\"https:\/\/www.oarcanjo.net\/site\/#website\"},\"datePublished\":\"2009-08-19T03:15:28+00:00\",\"dateModified\":\"2009-08-19T03:15:28+00:00\",\"breadcrumb\":{\"@id\":\"https:\/\/www.oarcanjo.net\/site\/moradores-de-rua-de-fortaleza-ce-participam-nesta-quarta-feira-do-ato-pela-vida\/#breadcrumb\"},\"inLanguage\":\"pt-BR\",\"potentialAction\":[{\"@type\":\"ReadAction\",\"target\":[\"https:\/\/www.oarcanjo.net\/site\/moradores-de-rua-de-fortaleza-ce-participam-nesta-quarta-feira-do-ato-pela-vida\/\"]}]},{\"@type\":\"BreadcrumbList\",\"@id\":\"https:\/\/www.oarcanjo.net\/site\/moradores-de-rua-de-fortaleza-ce-participam-nesta-quarta-feira-do-ato-pela-vida\/#breadcrumb\",\"itemListElement\":[{\"@type\":\"ListItem\",\"position\":1,\"name\":\"In\u00edcio\",\"item\":\"https:\/\/www.oarcanjo.net\/site\/\"},{\"@type\":\"ListItem\",\"position\":2,\"name\":\"Moradores de Rua de Fortaleza (CE) participam nesta quarta-feira do Ato pela Vida\"}]},{\"@type\":\"WebSite\",\"@id\":\"https:\/\/www.oarcanjo.net\/site\/#website\",\"url\":\"https:\/\/www.oarcanjo.net\/site\/\",\"name\":\"O Arcanjo no ar\",\"description\":\"Site da Par\u00f3quia S\u00e3o Miguel Arcanjo (Arquidiocese de SP)\",\"publisher\":{\"@id\":\"https:\/\/www.oarcanjo.net\/site\/#organization\"},\"potentialAction\":[{\"@type\":\"SearchAction\",\"target\":{\"@type\":\"EntryPoint\",\"urlTemplate\":\"https:\/\/www.oarcanjo.net\/site\/?s={search_term_string}\"},\"query-input\":{\"@type\":\"PropertyValueSpecification\",\"valueRequired\":true,\"valueName\":\"search_term_string\"}}],\"inLanguage\":\"pt-BR\"},{\"@type\":\"Organization\",\"@id\":\"https:\/\/www.oarcanjo.net\/site\/#organization\",\"name\":\"Par\u00f3quia S\u00e3o Miguel Arcanjo\",\"url\":\"https:\/\/www.oarcanjo.net\/site\/\",\"logo\":{\"@type\":\"ImageObject\",\"inLanguage\":\"pt-BR\",\"@id\":\"https:\/\/www.oarcanjo.net\/site\/#\/schema\/logo\/image\/\",\"url\":\"https:\/\/www.oarcanjo.net\/site\/wp-content\/uploads\/LogoOArcanjo.png\",\"contentUrl\":\"https:\/\/www.oarcanjo.net\/site\/wp-content\/uploads\/LogoOArcanjo.png\",\"width\":319,\"height\":99,\"caption\":\"Par\u00f3quia S\u00e3o Miguel Arcanjo\"},\"image\":{\"@id\":\"https:\/\/www.oarcanjo.net\/site\/#\/schema\/logo\/image\/\"},\"sameAs\":[\"https:\/\/www.facebook.com\/OArcanjoNoAr\/\"]},{\"@type\":\"Person\",\"@id\":\"https:\/\/www.oarcanjo.net\/site\/#\/schema\/person\/f7024d007863202483a31326673a0838\",\"name\":\"editor\",\"sameAs\":[\"http:\/\/www.oarcanjo.net\"]}]}<\/script>\n<!-- \/ Yoast SEO plugin. -->","yoast_head_json":{"title":"Moradores de Rua de Fortaleza (CE) participam nesta quarta-feira do Ato pela Vida  - O Arcanjo no ar","robots":{"index":"index","follow":"follow","max-snippet":"max-snippet:-1","max-image-preview":"max-image-preview:large","max-video-preview":"max-video-preview:-1"},"canonical":"https:\/\/www.oarcanjo.net\/site\/moradores-de-rua-de-fortaleza-ce-participam-nesta-quarta-feira-do-ato-pela-vida\/","og_locale":"pt_BR","og_type":"article","og_title":"Moradores de Rua de Fortaleza (CE) participam nesta quarta-feira do Ato pela Vida  - O Arcanjo no ar","og_description":"Entidades e institui\u00e7\u00f5es que trabalham em favor da Popula\u00e7\u00e3o de Rua de Fortaleza, no Cear\u00e1, realizam na tarde desta quarta-feira (19), um Ato pela Vida. O evento, que conta com a presen\u00e7a da popula\u00e7\u00e3o de rua e de outros grupos marginalizados, come\u00e7a \u00e0s 16h30 na Pra\u00e7a D. Pedro II, em frente \u00e0 Catedral Metropolitana da [&hellip;]","og_url":"https:\/\/www.oarcanjo.net\/site\/moradores-de-rua-de-fortaleza-ce-participam-nesta-quarta-feira-do-ato-pela-vida\/","og_site_name":"O Arcanjo no ar","article_publisher":"https:\/\/www.facebook.com\/OArcanjoNoAr\/","article_published_time":"2009-08-19T03:15:28+00:00","og_image":[{"width":300,"height":300,"url":"https:\/\/www.oarcanjo.net\/site\/wp-content\/uploads\/logo-o-arcanjo-no-ar-facebook.png","type":"image\/png"}],"author":"editor","twitter_card":"summary_large_image","twitter_misc":{"Escrito por":"editor","Est. tempo de leitura":"2 minutos"},"schema":{"@context":"https:\/\/schema.org","@graph":[{"@type":"Article","@id":"https:\/\/www.oarcanjo.net\/site\/moradores-de-rua-de-fortaleza-ce-participam-nesta-quarta-feira-do-ato-pela-vida\/#article","isPartOf":{"@id":"https:\/\/www.oarcanjo.net\/site\/moradores-de-rua-de-fortaleza-ce-participam-nesta-quarta-feira-do-ato-pela-vida\/"},"author":{"name":"editor","@id":"https:\/\/www.oarcanjo.net\/site\/#\/schema\/person\/f7024d007863202483a31326673a0838"},"headline":"Moradores de Rua de Fortaleza (CE) participam nesta quarta-feira do Ato pela Vida","datePublished":"2009-08-19T03:15:28+00:00","dateModified":"2009-08-19T03:15:28+00:00","mainEntityOfPage":{"@id":"https:\/\/www.oarcanjo.net\/site\/moradores-de-rua-de-fortaleza-ce-participam-nesta-quarta-feira-do-ato-pela-vida\/"},"wordCount":456,"commentCount":0,"publisher":{"@id":"https:\/\/www.oarcanjo.net\/site\/#organization"},"keywords":["ato p\u00fablico","Mem\u00f3ria","povo da rua","solidariedade"],"articleSection":["Not\u00edcias"],"inLanguage":"pt-BR","potentialAction":[{"@type":"CommentAction","name":"Comment","target":["https:\/\/www.oarcanjo.net\/site\/moradores-de-rua-de-fortaleza-ce-participam-nesta-quarta-feira-do-ato-pela-vida\/#respond"]}]},{"@type":"WebPage","@id":"https:\/\/www.oarcanjo.net\/site\/moradores-de-rua-de-fortaleza-ce-participam-nesta-quarta-feira-do-ato-pela-vida\/","url":"https:\/\/www.oarcanjo.net\/site\/moradores-de-rua-de-fortaleza-ce-participam-nesta-quarta-feira-do-ato-pela-vida\/","name":"Moradores de Rua de Fortaleza (CE) participam nesta quarta-feira do Ato pela Vida - O Arcanjo no ar","isPartOf":{"@id":"https:\/\/www.oarcanjo.net\/site\/#website"},"datePublished":"2009-08-19T03:15:28+00:00","dateModified":"2009-08-19T03:15:28+00:00","breadcrumb":{"@id":"https:\/\/www.oarcanjo.net\/site\/moradores-de-rua-de-fortaleza-ce-participam-nesta-quarta-feira-do-ato-pela-vida\/#breadcrumb"},"inLanguage":"pt-BR","potentialAction":[{"@type":"ReadAction","target":["https:\/\/www.oarcanjo.net\/site\/moradores-de-rua-de-fortaleza-ce-participam-nesta-quarta-feira-do-ato-pela-vida\/"]}]},{"@type":"BreadcrumbList","@id":"https:\/\/www.oarcanjo.net\/site\/moradores-de-rua-de-fortaleza-ce-participam-nesta-quarta-feira-do-ato-pela-vida\/#breadcrumb","itemListElement":[{"@type":"ListItem","position":1,"name":"In\u00edcio","item":"https:\/\/www.oarcanjo.net\/site\/"},{"@type":"ListItem","position":2,"name":"Moradores de Rua de Fortaleza (CE) participam nesta quarta-feira do Ato pela Vida"}]},{"@type":"WebSite","@id":"https:\/\/www.oarcanjo.net\/site\/#website","url":"https:\/\/www.oarcanjo.net\/site\/","name":"O Arcanjo no ar","description":"Site da Par\u00f3quia S\u00e3o Miguel Arcanjo (Arquidiocese de SP)","publisher":{"@id":"https:\/\/www.oarcanjo.net\/site\/#organization"},"potentialAction":[{"@type":"SearchAction","target":{"@type":"EntryPoint","urlTemplate":"https:\/\/www.oarcanjo.net\/site\/?s={search_term_string}"},"query-input":{"@type":"PropertyValueSpecification","valueRequired":true,"valueName":"search_term_string"}}],"inLanguage":"pt-BR"},{"@type":"Organization","@id":"https:\/\/www.oarcanjo.net\/site\/#organization","name":"Par\u00f3quia S\u00e3o Miguel Arcanjo","url":"https:\/\/www.oarcanjo.net\/site\/","logo":{"@type":"ImageObject","inLanguage":"pt-BR","@id":"https:\/\/www.oarcanjo.net\/site\/#\/schema\/logo\/image\/","url":"https:\/\/www.oarcanjo.net\/site\/wp-content\/uploads\/LogoOArcanjo.png","contentUrl":"https:\/\/www.oarcanjo.net\/site\/wp-content\/uploads\/LogoOArcanjo.png","width":319,"height":99,"caption":"Par\u00f3quia S\u00e3o Miguel Arcanjo"},"image":{"@id":"https:\/\/www.oarcanjo.net\/site\/#\/schema\/logo\/image\/"},"sameAs":["https:\/\/www.facebook.com\/OArcanjoNoAr\/"]},{"@type":"Person","@id":"https:\/\/www.oarcanjo.net\/site\/#\/schema\/person\/f7024d007863202483a31326673a0838","name":"editor","sameAs":["http:\/\/www.oarcanjo.net"]}]}},"publishpress_future_action":{"enabled":false,"date":"2026-05-09 03:20:28","action":"category","newStatus":"draft","terms":[],"taxonomy":"category"},"publishpress_future_workflow_manual_trigger":{"enabledWorkflows":[]},"_links":{"self":[{"href":"https:\/\/www.oarcanjo.net\/site\/wp-json\/wp\/v2\/posts\/4803"}],"collection":[{"href":"https:\/\/www.oarcanjo.net\/site\/wp-json\/wp\/v2\/posts"}],"about":[{"href":"https:\/\/www.oarcanjo.net\/site\/wp-json\/wp\/v2\/types\/post"}],"author":[{"embeddable":true,"href":"https:\/\/www.oarcanjo.net\/site\/wp-json\/wp\/v2\/users\/5"}],"replies":[{"embeddable":true,"href":"https:\/\/www.oarcanjo.net\/site\/wp-json\/wp\/v2\/comments?post=4803"}],"version-history":[{"count":0,"href":"https:\/\/www.oarcanjo.net\/site\/wp-json\/wp\/v2\/posts\/4803\/revisions"}],"wp:attachment":[{"href":"https:\/\/www.oarcanjo.net\/site\/wp-json\/wp\/v2\/media?parent=4803"}],"wp:term":[{"taxonomy":"category","embeddable":true,"href":"https:\/\/www.oarcanjo.net\/site\/wp-json\/wp\/v2\/categories?post=4803"},{"taxonomy":"post_tag","embeddable":true,"href":"https:\/\/www.oarcanjo.net\/site\/wp-json\/wp\/v2\/tags?post=4803"}],"curies":[{"name":"wp","href":"https:\/\/api.w.org\/{rel}","templated":true}]}}