
{"id":4809,"date":"2009-08-20T03:55:15","date_gmt":"2009-08-20T06:55:15","guid":{"rendered":"http:\/\/www.oarcanjo.net\/site\/?p=4809"},"modified":"2009-08-20T03:58:56","modified_gmt":"2009-08-20T06:58:56","slug":"conselho-do-setor-belem-reune-se-na-igreja-sao-miguel","status":"publish","type":"post","link":"https:\/\/www.oarcanjo.net\/site\/conselho-do-setor-belem-reune-se-na-igreja-sao-miguel\/","title":{"rendered":"Conselho do Setor Bel\u00e9m re\u00fane-se na igreja S\u00e3o Miguel"},"content":{"rendered":"<p>O Conselho Setorial, composto por representantes das 9 Par\u00f3quias do Setor Bel\u00e9m, reuniu-se nesta ter\u00e7a-feira, 19\/08\/09 na igreja S\u00e3o Miguel Arcanjo. Participaram representantes das Par\u00f3quias Santa Rita, S\u00e3o Jo\u00e3o Batista, S\u00e3o Jos\u00e9 do Bel\u00e9m, S\u00e3o Carlos Borromeu, N. S. de Lourdes, N. S. Bom Conselho e S\u00e3o Rafael. A acolhida foi feita pelo Pe. J\u00falio Lancellotti.<\/p>\n<p><img loading=\"lazy\" decoding=\"async\" src=\"http:\/\/www.oarcanjo.net\/site\/wp-content\/uploads\/reuniao-setor-09-02.JPG\" alt=\"Reuni\u00e3o do Setor Agosto 2009\" title=\"Reuni\u00e3o do Setor Agosto 2009\" width=\"350\" height=\"234\" \/><\/p>\n<p>O Pe. Marcelo Mar\u00f3stica exp\u00f4s os temas da pauta:<\/p>\n<p>* Jornada da Caridade na Regi\u00e3o Bel\u00e9m<br \/>\n* Ano Sacerdotal<br \/>\n* Ano Catequ\u00e9tico<br \/>\n* Campanha do Desarmamento<\/p>\n<p><img loading=\"lazy\" decoding=\"async\" src=\"http:\/\/www.oarcanjo.net\/site\/wp-content\/uploads\/reuniao-setor-09-03.JPG\" alt=\"Reuni\u00e3o do Setor Agosto 2009\" title=\"Reuni\u00e3o do Setor Agosto 2009\" width=\"350\" height=\"234\" \/><\/p>\n<p>Foi enfatizada a realiza\u00e7\u00e3o da Jornada nas Par\u00f3quias, em setembro. O Pe. J\u00falio pediu que num gesto concreto, as Par\u00f3quias auxiliassem uma obra iniciada por Dom Luciano Mendes de Almeida, o Centro Padre Ezequiel Ramin, que precisa de\u00a0 contribui\u00e7\u00f5es para dar continuidade ao trabalho com os adolescentes em situa\u00e7\u00e3o de conflito.<\/p>\n<p>Quando se falou do Ano Sacerdotal, nosso P\u00e1roco lembrou de S\u00e3o Jo\u00e3o Eudes, mas tamb\u00e9m de todos os Padres que passaram pelo Setor Bel\u00e9m. Quanto ao tema do Ano Catequ\u00e9tico, o Pe. Marcelo acentuou o Documento de Aparecida e a reflex\u00e3o pela passagem dos 50 anos do 1\u00ba ano Catequ\u00e9tico, inclusive para ressaltar o trabalho das catequistas.<\/p>\n<p><img loading=\"lazy\" decoding=\"async\" src=\"http:\/\/www.oarcanjo.net\/site\/wp-content\/uploads\/reuniao-setor-09-01.JPG\" alt=\"Reuni\u00e3o do Setor Agosto 2009\" title=\"Reuni\u00e3o do Setor Agosto 2009\" width=\"350\" height=\"234\" \/><\/p>\n<p>Foi informado tamb\u00e9m que nos dias 22 a 24 de outubro a Par\u00f3quia S\u00e3o Jo\u00e3o Batista contar\u00e1 com um Posto da Guarda Civil para a Campanha do Desarmamento. No final o Pe. Aldo enfatizou a import\u00e2ncia da Feira Vocacional que ser\u00e1 realizada na Pra\u00e7a Silvio Romero no dia 17 de outubro, das 8h \u00e0s 20h, dirigida especialmente aos jovens, com apresenta\u00e7\u00e3o dos stands com material vocacional, corais, bandas e grupos teatrais.<\/p>\n<div id=\"themify_builder_content-4809\" data-postid=\"4809\" class=\"themify_builder_content themify_builder_content-4809 themify_builder themify_builder_front\">\n\t<\/div>\n<!-- \/themify_builder_content -->","protected":false},"excerpt":{"rendered":"<p>O Conselho Setorial, composto por representantes das 9 Par\u00f3quias do Setor Bel\u00e9m, reuniu-se nesta ter\u00e7a-feira, 19\/08\/09 na igreja S\u00e3o Miguel Arcanjo. Participaram representantes das Par\u00f3quias Santa Rita, S\u00e3o Jo\u00e3o Batista, S\u00e3o Jos\u00e9 do Bel\u00e9m, S\u00e3o Carlos Borromeu, N. S. de Lourdes, N. S. Bom Conselho e S\u00e3o Rafael. A acolhida foi feita pelo Pe. J\u00falio [&hellip;]<\/p>\n","protected":false},"author":10,"featured_media":0,"comment_status":"open","ping_status":"open","sticky":false,"template":"","format":"standard","meta":{"ngg_post_thumbnail":0,"footnotes":""},"categories":[8],"tags":[773,997,111],"yoast_head":"<!-- This site is optimized with the Yoast SEO plugin v23.5 - https:\/\/yoast.com\/wordpress\/plugins\/seo\/ -->\n<title>Conselho do Setor Bel\u00e9m re\u00fane-se na igreja S\u00e3o Miguel - O Arcanjo no ar<\/title>\n<meta name=\"robots\" content=\"index, follow, max-snippet:-1, max-image-preview:large, max-video-preview:-1\" \/>\n<link rel=\"canonical\" href=\"https:\/\/www.oarcanjo.net\/site\/conselho-do-setor-belem-reune-se-na-igreja-sao-miguel\/\" \/>\n<meta property=\"og:locale\" content=\"pt_BR\" \/>\n<meta property=\"og:type\" content=\"article\" \/>\n<meta property=\"og:title\" content=\"Conselho do Setor Bel\u00e9m re\u00fane-se na igreja S\u00e3o Miguel - O Arcanjo no ar\" \/>\n<meta property=\"og:description\" content=\"O Conselho Setorial, composto por representantes das 9 Par\u00f3quias do Setor Bel\u00e9m, reuniu-se nesta ter\u00e7a-feira, 19\/08\/09 na igreja S\u00e3o Miguel Arcanjo. Participaram representantes das Par\u00f3quias Santa Rita, S\u00e3o Jo\u00e3o Batista, S\u00e3o Jos\u00e9 do Bel\u00e9m, S\u00e3o Carlos Borromeu, N. S. de Lourdes, N. S. Bom Conselho e S\u00e3o Rafael. A acolhida foi feita pelo Pe. J\u00falio [&hellip;]\" \/>\n<meta property=\"og:url\" content=\"https:\/\/www.oarcanjo.net\/site\/conselho-do-setor-belem-reune-se-na-igreja-sao-miguel\/\" \/>\n<meta property=\"og:site_name\" content=\"O Arcanjo no ar\" \/>\n<meta property=\"article:publisher\" content=\"https:\/\/www.facebook.com\/OArcanjoNoAr\/\" \/>\n<meta property=\"article:published_time\" content=\"2009-08-20T06:55:15+00:00\" \/>\n<meta property=\"article:modified_time\" content=\"2009-08-20T06:58:56+00:00\" \/>\n<meta property=\"og:image\" content=\"http:\/\/www.oarcanjo.net\/site\/wp-content\/uploads\/reuniao-setor-09-02.JPG\" \/>\n<meta name=\"author\" content=\"carlos\" \/>\n<meta name=\"twitter:card\" content=\"summary_large_image\" \/>\n<meta name=\"twitter:label1\" content=\"Escrito por\" \/>\n\t<meta name=\"twitter:data1\" content=\"carlos\" \/>\n\t<meta name=\"twitter:label2\" content=\"Est. tempo de leitura\" \/>\n\t<meta name=\"twitter:data2\" content=\"1 minuto\" \/>\n<script type=\"application\/ld+json\" class=\"yoast-schema-graph\">{\"@context\":\"https:\/\/schema.org\",\"@graph\":[{\"@type\":\"Article\",\"@id\":\"https:\/\/www.oarcanjo.net\/site\/conselho-do-setor-belem-reune-se-na-igreja-sao-miguel\/#article\",\"isPartOf\":{\"@id\":\"https:\/\/www.oarcanjo.net\/site\/conselho-do-setor-belem-reune-se-na-igreja-sao-miguel\/\"},\"author\":{\"name\":\"carlos\",\"@id\":\"https:\/\/www.oarcanjo.net\/site\/#\/schema\/person\/f7870e710d8c8c30673de3a0ac2e451d\"},\"headline\":\"Conselho do Setor Bel\u00e9m re\u00fane-se na igreja S\u00e3o Miguel\",\"datePublished\":\"2009-08-20T06:55:15+00:00\",\"dateModified\":\"2009-08-20T06:58:56+00:00\",\"mainEntityOfPage\":{\"@id\":\"https:\/\/www.oarcanjo.net\/site\/conselho-do-setor-belem-reune-se-na-igreja-sao-miguel\/\"},\"wordCount\":300,\"commentCount\":0,\"publisher\":{\"@id\":\"https:\/\/www.oarcanjo.net\/site\/#organization\"},\"image\":{\"@id\":\"https:\/\/www.oarcanjo.net\/site\/conselho-do-setor-belem-reune-se-na-igreja-sao-miguel\/#primaryimage\"},\"thumbnailUrl\":\"http:\/\/www.oarcanjo.net\/site\/wp-content\/uploads\/reuniao-setor-09-02.JPG\",\"keywords\":[\"Ano Sacerdotal\",\"Centro Padre Ezequiel Ramin\",\"Setor Bel\u00e9m\"],\"articleSection\":[\"Not\u00edcias\"],\"inLanguage\":\"pt-BR\",\"potentialAction\":[{\"@type\":\"CommentAction\",\"name\":\"Comment\",\"target\":[\"https:\/\/www.oarcanjo.net\/site\/conselho-do-setor-belem-reune-se-na-igreja-sao-miguel\/#respond\"]}]},{\"@type\":\"WebPage\",\"@id\":\"https:\/\/www.oarcanjo.net\/site\/conselho-do-setor-belem-reune-se-na-igreja-sao-miguel\/\",\"url\":\"https:\/\/www.oarcanjo.net\/site\/conselho-do-setor-belem-reune-se-na-igreja-sao-miguel\/\",\"name\":\"Conselho do Setor Bel\u00e9m re\u00fane-se na igreja S\u00e3o Miguel - O Arcanjo no ar\",\"isPartOf\":{\"@id\":\"https:\/\/www.oarcanjo.net\/site\/#website\"},\"primaryImageOfPage\":{\"@id\":\"https:\/\/www.oarcanjo.net\/site\/conselho-do-setor-belem-reune-se-na-igreja-sao-miguel\/#primaryimage\"},\"image\":{\"@id\":\"https:\/\/www.oarcanjo.net\/site\/conselho-do-setor-belem-reune-se-na-igreja-sao-miguel\/#primaryimage\"},\"thumbnailUrl\":\"http:\/\/www.oarcanjo.net\/site\/wp-content\/uploads\/reuniao-setor-09-02.JPG\",\"datePublished\":\"2009-08-20T06:55:15+00:00\",\"dateModified\":\"2009-08-20T06:58:56+00:00\",\"breadcrumb\":{\"@id\":\"https:\/\/www.oarcanjo.net\/site\/conselho-do-setor-belem-reune-se-na-igreja-sao-miguel\/#breadcrumb\"},\"inLanguage\":\"pt-BR\",\"potentialAction\":[{\"@type\":\"ReadAction\",\"target\":[\"https:\/\/www.oarcanjo.net\/site\/conselho-do-setor-belem-reune-se-na-igreja-sao-miguel\/\"]}]},{\"@type\":\"ImageObject\",\"inLanguage\":\"pt-BR\",\"@id\":\"https:\/\/www.oarcanjo.net\/site\/conselho-do-setor-belem-reune-se-na-igreja-sao-miguel\/#primaryimage\",\"url\":\"https:\/\/www.oarcanjo.net\/site\/wp-content\/uploads\/reuniao-setor-09-02.JPG\",\"contentUrl\":\"https:\/\/www.oarcanjo.net\/site\/wp-content\/uploads\/reuniao-setor-09-02.JPG\",\"width\":\"350\",\"height\":\"234\"},{\"@type\":\"BreadcrumbList\",\"@id\":\"https:\/\/www.oarcanjo.net\/site\/conselho-do-setor-belem-reune-se-na-igreja-sao-miguel\/#breadcrumb\",\"itemListElement\":[{\"@type\":\"ListItem\",\"position\":1,\"name\":\"In\u00edcio\",\"item\":\"https:\/\/www.oarcanjo.net\/site\/\"},{\"@type\":\"ListItem\",\"position\":2,\"name\":\"Conselho do Setor Bel\u00e9m re\u00fane-se na igreja S\u00e3o Miguel\"}]},{\"@type\":\"WebSite\",\"@id\":\"https:\/\/www.oarcanjo.net\/site\/#website\",\"url\":\"https:\/\/www.oarcanjo.net\/site\/\",\"name\":\"O Arcanjo no ar\",\"description\":\"Site da Par\u00f3quia S\u00e3o Miguel Arcanjo (Arquidiocese de SP)\",\"publisher\":{\"@id\":\"https:\/\/www.oarcanjo.net\/site\/#organization\"},\"potentialAction\":[{\"@type\":\"SearchAction\",\"target\":{\"@type\":\"EntryPoint\",\"urlTemplate\":\"https:\/\/www.oarcanjo.net\/site\/?s={search_term_string}\"},\"query-input\":{\"@type\":\"PropertyValueSpecification\",\"valueRequired\":true,\"valueName\":\"search_term_string\"}}],\"inLanguage\":\"pt-BR\"},{\"@type\":\"Organization\",\"@id\":\"https:\/\/www.oarcanjo.net\/site\/#organization\",\"name\":\"Par\u00f3quia S\u00e3o Miguel Arcanjo\",\"url\":\"https:\/\/www.oarcanjo.net\/site\/\",\"logo\":{\"@type\":\"ImageObject\",\"inLanguage\":\"pt-BR\",\"@id\":\"https:\/\/www.oarcanjo.net\/site\/#\/schema\/logo\/image\/\",\"url\":\"https:\/\/www.oarcanjo.net\/site\/wp-content\/uploads\/LogoOArcanjo.png\",\"contentUrl\":\"https:\/\/www.oarcanjo.net\/site\/wp-content\/uploads\/LogoOArcanjo.png\",\"width\":319,\"height\":99,\"caption\":\"Par\u00f3quia S\u00e3o Miguel Arcanjo\"},\"image\":{\"@id\":\"https:\/\/www.oarcanjo.net\/site\/#\/schema\/logo\/image\/\"},\"sameAs\":[\"https:\/\/www.facebook.com\/OArcanjoNoAr\/\"]},{\"@type\":\"Person\",\"@id\":\"https:\/\/www.oarcanjo.net\/site\/#\/schema\/person\/f7870e710d8c8c30673de3a0ac2e451d\",\"name\":\"carlos\"}]}<\/script>\n<!-- \/ Yoast SEO plugin. -->","yoast_head_json":{"title":"Conselho do Setor Bel\u00e9m re\u00fane-se na igreja S\u00e3o Miguel - O Arcanjo no ar","robots":{"index":"index","follow":"follow","max-snippet":"max-snippet:-1","max-image-preview":"max-image-preview:large","max-video-preview":"max-video-preview:-1"},"canonical":"https:\/\/www.oarcanjo.net\/site\/conselho-do-setor-belem-reune-se-na-igreja-sao-miguel\/","og_locale":"pt_BR","og_type":"article","og_title":"Conselho do Setor Bel\u00e9m re\u00fane-se na igreja S\u00e3o Miguel - O Arcanjo no ar","og_description":"O Conselho Setorial, composto por representantes das 9 Par\u00f3quias do Setor Bel\u00e9m, reuniu-se nesta ter\u00e7a-feira, 19\/08\/09 na igreja S\u00e3o Miguel Arcanjo. Participaram representantes das Par\u00f3quias Santa Rita, S\u00e3o Jo\u00e3o Batista, S\u00e3o Jos\u00e9 do Bel\u00e9m, S\u00e3o Carlos Borromeu, N. S. de Lourdes, N. S. Bom Conselho e S\u00e3o Rafael. A acolhida foi feita pelo Pe. J\u00falio [&hellip;]","og_url":"https:\/\/www.oarcanjo.net\/site\/conselho-do-setor-belem-reune-se-na-igreja-sao-miguel\/","og_site_name":"O Arcanjo no ar","article_publisher":"https:\/\/www.facebook.com\/OArcanjoNoAr\/","article_published_time":"2009-08-20T06:55:15+00:00","article_modified_time":"2009-08-20T06:58:56+00:00","og_image":[{"url":"http:\/\/www.oarcanjo.net\/site\/wp-content\/uploads\/reuniao-setor-09-02.JPG"}],"author":"carlos","twitter_card":"summary_large_image","twitter_misc":{"Escrito por":"carlos","Est. tempo de leitura":"1 minuto"},"schema":{"@context":"https:\/\/schema.org","@graph":[{"@type":"Article","@id":"https:\/\/www.oarcanjo.net\/site\/conselho-do-setor-belem-reune-se-na-igreja-sao-miguel\/#article","isPartOf":{"@id":"https:\/\/www.oarcanjo.net\/site\/conselho-do-setor-belem-reune-se-na-igreja-sao-miguel\/"},"author":{"name":"carlos","@id":"https:\/\/www.oarcanjo.net\/site\/#\/schema\/person\/f7870e710d8c8c30673de3a0ac2e451d"},"headline":"Conselho do Setor Bel\u00e9m re\u00fane-se na igreja S\u00e3o Miguel","datePublished":"2009-08-20T06:55:15+00:00","dateModified":"2009-08-20T06:58:56+00:00","mainEntityOfPage":{"@id":"https:\/\/www.oarcanjo.net\/site\/conselho-do-setor-belem-reune-se-na-igreja-sao-miguel\/"},"wordCount":300,"commentCount":0,"publisher":{"@id":"https:\/\/www.oarcanjo.net\/site\/#organization"},"image":{"@id":"https:\/\/www.oarcanjo.net\/site\/conselho-do-setor-belem-reune-se-na-igreja-sao-miguel\/#primaryimage"},"thumbnailUrl":"http:\/\/www.oarcanjo.net\/site\/wp-content\/uploads\/reuniao-setor-09-02.JPG","keywords":["Ano Sacerdotal","Centro Padre Ezequiel Ramin","Setor Bel\u00e9m"],"articleSection":["Not\u00edcias"],"inLanguage":"pt-BR","potentialAction":[{"@type":"CommentAction","name":"Comment","target":["https:\/\/www.oarcanjo.net\/site\/conselho-do-setor-belem-reune-se-na-igreja-sao-miguel\/#respond"]}]},{"@type":"WebPage","@id":"https:\/\/www.oarcanjo.net\/site\/conselho-do-setor-belem-reune-se-na-igreja-sao-miguel\/","url":"https:\/\/www.oarcanjo.net\/site\/conselho-do-setor-belem-reune-se-na-igreja-sao-miguel\/","name":"Conselho do Setor Bel\u00e9m re\u00fane-se na igreja S\u00e3o Miguel - O Arcanjo no ar","isPartOf":{"@id":"https:\/\/www.oarcanjo.net\/site\/#website"},"primaryImageOfPage":{"@id":"https:\/\/www.oarcanjo.net\/site\/conselho-do-setor-belem-reune-se-na-igreja-sao-miguel\/#primaryimage"},"image":{"@id":"https:\/\/www.oarcanjo.net\/site\/conselho-do-setor-belem-reune-se-na-igreja-sao-miguel\/#primaryimage"},"thumbnailUrl":"http:\/\/www.oarcanjo.net\/site\/wp-content\/uploads\/reuniao-setor-09-02.JPG","datePublished":"2009-08-20T06:55:15+00:00","dateModified":"2009-08-20T06:58:56+00:00","breadcrumb":{"@id":"https:\/\/www.oarcanjo.net\/site\/conselho-do-setor-belem-reune-se-na-igreja-sao-miguel\/#breadcrumb"},"inLanguage":"pt-BR","potentialAction":[{"@type":"ReadAction","target":["https:\/\/www.oarcanjo.net\/site\/conselho-do-setor-belem-reune-se-na-igreja-sao-miguel\/"]}]},{"@type":"ImageObject","inLanguage":"pt-BR","@id":"https:\/\/www.oarcanjo.net\/site\/conselho-do-setor-belem-reune-se-na-igreja-sao-miguel\/#primaryimage","url":"https:\/\/www.oarcanjo.net\/site\/wp-content\/uploads\/reuniao-setor-09-02.JPG","contentUrl":"https:\/\/www.oarcanjo.net\/site\/wp-content\/uploads\/reuniao-setor-09-02.JPG","width":"350","height":"234"},{"@type":"BreadcrumbList","@id":"https:\/\/www.oarcanjo.net\/site\/conselho-do-setor-belem-reune-se-na-igreja-sao-miguel\/#breadcrumb","itemListElement":[{"@type":"ListItem","position":1,"name":"In\u00edcio","item":"https:\/\/www.oarcanjo.net\/site\/"},{"@type":"ListItem","position":2,"name":"Conselho do Setor Bel\u00e9m re\u00fane-se na igreja S\u00e3o Miguel"}]},{"@type":"WebSite","@id":"https:\/\/www.oarcanjo.net\/site\/#website","url":"https:\/\/www.oarcanjo.net\/site\/","name":"O Arcanjo no ar","description":"Site da Par\u00f3quia S\u00e3o Miguel Arcanjo (Arquidiocese de SP)","publisher":{"@id":"https:\/\/www.oarcanjo.net\/site\/#organization"},"potentialAction":[{"@type":"SearchAction","target":{"@type":"EntryPoint","urlTemplate":"https:\/\/www.oarcanjo.net\/site\/?s={search_term_string}"},"query-input":{"@type":"PropertyValueSpecification","valueRequired":true,"valueName":"search_term_string"}}],"inLanguage":"pt-BR"},{"@type":"Organization","@id":"https:\/\/www.oarcanjo.net\/site\/#organization","name":"Par\u00f3quia S\u00e3o Miguel Arcanjo","url":"https:\/\/www.oarcanjo.net\/site\/","logo":{"@type":"ImageObject","inLanguage":"pt-BR","@id":"https:\/\/www.oarcanjo.net\/site\/#\/schema\/logo\/image\/","url":"https:\/\/www.oarcanjo.net\/site\/wp-content\/uploads\/LogoOArcanjo.png","contentUrl":"https:\/\/www.oarcanjo.net\/site\/wp-content\/uploads\/LogoOArcanjo.png","width":319,"height":99,"caption":"Par\u00f3quia S\u00e3o Miguel Arcanjo"},"image":{"@id":"https:\/\/www.oarcanjo.net\/site\/#\/schema\/logo\/image\/"},"sameAs":["https:\/\/www.facebook.com\/OArcanjoNoAr\/"]},{"@type":"Person","@id":"https:\/\/www.oarcanjo.net\/site\/#\/schema\/person\/f7870e710d8c8c30673de3a0ac2e451d","name":"carlos"}]}},"publishpress_future_action":{"enabled":false,"date":"2026-05-09 04:49:16","action":"category","newStatus":"draft","terms":[],"taxonomy":"category"},"publishpress_future_workflow_manual_trigger":{"enabledWorkflows":[]},"_links":{"self":[{"href":"https:\/\/www.oarcanjo.net\/site\/wp-json\/wp\/v2\/posts\/4809"}],"collection":[{"href":"https:\/\/www.oarcanjo.net\/site\/wp-json\/wp\/v2\/posts"}],"about":[{"href":"https:\/\/www.oarcanjo.net\/site\/wp-json\/wp\/v2\/types\/post"}],"author":[{"embeddable":true,"href":"https:\/\/www.oarcanjo.net\/site\/wp-json\/wp\/v2\/users\/10"}],"replies":[{"embeddable":true,"href":"https:\/\/www.oarcanjo.net\/site\/wp-json\/wp\/v2\/comments?post=4809"}],"version-history":[{"count":0,"href":"https:\/\/www.oarcanjo.net\/site\/wp-json\/wp\/v2\/posts\/4809\/revisions"}],"wp:attachment":[{"href":"https:\/\/www.oarcanjo.net\/site\/wp-json\/wp\/v2\/media?parent=4809"}],"wp:term":[{"taxonomy":"category","embeddable":true,"href":"https:\/\/www.oarcanjo.net\/site\/wp-json\/wp\/v2\/categories?post=4809"},{"taxonomy":"post_tag","embeddable":true,"href":"https:\/\/www.oarcanjo.net\/site\/wp-json\/wp\/v2\/tags?post=4809"}],"curies":[{"name":"wp","href":"https:\/\/api.w.org\/{rel}","templated":true}]}}