
{"id":4833,"date":"2009-08-20T18:37:50","date_gmt":"2009-08-20T21:37:50","guid":{"rendered":"http:\/\/www.oarcanjo.net\/site\/?p=4833"},"modified":"2009-08-20T18:37:50","modified_gmt":"2009-08-20T21:37:50","slug":"cinco-anos-de-impunidade-ato-protesta-contra-massacre-de-moradores-de-rua-em-sp","status":"publish","type":"post","link":"https:\/\/www.oarcanjo.net\/site\/cinco-anos-de-impunidade-ato-protesta-contra-massacre-de-moradores-de-rua-em-sp\/","title":{"rendered":"Cinco anos de impunidade: Ato protesta contra massacre de moradores de rua em SP"},"content":{"rendered":"<p>Ag\u00eancia Adital<\/p>\n<p>Cinco anos se passaram desde que houve, em S\u00e3o Paulo, o brutal ataque aos moradores em situa\u00e7\u00e3o de rua que deixou sete pessoas mortas. At\u00e9 agora ningu\u00e9m foi punido e sequer existe den\u00fancia sobre o caso. O processo aguarda decis\u00e3o no Superior Tribunal de Justi\u00e7a (STJ). De acordo com irm\u00e3 Michael Mary Nolan, conselheira do Conselho Estadual de Defesa dos Direitos da Pessoa Humana (Condepe-SP), n\u00e3o existe previs\u00e3o para que isso ocorra.<\/p>\n<p>Entidades que lutam em favor dos Direitos Humanos e aqueles que trabalham em prol dos moradores em situa\u00e7\u00e3o de rua, realizaram uma s\u00e9rie de atividades desde o \u00faltimo dia 14 em mem\u00f3ria \u00e0s v\u00edtimas da chacina. O principal objetivo \u00e9 protestar a impunidade e fazer com que o caso n\u00e3o seja esquecido. &#8220;O povo pede justi\u00e7a e respeito por seus direitos&#8221;, enfatiza irm\u00e3 Michael.<\/p>\n<p>Ela diz ainda que \u00e9 importante para essa camada da sociedade relembrar a mem\u00f3ria de seus companheiros v\u00edtimas da viol\u00eancia e do preconceito. &#8220;\u00c9 importante que eles (popula\u00e7\u00e3o em situa\u00e7\u00e3o de rua) saibam que tem quem se preocupe com eles e que se sintam apoiados&#8221;, completou.<\/p>\n<p>Na manh\u00e3 de ter\u00e7a-feira (18) houve uma Audi\u00eancia P\u00fablica em Guarulhos, munic\u00edpio vizinho da capital paulista, envolvendo Prefeitura, Secretarias e Entidades, al\u00e9m dos pr\u00f3prios moradores de rua, a fim de discutirem pol\u00edticas p\u00fablicas em favor dessa popula\u00e7\u00e3o.<\/p>\n<p>Segundo informa\u00e7\u00f5es da irm\u00e3 Michael, os moradores ficaram satisfeitos com essa audi\u00eancia, j\u00e1 que o munic\u00edpio se disp\u00f4s a ajud\u00e1-los. Mas a mesma confian\u00e7a n\u00e3o foi sentida \u00e0 tarde, quando estava marcada uma Audi\u00eancia na capital. Segundo ela, nenhuma das autoridades convidadas esteve presente, comparecendo apenas a Guarda Municipal da cidade de S\u00e3o Paulo.<\/p>\n<p>J\u00e1 ontem (19), membros que participam das atividades em rep\u00fadio ao massacre, percorreram os locais onde ocorreram as mortes. <a title=\"Leia tamb\u00e9m\" href=\"http:\/\/www.oarcanjo.net\/site\/index.php\/noticias\/massacre-do-povo-da-rua-completa-5-anos\/\" target=\"_self\">A caminhada terminou na escadaria da Catedral da S\u00e9<\/a>, no centro de S\u00e3o Paulo, onde em seguida aconteceu um Ato P\u00fablico.<\/p>\n<p>Neste momento algumas autoridades ligadas \u00e0 defesa dos direitos humanos, e a Vice-Prefeita de S\u00e3o Paulo, Alda Marco Ant\u00f4nio (PMDB), se fizeram presentes. Cerca de 300 pessoas estiveram reunidas no ato ecum\u00eanico que finalizou as atividades do dia. Um dos sobreviventes do massacre, que mant\u00e9m sua identidade em sigilo, acompanhou a caminhada e se emocionou, segundo relatou a freira.<\/p>\n<p>A religiosa, que tamb\u00e9m \u00e9 advogada, comentou que essa popula\u00e7\u00e3o \u00e9 ignorada n\u00e3o s\u00f3 por outras camadas da sociedade, como tamb\u00e9m pelo poder p\u00fablico. Ela comentou ainda sobre o Projeto de Higieniza\u00e7\u00e3o do centro de S\u00e3o Paulo, no qual os moradores de rua seriam inclu\u00eddos. &#8220;Se pudesse tirar o povo de rua do mapa do mundo, muita gente ficaria feliz&#8221;, desabafou.<\/p>\n<p>A semana de atividades encerra hoje (20), com exposi\u00e7\u00e3o de filmes e debates entre os participantes, jornalistas e pessoas ligadas \u00e0 cultura, na Esta\u00e7\u00e3o Pinacoteca.<\/p>\n<p><strong>Massacre<\/strong><\/p>\n<p>O massacre ocorreu nas madrugadas dos dias 19 e 22 de agosto de 2004, nas ruas de S\u00e3o Paulo, capital. Das 15 pessoas agredidas, 7 morreram. Desde ent\u00e3o, movimentos, organiza\u00e7\u00f5es, grupos sociais e religiosos promovem manifesta\u00e7\u00f5es em todo o pa\u00eds pedindo justi\u00e7a e respeito aos seres humanos, n\u00e3o importando se s\u00e3o moradores em situa\u00e7\u00e3o de rua ou n\u00e3o.<\/p>\n<div id=\"themify_builder_content-4833\" data-postid=\"4833\" class=\"themify_builder_content themify_builder_content-4833 themify_builder themify_builder_front\">\n\t<\/div>\n<!-- \/themify_builder_content -->","protected":false},"excerpt":{"rendered":"<p>Ag\u00eancia Adital Cinco anos se passaram desde que houve, em S\u00e3o Paulo, o brutal ataque aos moradores em situa\u00e7\u00e3o de rua que deixou sete pessoas mortas. At\u00e9 agora ningu\u00e9m foi punido e sequer existe den\u00fancia sobre o caso. O processo aguarda decis\u00e3o no Superior Tribunal de Justi\u00e7a (STJ). De acordo com irm\u00e3 Michael Mary Nolan, [&hellip;]<\/p>\n","protected":false},"author":5,"featured_media":0,"comment_status":"open","ping_status":"open","sticky":false,"template":"","format":"standard","meta":{"ngg_post_thumbnail":0,"footnotes":""},"categories":[8],"tags":[484,230,1002,147,91,20],"yoast_head":"<!-- This site is optimized with the Yoast SEO plugin v23.5 - https:\/\/yoast.com\/wordpress\/plugins\/seo\/ -->\n<title>Cinco anos de impunidade: Ato protesta contra massacre de moradores de rua em SP - O Arcanjo no ar<\/title>\n<meta name=\"robots\" content=\"index, follow, max-snippet:-1, max-image-preview:large, max-video-preview:-1\" \/>\n<link rel=\"canonical\" href=\"https:\/\/www.oarcanjo.net\/site\/cinco-anos-de-impunidade-ato-protesta-contra-massacre-de-moradores-de-rua-em-sp\/\" \/>\n<meta property=\"og:locale\" content=\"pt_BR\" \/>\n<meta property=\"og:type\" content=\"article\" \/>\n<meta property=\"og:title\" content=\"Cinco anos de impunidade: Ato protesta contra massacre de moradores de rua em SP - O Arcanjo no ar\" \/>\n<meta property=\"og:description\" content=\"Ag\u00eancia Adital Cinco anos se passaram desde que houve, em S\u00e3o Paulo, o brutal ataque aos moradores em situa\u00e7\u00e3o de rua que deixou sete pessoas mortas. At\u00e9 agora ningu\u00e9m foi punido e sequer existe den\u00fancia sobre o caso. O processo aguarda decis\u00e3o no Superior Tribunal de Justi\u00e7a (STJ). De acordo com irm\u00e3 Michael Mary Nolan, [&hellip;]\" \/>\n<meta property=\"og:url\" content=\"https:\/\/www.oarcanjo.net\/site\/cinco-anos-de-impunidade-ato-protesta-contra-massacre-de-moradores-de-rua-em-sp\/\" \/>\n<meta property=\"og:site_name\" content=\"O Arcanjo no ar\" \/>\n<meta property=\"article:publisher\" content=\"https:\/\/www.facebook.com\/OArcanjoNoAr\/\" \/>\n<meta property=\"article:published_time\" content=\"2009-08-20T21:37:50+00:00\" \/>\n<meta property=\"og:image\" content=\"https:\/\/www.oarcanjo.net\/site\/wp-content\/uploads\/logo-o-arcanjo-no-ar-facebook.png\" \/>\n\t<meta property=\"og:image:width\" content=\"300\" \/>\n\t<meta property=\"og:image:height\" content=\"300\" \/>\n\t<meta property=\"og:image:type\" content=\"image\/png\" \/>\n<meta name=\"author\" content=\"editor\" \/>\n<meta name=\"twitter:card\" content=\"summary_large_image\" \/>\n<meta name=\"twitter:label1\" content=\"Escrito por\" \/>\n\t<meta name=\"twitter:data1\" content=\"editor\" \/>\n\t<meta name=\"twitter:label2\" content=\"Est. tempo de leitura\" \/>\n\t<meta name=\"twitter:data2\" content=\"3 minutos\" \/>\n<script type=\"application\/ld+json\" class=\"yoast-schema-graph\">{\"@context\":\"https:\/\/schema.org\",\"@graph\":[{\"@type\":\"Article\",\"@id\":\"https:\/\/www.oarcanjo.net\/site\/cinco-anos-de-impunidade-ato-protesta-contra-massacre-de-moradores-de-rua-em-sp\/#article\",\"isPartOf\":{\"@id\":\"https:\/\/www.oarcanjo.net\/site\/cinco-anos-de-impunidade-ato-protesta-contra-massacre-de-moradores-de-rua-em-sp\/\"},\"author\":{\"name\":\"editor\",\"@id\":\"https:\/\/www.oarcanjo.net\/site\/#\/schema\/person\/f7024d007863202483a31326673a0838\"},\"headline\":\"Cinco anos de impunidade: Ato protesta contra massacre de moradores de rua em SP\",\"datePublished\":\"2009-08-20T21:37:50+00:00\",\"dateModified\":\"2009-08-20T21:37:50+00:00\",\"mainEntityOfPage\":{\"@id\":\"https:\/\/www.oarcanjo.net\/site\/cinco-anos-de-impunidade-ato-protesta-contra-massacre-de-moradores-de-rua-em-sp\/\"},\"wordCount\":580,\"commentCount\":1,\"publisher\":{\"@id\":\"https:\/\/www.oarcanjo.net\/site\/#organization\"},\"keywords\":[\"impunidade\",\"justi\u00e7a\",\"massacre\",\"Mem\u00f3ria\",\"povo da rua\",\"viol\u00eancia\"],\"articleSection\":[\"Not\u00edcias\"],\"inLanguage\":\"pt-BR\",\"potentialAction\":[{\"@type\":\"CommentAction\",\"name\":\"Comment\",\"target\":[\"https:\/\/www.oarcanjo.net\/site\/cinco-anos-de-impunidade-ato-protesta-contra-massacre-de-moradores-de-rua-em-sp\/#respond\"]}]},{\"@type\":\"WebPage\",\"@id\":\"https:\/\/www.oarcanjo.net\/site\/cinco-anos-de-impunidade-ato-protesta-contra-massacre-de-moradores-de-rua-em-sp\/\",\"url\":\"https:\/\/www.oarcanjo.net\/site\/cinco-anos-de-impunidade-ato-protesta-contra-massacre-de-moradores-de-rua-em-sp\/\",\"name\":\"Cinco anos de impunidade: Ato protesta contra massacre de moradores de rua em SP - O Arcanjo no ar\",\"isPartOf\":{\"@id\":\"https:\/\/www.oarcanjo.net\/site\/#website\"},\"datePublished\":\"2009-08-20T21:37:50+00:00\",\"dateModified\":\"2009-08-20T21:37:50+00:00\",\"breadcrumb\":{\"@id\":\"https:\/\/www.oarcanjo.net\/site\/cinco-anos-de-impunidade-ato-protesta-contra-massacre-de-moradores-de-rua-em-sp\/#breadcrumb\"},\"inLanguage\":\"pt-BR\",\"potentialAction\":[{\"@type\":\"ReadAction\",\"target\":[\"https:\/\/www.oarcanjo.net\/site\/cinco-anos-de-impunidade-ato-protesta-contra-massacre-de-moradores-de-rua-em-sp\/\"]}]},{\"@type\":\"BreadcrumbList\",\"@id\":\"https:\/\/www.oarcanjo.net\/site\/cinco-anos-de-impunidade-ato-protesta-contra-massacre-de-moradores-de-rua-em-sp\/#breadcrumb\",\"itemListElement\":[{\"@type\":\"ListItem\",\"position\":1,\"name\":\"In\u00edcio\",\"item\":\"https:\/\/www.oarcanjo.net\/site\/\"},{\"@type\":\"ListItem\",\"position\":2,\"name\":\"Cinco anos de impunidade: Ato protesta contra massacre de moradores de rua em SP\"}]},{\"@type\":\"WebSite\",\"@id\":\"https:\/\/www.oarcanjo.net\/site\/#website\",\"url\":\"https:\/\/www.oarcanjo.net\/site\/\",\"name\":\"O Arcanjo no ar\",\"description\":\"Site da Par\u00f3quia S\u00e3o Miguel Arcanjo (Arquidiocese de SP)\",\"publisher\":{\"@id\":\"https:\/\/www.oarcanjo.net\/site\/#organization\"},\"potentialAction\":[{\"@type\":\"SearchAction\",\"target\":{\"@type\":\"EntryPoint\",\"urlTemplate\":\"https:\/\/www.oarcanjo.net\/site\/?s={search_term_string}\"},\"query-input\":{\"@type\":\"PropertyValueSpecification\",\"valueRequired\":true,\"valueName\":\"search_term_string\"}}],\"inLanguage\":\"pt-BR\"},{\"@type\":\"Organization\",\"@id\":\"https:\/\/www.oarcanjo.net\/site\/#organization\",\"name\":\"Par\u00f3quia S\u00e3o Miguel Arcanjo\",\"url\":\"https:\/\/www.oarcanjo.net\/site\/\",\"logo\":{\"@type\":\"ImageObject\",\"inLanguage\":\"pt-BR\",\"@id\":\"https:\/\/www.oarcanjo.net\/site\/#\/schema\/logo\/image\/\",\"url\":\"https:\/\/www.oarcanjo.net\/site\/wp-content\/uploads\/LogoOArcanjo.png\",\"contentUrl\":\"https:\/\/www.oarcanjo.net\/site\/wp-content\/uploads\/LogoOArcanjo.png\",\"width\":319,\"height\":99,\"caption\":\"Par\u00f3quia S\u00e3o Miguel Arcanjo\"},\"image\":{\"@id\":\"https:\/\/www.oarcanjo.net\/site\/#\/schema\/logo\/image\/\"},\"sameAs\":[\"https:\/\/www.facebook.com\/OArcanjoNoAr\/\"]},{\"@type\":\"Person\",\"@id\":\"https:\/\/www.oarcanjo.net\/site\/#\/schema\/person\/f7024d007863202483a31326673a0838\",\"name\":\"editor\",\"sameAs\":[\"http:\/\/www.oarcanjo.net\"]}]}<\/script>\n<!-- \/ Yoast SEO plugin. -->","yoast_head_json":{"title":"Cinco anos de impunidade: Ato protesta contra massacre de moradores de rua em SP - O Arcanjo no ar","robots":{"index":"index","follow":"follow","max-snippet":"max-snippet:-1","max-image-preview":"max-image-preview:large","max-video-preview":"max-video-preview:-1"},"canonical":"https:\/\/www.oarcanjo.net\/site\/cinco-anos-de-impunidade-ato-protesta-contra-massacre-de-moradores-de-rua-em-sp\/","og_locale":"pt_BR","og_type":"article","og_title":"Cinco anos de impunidade: Ato protesta contra massacre de moradores de rua em SP - O Arcanjo no ar","og_description":"Ag\u00eancia Adital Cinco anos se passaram desde que houve, em S\u00e3o Paulo, o brutal ataque aos moradores em situa\u00e7\u00e3o de rua que deixou sete pessoas mortas. At\u00e9 agora ningu\u00e9m foi punido e sequer existe den\u00fancia sobre o caso. O processo aguarda decis\u00e3o no Superior Tribunal de Justi\u00e7a (STJ). De acordo com irm\u00e3 Michael Mary Nolan, [&hellip;]","og_url":"https:\/\/www.oarcanjo.net\/site\/cinco-anos-de-impunidade-ato-protesta-contra-massacre-de-moradores-de-rua-em-sp\/","og_site_name":"O Arcanjo no ar","article_publisher":"https:\/\/www.facebook.com\/OArcanjoNoAr\/","article_published_time":"2009-08-20T21:37:50+00:00","og_image":[{"width":300,"height":300,"url":"https:\/\/www.oarcanjo.net\/site\/wp-content\/uploads\/logo-o-arcanjo-no-ar-facebook.png","type":"image\/png"}],"author":"editor","twitter_card":"summary_large_image","twitter_misc":{"Escrito por":"editor","Est. tempo de leitura":"3 minutos"},"schema":{"@context":"https:\/\/schema.org","@graph":[{"@type":"Article","@id":"https:\/\/www.oarcanjo.net\/site\/cinco-anos-de-impunidade-ato-protesta-contra-massacre-de-moradores-de-rua-em-sp\/#article","isPartOf":{"@id":"https:\/\/www.oarcanjo.net\/site\/cinco-anos-de-impunidade-ato-protesta-contra-massacre-de-moradores-de-rua-em-sp\/"},"author":{"name":"editor","@id":"https:\/\/www.oarcanjo.net\/site\/#\/schema\/person\/f7024d007863202483a31326673a0838"},"headline":"Cinco anos de impunidade: Ato protesta contra massacre de moradores de rua em SP","datePublished":"2009-08-20T21:37:50+00:00","dateModified":"2009-08-20T21:37:50+00:00","mainEntityOfPage":{"@id":"https:\/\/www.oarcanjo.net\/site\/cinco-anos-de-impunidade-ato-protesta-contra-massacre-de-moradores-de-rua-em-sp\/"},"wordCount":580,"commentCount":1,"publisher":{"@id":"https:\/\/www.oarcanjo.net\/site\/#organization"},"keywords":["impunidade","justi\u00e7a","massacre","Mem\u00f3ria","povo da rua","viol\u00eancia"],"articleSection":["Not\u00edcias"],"inLanguage":"pt-BR","potentialAction":[{"@type":"CommentAction","name":"Comment","target":["https:\/\/www.oarcanjo.net\/site\/cinco-anos-de-impunidade-ato-protesta-contra-massacre-de-moradores-de-rua-em-sp\/#respond"]}]},{"@type":"WebPage","@id":"https:\/\/www.oarcanjo.net\/site\/cinco-anos-de-impunidade-ato-protesta-contra-massacre-de-moradores-de-rua-em-sp\/","url":"https:\/\/www.oarcanjo.net\/site\/cinco-anos-de-impunidade-ato-protesta-contra-massacre-de-moradores-de-rua-em-sp\/","name":"Cinco anos de impunidade: Ato protesta contra massacre de moradores de rua em SP - O Arcanjo no ar","isPartOf":{"@id":"https:\/\/www.oarcanjo.net\/site\/#website"},"datePublished":"2009-08-20T21:37:50+00:00","dateModified":"2009-08-20T21:37:50+00:00","breadcrumb":{"@id":"https:\/\/www.oarcanjo.net\/site\/cinco-anos-de-impunidade-ato-protesta-contra-massacre-de-moradores-de-rua-em-sp\/#breadcrumb"},"inLanguage":"pt-BR","potentialAction":[{"@type":"ReadAction","target":["https:\/\/www.oarcanjo.net\/site\/cinco-anos-de-impunidade-ato-protesta-contra-massacre-de-moradores-de-rua-em-sp\/"]}]},{"@type":"BreadcrumbList","@id":"https:\/\/www.oarcanjo.net\/site\/cinco-anos-de-impunidade-ato-protesta-contra-massacre-de-moradores-de-rua-em-sp\/#breadcrumb","itemListElement":[{"@type":"ListItem","position":1,"name":"In\u00edcio","item":"https:\/\/www.oarcanjo.net\/site\/"},{"@type":"ListItem","position":2,"name":"Cinco anos de impunidade: Ato protesta contra massacre de moradores de rua em SP"}]},{"@type":"WebSite","@id":"https:\/\/www.oarcanjo.net\/site\/#website","url":"https:\/\/www.oarcanjo.net\/site\/","name":"O Arcanjo no ar","description":"Site da Par\u00f3quia S\u00e3o Miguel Arcanjo (Arquidiocese de SP)","publisher":{"@id":"https:\/\/www.oarcanjo.net\/site\/#organization"},"potentialAction":[{"@type":"SearchAction","target":{"@type":"EntryPoint","urlTemplate":"https:\/\/www.oarcanjo.net\/site\/?s={search_term_string}"},"query-input":{"@type":"PropertyValueSpecification","valueRequired":true,"valueName":"search_term_string"}}],"inLanguage":"pt-BR"},{"@type":"Organization","@id":"https:\/\/www.oarcanjo.net\/site\/#organization","name":"Par\u00f3quia S\u00e3o Miguel Arcanjo","url":"https:\/\/www.oarcanjo.net\/site\/","logo":{"@type":"ImageObject","inLanguage":"pt-BR","@id":"https:\/\/www.oarcanjo.net\/site\/#\/schema\/logo\/image\/","url":"https:\/\/www.oarcanjo.net\/site\/wp-content\/uploads\/LogoOArcanjo.png","contentUrl":"https:\/\/www.oarcanjo.net\/site\/wp-content\/uploads\/LogoOArcanjo.png","width":319,"height":99,"caption":"Par\u00f3quia S\u00e3o Miguel Arcanjo"},"image":{"@id":"https:\/\/www.oarcanjo.net\/site\/#\/schema\/logo\/image\/"},"sameAs":["https:\/\/www.facebook.com\/OArcanjoNoAr\/"]},{"@type":"Person","@id":"https:\/\/www.oarcanjo.net\/site\/#\/schema\/person\/f7024d007863202483a31326673a0838","name":"editor","sameAs":["http:\/\/www.oarcanjo.net"]}]}},"publishpress_future_action":{"enabled":false,"date":"2026-05-09 03:30:23","action":"category","newStatus":"draft","terms":[],"taxonomy":"category"},"publishpress_future_workflow_manual_trigger":{"enabledWorkflows":[]},"_links":{"self":[{"href":"https:\/\/www.oarcanjo.net\/site\/wp-json\/wp\/v2\/posts\/4833"}],"collection":[{"href":"https:\/\/www.oarcanjo.net\/site\/wp-json\/wp\/v2\/posts"}],"about":[{"href":"https:\/\/www.oarcanjo.net\/site\/wp-json\/wp\/v2\/types\/post"}],"author":[{"embeddable":true,"href":"https:\/\/www.oarcanjo.net\/site\/wp-json\/wp\/v2\/users\/5"}],"replies":[{"embeddable":true,"href":"https:\/\/www.oarcanjo.net\/site\/wp-json\/wp\/v2\/comments?post=4833"}],"version-history":[{"count":0,"href":"https:\/\/www.oarcanjo.net\/site\/wp-json\/wp\/v2\/posts\/4833\/revisions"}],"wp:attachment":[{"href":"https:\/\/www.oarcanjo.net\/site\/wp-json\/wp\/v2\/media?parent=4833"}],"wp:term":[{"taxonomy":"category","embeddable":true,"href":"https:\/\/www.oarcanjo.net\/site\/wp-json\/wp\/v2\/categories?post=4833"},{"taxonomy":"post_tag","embeddable":true,"href":"https:\/\/www.oarcanjo.net\/site\/wp-json\/wp\/v2\/tags?post=4833"}],"curies":[{"name":"wp","href":"https:\/\/api.w.org\/{rel}","templated":true}]}}