
{"id":4842,"date":"2009-08-21T23:24:04","date_gmt":"2009-08-22T02:24:04","guid":{"rendered":"http:\/\/www.oarcanjo.net\/site\/?p=4842"},"modified":"2009-08-24T22:28:45","modified_gmt":"2009-08-25T01:28:45","slug":"o-alimento-como-direito-social","status":"publish","type":"post","link":"https:\/\/www.oarcanjo.net\/site\/o-alimento-como-direito-social\/","title":{"rendered":"O alimento como direito social"},"content":{"rendered":"<p>D. Pedro Luiz Stringhini<\/p>\n<p>Em maio de 2009 foi publicada uma &#8220;Nota de apoio da CNBB a PEC 047\/2003&#8221; que prop\u00f5e a inclus\u00e3o do direito a alimenta\u00e7\u00e3o no artigo 6\u00b0 da Constitui\u00e7\u00e3o Federal.<\/p>\n<p>Fazemos um pedido aos senhores cardeais, arcebispos, bispos, p\u00e1rocos, vig\u00e1rios, di\u00e1conos, religiosas, religiosos, lideran\u00e7as das comunidades, dos movimentos, das pastorais e dos organismos a apoiarem de forma mais efetiva esta campanha.<\/p>\n<p>Encontra-se um abaixo-assinado no site <a href=\"http:\/\/www4.planalto.gov.br\/consea\/pec-alimentacao\/abaixo-assinado\" target=\"_blank\">www.presidencia.gov.br\/consea<\/a> que pode ser acessado e multiplicado. Os promotores da campanha desejam que a referida PEC seja aprovada at\u00e9 o dia 16 de outubro de 2009, dia mundial da alimenta\u00e7\u00e3o.<\/p>\n<p>Eis o conte\u00fado do abaixo-assinado:<\/p>\n<p>&#8220;Os signat\u00e1rios abaixo identificados manifestam publicamente seu apoio \u00e0 aprova\u00e7\u00e3o da Proposta de Emenda Constitucional (PEC) 047\/2003, em tramita\u00e7\u00e3o no Congresso Nacional.<\/p>\n<p>A garantia do direito humano \u00e0 alimenta\u00e7\u00e3o adequada e saud\u00e1vel est\u00e1 expressa em v\u00e1rios tratados internacionais, ratificados pelo governo brasileiro, incluindo a Declara\u00e7\u00e3o Universal dos Direitos Humanos, o Pacto Internacional dos Direitos Econ\u00f4micos, Sociais e Culturais, de 1966, e a C\u00fapula Mundial de Alimenta\u00e7\u00e3o, de 1996.<\/p>\n<p>Nos referidos pactos, os chefes de Estado reafirmaram \u2018o direito de toda a pessoa a ter acesso a alimentos seguros e nutritivos, em conson\u00e2ncia com o direito \u00e0 alimenta\u00e7\u00e3o adequada e com o direito fundamental de toda pessoa de estar livre da fome\u2019.<\/p>\n<p>Considerando e apoiando estes compromissos, pedimos a urg\u00eancia da inclus\u00e3o de refer\u00eancia expl\u00edcita ao direito \u00e0 alimenta\u00e7\u00e3o no campo dos direitos fundamentais garantidos pela Constitui\u00e7\u00e3o, conforme definido na PEC 047\/2003 em tramita\u00e7\u00e3o na C\u00e2mara Federal&#8221;.<\/p>\n<p>Bras\u00edlia, 20 de agosto de 2009<\/p>\n<p>Cordiais sauda\u00e7\u00f5es,<\/p>\n<p>D. Pedro Luiz Strighini<br \/>\nPresidente da Comiss\u00e3o Episcopal Pastoral para o Servi\u00e7o da Justi\u00e7a, da Caridade e da Paz<\/p>\n<div id=\"themify_builder_content-4842\" data-postid=\"4842\" class=\"themify_builder_content themify_builder_content-4842 themify_builder themify_builder_front\">\n\t<\/div>\n<!-- \/themify_builder_content -->","protected":false},"excerpt":{"rendered":"<p>D. Pedro Luiz Stringhini Em maio de 2009 foi publicada uma &#8220;Nota de apoio da CNBB a PEC 047\/2003&#8221; que prop\u00f5e a inclus\u00e3o do direito a alimenta\u00e7\u00e3o no artigo 6\u00b0 da Constitui\u00e7\u00e3o Federal. Fazemos um pedido aos senhores cardeais, arcebispos, bispos, p\u00e1rocos, vig\u00e1rios, di\u00e1conos, religiosas, religiosos, lideran\u00e7as das comunidades, dos movimentos, das pastorais e dos [&hellip;]<\/p>\n","protected":false},"author":5,"featured_media":0,"comment_status":"open","ping_status":"open","sticky":false,"template":"","format":"standard","meta":{"ngg_post_thumbnail":0,"footnotes":""},"categories":[8],"tags":[501,63,1003,38,1004],"yoast_head":"<!-- This site is optimized with the Yoast SEO plugin v23.5 - https:\/\/yoast.com\/wordpress\/plugins\/seo\/ -->\n<title>O alimento como direito social - O Arcanjo no ar<\/title>\n<meta name=\"robots\" content=\"index, follow, max-snippet:-1, max-image-preview:large, max-video-preview:-1\" \/>\n<link rel=\"canonical\" href=\"https:\/\/www.oarcanjo.net\/site\/o-alimento-como-direito-social\/\" \/>\n<meta property=\"og:locale\" content=\"pt_BR\" \/>\n<meta property=\"og:type\" content=\"article\" \/>\n<meta property=\"og:title\" content=\"O alimento como direito social - O Arcanjo no ar\" \/>\n<meta property=\"og:description\" content=\"D. Pedro Luiz Stringhini Em maio de 2009 foi publicada uma &#8220;Nota de apoio da CNBB a PEC 047\/2003&#8221; que prop\u00f5e a inclus\u00e3o do direito a alimenta\u00e7\u00e3o no artigo 6\u00b0 da Constitui\u00e7\u00e3o Federal. Fazemos um pedido aos senhores cardeais, arcebispos, bispos, p\u00e1rocos, vig\u00e1rios, di\u00e1conos, religiosas, religiosos, lideran\u00e7as das comunidades, dos movimentos, das pastorais e dos [&hellip;]\" \/>\n<meta property=\"og:url\" content=\"https:\/\/www.oarcanjo.net\/site\/o-alimento-como-direito-social\/\" \/>\n<meta property=\"og:site_name\" content=\"O Arcanjo no ar\" \/>\n<meta property=\"article:publisher\" content=\"https:\/\/www.facebook.com\/OArcanjoNoAr\/\" \/>\n<meta property=\"article:published_time\" content=\"2009-08-22T02:24:04+00:00\" \/>\n<meta property=\"article:modified_time\" content=\"2009-08-25T01:28:45+00:00\" \/>\n<meta property=\"og:image\" content=\"https:\/\/www.oarcanjo.net\/site\/wp-content\/uploads\/logo-o-arcanjo-no-ar-facebook.png\" \/>\n\t<meta property=\"og:image:width\" content=\"300\" \/>\n\t<meta property=\"og:image:height\" content=\"300\" \/>\n\t<meta property=\"og:image:type\" content=\"image\/png\" \/>\n<meta name=\"author\" content=\"editor\" \/>\n<meta name=\"twitter:card\" content=\"summary_large_image\" \/>\n<meta name=\"twitter:label1\" content=\"Escrito por\" \/>\n\t<meta name=\"twitter:data1\" content=\"editor\" \/>\n\t<meta name=\"twitter:label2\" content=\"Est. tempo de leitura\" \/>\n\t<meta name=\"twitter:data2\" content=\"2 minutos\" \/>\n<script type=\"application\/ld+json\" class=\"yoast-schema-graph\">{\"@context\":\"https:\/\/schema.org\",\"@graph\":[{\"@type\":\"Article\",\"@id\":\"https:\/\/www.oarcanjo.net\/site\/o-alimento-como-direito-social\/#article\",\"isPartOf\":{\"@id\":\"https:\/\/www.oarcanjo.net\/site\/o-alimento-como-direito-social\/\"},\"author\":{\"name\":\"editor\",\"@id\":\"https:\/\/www.oarcanjo.net\/site\/#\/schema\/person\/f7024d007863202483a31326673a0838\"},\"headline\":\"O alimento como direito social\",\"datePublished\":\"2009-08-22T02:24:04+00:00\",\"dateModified\":\"2009-08-25T01:28:45+00:00\",\"mainEntityOfPage\":{\"@id\":\"https:\/\/www.oarcanjo.net\/site\/o-alimento-como-direito-social\/\"},\"wordCount\":306,\"commentCount\":0,\"publisher\":{\"@id\":\"https:\/\/www.oarcanjo.net\/site\/#organization\"},\"keywords\":[\"alimenta\u00e7\u00e3o\",\"CNBB\",\"Consea\",\"fome\",\"Seguran\u00e7a Alimentar\"],\"articleSection\":[\"Not\u00edcias\"],\"inLanguage\":\"pt-BR\",\"potentialAction\":[{\"@type\":\"CommentAction\",\"name\":\"Comment\",\"target\":[\"https:\/\/www.oarcanjo.net\/site\/o-alimento-como-direito-social\/#respond\"]}]},{\"@type\":\"WebPage\",\"@id\":\"https:\/\/www.oarcanjo.net\/site\/o-alimento-como-direito-social\/\",\"url\":\"https:\/\/www.oarcanjo.net\/site\/o-alimento-como-direito-social\/\",\"name\":\"O alimento como direito social - O Arcanjo no ar\",\"isPartOf\":{\"@id\":\"https:\/\/www.oarcanjo.net\/site\/#website\"},\"datePublished\":\"2009-08-22T02:24:04+00:00\",\"dateModified\":\"2009-08-25T01:28:45+00:00\",\"breadcrumb\":{\"@id\":\"https:\/\/www.oarcanjo.net\/site\/o-alimento-como-direito-social\/#breadcrumb\"},\"inLanguage\":\"pt-BR\",\"potentialAction\":[{\"@type\":\"ReadAction\",\"target\":[\"https:\/\/www.oarcanjo.net\/site\/o-alimento-como-direito-social\/\"]}]},{\"@type\":\"BreadcrumbList\",\"@id\":\"https:\/\/www.oarcanjo.net\/site\/o-alimento-como-direito-social\/#breadcrumb\",\"itemListElement\":[{\"@type\":\"ListItem\",\"position\":1,\"name\":\"In\u00edcio\",\"item\":\"https:\/\/www.oarcanjo.net\/site\/\"},{\"@type\":\"ListItem\",\"position\":2,\"name\":\"O alimento como direito social\"}]},{\"@type\":\"WebSite\",\"@id\":\"https:\/\/www.oarcanjo.net\/site\/#website\",\"url\":\"https:\/\/www.oarcanjo.net\/site\/\",\"name\":\"O Arcanjo no ar\",\"description\":\"Site da Par\u00f3quia S\u00e3o Miguel Arcanjo (Arquidiocese de SP)\",\"publisher\":{\"@id\":\"https:\/\/www.oarcanjo.net\/site\/#organization\"},\"potentialAction\":[{\"@type\":\"SearchAction\",\"target\":{\"@type\":\"EntryPoint\",\"urlTemplate\":\"https:\/\/www.oarcanjo.net\/site\/?s={search_term_string}\"},\"query-input\":{\"@type\":\"PropertyValueSpecification\",\"valueRequired\":true,\"valueName\":\"search_term_string\"}}],\"inLanguage\":\"pt-BR\"},{\"@type\":\"Organization\",\"@id\":\"https:\/\/www.oarcanjo.net\/site\/#organization\",\"name\":\"Par\u00f3quia S\u00e3o Miguel Arcanjo\",\"url\":\"https:\/\/www.oarcanjo.net\/site\/\",\"logo\":{\"@type\":\"ImageObject\",\"inLanguage\":\"pt-BR\",\"@id\":\"https:\/\/www.oarcanjo.net\/site\/#\/schema\/logo\/image\/\",\"url\":\"https:\/\/www.oarcanjo.net\/site\/wp-content\/uploads\/LogoOArcanjo.png\",\"contentUrl\":\"https:\/\/www.oarcanjo.net\/site\/wp-content\/uploads\/LogoOArcanjo.png\",\"width\":319,\"height\":99,\"caption\":\"Par\u00f3quia S\u00e3o Miguel Arcanjo\"},\"image\":{\"@id\":\"https:\/\/www.oarcanjo.net\/site\/#\/schema\/logo\/image\/\"},\"sameAs\":[\"https:\/\/www.facebook.com\/OArcanjoNoAr\/\"]},{\"@type\":\"Person\",\"@id\":\"https:\/\/www.oarcanjo.net\/site\/#\/schema\/person\/f7024d007863202483a31326673a0838\",\"name\":\"editor\",\"sameAs\":[\"http:\/\/www.oarcanjo.net\"]}]}<\/script>\n<!-- \/ Yoast SEO plugin. -->","yoast_head_json":{"title":"O alimento como direito social - O Arcanjo no ar","robots":{"index":"index","follow":"follow","max-snippet":"max-snippet:-1","max-image-preview":"max-image-preview:large","max-video-preview":"max-video-preview:-1"},"canonical":"https:\/\/www.oarcanjo.net\/site\/o-alimento-como-direito-social\/","og_locale":"pt_BR","og_type":"article","og_title":"O alimento como direito social - O Arcanjo no ar","og_description":"D. Pedro Luiz Stringhini Em maio de 2009 foi publicada uma &#8220;Nota de apoio da CNBB a PEC 047\/2003&#8221; que prop\u00f5e a inclus\u00e3o do direito a alimenta\u00e7\u00e3o no artigo 6\u00b0 da Constitui\u00e7\u00e3o Federal. Fazemos um pedido aos senhores cardeais, arcebispos, bispos, p\u00e1rocos, vig\u00e1rios, di\u00e1conos, religiosas, religiosos, lideran\u00e7as das comunidades, dos movimentos, das pastorais e dos [&hellip;]","og_url":"https:\/\/www.oarcanjo.net\/site\/o-alimento-como-direito-social\/","og_site_name":"O Arcanjo no ar","article_publisher":"https:\/\/www.facebook.com\/OArcanjoNoAr\/","article_published_time":"2009-08-22T02:24:04+00:00","article_modified_time":"2009-08-25T01:28:45+00:00","og_image":[{"width":300,"height":300,"url":"https:\/\/www.oarcanjo.net\/site\/wp-content\/uploads\/logo-o-arcanjo-no-ar-facebook.png","type":"image\/png"}],"author":"editor","twitter_card":"summary_large_image","twitter_misc":{"Escrito por":"editor","Est. tempo de leitura":"2 minutos"},"schema":{"@context":"https:\/\/schema.org","@graph":[{"@type":"Article","@id":"https:\/\/www.oarcanjo.net\/site\/o-alimento-como-direito-social\/#article","isPartOf":{"@id":"https:\/\/www.oarcanjo.net\/site\/o-alimento-como-direito-social\/"},"author":{"name":"editor","@id":"https:\/\/www.oarcanjo.net\/site\/#\/schema\/person\/f7024d007863202483a31326673a0838"},"headline":"O alimento como direito social","datePublished":"2009-08-22T02:24:04+00:00","dateModified":"2009-08-25T01:28:45+00:00","mainEntityOfPage":{"@id":"https:\/\/www.oarcanjo.net\/site\/o-alimento-como-direito-social\/"},"wordCount":306,"commentCount":0,"publisher":{"@id":"https:\/\/www.oarcanjo.net\/site\/#organization"},"keywords":["alimenta\u00e7\u00e3o","CNBB","Consea","fome","Seguran\u00e7a Alimentar"],"articleSection":["Not\u00edcias"],"inLanguage":"pt-BR","potentialAction":[{"@type":"CommentAction","name":"Comment","target":["https:\/\/www.oarcanjo.net\/site\/o-alimento-como-direito-social\/#respond"]}]},{"@type":"WebPage","@id":"https:\/\/www.oarcanjo.net\/site\/o-alimento-como-direito-social\/","url":"https:\/\/www.oarcanjo.net\/site\/o-alimento-como-direito-social\/","name":"O alimento como direito social - O Arcanjo no ar","isPartOf":{"@id":"https:\/\/www.oarcanjo.net\/site\/#website"},"datePublished":"2009-08-22T02:24:04+00:00","dateModified":"2009-08-25T01:28:45+00:00","breadcrumb":{"@id":"https:\/\/www.oarcanjo.net\/site\/o-alimento-como-direito-social\/#breadcrumb"},"inLanguage":"pt-BR","potentialAction":[{"@type":"ReadAction","target":["https:\/\/www.oarcanjo.net\/site\/o-alimento-como-direito-social\/"]}]},{"@type":"BreadcrumbList","@id":"https:\/\/www.oarcanjo.net\/site\/o-alimento-como-direito-social\/#breadcrumb","itemListElement":[{"@type":"ListItem","position":1,"name":"In\u00edcio","item":"https:\/\/www.oarcanjo.net\/site\/"},{"@type":"ListItem","position":2,"name":"O alimento como direito social"}]},{"@type":"WebSite","@id":"https:\/\/www.oarcanjo.net\/site\/#website","url":"https:\/\/www.oarcanjo.net\/site\/","name":"O Arcanjo no ar","description":"Site da Par\u00f3quia S\u00e3o Miguel Arcanjo (Arquidiocese de SP)","publisher":{"@id":"https:\/\/www.oarcanjo.net\/site\/#organization"},"potentialAction":[{"@type":"SearchAction","target":{"@type":"EntryPoint","urlTemplate":"https:\/\/www.oarcanjo.net\/site\/?s={search_term_string}"},"query-input":{"@type":"PropertyValueSpecification","valueRequired":true,"valueName":"search_term_string"}}],"inLanguage":"pt-BR"},{"@type":"Organization","@id":"https:\/\/www.oarcanjo.net\/site\/#organization","name":"Par\u00f3quia S\u00e3o Miguel Arcanjo","url":"https:\/\/www.oarcanjo.net\/site\/","logo":{"@type":"ImageObject","inLanguage":"pt-BR","@id":"https:\/\/www.oarcanjo.net\/site\/#\/schema\/logo\/image\/","url":"https:\/\/www.oarcanjo.net\/site\/wp-content\/uploads\/LogoOArcanjo.png","contentUrl":"https:\/\/www.oarcanjo.net\/site\/wp-content\/uploads\/LogoOArcanjo.png","width":319,"height":99,"caption":"Par\u00f3quia S\u00e3o Miguel Arcanjo"},"image":{"@id":"https:\/\/www.oarcanjo.net\/site\/#\/schema\/logo\/image\/"},"sameAs":["https:\/\/www.facebook.com\/OArcanjoNoAr\/"]},{"@type":"Person","@id":"https:\/\/www.oarcanjo.net\/site\/#\/schema\/person\/f7024d007863202483a31326673a0838","name":"editor","sameAs":["http:\/\/www.oarcanjo.net"]}]}},"publishpress_future_action":{"enabled":false,"date":"2026-05-09 01:49:31","action":"category","newStatus":"draft","terms":[],"taxonomy":"category"},"publishpress_future_workflow_manual_trigger":{"enabledWorkflows":[]},"_links":{"self":[{"href":"https:\/\/www.oarcanjo.net\/site\/wp-json\/wp\/v2\/posts\/4842"}],"collection":[{"href":"https:\/\/www.oarcanjo.net\/site\/wp-json\/wp\/v2\/posts"}],"about":[{"href":"https:\/\/www.oarcanjo.net\/site\/wp-json\/wp\/v2\/types\/post"}],"author":[{"embeddable":true,"href":"https:\/\/www.oarcanjo.net\/site\/wp-json\/wp\/v2\/users\/5"}],"replies":[{"embeddable":true,"href":"https:\/\/www.oarcanjo.net\/site\/wp-json\/wp\/v2\/comments?post=4842"}],"version-history":[{"count":0,"href":"https:\/\/www.oarcanjo.net\/site\/wp-json\/wp\/v2\/posts\/4842\/revisions"}],"wp:attachment":[{"href":"https:\/\/www.oarcanjo.net\/site\/wp-json\/wp\/v2\/media?parent=4842"}],"wp:term":[{"taxonomy":"category","embeddable":true,"href":"https:\/\/www.oarcanjo.net\/site\/wp-json\/wp\/v2\/categories?post=4842"},{"taxonomy":"post_tag","embeddable":true,"href":"https:\/\/www.oarcanjo.net\/site\/wp-json\/wp\/v2\/tags?post=4842"}],"curies":[{"name":"wp","href":"https:\/\/api.w.org\/{rel}","templated":true}]}}