
{"id":4851,"date":"2009-08-23T21:44:08","date_gmt":"2009-08-24T00:44:08","guid":{"rendered":"http:\/\/www.oarcanjo.net\/site\/?p=4851"},"modified":"2009-08-30T23:36:28","modified_gmt":"2009-08-31T02:36:28","slug":"fabio-de-melo-tira-o-chapeu-para-o-pe-julio","status":"publish","type":"post","link":"https:\/\/www.oarcanjo.net\/site\/fabio-de-melo-tira-o-chapeu-para-o-pe-julio\/","title":{"rendered":"Fabio de Melo &#8220;tira o chap\u00e9u&#8221; para o Pe. Julio"},"content":{"rendered":"<p>O Pe. Fabio de Melo participou do quadro &#8220;Pra quem voc\u00ea tira o chap\u00e9u&#8221;, do Programa Raul Gil, transmitido pela Band. Nesse quadro, a produ\u00e7\u00e3o do programa coloca dentro de dez chap\u00e9us o nome de personalidades, pol\u00edticos, artistas, celebridades ou situa\u00e7\u00f5es e o convidado deve dizer para quem ele tira ou n\u00e3o o chap\u00e9u e explicar os motivos.<\/p>\n<p>No s\u00e1bado, 22 de agosto, Pe. Fabio elogiou entre outros o Pe. Zezinho e o vereador paulistano Gabriel Chalita, al\u00e9m do jogador Ronaldo, que ele considerou v\u00edtima de acusa\u00e7\u00f5es da imprensa.\u00a0Para ele, &#8220;a pior imprensa que pode haver \u00e9 aquela que desrespeita o ser humano para ter uma not\u00edcia. \u00c9 muito triste quando voc\u00ea v\u00ea que um jornalista n\u00e3o est\u00e1 t\u00e3o interessado em saber a verdade, mas em provocar uma pol\u00eamica, ainda que pra provocar essa pol\u00eamica ele seja injusto com o ser humano&#8221;.<\/p>\n<p>O \u00faltimo chap\u00e9u apresentado tinha o nome do Pe. Julio Lancellotti &#8211; veja no v\u00eddeo abaixo a resposta dele a partir dos 8 minutos e 40 segundos (\u00e9 s\u00f3 arrastar a barra azul):<\/p>\n<p><script src=\"http:\/\/videos.band.com.br\/embed.aspx?mode=embed&amp;codMedia=32668&amp;width=512&amp;height=446\" type=\"text\/javascript\"><\/script><\/p>\n<p>Os links para assistir \u00e0s tr\u00eas partes do quadro com a participa\u00e7\u00e3o do Pe. Fabio de Melo no site da Band s\u00e3o:<\/p>\n<p>* <a title=\"Fabio de Melo no Programa Raul Gil - parte 1\" href=\"http:\/\/videos.band.com.br\/v_32667_pra_quem_voce_tira_o_chapeu_padre_fabio_de_melo_parte_1.htm\" target=\"_blank\">Parte 1<\/a><\/p>\n<p>* <a title=\"Fabio de Melo no Programa Raul Gil - parte 2\" href=\"http:\/\/videos.band.com.br\/v_32668_pra_quem_voce_tira_o_chapeu_padre_fabio_de_melo_parte_2.htm\" target=\"_blank\">Parte 2<\/a> (o \u00faltimo chap\u00e9u para o Pe. Julio Lancellotti)<\/p>\n<p>* <a style=\"text-decoration: none;\" title=\"Fabio de Melo no Programa Raul Gil - parte 3\" href=\"http:\/\/videos.band.com.br\/v_32669_pra_quem_voce_tira_o_chapeu_padre_fabio_de_melo_parte_3.htm\" target=\"_blank\">Parte 3<\/a><\/p>\n<hr \/>\n<p>Leia abaixo a \u00edntegra da fala do Pe. F\u00e1bio sobre o Pe. Julio:<\/p>\n<p><em>Tiro, tiro&#8230; \u00c9 a mesma hist\u00f3ria (referindo-se \u00e0 forma desrespeitosa com que a imprensa tratou o jogador Ronaldo).<\/em><\/p>\n<p><em>A primeira vez que eu vi esse homem na vida, que eu ouvi falar dele, eu fazia um trabalho, n\u00e3o era um trabalho regular meu, mas de vez em quando eu visitava os pres\u00eddios de Taubat\u00e9, a Casa de Seguran\u00e7a M\u00e1xima, o Pres\u00eddio Feminino de Trememb\u00e9. Como frade, eu era estudante ainda, eu visitava, eu fazia essa Pastoral, fazia show dentro do pres\u00eddio. Eu cheguei a cantar dentro da Casa de Seguran\u00e7a M\u00e1xima de Cust\u00f3dia pros presos.<\/em><\/p>\n<p><em>Inclusive l\u00e1 eu vi uma das cenas mais lindas da minha vida: estava sentado l\u00e1 na porta e tinha uma senhora. N\u00f3s est\u00e1vamos esperando que o carcereiro abrisse o lugar pra gente entrar, a\u00ed eu conversei com essa senhora e perguntei pra ela assim: &#8220;quem \u00e9 que a senhora veio visitar a\u00ed?&#8221;. Ela disse &#8220;o meu menino&#8221;. A\u00ed depois l\u00e1 dentro, Raul, eu descobri que esse menino era um dos presos mais perigosos do Brasil &#8211; pra mim, pra voc\u00ea&#8230; Pra m\u00e3e continua sendo o &#8220;meu menino&#8221;.<\/em><\/p>\n<p><em>Eu fico pensando que \u00e9 assim que Deus nos olha, n\u00e3o importa o crime que a gente tenha cometido na nossa vida, Deus continua nos olhando como se f\u00f4ssemos os meninos e as meninas dele.<\/em><\/p>\n<p>Sobre o Pe. Julio:<em> Esse homem fez um trabalho e faz um trabalho maravilhoso dentro da Pastoral Carcer\u00e1ria, tamb\u00e9m com os menores infratores, na Febem, foi um parceiro do Gabriel Chalita em alguns momentos e ele \u00e9 um homem que eu gostaria muito que o Brasil tivesse a coragem de reconstruir a imagem, sobretudo pelo ser humano fant\u00e1stico que ele \u00e9, pelo ser humano raro que ele \u00e9 e pelo m\u00e1rtir que ele se tornou a\u00ed durante um tempo pelas acusa\u00e7\u00f5es t\u00e3o descabidas muitas vezes, t\u00e3o desrespeitosas &#8211; que os fatos tenham de ser apurados todos n\u00f3s sabemos, mas n\u00f3s n\u00e3o podemos esquecer o que um homem faz.<\/em><\/p>\n<p><em>Por causa muitas vezes de uma hist\u00f3ria que se levanta, n\u00f3s somos muito r\u00e1pidos em condenar as pessoas&#8230; E esse homem foi muito rapidamente caluniado e toda uma hist\u00f3ria que ele construiu ficou muitas vezes banalizada diante de muitas situa\u00e7\u00f5es. E eu me levantei desde o in\u00edcio pra defend\u00ea-lo com unhas e dentes porque eu n\u00e3o s\u00f3 conhe\u00e7o a fama desse homem como eu tinha oportunidade de tocar na generosidade a partir das hist\u00f3rias que eu encontrava.<\/em><\/p>\n<p><em>Ent\u00e3o \u00e9 com muito carinho e com muito respeito, que eu gostaria at\u00e9 de fazer isso em nome da Igreja: <strong>eu tiro o chap\u00e9u para o Pe. J\u00falio Lancellotti!<\/strong><\/em><\/p>\n<div id=\"themify_builder_content-4851\" data-postid=\"4851\" class=\"themify_builder_content themify_builder_content-4851 themify_builder themify_builder_front\">\n\t<\/div>\n<!-- \/themify_builder_content -->","protected":false},"excerpt":{"rendered":"<p>O Pe. Fabio de Melo participou do quadro &#8220;Pra quem voc\u00ea tira o chap\u00e9u&#8221;, do Programa Raul Gil, transmitido pela Band. Nesse quadro, a produ\u00e7\u00e3o do programa coloca dentro de dez chap\u00e9us o nome de personalidades, pol\u00edticos, artistas, celebridades ou situa\u00e7\u00f5es e o convidado deve dizer para quem ele tira ou n\u00e3o o chap\u00e9u e [&hellip;]<\/p>\n","protected":false},"author":5,"featured_media":0,"comment_status":"open","ping_status":"open","sticky":false,"template":"","format":"standard","meta":{"ngg_post_thumbnail":0,"footnotes":""},"categories":[3,8,280],"tags":[801,230,88],"yoast_head":"<!-- This site is optimized with the Yoast SEO plugin v23.5 - https:\/\/yoast.com\/wordpress\/plugins\/seo\/ -->\n<title>Fabio de Melo &quot;tira o chap\u00e9u&quot; para o Pe. Julio - O Arcanjo no ar<\/title>\n<meta name=\"robots\" content=\"index, follow, max-snippet:-1, max-image-preview:large, max-video-preview:-1\" \/>\n<link rel=\"canonical\" href=\"https:\/\/www.oarcanjo.net\/site\/fabio-de-melo-tira-o-chapeu-para-o-pe-julio\/\" \/>\n<meta property=\"og:locale\" content=\"pt_BR\" \/>\n<meta property=\"og:type\" content=\"article\" \/>\n<meta property=\"og:title\" content=\"Fabio de Melo &quot;tira o chap\u00e9u&quot; para o Pe. Julio - O Arcanjo no ar\" \/>\n<meta property=\"og:description\" content=\"O Pe. Fabio de Melo participou do quadro &#8220;Pra quem voc\u00ea tira o chap\u00e9u&#8221;, do Programa Raul Gil, transmitido pela Band. Nesse quadro, a produ\u00e7\u00e3o do programa coloca dentro de dez chap\u00e9us o nome de personalidades, pol\u00edticos, artistas, celebridades ou situa\u00e7\u00f5es e o convidado deve dizer para quem ele tira ou n\u00e3o o chap\u00e9u e [&hellip;]\" \/>\n<meta property=\"og:url\" content=\"https:\/\/www.oarcanjo.net\/site\/fabio-de-melo-tira-o-chapeu-para-o-pe-julio\/\" \/>\n<meta property=\"og:site_name\" content=\"O Arcanjo no ar\" \/>\n<meta property=\"article:publisher\" content=\"https:\/\/www.facebook.com\/OArcanjoNoAr\/\" \/>\n<meta property=\"article:published_time\" content=\"2009-08-24T00:44:08+00:00\" \/>\n<meta property=\"article:modified_time\" content=\"2009-08-31T02:36:28+00:00\" \/>\n<meta property=\"og:image\" content=\"https:\/\/www.oarcanjo.net\/site\/wp-content\/uploads\/logo-o-arcanjo-no-ar-facebook.png\" \/>\n\t<meta property=\"og:image:width\" content=\"300\" \/>\n\t<meta property=\"og:image:height\" content=\"300\" \/>\n\t<meta property=\"og:image:type\" content=\"image\/png\" \/>\n<meta name=\"author\" content=\"editor\" \/>\n<meta name=\"twitter:card\" content=\"summary_large_image\" \/>\n<meta name=\"twitter:label1\" content=\"Escrito por\" \/>\n\t<meta name=\"twitter:data1\" content=\"editor\" \/>\n\t<meta name=\"twitter:label2\" content=\"Est. tempo de leitura\" \/>\n\t<meta name=\"twitter:data2\" content=\"4 minutos\" \/>\n<script type=\"application\/ld+json\" class=\"yoast-schema-graph\">{\"@context\":\"https:\/\/schema.org\",\"@graph\":[{\"@type\":\"Article\",\"@id\":\"https:\/\/www.oarcanjo.net\/site\/fabio-de-melo-tira-o-chapeu-para-o-pe-julio\/#article\",\"isPartOf\":{\"@id\":\"https:\/\/www.oarcanjo.net\/site\/fabio-de-melo-tira-o-chapeu-para-o-pe-julio\/\"},\"author\":{\"name\":\"editor\",\"@id\":\"https:\/\/www.oarcanjo.net\/site\/#\/schema\/person\/f7024d007863202483a31326673a0838\"},\"headline\":\"Fabio de Melo &#8220;tira o chap\u00e9u&#8221; para o Pe. Julio\",\"datePublished\":\"2009-08-24T00:44:08+00:00\",\"dateModified\":\"2009-08-31T02:36:28+00:00\",\"mainEntityOfPage\":{\"@id\":\"https:\/\/www.oarcanjo.net\/site\/fabio-de-melo-tira-o-chapeu-para-o-pe-julio\/\"},\"wordCount\":711,\"commentCount\":21,\"publisher\":{\"@id\":\"https:\/\/www.oarcanjo.net\/site\/#organization\"},\"keywords\":[\"Fabio de Melo\",\"justi\u00e7a\",\"solidariedade\"],\"articleSection\":[\"Destaques\",\"Not\u00edcias\",\"V\u00eddeos\"],\"inLanguage\":\"pt-BR\",\"potentialAction\":[{\"@type\":\"CommentAction\",\"name\":\"Comment\",\"target\":[\"https:\/\/www.oarcanjo.net\/site\/fabio-de-melo-tira-o-chapeu-para-o-pe-julio\/#respond\"]}]},{\"@type\":\"WebPage\",\"@id\":\"https:\/\/www.oarcanjo.net\/site\/fabio-de-melo-tira-o-chapeu-para-o-pe-julio\/\",\"url\":\"https:\/\/www.oarcanjo.net\/site\/fabio-de-melo-tira-o-chapeu-para-o-pe-julio\/\",\"name\":\"Fabio de Melo \\\"tira o chap\u00e9u\\\" para o Pe. Julio - O Arcanjo no ar\",\"isPartOf\":{\"@id\":\"https:\/\/www.oarcanjo.net\/site\/#website\"},\"datePublished\":\"2009-08-24T00:44:08+00:00\",\"dateModified\":\"2009-08-31T02:36:28+00:00\",\"breadcrumb\":{\"@id\":\"https:\/\/www.oarcanjo.net\/site\/fabio-de-melo-tira-o-chapeu-para-o-pe-julio\/#breadcrumb\"},\"inLanguage\":\"pt-BR\",\"potentialAction\":[{\"@type\":\"ReadAction\",\"target\":[\"https:\/\/www.oarcanjo.net\/site\/fabio-de-melo-tira-o-chapeu-para-o-pe-julio\/\"]}]},{\"@type\":\"BreadcrumbList\",\"@id\":\"https:\/\/www.oarcanjo.net\/site\/fabio-de-melo-tira-o-chapeu-para-o-pe-julio\/#breadcrumb\",\"itemListElement\":[{\"@type\":\"ListItem\",\"position\":1,\"name\":\"In\u00edcio\",\"item\":\"https:\/\/www.oarcanjo.net\/site\/\"},{\"@type\":\"ListItem\",\"position\":2,\"name\":\"Fabio de Melo &#8220;tira o chap\u00e9u&#8221; para o Pe. Julio\"}]},{\"@type\":\"WebSite\",\"@id\":\"https:\/\/www.oarcanjo.net\/site\/#website\",\"url\":\"https:\/\/www.oarcanjo.net\/site\/\",\"name\":\"O Arcanjo no ar\",\"description\":\"Site da Par\u00f3quia S\u00e3o Miguel Arcanjo (Arquidiocese de SP)\",\"publisher\":{\"@id\":\"https:\/\/www.oarcanjo.net\/site\/#organization\"},\"potentialAction\":[{\"@type\":\"SearchAction\",\"target\":{\"@type\":\"EntryPoint\",\"urlTemplate\":\"https:\/\/www.oarcanjo.net\/site\/?s={search_term_string}\"},\"query-input\":{\"@type\":\"PropertyValueSpecification\",\"valueRequired\":true,\"valueName\":\"search_term_string\"}}],\"inLanguage\":\"pt-BR\"},{\"@type\":\"Organization\",\"@id\":\"https:\/\/www.oarcanjo.net\/site\/#organization\",\"name\":\"Par\u00f3quia S\u00e3o Miguel Arcanjo\",\"url\":\"https:\/\/www.oarcanjo.net\/site\/\",\"logo\":{\"@type\":\"ImageObject\",\"inLanguage\":\"pt-BR\",\"@id\":\"https:\/\/www.oarcanjo.net\/site\/#\/schema\/logo\/image\/\",\"url\":\"https:\/\/www.oarcanjo.net\/site\/wp-content\/uploads\/LogoOArcanjo.png\",\"contentUrl\":\"https:\/\/www.oarcanjo.net\/site\/wp-content\/uploads\/LogoOArcanjo.png\",\"width\":319,\"height\":99,\"caption\":\"Par\u00f3quia S\u00e3o Miguel Arcanjo\"},\"image\":{\"@id\":\"https:\/\/www.oarcanjo.net\/site\/#\/schema\/logo\/image\/\"},\"sameAs\":[\"https:\/\/www.facebook.com\/OArcanjoNoAr\/\"]},{\"@type\":\"Person\",\"@id\":\"https:\/\/www.oarcanjo.net\/site\/#\/schema\/person\/f7024d007863202483a31326673a0838\",\"name\":\"editor\",\"sameAs\":[\"http:\/\/www.oarcanjo.net\"]}]}<\/script>\n<!-- \/ Yoast SEO plugin. -->","yoast_head_json":{"title":"Fabio de Melo \"tira o chap\u00e9u\" para o Pe. Julio - O Arcanjo no ar","robots":{"index":"index","follow":"follow","max-snippet":"max-snippet:-1","max-image-preview":"max-image-preview:large","max-video-preview":"max-video-preview:-1"},"canonical":"https:\/\/www.oarcanjo.net\/site\/fabio-de-melo-tira-o-chapeu-para-o-pe-julio\/","og_locale":"pt_BR","og_type":"article","og_title":"Fabio de Melo \"tira o chap\u00e9u\" para o Pe. Julio - O Arcanjo no ar","og_description":"O Pe. Fabio de Melo participou do quadro &#8220;Pra quem voc\u00ea tira o chap\u00e9u&#8221;, do Programa Raul Gil, transmitido pela Band. Nesse quadro, a produ\u00e7\u00e3o do programa coloca dentro de dez chap\u00e9us o nome de personalidades, pol\u00edticos, artistas, celebridades ou situa\u00e7\u00f5es e o convidado deve dizer para quem ele tira ou n\u00e3o o chap\u00e9u e [&hellip;]","og_url":"https:\/\/www.oarcanjo.net\/site\/fabio-de-melo-tira-o-chapeu-para-o-pe-julio\/","og_site_name":"O Arcanjo no ar","article_publisher":"https:\/\/www.facebook.com\/OArcanjoNoAr\/","article_published_time":"2009-08-24T00:44:08+00:00","article_modified_time":"2009-08-31T02:36:28+00:00","og_image":[{"width":300,"height":300,"url":"https:\/\/www.oarcanjo.net\/site\/wp-content\/uploads\/logo-o-arcanjo-no-ar-facebook.png","type":"image\/png"}],"author":"editor","twitter_card":"summary_large_image","twitter_misc":{"Escrito por":"editor","Est. tempo de leitura":"4 minutos"},"schema":{"@context":"https:\/\/schema.org","@graph":[{"@type":"Article","@id":"https:\/\/www.oarcanjo.net\/site\/fabio-de-melo-tira-o-chapeu-para-o-pe-julio\/#article","isPartOf":{"@id":"https:\/\/www.oarcanjo.net\/site\/fabio-de-melo-tira-o-chapeu-para-o-pe-julio\/"},"author":{"name":"editor","@id":"https:\/\/www.oarcanjo.net\/site\/#\/schema\/person\/f7024d007863202483a31326673a0838"},"headline":"Fabio de Melo &#8220;tira o chap\u00e9u&#8221; para o Pe. Julio","datePublished":"2009-08-24T00:44:08+00:00","dateModified":"2009-08-31T02:36:28+00:00","mainEntityOfPage":{"@id":"https:\/\/www.oarcanjo.net\/site\/fabio-de-melo-tira-o-chapeu-para-o-pe-julio\/"},"wordCount":711,"commentCount":21,"publisher":{"@id":"https:\/\/www.oarcanjo.net\/site\/#organization"},"keywords":["Fabio de Melo","justi\u00e7a","solidariedade"],"articleSection":["Destaques","Not\u00edcias","V\u00eddeos"],"inLanguage":"pt-BR","potentialAction":[{"@type":"CommentAction","name":"Comment","target":["https:\/\/www.oarcanjo.net\/site\/fabio-de-melo-tira-o-chapeu-para-o-pe-julio\/#respond"]}]},{"@type":"WebPage","@id":"https:\/\/www.oarcanjo.net\/site\/fabio-de-melo-tira-o-chapeu-para-o-pe-julio\/","url":"https:\/\/www.oarcanjo.net\/site\/fabio-de-melo-tira-o-chapeu-para-o-pe-julio\/","name":"Fabio de Melo \"tira o chap\u00e9u\" para o Pe. Julio - O Arcanjo no ar","isPartOf":{"@id":"https:\/\/www.oarcanjo.net\/site\/#website"},"datePublished":"2009-08-24T00:44:08+00:00","dateModified":"2009-08-31T02:36:28+00:00","breadcrumb":{"@id":"https:\/\/www.oarcanjo.net\/site\/fabio-de-melo-tira-o-chapeu-para-o-pe-julio\/#breadcrumb"},"inLanguage":"pt-BR","potentialAction":[{"@type":"ReadAction","target":["https:\/\/www.oarcanjo.net\/site\/fabio-de-melo-tira-o-chapeu-para-o-pe-julio\/"]}]},{"@type":"BreadcrumbList","@id":"https:\/\/www.oarcanjo.net\/site\/fabio-de-melo-tira-o-chapeu-para-o-pe-julio\/#breadcrumb","itemListElement":[{"@type":"ListItem","position":1,"name":"In\u00edcio","item":"https:\/\/www.oarcanjo.net\/site\/"},{"@type":"ListItem","position":2,"name":"Fabio de Melo &#8220;tira o chap\u00e9u&#8221; para o Pe. Julio"}]},{"@type":"WebSite","@id":"https:\/\/www.oarcanjo.net\/site\/#website","url":"https:\/\/www.oarcanjo.net\/site\/","name":"O Arcanjo no ar","description":"Site da Par\u00f3quia S\u00e3o Miguel Arcanjo (Arquidiocese de SP)","publisher":{"@id":"https:\/\/www.oarcanjo.net\/site\/#organization"},"potentialAction":[{"@type":"SearchAction","target":{"@type":"EntryPoint","urlTemplate":"https:\/\/www.oarcanjo.net\/site\/?s={search_term_string}"},"query-input":{"@type":"PropertyValueSpecification","valueRequired":true,"valueName":"search_term_string"}}],"inLanguage":"pt-BR"},{"@type":"Organization","@id":"https:\/\/www.oarcanjo.net\/site\/#organization","name":"Par\u00f3quia S\u00e3o Miguel Arcanjo","url":"https:\/\/www.oarcanjo.net\/site\/","logo":{"@type":"ImageObject","inLanguage":"pt-BR","@id":"https:\/\/www.oarcanjo.net\/site\/#\/schema\/logo\/image\/","url":"https:\/\/www.oarcanjo.net\/site\/wp-content\/uploads\/LogoOArcanjo.png","contentUrl":"https:\/\/www.oarcanjo.net\/site\/wp-content\/uploads\/LogoOArcanjo.png","width":319,"height":99,"caption":"Par\u00f3quia S\u00e3o Miguel Arcanjo"},"image":{"@id":"https:\/\/www.oarcanjo.net\/site\/#\/schema\/logo\/image\/"},"sameAs":["https:\/\/www.facebook.com\/OArcanjoNoAr\/"]},{"@type":"Person","@id":"https:\/\/www.oarcanjo.net\/site\/#\/schema\/person\/f7024d007863202483a31326673a0838","name":"editor","sameAs":["http:\/\/www.oarcanjo.net"]}]}},"publishpress_future_action":{"enabled":false,"date":"2026-05-09 00:28:51","action":"category","newStatus":"draft","terms":[],"taxonomy":"category"},"publishpress_future_workflow_manual_trigger":{"enabledWorkflows":[]},"_links":{"self":[{"href":"https:\/\/www.oarcanjo.net\/site\/wp-json\/wp\/v2\/posts\/4851"}],"collection":[{"href":"https:\/\/www.oarcanjo.net\/site\/wp-json\/wp\/v2\/posts"}],"about":[{"href":"https:\/\/www.oarcanjo.net\/site\/wp-json\/wp\/v2\/types\/post"}],"author":[{"embeddable":true,"href":"https:\/\/www.oarcanjo.net\/site\/wp-json\/wp\/v2\/users\/5"}],"replies":[{"embeddable":true,"href":"https:\/\/www.oarcanjo.net\/site\/wp-json\/wp\/v2\/comments?post=4851"}],"version-history":[{"count":0,"href":"https:\/\/www.oarcanjo.net\/site\/wp-json\/wp\/v2\/posts\/4851\/revisions"}],"wp:attachment":[{"href":"https:\/\/www.oarcanjo.net\/site\/wp-json\/wp\/v2\/media?parent=4851"}],"wp:term":[{"taxonomy":"category","embeddable":true,"href":"https:\/\/www.oarcanjo.net\/site\/wp-json\/wp\/v2\/categories?post=4851"},{"taxonomy":"post_tag","embeddable":true,"href":"https:\/\/www.oarcanjo.net\/site\/wp-json\/wp\/v2\/tags?post=4851"}],"curies":[{"name":"wp","href":"https:\/\/api.w.org\/{rel}","templated":true}]}}