
{"id":48530,"date":"2014-07-27T22:54:46","date_gmt":"2014-07-28T01:54:46","guid":{"rendered":"http:\/\/www.oarcanjo.net\/site\/?p=48530"},"modified":"2014-08-29T23:19:06","modified_gmt":"2014-08-30T02:19:06","slug":"batizados-de-julho-de-2014","status":"publish","type":"post","link":"https:\/\/www.oarcanjo.net\/site\/batizados-de-julho-de-2014\/","title":{"rendered":"Batizados de Julho de 2014"},"content":{"rendered":"<p style=\"text-align: justify;\">A Comunidade S\u00e3o Miguel Arcanjo se alegrou com o batizado de mais 13 crian\u00e7as na Capela da Universidade S\u00e3o Judas Tadeu, neste domingo 27\/07\/14, dentro da celebra\u00e7\u00e3o da missa das dez horas. O batizado, como sempre, come\u00e7ou \u00e0s 9h30.<\/p>\n<p style=\"text-align: justify;\">Foram batizados o Artur Sabino de Freitas Moreira, Bernardo Machado Michelin, Carolina Cali\u00f3 Baek, Eloliana Leite Almeida, Enzo Fernandes de Andrade, Fabricio Nishimura Beccaris, Hector Milanez, La\u00eds Lopes Alves, Larissa Vano Taguti, Maria Luiza dos Santos Cecatto, Mayara Ferraz Halqueman, Miguel Vano Barbaro e Valentina Baldi Nunes.<\/p>\n<p style=\"text-align: justify;\">Durante a celebra\u00e7\u00e3o do pedido especial do Pe Julio enfatizou a import\u00e2ncia dos pais e padrinhos na educa\u00e7\u00e3o da f\u00e9 \u00a0das crian\u00e7as. A paz e a igualdade tamb\u00e9m foram destacadas. Salientou a atividade da Miss\u00e3o Bel\u00e9m no acolhimento dos sofredores em situa\u00e7\u00e3o de rua, inclusive aqueles da Cracol\u00e2ndia. Vieram \u00e0 missa alguns acolhidos da Miss\u00e3o Bel\u00e9m.<\/p>\n<p style=\"text-align: justify;\">Vejam as fotos ngg_shortcode_0_placeholder<\/p>\n<p>&nbsp;<\/p>\n<div id=\"themify_builder_content-48530\" data-postid=\"48530\" class=\"themify_builder_content themify_builder_content-48530 themify_builder themify_builder_front\">\n\t<\/div>\n<!-- \/themify_builder_content -->","protected":false},"excerpt":{"rendered":"<p>A Comunidade S\u00e3o Miguel Arcanjo se alegrou com o batizado de mais 13 crian\u00e7as na Capela da Universidade S\u00e3o Judas Tadeu, neste domingo 27\/07\/14, dentro da celebra\u00e7\u00e3o da missa das dez horas. O batizado, como sempre, come\u00e7ou \u00e0s 9h30. Foram batizados o Artur Sabino de Freitas Moreira, Bernardo Machado Michelin, Carolina Cali\u00f3 Baek, Eloliana Leite [&hellip;]<\/p>\n","protected":false},"author":10,"featured_media":0,"comment_status":"open","ping_status":"open","sticky":false,"template":"","format":"standard","meta":{"ngg_post_thumbnail":0,"footnotes":""},"categories":[8],"tags":[],"yoast_head":"<!-- This site is optimized with the Yoast SEO plugin v23.5 - https:\/\/yoast.com\/wordpress\/plugins\/seo\/ -->\n<title>Batizados de Julho de 2014 - O Arcanjo no ar<\/title>\n<meta name=\"robots\" content=\"index, follow, max-snippet:-1, max-image-preview:large, max-video-preview:-1\" \/>\n<link rel=\"canonical\" href=\"https:\/\/www.oarcanjo.net\/site\/batizados-de-julho-de-2014\/\" \/>\n<meta property=\"og:locale\" content=\"pt_BR\" \/>\n<meta property=\"og:type\" content=\"article\" \/>\n<meta property=\"og:title\" content=\"Batizados de Julho de 2014 - O Arcanjo no ar\" \/>\n<meta property=\"og:description\" content=\"A Comunidade S\u00e3o Miguel Arcanjo se alegrou com o batizado de mais 13 crian\u00e7as na Capela da Universidade S\u00e3o Judas Tadeu, neste domingo 27\/07\/14, dentro da celebra\u00e7\u00e3o da missa das dez horas. O batizado, como sempre, come\u00e7ou \u00e0s 9h30. Foram batizados o Artur Sabino de Freitas Moreira, Bernardo Machado Michelin, Carolina Cali\u00f3 Baek, Eloliana Leite [&hellip;]\" \/>\n<meta property=\"og:url\" content=\"https:\/\/www.oarcanjo.net\/site\/batizados-de-julho-de-2014\/\" \/>\n<meta property=\"og:site_name\" content=\"O Arcanjo no ar\" \/>\n<meta property=\"article:publisher\" content=\"https:\/\/www.facebook.com\/OArcanjoNoAr\/\" \/>\n<meta property=\"article:published_time\" content=\"2014-07-28T01:54:46+00:00\" \/>\n<meta property=\"article:modified_time\" content=\"2014-08-30T02:19:06+00:00\" \/>\n<meta property=\"og:image\" content=\"https:\/\/www.oarcanjo.net\/site\/wp-content\/uploads\/logo-o-arcanjo-no-ar-facebook.png\" \/>\n\t<meta property=\"og:image:width\" content=\"300\" \/>\n\t<meta property=\"og:image:height\" content=\"300\" \/>\n\t<meta property=\"og:image:type\" content=\"image\/png\" \/>\n<meta name=\"author\" content=\"carlos\" \/>\n<meta name=\"twitter:card\" content=\"summary_large_image\" \/>\n<meta name=\"twitter:label1\" content=\"Escrito por\" \/>\n\t<meta name=\"twitter:data1\" content=\"carlos\" \/>\n\t<meta name=\"twitter:label2\" content=\"Est. tempo de leitura\" \/>\n\t<meta name=\"twitter:data2\" content=\"1 minuto\" \/>\n<script type=\"application\/ld+json\" class=\"yoast-schema-graph\">{\"@context\":\"https:\/\/schema.org\",\"@graph\":[{\"@type\":\"Article\",\"@id\":\"https:\/\/www.oarcanjo.net\/site\/batizados-de-julho-de-2014\/#article\",\"isPartOf\":{\"@id\":\"https:\/\/www.oarcanjo.net\/site\/batizados-de-julho-de-2014\/\"},\"author\":{\"name\":\"carlos\",\"@id\":\"https:\/\/www.oarcanjo.net\/site\/#\/schema\/person\/f7870e710d8c8c30673de3a0ac2e451d\"},\"headline\":\"Batizados de Julho de 2014\",\"datePublished\":\"2014-07-28T01:54:46+00:00\",\"dateModified\":\"2014-08-30T02:19:06+00:00\",\"mainEntityOfPage\":{\"@id\":\"https:\/\/www.oarcanjo.net\/site\/batizados-de-julho-de-2014\/\"},\"wordCount\":166,\"commentCount\":3,\"publisher\":{\"@id\":\"https:\/\/www.oarcanjo.net\/site\/#organization\"},\"articleSection\":[\"Not\u00edcias\"],\"inLanguage\":\"pt-BR\",\"potentialAction\":[{\"@type\":\"CommentAction\",\"name\":\"Comment\",\"target\":[\"https:\/\/www.oarcanjo.net\/site\/batizados-de-julho-de-2014\/#respond\"]}]},{\"@type\":\"WebPage\",\"@id\":\"https:\/\/www.oarcanjo.net\/site\/batizados-de-julho-de-2014\/\",\"url\":\"https:\/\/www.oarcanjo.net\/site\/batizados-de-julho-de-2014\/\",\"name\":\"Batizados de Julho de 2014 - O Arcanjo no ar\",\"isPartOf\":{\"@id\":\"https:\/\/www.oarcanjo.net\/site\/#website\"},\"datePublished\":\"2014-07-28T01:54:46+00:00\",\"dateModified\":\"2014-08-30T02:19:06+00:00\",\"breadcrumb\":{\"@id\":\"https:\/\/www.oarcanjo.net\/site\/batizados-de-julho-de-2014\/#breadcrumb\"},\"inLanguage\":\"pt-BR\",\"potentialAction\":[{\"@type\":\"ReadAction\",\"target\":[\"https:\/\/www.oarcanjo.net\/site\/batizados-de-julho-de-2014\/\"]}]},{\"@type\":\"BreadcrumbList\",\"@id\":\"https:\/\/www.oarcanjo.net\/site\/batizados-de-julho-de-2014\/#breadcrumb\",\"itemListElement\":[{\"@type\":\"ListItem\",\"position\":1,\"name\":\"In\u00edcio\",\"item\":\"https:\/\/www.oarcanjo.net\/site\/\"},{\"@type\":\"ListItem\",\"position\":2,\"name\":\"Batizados de Julho de 2014\"}]},{\"@type\":\"WebSite\",\"@id\":\"https:\/\/www.oarcanjo.net\/site\/#website\",\"url\":\"https:\/\/www.oarcanjo.net\/site\/\",\"name\":\"O Arcanjo no ar\",\"description\":\"Site da Par\u00f3quia S\u00e3o Miguel Arcanjo (Arquidiocese de SP)\",\"publisher\":{\"@id\":\"https:\/\/www.oarcanjo.net\/site\/#organization\"},\"potentialAction\":[{\"@type\":\"SearchAction\",\"target\":{\"@type\":\"EntryPoint\",\"urlTemplate\":\"https:\/\/www.oarcanjo.net\/site\/?s={search_term_string}\"},\"query-input\":{\"@type\":\"PropertyValueSpecification\",\"valueRequired\":true,\"valueName\":\"search_term_string\"}}],\"inLanguage\":\"pt-BR\"},{\"@type\":\"Organization\",\"@id\":\"https:\/\/www.oarcanjo.net\/site\/#organization\",\"name\":\"Par\u00f3quia S\u00e3o Miguel Arcanjo\",\"url\":\"https:\/\/www.oarcanjo.net\/site\/\",\"logo\":{\"@type\":\"ImageObject\",\"inLanguage\":\"pt-BR\",\"@id\":\"https:\/\/www.oarcanjo.net\/site\/#\/schema\/logo\/image\/\",\"url\":\"https:\/\/www.oarcanjo.net\/site\/wp-content\/uploads\/LogoOArcanjo.png\",\"contentUrl\":\"https:\/\/www.oarcanjo.net\/site\/wp-content\/uploads\/LogoOArcanjo.png\",\"width\":319,\"height\":99,\"caption\":\"Par\u00f3quia S\u00e3o Miguel Arcanjo\"},\"image\":{\"@id\":\"https:\/\/www.oarcanjo.net\/site\/#\/schema\/logo\/image\/\"},\"sameAs\":[\"https:\/\/www.facebook.com\/OArcanjoNoAr\/\"]},{\"@type\":\"Person\",\"@id\":\"https:\/\/www.oarcanjo.net\/site\/#\/schema\/person\/f7870e710d8c8c30673de3a0ac2e451d\",\"name\":\"carlos\"}]}<\/script>\n<!-- \/ Yoast SEO plugin. -->","yoast_head_json":{"title":"Batizados de Julho de 2014 - O Arcanjo no ar","robots":{"index":"index","follow":"follow","max-snippet":"max-snippet:-1","max-image-preview":"max-image-preview:large","max-video-preview":"max-video-preview:-1"},"canonical":"https:\/\/www.oarcanjo.net\/site\/batizados-de-julho-de-2014\/","og_locale":"pt_BR","og_type":"article","og_title":"Batizados de Julho de 2014 - O Arcanjo no ar","og_description":"A Comunidade S\u00e3o Miguel Arcanjo se alegrou com o batizado de mais 13 crian\u00e7as na Capela da Universidade S\u00e3o Judas Tadeu, neste domingo 27\/07\/14, dentro da celebra\u00e7\u00e3o da missa das dez horas. O batizado, como sempre, come\u00e7ou \u00e0s 9h30. Foram batizados o Artur Sabino de Freitas Moreira, Bernardo Machado Michelin, Carolina Cali\u00f3 Baek, Eloliana Leite [&hellip;]","og_url":"https:\/\/www.oarcanjo.net\/site\/batizados-de-julho-de-2014\/","og_site_name":"O Arcanjo no ar","article_publisher":"https:\/\/www.facebook.com\/OArcanjoNoAr\/","article_published_time":"2014-07-28T01:54:46+00:00","article_modified_time":"2014-08-30T02:19:06+00:00","og_image":[{"width":300,"height":300,"url":"https:\/\/www.oarcanjo.net\/site\/wp-content\/uploads\/logo-o-arcanjo-no-ar-facebook.png","type":"image\/png"}],"author":"carlos","twitter_card":"summary_large_image","twitter_misc":{"Escrito por":"carlos","Est. tempo de leitura":"1 minuto"},"schema":{"@context":"https:\/\/schema.org","@graph":[{"@type":"Article","@id":"https:\/\/www.oarcanjo.net\/site\/batizados-de-julho-de-2014\/#article","isPartOf":{"@id":"https:\/\/www.oarcanjo.net\/site\/batizados-de-julho-de-2014\/"},"author":{"name":"carlos","@id":"https:\/\/www.oarcanjo.net\/site\/#\/schema\/person\/f7870e710d8c8c30673de3a0ac2e451d"},"headline":"Batizados de Julho de 2014","datePublished":"2014-07-28T01:54:46+00:00","dateModified":"2014-08-30T02:19:06+00:00","mainEntityOfPage":{"@id":"https:\/\/www.oarcanjo.net\/site\/batizados-de-julho-de-2014\/"},"wordCount":166,"commentCount":3,"publisher":{"@id":"https:\/\/www.oarcanjo.net\/site\/#organization"},"articleSection":["Not\u00edcias"],"inLanguage":"pt-BR","potentialAction":[{"@type":"CommentAction","name":"Comment","target":["https:\/\/www.oarcanjo.net\/site\/batizados-de-julho-de-2014\/#respond"]}]},{"@type":"WebPage","@id":"https:\/\/www.oarcanjo.net\/site\/batizados-de-julho-de-2014\/","url":"https:\/\/www.oarcanjo.net\/site\/batizados-de-julho-de-2014\/","name":"Batizados de Julho de 2014 - O Arcanjo no ar","isPartOf":{"@id":"https:\/\/www.oarcanjo.net\/site\/#website"},"datePublished":"2014-07-28T01:54:46+00:00","dateModified":"2014-08-30T02:19:06+00:00","breadcrumb":{"@id":"https:\/\/www.oarcanjo.net\/site\/batizados-de-julho-de-2014\/#breadcrumb"},"inLanguage":"pt-BR","potentialAction":[{"@type":"ReadAction","target":["https:\/\/www.oarcanjo.net\/site\/batizados-de-julho-de-2014\/"]}]},{"@type":"BreadcrumbList","@id":"https:\/\/www.oarcanjo.net\/site\/batizados-de-julho-de-2014\/#breadcrumb","itemListElement":[{"@type":"ListItem","position":1,"name":"In\u00edcio","item":"https:\/\/www.oarcanjo.net\/site\/"},{"@type":"ListItem","position":2,"name":"Batizados de Julho de 2014"}]},{"@type":"WebSite","@id":"https:\/\/www.oarcanjo.net\/site\/#website","url":"https:\/\/www.oarcanjo.net\/site\/","name":"O Arcanjo no ar","description":"Site da Par\u00f3quia S\u00e3o Miguel Arcanjo (Arquidiocese de SP)","publisher":{"@id":"https:\/\/www.oarcanjo.net\/site\/#organization"},"potentialAction":[{"@type":"SearchAction","target":{"@type":"EntryPoint","urlTemplate":"https:\/\/www.oarcanjo.net\/site\/?s={search_term_string}"},"query-input":{"@type":"PropertyValueSpecification","valueRequired":true,"valueName":"search_term_string"}}],"inLanguage":"pt-BR"},{"@type":"Organization","@id":"https:\/\/www.oarcanjo.net\/site\/#organization","name":"Par\u00f3quia S\u00e3o Miguel Arcanjo","url":"https:\/\/www.oarcanjo.net\/site\/","logo":{"@type":"ImageObject","inLanguage":"pt-BR","@id":"https:\/\/www.oarcanjo.net\/site\/#\/schema\/logo\/image\/","url":"https:\/\/www.oarcanjo.net\/site\/wp-content\/uploads\/LogoOArcanjo.png","contentUrl":"https:\/\/www.oarcanjo.net\/site\/wp-content\/uploads\/LogoOArcanjo.png","width":319,"height":99,"caption":"Par\u00f3quia S\u00e3o Miguel Arcanjo"},"image":{"@id":"https:\/\/www.oarcanjo.net\/site\/#\/schema\/logo\/image\/"},"sameAs":["https:\/\/www.facebook.com\/OArcanjoNoAr\/"]},{"@type":"Person","@id":"https:\/\/www.oarcanjo.net\/site\/#\/schema\/person\/f7870e710d8c8c30673de3a0ac2e451d","name":"carlos"}]}},"publishpress_future_action":{"enabled":false,"date":"2026-05-06 21:32:15","action":"category","newStatus":"draft","terms":[],"taxonomy":"category"},"publishpress_future_workflow_manual_trigger":{"enabledWorkflows":[]},"_links":{"self":[{"href":"https:\/\/www.oarcanjo.net\/site\/wp-json\/wp\/v2\/posts\/48530"}],"collection":[{"href":"https:\/\/www.oarcanjo.net\/site\/wp-json\/wp\/v2\/posts"}],"about":[{"href":"https:\/\/www.oarcanjo.net\/site\/wp-json\/wp\/v2\/types\/post"}],"author":[{"embeddable":true,"href":"https:\/\/www.oarcanjo.net\/site\/wp-json\/wp\/v2\/users\/10"}],"replies":[{"embeddable":true,"href":"https:\/\/www.oarcanjo.net\/site\/wp-json\/wp\/v2\/comments?post=48530"}],"version-history":[{"count":0,"href":"https:\/\/www.oarcanjo.net\/site\/wp-json\/wp\/v2\/posts\/48530\/revisions"}],"wp:attachment":[{"href":"https:\/\/www.oarcanjo.net\/site\/wp-json\/wp\/v2\/media?parent=48530"}],"wp:term":[{"taxonomy":"category","embeddable":true,"href":"https:\/\/www.oarcanjo.net\/site\/wp-json\/wp\/v2\/categories?post=48530"},{"taxonomy":"post_tag","embeddable":true,"href":"https:\/\/www.oarcanjo.net\/site\/wp-json\/wp\/v2\/tags?post=48530"}],"curies":[{"name":"wp","href":"https:\/\/api.w.org\/{rel}","templated":true}]}}