
{"id":486,"date":"2008-11-01T07:46:00","date_gmt":"2008-11-01T10:46:00","guid":{"rendered":"http:\/\/www.oarcanjo.net\/site\/?p=486"},"modified":"2008-11-01T07:46:00","modified_gmt":"2008-11-01T10:46:00","slug":"morte-tema-tabu","status":"publish","type":"post","link":"https:\/\/www.oarcanjo.net\/site\/morte-tema-tabu\/","title":{"rendered":"Morte, tema tabu?"},"content":{"rendered":"<p>Frei Betto<\/p>\n<p>2 de novembro \u00e9 dia de finados, dos que findaram, os mortos. Ser\u00e1, no futuro, o dia de cada um de n\u00f3s. Mas quem encara este destino inelut\u00e1vel?<\/p>\n<p>Entre crian\u00e7as de seis anos de idade convidadas a escrever cartas a Deus, uma delas prop\u00f4s: &#8220;Deus, todo dia nasce muita gente e morre muita gente. O Senhor deveria proibir nascimentos e mortes, e permitir a quem j\u00e1 nasceu viver para sempre&#8221;.<\/p>\n<p>Faz sentido. Evitar-se-iam a superpopula\u00e7\u00e3o do planeta e o sofrimento de morrer ou ver desaparecer entes queridos. Mas quem garante que, privados da certeza de finitude, essa ra\u00e7a de sobre-humanos n\u00e3o tornaria a nossa conviv\u00eancia uma experi\u00eancia infernal? Simone de Beauvoir deu a resposta no romance &#8220;Todos os homens s\u00e3o mortais&#8221;.<\/p>\n<p>\u00c9 esse ideal de infinitude que fomenta a cultura da imortalidade disseminada pela promissora ind\u00fastria do elixir da eterna juventude: cosm\u00e9ticos, academias de gin\u00e1stica, livros de auto-ajuda, cuidados nutricionais, dr\u00e1geas e produtos naturais que prometem sa\u00fade e longevidade. Nada disso \u00e9 contra-indicado, exceto quando levado \u00e0 obsess\u00e3o, que produz anorexia, ou \u00e0 atitude rid\u00edcula de velhos que se envergonham das pr\u00f3prias rugas e se fantasiam de adolescentes.<\/p>\n<p>Conto sete amigos com c\u00e2ncer nos \u00faltimos dois anos. Dois, em estado terminal, me chamaram para conversar sobre a morte. Um deles observou: &#8220;Outrora, era tabu falar de sexo. Hoje, \u00e9 falar de morte&#8221;. Concordei. A morte era vista como um fen\u00f4meno natural, coroamento inevit\u00e1vel da exist\u00eancia. Hoje, \u00e9 sin\u00f4nimo de fracasso, quase uma vergonha social.<\/p>\n<p>A morte clandestinizou-se nessa sociedade que incensa a cultura do prolongamento indefinido da vida, da juventude perene, da glamouriza\u00e7\u00e3o da est\u00e9tica corporal. Nem sequer se tem mais o direito de ficar velho. N\u00f3s, que j\u00e1 temos acesso ao Estatuto do Idoso, somos tratados por eufemismos que visam a aplacar a &#8220;vergonha&#8221; da velhice: terceira idade, melhor idade ou, como li na lataria de uma van, &#8220;a turma da dign\/idade&#8221;. A usar eufemismos, sugiro o mais realista: turma da eterna idade, j\u00e1 que estamos pr\u00f3ximos a ela.<\/p>\n<p>No tempo de meus av\u00f3s morria-se em casa, cercado de parentes e amigos, no espa\u00e7o dom\u00e9stico impregnado de pessoas e objetos que constitu\u00edam a raz\u00e3o de ser da exist\u00eancia do enfermo. Hoje, morre-se no hospital, um lugar estranho, cercado por pessoas &#8211; m\u00e9dicos, enfermeiras, auxiliares &#8211; cujos nomes ignoramos. A agonia \u00e9 suprimida pelos avan\u00e7os da ci\u00eancia &#8211; o coma induzido, a medica\u00e7\u00e3o que elimina a dor. N\u00e3o h\u00e1 quase choro nem vela nem fita amarela. O rito de passagem &#8211; un\u00e7\u00e3o dos enfermos, luto, missa de 7\u00ba dia, proclamas &#8211; \u00e9 quase impercept\u00edvel.<\/p>\n<p>&#8220;Morrer \u00e9 fechar os olhos para enxergar melhor&#8221;, disse Jos\u00e9 Mart\u00ed por ocasi\u00e3o da morte de Marx. As religi\u00f5es t\u00eam respostas \u00e0s situa\u00e7\u00f5es limites da condi\u00e7\u00e3o humana, em especial a morte. Isso \u00e9 um consolo e uma esperan\u00e7a para quem tem f\u00e9. Fora do \u00e2mbito religioso, entretanto, a morte \u00e9 um acidente, n\u00e3o uma decorr\u00eancia normal da condi\u00e7\u00e3o humana.<\/p>\n<p>Morre-se abundantemente em filmes e telenovelas, mas n\u00e3o h\u00e1 vel\u00f3rio nem enterro. Os personagens s\u00e3o seres descart\u00e1veis como as v\u00edtimas inclementes do narcotr\u00e1fico. Ou as figuras virtuais dos jogos eletr\u00f4nicos que ensinam crian\u00e7as a matar sem culpa.<\/p>\n<p>A morte \u00e9, como frisou Sartre, a mais solit\u00e1ria experi\u00eancia humana. \u00c9 a quebra definitiva do ego. Na \u00f3tica da f\u00e9, o desdobramento do ego no seu contr\u00e1rio: o amor, o \u00e1gape, a comunh\u00e3o com Deus.<\/p>\n<p>A morte nos reduz ao verdadeiro eu, sem os adornos de condi\u00e7\u00e3o social, nome de fam\u00edlia, t\u00edtulos, propriedades, import\u00e2ncia ou conta banc\u00e1ria. \u00c9 a ruptura de todos os v\u00ednculos que nos prendem ao acidental. Os m\u00edsticos a encaram com tranq\u00fcilidade por exercitarem o desapego frente a todos os valores finitos. Cultivam, na subjetividade, valores infinitos. E fazem da vida dom de si &#8211; amor. Por isso Teresa de \u00c1vila suspirava: &#8220;Morro por n\u00e3o morrer&#8221;.<\/p>\n<p>Padre Vieira, cujo quarto centen\u00e1rio de nascimento se comemora este ano, advertia no serm\u00e3o do 1\u00ba domingo do Advento, em 1650: &#8220;No nascimento, somos filhos de nossos pais; na ressurrei\u00e7\u00e3o, seremos filhos de nossas obras&#8221;.<\/p>\n<div id=\"themify_builder_content-486\" data-postid=\"486\" class=\"themify_builder_content themify_builder_content-486 themify_builder themify_builder_front\">\n\t<\/div>\n<!-- \/themify_builder_content -->","protected":false},"excerpt":{"rendered":"<p>Frei Betto 2 de novembro \u00e9 dia de finados, dos que findaram, os mortos. Ser\u00e1, no futuro, o dia de cada um de n\u00f3s. Mas quem encara este destino inelut\u00e1vel? Entre crian\u00e7as de seis anos de idade convidadas a escrever cartas a Deus, uma delas prop\u00f4s: &#8220;Deus, todo dia nasce muita gente e morre muita [&hellip;]<\/p>\n","protected":false},"author":5,"featured_media":0,"comment_status":"open","ping_status":"open","sticky":false,"template":"","format":"standard","meta":{"ngg_post_thumbnail":0,"footnotes":""},"categories":[9],"tags":[67,66,68],"yoast_head":"<!-- This site is optimized with the Yoast SEO plugin v23.5 - https:\/\/yoast.com\/wordpress\/plugins\/seo\/ -->\n<title>Morte, tema tabu? - O Arcanjo no ar<\/title>\n<meta name=\"robots\" content=\"index, follow, max-snippet:-1, max-image-preview:large, max-video-preview:-1\" \/>\n<link rel=\"canonical\" href=\"https:\/\/www.oarcanjo.net\/site\/morte-tema-tabu\/\" \/>\n<meta property=\"og:locale\" content=\"pt_BR\" \/>\n<meta property=\"og:type\" content=\"article\" \/>\n<meta property=\"og:title\" content=\"Morte, tema tabu? - O Arcanjo no ar\" \/>\n<meta property=\"og:description\" content=\"Frei Betto 2 de novembro \u00e9 dia de finados, dos que findaram, os mortos. Ser\u00e1, no futuro, o dia de cada um de n\u00f3s. Mas quem encara este destino inelut\u00e1vel? Entre crian\u00e7as de seis anos de idade convidadas a escrever cartas a Deus, uma delas prop\u00f4s: &#8220;Deus, todo dia nasce muita gente e morre muita [&hellip;]\" \/>\n<meta property=\"og:url\" content=\"https:\/\/www.oarcanjo.net\/site\/morte-tema-tabu\/\" \/>\n<meta property=\"og:site_name\" content=\"O Arcanjo no ar\" \/>\n<meta property=\"article:publisher\" content=\"https:\/\/www.facebook.com\/OArcanjoNoAr\/\" \/>\n<meta property=\"article:published_time\" content=\"2008-11-01T10:46:00+00:00\" \/>\n<meta property=\"og:image\" content=\"https:\/\/www.oarcanjo.net\/site\/wp-content\/uploads\/logo-o-arcanjo-no-ar-facebook.png\" \/>\n\t<meta property=\"og:image:width\" content=\"300\" \/>\n\t<meta property=\"og:image:height\" content=\"300\" \/>\n\t<meta property=\"og:image:type\" content=\"image\/png\" \/>\n<meta name=\"author\" content=\"editor\" \/>\n<meta name=\"twitter:card\" content=\"summary_large_image\" \/>\n<meta name=\"twitter:label1\" content=\"Escrito por\" \/>\n\t<meta name=\"twitter:data1\" content=\"editor\" \/>\n\t<meta name=\"twitter:label2\" content=\"Est. tempo de leitura\" \/>\n\t<meta name=\"twitter:data2\" content=\"4 minutos\" \/>\n<script type=\"application\/ld+json\" class=\"yoast-schema-graph\">{\"@context\":\"https:\/\/schema.org\",\"@graph\":[{\"@type\":\"Article\",\"@id\":\"https:\/\/www.oarcanjo.net\/site\/morte-tema-tabu\/#article\",\"isPartOf\":{\"@id\":\"https:\/\/www.oarcanjo.net\/site\/morte-tema-tabu\/\"},\"author\":{\"name\":\"editor\",\"@id\":\"https:\/\/www.oarcanjo.net\/site\/#\/schema\/person\/f7024d007863202483a31326673a0838\"},\"headline\":\"Morte, tema tabu?\",\"datePublished\":\"2008-11-01T10:46:00+00:00\",\"dateModified\":\"2008-11-01T10:46:00+00:00\",\"mainEntityOfPage\":{\"@id\":\"https:\/\/www.oarcanjo.net\/site\/morte-tema-tabu\/\"},\"wordCount\":725,\"commentCount\":0,\"publisher\":{\"@id\":\"https:\/\/www.oarcanjo.net\/site\/#organization\"},\"keywords\":[\"finados\",\"morte\",\"ressurei\u00e7\u00e3o\"],\"articleSection\":[\"Reflex\u00f5es\"],\"inLanguage\":\"pt-BR\",\"potentialAction\":[{\"@type\":\"CommentAction\",\"name\":\"Comment\",\"target\":[\"https:\/\/www.oarcanjo.net\/site\/morte-tema-tabu\/#respond\"]}]},{\"@type\":\"WebPage\",\"@id\":\"https:\/\/www.oarcanjo.net\/site\/morte-tema-tabu\/\",\"url\":\"https:\/\/www.oarcanjo.net\/site\/morte-tema-tabu\/\",\"name\":\"Morte, tema tabu? - O Arcanjo no ar\",\"isPartOf\":{\"@id\":\"https:\/\/www.oarcanjo.net\/site\/#website\"},\"datePublished\":\"2008-11-01T10:46:00+00:00\",\"dateModified\":\"2008-11-01T10:46:00+00:00\",\"breadcrumb\":{\"@id\":\"https:\/\/www.oarcanjo.net\/site\/morte-tema-tabu\/#breadcrumb\"},\"inLanguage\":\"pt-BR\",\"potentialAction\":[{\"@type\":\"ReadAction\",\"target\":[\"https:\/\/www.oarcanjo.net\/site\/morte-tema-tabu\/\"]}]},{\"@type\":\"BreadcrumbList\",\"@id\":\"https:\/\/www.oarcanjo.net\/site\/morte-tema-tabu\/#breadcrumb\",\"itemListElement\":[{\"@type\":\"ListItem\",\"position\":1,\"name\":\"In\u00edcio\",\"item\":\"https:\/\/www.oarcanjo.net\/site\/\"},{\"@type\":\"ListItem\",\"position\":2,\"name\":\"Morte, tema tabu?\"}]},{\"@type\":\"WebSite\",\"@id\":\"https:\/\/www.oarcanjo.net\/site\/#website\",\"url\":\"https:\/\/www.oarcanjo.net\/site\/\",\"name\":\"O Arcanjo no ar\",\"description\":\"Site da Par\u00f3quia S\u00e3o Miguel Arcanjo (Arquidiocese de SP)\",\"publisher\":{\"@id\":\"https:\/\/www.oarcanjo.net\/site\/#organization\"},\"potentialAction\":[{\"@type\":\"SearchAction\",\"target\":{\"@type\":\"EntryPoint\",\"urlTemplate\":\"https:\/\/www.oarcanjo.net\/site\/?s={search_term_string}\"},\"query-input\":{\"@type\":\"PropertyValueSpecification\",\"valueRequired\":true,\"valueName\":\"search_term_string\"}}],\"inLanguage\":\"pt-BR\"},{\"@type\":\"Organization\",\"@id\":\"https:\/\/www.oarcanjo.net\/site\/#organization\",\"name\":\"Par\u00f3quia S\u00e3o Miguel Arcanjo\",\"url\":\"https:\/\/www.oarcanjo.net\/site\/\",\"logo\":{\"@type\":\"ImageObject\",\"inLanguage\":\"pt-BR\",\"@id\":\"https:\/\/www.oarcanjo.net\/site\/#\/schema\/logo\/image\/\",\"url\":\"https:\/\/www.oarcanjo.net\/site\/wp-content\/uploads\/LogoOArcanjo.png\",\"contentUrl\":\"https:\/\/www.oarcanjo.net\/site\/wp-content\/uploads\/LogoOArcanjo.png\",\"width\":319,\"height\":99,\"caption\":\"Par\u00f3quia S\u00e3o Miguel Arcanjo\"},\"image\":{\"@id\":\"https:\/\/www.oarcanjo.net\/site\/#\/schema\/logo\/image\/\"},\"sameAs\":[\"https:\/\/www.facebook.com\/OArcanjoNoAr\/\"]},{\"@type\":\"Person\",\"@id\":\"https:\/\/www.oarcanjo.net\/site\/#\/schema\/person\/f7024d007863202483a31326673a0838\",\"name\":\"editor\",\"sameAs\":[\"http:\/\/www.oarcanjo.net\"]}]}<\/script>\n<!-- \/ Yoast SEO plugin. -->","yoast_head_json":{"title":"Morte, tema tabu? - O Arcanjo no ar","robots":{"index":"index","follow":"follow","max-snippet":"max-snippet:-1","max-image-preview":"max-image-preview:large","max-video-preview":"max-video-preview:-1"},"canonical":"https:\/\/www.oarcanjo.net\/site\/morte-tema-tabu\/","og_locale":"pt_BR","og_type":"article","og_title":"Morte, tema tabu? - O Arcanjo no ar","og_description":"Frei Betto 2 de novembro \u00e9 dia de finados, dos que findaram, os mortos. Ser\u00e1, no futuro, o dia de cada um de n\u00f3s. Mas quem encara este destino inelut\u00e1vel? Entre crian\u00e7as de seis anos de idade convidadas a escrever cartas a Deus, uma delas prop\u00f4s: &#8220;Deus, todo dia nasce muita gente e morre muita [&hellip;]","og_url":"https:\/\/www.oarcanjo.net\/site\/morte-tema-tabu\/","og_site_name":"O Arcanjo no ar","article_publisher":"https:\/\/www.facebook.com\/OArcanjoNoAr\/","article_published_time":"2008-11-01T10:46:00+00:00","og_image":[{"width":300,"height":300,"url":"https:\/\/www.oarcanjo.net\/site\/wp-content\/uploads\/logo-o-arcanjo-no-ar-facebook.png","type":"image\/png"}],"author":"editor","twitter_card":"summary_large_image","twitter_misc":{"Escrito por":"editor","Est. tempo de leitura":"4 minutos"},"schema":{"@context":"https:\/\/schema.org","@graph":[{"@type":"Article","@id":"https:\/\/www.oarcanjo.net\/site\/morte-tema-tabu\/#article","isPartOf":{"@id":"https:\/\/www.oarcanjo.net\/site\/morte-tema-tabu\/"},"author":{"name":"editor","@id":"https:\/\/www.oarcanjo.net\/site\/#\/schema\/person\/f7024d007863202483a31326673a0838"},"headline":"Morte, tema tabu?","datePublished":"2008-11-01T10:46:00+00:00","dateModified":"2008-11-01T10:46:00+00:00","mainEntityOfPage":{"@id":"https:\/\/www.oarcanjo.net\/site\/morte-tema-tabu\/"},"wordCount":725,"commentCount":0,"publisher":{"@id":"https:\/\/www.oarcanjo.net\/site\/#organization"},"keywords":["finados","morte","ressurei\u00e7\u00e3o"],"articleSection":["Reflex\u00f5es"],"inLanguage":"pt-BR","potentialAction":[{"@type":"CommentAction","name":"Comment","target":["https:\/\/www.oarcanjo.net\/site\/morte-tema-tabu\/#respond"]}]},{"@type":"WebPage","@id":"https:\/\/www.oarcanjo.net\/site\/morte-tema-tabu\/","url":"https:\/\/www.oarcanjo.net\/site\/morte-tema-tabu\/","name":"Morte, tema tabu? - O Arcanjo no ar","isPartOf":{"@id":"https:\/\/www.oarcanjo.net\/site\/#website"},"datePublished":"2008-11-01T10:46:00+00:00","dateModified":"2008-11-01T10:46:00+00:00","breadcrumb":{"@id":"https:\/\/www.oarcanjo.net\/site\/morte-tema-tabu\/#breadcrumb"},"inLanguage":"pt-BR","potentialAction":[{"@type":"ReadAction","target":["https:\/\/www.oarcanjo.net\/site\/morte-tema-tabu\/"]}]},{"@type":"BreadcrumbList","@id":"https:\/\/www.oarcanjo.net\/site\/morte-tema-tabu\/#breadcrumb","itemListElement":[{"@type":"ListItem","position":1,"name":"In\u00edcio","item":"https:\/\/www.oarcanjo.net\/site\/"},{"@type":"ListItem","position":2,"name":"Morte, tema tabu?"}]},{"@type":"WebSite","@id":"https:\/\/www.oarcanjo.net\/site\/#website","url":"https:\/\/www.oarcanjo.net\/site\/","name":"O Arcanjo no ar","description":"Site da Par\u00f3quia S\u00e3o Miguel Arcanjo (Arquidiocese de SP)","publisher":{"@id":"https:\/\/www.oarcanjo.net\/site\/#organization"},"potentialAction":[{"@type":"SearchAction","target":{"@type":"EntryPoint","urlTemplate":"https:\/\/www.oarcanjo.net\/site\/?s={search_term_string}"},"query-input":{"@type":"PropertyValueSpecification","valueRequired":true,"valueName":"search_term_string"}}],"inLanguage":"pt-BR"},{"@type":"Organization","@id":"https:\/\/www.oarcanjo.net\/site\/#organization","name":"Par\u00f3quia S\u00e3o Miguel Arcanjo","url":"https:\/\/www.oarcanjo.net\/site\/","logo":{"@type":"ImageObject","inLanguage":"pt-BR","@id":"https:\/\/www.oarcanjo.net\/site\/#\/schema\/logo\/image\/","url":"https:\/\/www.oarcanjo.net\/site\/wp-content\/uploads\/LogoOArcanjo.png","contentUrl":"https:\/\/www.oarcanjo.net\/site\/wp-content\/uploads\/LogoOArcanjo.png","width":319,"height":99,"caption":"Par\u00f3quia S\u00e3o Miguel Arcanjo"},"image":{"@id":"https:\/\/www.oarcanjo.net\/site\/#\/schema\/logo\/image\/"},"sameAs":["https:\/\/www.facebook.com\/OArcanjoNoAr\/"]},{"@type":"Person","@id":"https:\/\/www.oarcanjo.net\/site\/#\/schema\/person\/f7024d007863202483a31326673a0838","name":"editor","sameAs":["http:\/\/www.oarcanjo.net"]}]}},"publishpress_future_action":{"enabled":false,"date":"2026-05-08 22:06:56","action":"category","newStatus":"draft","terms":[],"taxonomy":"category"},"publishpress_future_workflow_manual_trigger":{"enabledWorkflows":[]},"_links":{"self":[{"href":"https:\/\/www.oarcanjo.net\/site\/wp-json\/wp\/v2\/posts\/486"}],"collection":[{"href":"https:\/\/www.oarcanjo.net\/site\/wp-json\/wp\/v2\/posts"}],"about":[{"href":"https:\/\/www.oarcanjo.net\/site\/wp-json\/wp\/v2\/types\/post"}],"author":[{"embeddable":true,"href":"https:\/\/www.oarcanjo.net\/site\/wp-json\/wp\/v2\/users\/5"}],"replies":[{"embeddable":true,"href":"https:\/\/www.oarcanjo.net\/site\/wp-json\/wp\/v2\/comments?post=486"}],"version-history":[{"count":0,"href":"https:\/\/www.oarcanjo.net\/site\/wp-json\/wp\/v2\/posts\/486\/revisions"}],"wp:attachment":[{"href":"https:\/\/www.oarcanjo.net\/site\/wp-json\/wp\/v2\/media?parent=486"}],"wp:term":[{"taxonomy":"category","embeddable":true,"href":"https:\/\/www.oarcanjo.net\/site\/wp-json\/wp\/v2\/categories?post=486"},{"taxonomy":"post_tag","embeddable":true,"href":"https:\/\/www.oarcanjo.net\/site\/wp-json\/wp\/v2\/tags?post=486"}],"curies":[{"name":"wp","href":"https:\/\/api.w.org\/{rel}","templated":true}]}}