
{"id":48663,"date":"2014-08-03T23:33:01","date_gmt":"2014-08-04T02:33:01","guid":{"rendered":"http:\/\/www.oarcanjo.net\/site\/?p=48663"},"modified":"2014-08-03T23:56:38","modified_gmt":"2014-08-04T02:56:38","slug":"oracao-a-sagrada-familia","status":"publish","type":"post","link":"https:\/\/www.oarcanjo.net\/site\/oracao-a-sagrada-familia\/","title":{"rendered":"Ora\u00e7\u00e3o \u00e0 Sagrada Fam\u00edlia"},"content":{"rendered":"<p><a href=\"http:\/\/www.oarcanjo.net\/site\/wp-content\/uploads\/raffaello-sanzio-la-sagrada-familia-con-un-cordeiro-agosto-2014.jpg\"><img loading=\"lazy\" decoding=\"async\" class=\"alignnone size-full wp-image-48667\" src=\"http:\/\/www.oarcanjo.net\/site\/wp-content\/uploads\/raffaello-sanzio-la-sagrada-familia-con-un-cordeiro-agosto-2014.jpg\" alt=\"Sagrada Fam\u00edlia\" width=\"600\" height=\"793\" srcset=\"https:\/\/www.oarcanjo.net\/site\/wp-content\/uploads\/raffaello-sanzio-la-sagrada-familia-con-un-cordeiro-agosto-2014.jpg 600w, https:\/\/www.oarcanjo.net\/site\/wp-content\/uploads\/raffaello-sanzio-la-sagrada-familia-con-un-cordeiro-agosto-2014-226x300.jpg 226w\" sizes=\"(max-width: 600px) 100vw, 600px\" \/><\/a><\/p>\n<p>Jesus, Maria e Jos\u00e9,<br \/>\nem v\u00f3s contemplamos<br \/>\no esplendor do verdadeiro\u00a0amor<br \/>\ne, com confian\u00e7a, nos voltamos para v\u00f3s.<\/p>\n<p>Sagrada Fam\u00edlia de Nazar\u00e9,<br \/>\nfazei com que\u00a0nossas fam\u00edlias<br \/>\nsejam lugares de comunh\u00e3o e cen\u00e1culos de ora\u00e7\u00e3o,<br \/>\naut\u00eanticas escolas do Evangelho<br \/>\ne pequenas Igrejas dom\u00e9sticas.<\/p>\n<p>Sagrada Fam\u00edlia de Nazar\u00e9,<br \/>\nque\u00a0nas fam\u00edlias\u00a0nunca haja\u00a0viol\u00eancia, fechamento ou\u00a0divis\u00e3o,<br \/>\nque os que foram\u00a0feridos ou escandalizados<br \/>\nsejam consolados e curados.<\/p>\n<p>Sagrada Fam\u00edlia de Nazar\u00e9,<br \/>\nn\u00f3s vos suplicamos que, por ocasi\u00e3o do pr\u00f3ximo S\u00ednodo dos Bispos,<br \/>\nse reacenda em\u00a0todos a consci\u00eancia\u00a0do car\u00e1ter sagrado<br \/>\ne inviol\u00e1vel da fam\u00edlia, e da sua beleza no projeto de Deus.<\/p>\n<p>Jesus, Maria e Jos\u00e9,<br \/>\nouvi e atendei a nossa s\u00faplica.<\/p>\n<p>Am\u00e9m!<\/p>\n<p><img loading=\"lazy\" decoding=\"async\" class=\"alignleft size-full wp-image-48664\" src=\"http:\/\/www.oarcanjo.net\/site\/wp-content\/uploads\/assinaturaPapaFrancisco.png\" alt=\"Francisco\" width=\"200\" height=\"49\" \/><\/p>\n<div id=\"themify_builder_content-48663\" data-postid=\"48663\" class=\"themify_builder_content themify_builder_content-48663 themify_builder themify_builder_front\">\n\t<\/div>\n<!-- \/themify_builder_content -->","protected":false},"excerpt":{"rendered":"<p>Jesus, Maria e Jos\u00e9, em v\u00f3s contemplamos o esplendor do verdadeiro\u00a0amor e, com confian\u00e7a, nos voltamos para v\u00f3s. Sagrada Fam\u00edlia de Nazar\u00e9, fazei com que\u00a0nossas fam\u00edlias sejam lugares de comunh\u00e3o e cen\u00e1culos de ora\u00e7\u00e3o, aut\u00eanticas escolas do Evangelho e pequenas Igrejas dom\u00e9sticas. Sagrada Fam\u00edlia de Nazar\u00e9, que\u00a0nas fam\u00edlias\u00a0nunca haja\u00a0viol\u00eancia, fechamento ou\u00a0divis\u00e3o, que os que foram\u00a0feridos [&hellip;]<\/p>\n","protected":false},"author":5,"featured_media":0,"comment_status":"open","ping_status":"open","sticky":false,"template":"","format":"standard","meta":{"ngg_post_thumbnail":0,"footnotes":""},"categories":[3,6],"tags":[119,3105],"yoast_head":"<!-- This site is optimized with the Yoast SEO plugin v23.5 - https:\/\/yoast.com\/wordpress\/plugins\/seo\/ -->\n<title>Ora\u00e7\u00e3o \u00e0 Sagrada Fam\u00edlia - O Arcanjo no ar<\/title>\n<meta name=\"robots\" content=\"index, follow, max-snippet:-1, max-image-preview:large, max-video-preview:-1\" \/>\n<link rel=\"canonical\" href=\"https:\/\/www.oarcanjo.net\/site\/oracao-a-sagrada-familia\/\" \/>\n<meta property=\"og:locale\" content=\"pt_BR\" \/>\n<meta property=\"og:type\" content=\"article\" \/>\n<meta property=\"og:title\" content=\"Ora\u00e7\u00e3o \u00e0 Sagrada Fam\u00edlia - O Arcanjo no ar\" \/>\n<meta property=\"og:description\" content=\"Jesus, Maria e Jos\u00e9, em v\u00f3s contemplamos o esplendor do verdadeiro\u00a0amor e, com confian\u00e7a, nos voltamos para v\u00f3s. Sagrada Fam\u00edlia de Nazar\u00e9, fazei com que\u00a0nossas fam\u00edlias sejam lugares de comunh\u00e3o e cen\u00e1culos de ora\u00e7\u00e3o, aut\u00eanticas escolas do Evangelho e pequenas Igrejas dom\u00e9sticas. Sagrada Fam\u00edlia de Nazar\u00e9, que\u00a0nas fam\u00edlias\u00a0nunca haja\u00a0viol\u00eancia, fechamento ou\u00a0divis\u00e3o, que os que foram\u00a0feridos [&hellip;]\" \/>\n<meta property=\"og:url\" content=\"https:\/\/www.oarcanjo.net\/site\/oracao-a-sagrada-familia\/\" \/>\n<meta property=\"og:site_name\" content=\"O Arcanjo no ar\" \/>\n<meta property=\"article:publisher\" content=\"https:\/\/www.facebook.com\/OArcanjoNoAr\/\" \/>\n<meta property=\"article:published_time\" content=\"2014-08-04T02:33:01+00:00\" \/>\n<meta property=\"article:modified_time\" content=\"2014-08-04T02:56:38+00:00\" \/>\n<meta property=\"og:image\" content=\"http:\/\/www.oarcanjo.net\/site\/wp-content\/uploads\/raffaello-sanzio-la-sagrada-familia-con-un-cordeiro-agosto-2014.jpg\" \/>\n<meta name=\"author\" content=\"editor\" \/>\n<meta name=\"twitter:card\" content=\"summary_large_image\" \/>\n<meta name=\"twitter:label1\" content=\"Escrito por\" \/>\n\t<meta name=\"twitter:data1\" content=\"editor\" \/>\n\t<meta name=\"twitter:label2\" content=\"Est. tempo de leitura\" \/>\n\t<meta name=\"twitter:data2\" content=\"1 minuto\" \/>\n<script type=\"application\/ld+json\" class=\"yoast-schema-graph\">{\"@context\":\"https:\/\/schema.org\",\"@graph\":[{\"@type\":\"Article\",\"@id\":\"https:\/\/www.oarcanjo.net\/site\/oracao-a-sagrada-familia\/#article\",\"isPartOf\":{\"@id\":\"https:\/\/www.oarcanjo.net\/site\/oracao-a-sagrada-familia\/\"},\"author\":{\"name\":\"editor\",\"@id\":\"https:\/\/www.oarcanjo.net\/site\/#\/schema\/person\/f7024d007863202483a31326673a0838\"},\"headline\":\"Ora\u00e7\u00e3o \u00e0 Sagrada Fam\u00edlia\",\"datePublished\":\"2014-08-04T02:33:01+00:00\",\"dateModified\":\"2014-08-04T02:56:38+00:00\",\"mainEntityOfPage\":{\"@id\":\"https:\/\/www.oarcanjo.net\/site\/oracao-a-sagrada-familia\/\"},\"wordCount\":145,\"commentCount\":0,\"publisher\":{\"@id\":\"https:\/\/www.oarcanjo.net\/site\/#organization\"},\"image\":{\"@id\":\"https:\/\/www.oarcanjo.net\/site\/oracao-a-sagrada-familia\/#primaryimage\"},\"thumbnailUrl\":\"http:\/\/www.oarcanjo.net\/site\/wp-content\/uploads\/raffaello-sanzio-la-sagrada-familia-con-un-cordeiro-agosto-2014.jpg\",\"keywords\":[\"fam\u00edlia\",\"S\u00ednido\"],\"articleSection\":[\"Destaques\",\"Ora\u00e7\u00f5es\"],\"inLanguage\":\"pt-BR\",\"potentialAction\":[{\"@type\":\"CommentAction\",\"name\":\"Comment\",\"target\":[\"https:\/\/www.oarcanjo.net\/site\/oracao-a-sagrada-familia\/#respond\"]}]},{\"@type\":\"WebPage\",\"@id\":\"https:\/\/www.oarcanjo.net\/site\/oracao-a-sagrada-familia\/\",\"url\":\"https:\/\/www.oarcanjo.net\/site\/oracao-a-sagrada-familia\/\",\"name\":\"Ora\u00e7\u00e3o \u00e0 Sagrada Fam\u00edlia - O Arcanjo no ar\",\"isPartOf\":{\"@id\":\"https:\/\/www.oarcanjo.net\/site\/#website\"},\"primaryImageOfPage\":{\"@id\":\"https:\/\/www.oarcanjo.net\/site\/oracao-a-sagrada-familia\/#primaryimage\"},\"image\":{\"@id\":\"https:\/\/www.oarcanjo.net\/site\/oracao-a-sagrada-familia\/#primaryimage\"},\"thumbnailUrl\":\"http:\/\/www.oarcanjo.net\/site\/wp-content\/uploads\/raffaello-sanzio-la-sagrada-familia-con-un-cordeiro-agosto-2014.jpg\",\"datePublished\":\"2014-08-04T02:33:01+00:00\",\"dateModified\":\"2014-08-04T02:56:38+00:00\",\"breadcrumb\":{\"@id\":\"https:\/\/www.oarcanjo.net\/site\/oracao-a-sagrada-familia\/#breadcrumb\"},\"inLanguage\":\"pt-BR\",\"potentialAction\":[{\"@type\":\"ReadAction\",\"target\":[\"https:\/\/www.oarcanjo.net\/site\/oracao-a-sagrada-familia\/\"]}]},{\"@type\":\"ImageObject\",\"inLanguage\":\"pt-BR\",\"@id\":\"https:\/\/www.oarcanjo.net\/site\/oracao-a-sagrada-familia\/#primaryimage\",\"url\":\"http:\/\/www.oarcanjo.net\/site\/wp-content\/uploads\/raffaello-sanzio-la-sagrada-familia-con-un-cordeiro-agosto-2014.jpg\",\"contentUrl\":\"http:\/\/www.oarcanjo.net\/site\/wp-content\/uploads\/raffaello-sanzio-la-sagrada-familia-con-un-cordeiro-agosto-2014.jpg\"},{\"@type\":\"BreadcrumbList\",\"@id\":\"https:\/\/www.oarcanjo.net\/site\/oracao-a-sagrada-familia\/#breadcrumb\",\"itemListElement\":[{\"@type\":\"ListItem\",\"position\":1,\"name\":\"In\u00edcio\",\"item\":\"https:\/\/www.oarcanjo.net\/site\/\"},{\"@type\":\"ListItem\",\"position\":2,\"name\":\"Ora\u00e7\u00e3o \u00e0 Sagrada Fam\u00edlia\"}]},{\"@type\":\"WebSite\",\"@id\":\"https:\/\/www.oarcanjo.net\/site\/#website\",\"url\":\"https:\/\/www.oarcanjo.net\/site\/\",\"name\":\"O Arcanjo no ar\",\"description\":\"Site da Par\u00f3quia S\u00e3o Miguel Arcanjo (Arquidiocese de SP)\",\"publisher\":{\"@id\":\"https:\/\/www.oarcanjo.net\/site\/#organization\"},\"potentialAction\":[{\"@type\":\"SearchAction\",\"target\":{\"@type\":\"EntryPoint\",\"urlTemplate\":\"https:\/\/www.oarcanjo.net\/site\/?s={search_term_string}\"},\"query-input\":{\"@type\":\"PropertyValueSpecification\",\"valueRequired\":true,\"valueName\":\"search_term_string\"}}],\"inLanguage\":\"pt-BR\"},{\"@type\":\"Organization\",\"@id\":\"https:\/\/www.oarcanjo.net\/site\/#organization\",\"name\":\"Par\u00f3quia S\u00e3o Miguel Arcanjo\",\"url\":\"https:\/\/www.oarcanjo.net\/site\/\",\"logo\":{\"@type\":\"ImageObject\",\"inLanguage\":\"pt-BR\",\"@id\":\"https:\/\/www.oarcanjo.net\/site\/#\/schema\/logo\/image\/\",\"url\":\"https:\/\/www.oarcanjo.net\/site\/wp-content\/uploads\/LogoOArcanjo.png\",\"contentUrl\":\"https:\/\/www.oarcanjo.net\/site\/wp-content\/uploads\/LogoOArcanjo.png\",\"width\":319,\"height\":99,\"caption\":\"Par\u00f3quia S\u00e3o Miguel Arcanjo\"},\"image\":{\"@id\":\"https:\/\/www.oarcanjo.net\/site\/#\/schema\/logo\/image\/\"},\"sameAs\":[\"https:\/\/www.facebook.com\/OArcanjoNoAr\/\"]},{\"@type\":\"Person\",\"@id\":\"https:\/\/www.oarcanjo.net\/site\/#\/schema\/person\/f7024d007863202483a31326673a0838\",\"name\":\"editor\",\"sameAs\":[\"http:\/\/www.oarcanjo.net\"]}]}<\/script>\n<!-- \/ Yoast SEO plugin. -->","yoast_head_json":{"title":"Ora\u00e7\u00e3o \u00e0 Sagrada Fam\u00edlia - O Arcanjo no ar","robots":{"index":"index","follow":"follow","max-snippet":"max-snippet:-1","max-image-preview":"max-image-preview:large","max-video-preview":"max-video-preview:-1"},"canonical":"https:\/\/www.oarcanjo.net\/site\/oracao-a-sagrada-familia\/","og_locale":"pt_BR","og_type":"article","og_title":"Ora\u00e7\u00e3o \u00e0 Sagrada Fam\u00edlia - O Arcanjo no ar","og_description":"Jesus, Maria e Jos\u00e9, em v\u00f3s contemplamos o esplendor do verdadeiro\u00a0amor e, com confian\u00e7a, nos voltamos para v\u00f3s. Sagrada Fam\u00edlia de Nazar\u00e9, fazei com que\u00a0nossas fam\u00edlias sejam lugares de comunh\u00e3o e cen\u00e1culos de ora\u00e7\u00e3o, aut\u00eanticas escolas do Evangelho e pequenas Igrejas dom\u00e9sticas. Sagrada Fam\u00edlia de Nazar\u00e9, que\u00a0nas fam\u00edlias\u00a0nunca haja\u00a0viol\u00eancia, fechamento ou\u00a0divis\u00e3o, que os que foram\u00a0feridos [&hellip;]","og_url":"https:\/\/www.oarcanjo.net\/site\/oracao-a-sagrada-familia\/","og_site_name":"O Arcanjo no ar","article_publisher":"https:\/\/www.facebook.com\/OArcanjoNoAr\/","article_published_time":"2014-08-04T02:33:01+00:00","article_modified_time":"2014-08-04T02:56:38+00:00","og_image":[{"url":"http:\/\/www.oarcanjo.net\/site\/wp-content\/uploads\/raffaello-sanzio-la-sagrada-familia-con-un-cordeiro-agosto-2014.jpg"}],"author":"editor","twitter_card":"summary_large_image","twitter_misc":{"Escrito por":"editor","Est. tempo de leitura":"1 minuto"},"schema":{"@context":"https:\/\/schema.org","@graph":[{"@type":"Article","@id":"https:\/\/www.oarcanjo.net\/site\/oracao-a-sagrada-familia\/#article","isPartOf":{"@id":"https:\/\/www.oarcanjo.net\/site\/oracao-a-sagrada-familia\/"},"author":{"name":"editor","@id":"https:\/\/www.oarcanjo.net\/site\/#\/schema\/person\/f7024d007863202483a31326673a0838"},"headline":"Ora\u00e7\u00e3o \u00e0 Sagrada Fam\u00edlia","datePublished":"2014-08-04T02:33:01+00:00","dateModified":"2014-08-04T02:56:38+00:00","mainEntityOfPage":{"@id":"https:\/\/www.oarcanjo.net\/site\/oracao-a-sagrada-familia\/"},"wordCount":145,"commentCount":0,"publisher":{"@id":"https:\/\/www.oarcanjo.net\/site\/#organization"},"image":{"@id":"https:\/\/www.oarcanjo.net\/site\/oracao-a-sagrada-familia\/#primaryimage"},"thumbnailUrl":"http:\/\/www.oarcanjo.net\/site\/wp-content\/uploads\/raffaello-sanzio-la-sagrada-familia-con-un-cordeiro-agosto-2014.jpg","keywords":["fam\u00edlia","S\u00ednido"],"articleSection":["Destaques","Ora\u00e7\u00f5es"],"inLanguage":"pt-BR","potentialAction":[{"@type":"CommentAction","name":"Comment","target":["https:\/\/www.oarcanjo.net\/site\/oracao-a-sagrada-familia\/#respond"]}]},{"@type":"WebPage","@id":"https:\/\/www.oarcanjo.net\/site\/oracao-a-sagrada-familia\/","url":"https:\/\/www.oarcanjo.net\/site\/oracao-a-sagrada-familia\/","name":"Ora\u00e7\u00e3o \u00e0 Sagrada Fam\u00edlia - O Arcanjo no ar","isPartOf":{"@id":"https:\/\/www.oarcanjo.net\/site\/#website"},"primaryImageOfPage":{"@id":"https:\/\/www.oarcanjo.net\/site\/oracao-a-sagrada-familia\/#primaryimage"},"image":{"@id":"https:\/\/www.oarcanjo.net\/site\/oracao-a-sagrada-familia\/#primaryimage"},"thumbnailUrl":"http:\/\/www.oarcanjo.net\/site\/wp-content\/uploads\/raffaello-sanzio-la-sagrada-familia-con-un-cordeiro-agosto-2014.jpg","datePublished":"2014-08-04T02:33:01+00:00","dateModified":"2014-08-04T02:56:38+00:00","breadcrumb":{"@id":"https:\/\/www.oarcanjo.net\/site\/oracao-a-sagrada-familia\/#breadcrumb"},"inLanguage":"pt-BR","potentialAction":[{"@type":"ReadAction","target":["https:\/\/www.oarcanjo.net\/site\/oracao-a-sagrada-familia\/"]}]},{"@type":"ImageObject","inLanguage":"pt-BR","@id":"https:\/\/www.oarcanjo.net\/site\/oracao-a-sagrada-familia\/#primaryimage","url":"http:\/\/www.oarcanjo.net\/site\/wp-content\/uploads\/raffaello-sanzio-la-sagrada-familia-con-un-cordeiro-agosto-2014.jpg","contentUrl":"http:\/\/www.oarcanjo.net\/site\/wp-content\/uploads\/raffaello-sanzio-la-sagrada-familia-con-un-cordeiro-agosto-2014.jpg"},{"@type":"BreadcrumbList","@id":"https:\/\/www.oarcanjo.net\/site\/oracao-a-sagrada-familia\/#breadcrumb","itemListElement":[{"@type":"ListItem","position":1,"name":"In\u00edcio","item":"https:\/\/www.oarcanjo.net\/site\/"},{"@type":"ListItem","position":2,"name":"Ora\u00e7\u00e3o \u00e0 Sagrada Fam\u00edlia"}]},{"@type":"WebSite","@id":"https:\/\/www.oarcanjo.net\/site\/#website","url":"https:\/\/www.oarcanjo.net\/site\/","name":"O Arcanjo no ar","description":"Site da Par\u00f3quia S\u00e3o Miguel Arcanjo (Arquidiocese de SP)","publisher":{"@id":"https:\/\/www.oarcanjo.net\/site\/#organization"},"potentialAction":[{"@type":"SearchAction","target":{"@type":"EntryPoint","urlTemplate":"https:\/\/www.oarcanjo.net\/site\/?s={search_term_string}"},"query-input":{"@type":"PropertyValueSpecification","valueRequired":true,"valueName":"search_term_string"}}],"inLanguage":"pt-BR"},{"@type":"Organization","@id":"https:\/\/www.oarcanjo.net\/site\/#organization","name":"Par\u00f3quia S\u00e3o Miguel Arcanjo","url":"https:\/\/www.oarcanjo.net\/site\/","logo":{"@type":"ImageObject","inLanguage":"pt-BR","@id":"https:\/\/www.oarcanjo.net\/site\/#\/schema\/logo\/image\/","url":"https:\/\/www.oarcanjo.net\/site\/wp-content\/uploads\/LogoOArcanjo.png","contentUrl":"https:\/\/www.oarcanjo.net\/site\/wp-content\/uploads\/LogoOArcanjo.png","width":319,"height":99,"caption":"Par\u00f3quia S\u00e3o Miguel Arcanjo"},"image":{"@id":"https:\/\/www.oarcanjo.net\/site\/#\/schema\/logo\/image\/"},"sameAs":["https:\/\/www.facebook.com\/OArcanjoNoAr\/"]},{"@type":"Person","@id":"https:\/\/www.oarcanjo.net\/site\/#\/schema\/person\/f7024d007863202483a31326673a0838","name":"editor","sameAs":["http:\/\/www.oarcanjo.net"]}]}},"publishpress_future_action":{"enabled":false,"date":"2026-05-06 14:39:45","action":"category","newStatus":"draft","terms":[],"taxonomy":"category"},"publishpress_future_workflow_manual_trigger":{"enabledWorkflows":[]},"_links":{"self":[{"href":"https:\/\/www.oarcanjo.net\/site\/wp-json\/wp\/v2\/posts\/48663"}],"collection":[{"href":"https:\/\/www.oarcanjo.net\/site\/wp-json\/wp\/v2\/posts"}],"about":[{"href":"https:\/\/www.oarcanjo.net\/site\/wp-json\/wp\/v2\/types\/post"}],"author":[{"embeddable":true,"href":"https:\/\/www.oarcanjo.net\/site\/wp-json\/wp\/v2\/users\/5"}],"replies":[{"embeddable":true,"href":"https:\/\/www.oarcanjo.net\/site\/wp-json\/wp\/v2\/comments?post=48663"}],"version-history":[{"count":0,"href":"https:\/\/www.oarcanjo.net\/site\/wp-json\/wp\/v2\/posts\/48663\/revisions"}],"wp:attachment":[{"href":"https:\/\/www.oarcanjo.net\/site\/wp-json\/wp\/v2\/media?parent=48663"}],"wp:term":[{"taxonomy":"category","embeddable":true,"href":"https:\/\/www.oarcanjo.net\/site\/wp-json\/wp\/v2\/categories?post=48663"},{"taxonomy":"post_tag","embeddable":true,"href":"https:\/\/www.oarcanjo.net\/site\/wp-json\/wp\/v2\/tags?post=48663"}],"curies":[{"name":"wp","href":"https:\/\/api.w.org\/{rel}","templated":true}]}}