
{"id":4869,"date":"2009-08-24T19:43:36","date_gmt":"2009-08-24T22:43:36","guid":{"rendered":"http:\/\/www.oarcanjo.net\/site\/?p=4869"},"modified":"2009-09-06T13:25:01","modified_gmt":"2009-09-06T16:25:01","slug":"4869","status":"publish","type":"post","link":"https:\/\/www.oarcanjo.net\/site\/4869\/","title":{"rendered":"Onde voc\u00ea v\u00ea natureza em nossa cidade?"},"content":{"rendered":"<p>Estou fazendo uma pesquisa e a pergunta \u00e9 : Aonde voc\u00ea v\u00ea natureza em nossa cidade? Numa cidade com tantos pr\u00e9dios, asfalto \u00e9 dif\u00edcil a natureza \u00a0aparecer mas ainda h\u00e1 natureza e podemos fazer essa natureza crescer e aparecer muito. Basta querer preservar nosso meio ambiente. Ter esse pensamento j\u00e1 \u00e9 um grande come\u00e7o sei que poderemos trazer a natureza mais a vista e com isso fazer um mundo melhor sei que que o mundo n\u00e3o vai melhorar completamente s\u00f3 preservando o meio ambiente\u00a0\u00a0mas j\u00e1 \u00e9 uma grande melhora se fizermos isso. Ent\u00e3o comente e diga aonde voc\u00ea v\u00ea natureza na cidade de S\u00e3o Paulo? Lembrando que o dia do meio ambiente est\u00e1 chegando mas dia do meio ambiente\u00a0\u00e9 todo dia ent\u00e3o plante esta ideia vamos ter um meio ambiente melhor.<\/p>\n<p><img loading=\"lazy\" decoding=\"async\" class=\"aligncenter size-medium wp-image-4870\" src=\"http:\/\/www.oarcanjo.net\/site\/wp-content\/uploads\/meioambiente-170308-1-300x240.jpg\" alt=\"\" width=\"300\" height=\"240\" srcset=\"https:\/\/www.oarcanjo.net\/site\/wp-content\/uploads\/meioambiente-170308-1-300x240.jpg 300w, https:\/\/www.oarcanjo.net\/site\/wp-content\/uploads\/meioambiente-170308-1.jpg 888w\" sizes=\"(max-width: 300px) 100vw, 300px\" \/><\/p>\n<div id=\"themify_builder_content-4869\" data-postid=\"4869\" class=\"themify_builder_content themify_builder_content-4869 themify_builder themify_builder_front\">\n\t<\/div>\n<!-- \/themify_builder_content -->","protected":false},"excerpt":{"rendered":"<p>Estou fazendo uma pesquisa e a pergunta \u00e9 : Aonde voc\u00ea v\u00ea natureza em nossa cidade? Numa cidade com tantos pr\u00e9dios, asfalto \u00e9 dif\u00edcil a natureza \u00a0aparecer mas ainda h\u00e1 natureza e podemos fazer essa natureza crescer e aparecer muito. Basta querer preservar nosso meio ambiente. Ter esse pensamento j\u00e1 \u00e9 um grande come\u00e7o sei [&hellip;]<\/p>\n","protected":false},"author":12,"featured_media":0,"comment_status":"open","ping_status":"open","sticky":false,"template":"","format":"standard","meta":{"ngg_post_thumbnail":0,"footnotes":""},"categories":[395],"tags":[],"yoast_head":"<!-- This site is optimized with the Yoast SEO plugin v23.5 - https:\/\/yoast.com\/wordpress\/plugins\/seo\/ -->\n<title>Onde voc\u00ea v\u00ea natureza em nossa cidade? - O Arcanjo no ar<\/title>\n<meta name=\"robots\" content=\"index, follow, max-snippet:-1, max-image-preview:large, max-video-preview:-1\" \/>\n<link rel=\"canonical\" href=\"https:\/\/www.oarcanjo.net\/site\/4869\/\" \/>\n<meta property=\"og:locale\" content=\"pt_BR\" \/>\n<meta property=\"og:type\" content=\"article\" \/>\n<meta property=\"og:title\" content=\"Onde voc\u00ea v\u00ea natureza em nossa cidade? - O Arcanjo no ar\" \/>\n<meta property=\"og:description\" content=\"Estou fazendo uma pesquisa e a pergunta \u00e9 : Aonde voc\u00ea v\u00ea natureza em nossa cidade? Numa cidade com tantos pr\u00e9dios, asfalto \u00e9 dif\u00edcil a natureza \u00a0aparecer mas ainda h\u00e1 natureza e podemos fazer essa natureza crescer e aparecer muito. Basta querer preservar nosso meio ambiente. Ter esse pensamento j\u00e1 \u00e9 um grande come\u00e7o sei [&hellip;]\" \/>\n<meta property=\"og:url\" content=\"https:\/\/www.oarcanjo.net\/site\/4869\/\" \/>\n<meta property=\"og:site_name\" content=\"O Arcanjo no ar\" \/>\n<meta property=\"article:publisher\" content=\"https:\/\/www.facebook.com\/OArcanjoNoAr\/\" \/>\n<meta property=\"article:published_time\" content=\"2009-08-24T22:43:36+00:00\" \/>\n<meta property=\"article:modified_time\" content=\"2009-09-06T16:25:01+00:00\" \/>\n<meta property=\"og:image\" content=\"http:\/\/www.oarcanjo.net\/site\/wp-content\/uploads\/meioambiente-170308-1-300x240.jpg\" \/>\n<meta name=\"author\" content=\"mariana\" \/>\n<meta name=\"twitter:card\" content=\"summary_large_image\" \/>\n<meta name=\"twitter:label1\" content=\"Escrito por\" \/>\n\t<meta name=\"twitter:data1\" content=\"mariana\" \/>\n\t<meta name=\"twitter:label2\" content=\"Est. tempo de leitura\" \/>\n\t<meta name=\"twitter:data2\" content=\"1 minuto\" \/>\n<script type=\"application\/ld+json\" class=\"yoast-schema-graph\">{\"@context\":\"https:\/\/schema.org\",\"@graph\":[{\"@type\":\"Article\",\"@id\":\"https:\/\/www.oarcanjo.net\/site\/4869\/#article\",\"isPartOf\":{\"@id\":\"https:\/\/www.oarcanjo.net\/site\/4869\/\"},\"author\":{\"name\":\"mariana\",\"@id\":\"https:\/\/www.oarcanjo.net\/site\/#\/schema\/person\/e54a5c62347067e278a5d0cf64f6a6e6\"},\"headline\":\"Onde voc\u00ea v\u00ea natureza em nossa cidade?\",\"datePublished\":\"2009-08-24T22:43:36+00:00\",\"dateModified\":\"2009-09-06T16:25:01+00:00\",\"mainEntityOfPage\":{\"@id\":\"https:\/\/www.oarcanjo.net\/site\/4869\/\"},\"wordCount\":141,\"commentCount\":6,\"publisher\":{\"@id\":\"https:\/\/www.oarcanjo.net\/site\/#organization\"},\"image\":{\"@id\":\"https:\/\/www.oarcanjo.net\/site\/4869\/#primaryimage\"},\"thumbnailUrl\":\"http:\/\/www.oarcanjo.net\/site\/wp-content\/uploads\/meioambiente-170308-1-300x240.jpg\",\"articleSection\":[\"Jovens\"],\"inLanguage\":\"pt-BR\",\"potentialAction\":[{\"@type\":\"CommentAction\",\"name\":\"Comment\",\"target\":[\"https:\/\/www.oarcanjo.net\/site\/4869\/#respond\"]}]},{\"@type\":\"WebPage\",\"@id\":\"https:\/\/www.oarcanjo.net\/site\/4869\/\",\"url\":\"https:\/\/www.oarcanjo.net\/site\/4869\/\",\"name\":\"Onde voc\u00ea v\u00ea natureza em nossa cidade? - O Arcanjo no ar\",\"isPartOf\":{\"@id\":\"https:\/\/www.oarcanjo.net\/site\/#website\"},\"primaryImageOfPage\":{\"@id\":\"https:\/\/www.oarcanjo.net\/site\/4869\/#primaryimage\"},\"image\":{\"@id\":\"https:\/\/www.oarcanjo.net\/site\/4869\/#primaryimage\"},\"thumbnailUrl\":\"http:\/\/www.oarcanjo.net\/site\/wp-content\/uploads\/meioambiente-170308-1-300x240.jpg\",\"datePublished\":\"2009-08-24T22:43:36+00:00\",\"dateModified\":\"2009-09-06T16:25:01+00:00\",\"breadcrumb\":{\"@id\":\"https:\/\/www.oarcanjo.net\/site\/4869\/#breadcrumb\"},\"inLanguage\":\"pt-BR\",\"potentialAction\":[{\"@type\":\"ReadAction\",\"target\":[\"https:\/\/www.oarcanjo.net\/site\/4869\/\"]}]},{\"@type\":\"ImageObject\",\"inLanguage\":\"pt-BR\",\"@id\":\"https:\/\/www.oarcanjo.net\/site\/4869\/#primaryimage\",\"url\":\"https:\/\/www.oarcanjo.net\/site\/wp-content\/uploads\/meioambiente-170308-1.jpg\",\"contentUrl\":\"https:\/\/www.oarcanjo.net\/site\/wp-content\/uploads\/meioambiente-170308-1.jpg\",\"width\":\"888\",\"height\":\"711\"},{\"@type\":\"BreadcrumbList\",\"@id\":\"https:\/\/www.oarcanjo.net\/site\/4869\/#breadcrumb\",\"itemListElement\":[{\"@type\":\"ListItem\",\"position\":1,\"name\":\"In\u00edcio\",\"item\":\"https:\/\/www.oarcanjo.net\/site\/\"},{\"@type\":\"ListItem\",\"position\":2,\"name\":\"Onde voc\u00ea v\u00ea natureza em nossa cidade?\"}]},{\"@type\":\"WebSite\",\"@id\":\"https:\/\/www.oarcanjo.net\/site\/#website\",\"url\":\"https:\/\/www.oarcanjo.net\/site\/\",\"name\":\"O Arcanjo no ar\",\"description\":\"Site da Par\u00f3quia S\u00e3o Miguel Arcanjo (Arquidiocese de SP)\",\"publisher\":{\"@id\":\"https:\/\/www.oarcanjo.net\/site\/#organization\"},\"potentialAction\":[{\"@type\":\"SearchAction\",\"target\":{\"@type\":\"EntryPoint\",\"urlTemplate\":\"https:\/\/www.oarcanjo.net\/site\/?s={search_term_string}\"},\"query-input\":{\"@type\":\"PropertyValueSpecification\",\"valueRequired\":true,\"valueName\":\"search_term_string\"}}],\"inLanguage\":\"pt-BR\"},{\"@type\":\"Organization\",\"@id\":\"https:\/\/www.oarcanjo.net\/site\/#organization\",\"name\":\"Par\u00f3quia S\u00e3o Miguel Arcanjo\",\"url\":\"https:\/\/www.oarcanjo.net\/site\/\",\"logo\":{\"@type\":\"ImageObject\",\"inLanguage\":\"pt-BR\",\"@id\":\"https:\/\/www.oarcanjo.net\/site\/#\/schema\/logo\/image\/\",\"url\":\"https:\/\/www.oarcanjo.net\/site\/wp-content\/uploads\/LogoOArcanjo.png\",\"contentUrl\":\"https:\/\/www.oarcanjo.net\/site\/wp-content\/uploads\/LogoOArcanjo.png\",\"width\":319,\"height\":99,\"caption\":\"Par\u00f3quia S\u00e3o Miguel Arcanjo\"},\"image\":{\"@id\":\"https:\/\/www.oarcanjo.net\/site\/#\/schema\/logo\/image\/\"},\"sameAs\":[\"https:\/\/www.facebook.com\/OArcanjoNoAr\/\"]},{\"@type\":\"Person\",\"@id\":\"https:\/\/www.oarcanjo.net\/site\/#\/schema\/person\/e54a5c62347067e278a5d0cf64f6a6e6\",\"name\":\"mariana\"}]}<\/script>\n<!-- \/ Yoast SEO plugin. -->","yoast_head_json":{"title":"Onde voc\u00ea v\u00ea natureza em nossa cidade? - O Arcanjo no ar","robots":{"index":"index","follow":"follow","max-snippet":"max-snippet:-1","max-image-preview":"max-image-preview:large","max-video-preview":"max-video-preview:-1"},"canonical":"https:\/\/www.oarcanjo.net\/site\/4869\/","og_locale":"pt_BR","og_type":"article","og_title":"Onde voc\u00ea v\u00ea natureza em nossa cidade? - O Arcanjo no ar","og_description":"Estou fazendo uma pesquisa e a pergunta \u00e9 : Aonde voc\u00ea v\u00ea natureza em nossa cidade? Numa cidade com tantos pr\u00e9dios, asfalto \u00e9 dif\u00edcil a natureza \u00a0aparecer mas ainda h\u00e1 natureza e podemos fazer essa natureza crescer e aparecer muito. Basta querer preservar nosso meio ambiente. Ter esse pensamento j\u00e1 \u00e9 um grande come\u00e7o sei [&hellip;]","og_url":"https:\/\/www.oarcanjo.net\/site\/4869\/","og_site_name":"O Arcanjo no ar","article_publisher":"https:\/\/www.facebook.com\/OArcanjoNoAr\/","article_published_time":"2009-08-24T22:43:36+00:00","article_modified_time":"2009-09-06T16:25:01+00:00","og_image":[{"url":"http:\/\/www.oarcanjo.net\/site\/wp-content\/uploads\/meioambiente-170308-1-300x240.jpg"}],"author":"mariana","twitter_card":"summary_large_image","twitter_misc":{"Escrito por":"mariana","Est. tempo de leitura":"1 minuto"},"schema":{"@context":"https:\/\/schema.org","@graph":[{"@type":"Article","@id":"https:\/\/www.oarcanjo.net\/site\/4869\/#article","isPartOf":{"@id":"https:\/\/www.oarcanjo.net\/site\/4869\/"},"author":{"name":"mariana","@id":"https:\/\/www.oarcanjo.net\/site\/#\/schema\/person\/e54a5c62347067e278a5d0cf64f6a6e6"},"headline":"Onde voc\u00ea v\u00ea natureza em nossa cidade?","datePublished":"2009-08-24T22:43:36+00:00","dateModified":"2009-09-06T16:25:01+00:00","mainEntityOfPage":{"@id":"https:\/\/www.oarcanjo.net\/site\/4869\/"},"wordCount":141,"commentCount":6,"publisher":{"@id":"https:\/\/www.oarcanjo.net\/site\/#organization"},"image":{"@id":"https:\/\/www.oarcanjo.net\/site\/4869\/#primaryimage"},"thumbnailUrl":"http:\/\/www.oarcanjo.net\/site\/wp-content\/uploads\/meioambiente-170308-1-300x240.jpg","articleSection":["Jovens"],"inLanguage":"pt-BR","potentialAction":[{"@type":"CommentAction","name":"Comment","target":["https:\/\/www.oarcanjo.net\/site\/4869\/#respond"]}]},{"@type":"WebPage","@id":"https:\/\/www.oarcanjo.net\/site\/4869\/","url":"https:\/\/www.oarcanjo.net\/site\/4869\/","name":"Onde voc\u00ea v\u00ea natureza em nossa cidade? - O Arcanjo no ar","isPartOf":{"@id":"https:\/\/www.oarcanjo.net\/site\/#website"},"primaryImageOfPage":{"@id":"https:\/\/www.oarcanjo.net\/site\/4869\/#primaryimage"},"image":{"@id":"https:\/\/www.oarcanjo.net\/site\/4869\/#primaryimage"},"thumbnailUrl":"http:\/\/www.oarcanjo.net\/site\/wp-content\/uploads\/meioambiente-170308-1-300x240.jpg","datePublished":"2009-08-24T22:43:36+00:00","dateModified":"2009-09-06T16:25:01+00:00","breadcrumb":{"@id":"https:\/\/www.oarcanjo.net\/site\/4869\/#breadcrumb"},"inLanguage":"pt-BR","potentialAction":[{"@type":"ReadAction","target":["https:\/\/www.oarcanjo.net\/site\/4869\/"]}]},{"@type":"ImageObject","inLanguage":"pt-BR","@id":"https:\/\/www.oarcanjo.net\/site\/4869\/#primaryimage","url":"https:\/\/www.oarcanjo.net\/site\/wp-content\/uploads\/meioambiente-170308-1.jpg","contentUrl":"https:\/\/www.oarcanjo.net\/site\/wp-content\/uploads\/meioambiente-170308-1.jpg","width":"888","height":"711"},{"@type":"BreadcrumbList","@id":"https:\/\/www.oarcanjo.net\/site\/4869\/#breadcrumb","itemListElement":[{"@type":"ListItem","position":1,"name":"In\u00edcio","item":"https:\/\/www.oarcanjo.net\/site\/"},{"@type":"ListItem","position":2,"name":"Onde voc\u00ea v\u00ea natureza em nossa cidade?"}]},{"@type":"WebSite","@id":"https:\/\/www.oarcanjo.net\/site\/#website","url":"https:\/\/www.oarcanjo.net\/site\/","name":"O Arcanjo no ar","description":"Site da Par\u00f3quia S\u00e3o Miguel Arcanjo (Arquidiocese de SP)","publisher":{"@id":"https:\/\/www.oarcanjo.net\/site\/#organization"},"potentialAction":[{"@type":"SearchAction","target":{"@type":"EntryPoint","urlTemplate":"https:\/\/www.oarcanjo.net\/site\/?s={search_term_string}"},"query-input":{"@type":"PropertyValueSpecification","valueRequired":true,"valueName":"search_term_string"}}],"inLanguage":"pt-BR"},{"@type":"Organization","@id":"https:\/\/www.oarcanjo.net\/site\/#organization","name":"Par\u00f3quia S\u00e3o Miguel Arcanjo","url":"https:\/\/www.oarcanjo.net\/site\/","logo":{"@type":"ImageObject","inLanguage":"pt-BR","@id":"https:\/\/www.oarcanjo.net\/site\/#\/schema\/logo\/image\/","url":"https:\/\/www.oarcanjo.net\/site\/wp-content\/uploads\/LogoOArcanjo.png","contentUrl":"https:\/\/www.oarcanjo.net\/site\/wp-content\/uploads\/LogoOArcanjo.png","width":319,"height":99,"caption":"Par\u00f3quia S\u00e3o Miguel Arcanjo"},"image":{"@id":"https:\/\/www.oarcanjo.net\/site\/#\/schema\/logo\/image\/"},"sameAs":["https:\/\/www.facebook.com\/OArcanjoNoAr\/"]},{"@type":"Person","@id":"https:\/\/www.oarcanjo.net\/site\/#\/schema\/person\/e54a5c62347067e278a5d0cf64f6a6e6","name":"mariana"}]}},"publishpress_future_action":{"enabled":false,"date":"2026-05-07 07:53:15","action":"category","newStatus":"draft","terms":[],"taxonomy":"category"},"publishpress_future_workflow_manual_trigger":{"enabledWorkflows":[]},"_links":{"self":[{"href":"https:\/\/www.oarcanjo.net\/site\/wp-json\/wp\/v2\/posts\/4869"}],"collection":[{"href":"https:\/\/www.oarcanjo.net\/site\/wp-json\/wp\/v2\/posts"}],"about":[{"href":"https:\/\/www.oarcanjo.net\/site\/wp-json\/wp\/v2\/types\/post"}],"author":[{"embeddable":true,"href":"https:\/\/www.oarcanjo.net\/site\/wp-json\/wp\/v2\/users\/12"}],"replies":[{"embeddable":true,"href":"https:\/\/www.oarcanjo.net\/site\/wp-json\/wp\/v2\/comments?post=4869"}],"version-history":[{"count":0,"href":"https:\/\/www.oarcanjo.net\/site\/wp-json\/wp\/v2\/posts\/4869\/revisions"}],"wp:attachment":[{"href":"https:\/\/www.oarcanjo.net\/site\/wp-json\/wp\/v2\/media?parent=4869"}],"wp:term":[{"taxonomy":"category","embeddable":true,"href":"https:\/\/www.oarcanjo.net\/site\/wp-json\/wp\/v2\/categories?post=4869"},{"taxonomy":"post_tag","embeddable":true,"href":"https:\/\/www.oarcanjo.net\/site\/wp-json\/wp\/v2\/tags?post=4869"}],"curies":[{"name":"wp","href":"https:\/\/api.w.org\/{rel}","templated":true}]}}