
{"id":488,"date":"2008-11-01T10:10:44","date_gmt":"2008-11-01T13:10:44","guid":{"rendered":"http:\/\/www.oarcanjo.net\/site\/?p=488"},"modified":"2008-11-02T13:28:08","modified_gmt":"2008-11-02T16:28:08","slug":"todos-os-santos","status":"publish","type":"post","link":"https:\/\/www.oarcanjo.net\/site\/todos-os-santos\/","title":{"rendered":"Todos os Santos"},"content":{"rendered":"<p>Primeiro de novembro \u00e9 o dia de todos os Santos.<\/p>\n<p>Celebrar todos os santos \u00e9 celebrar a santidade de Deus que manifesta-se nos seus filhos e filhas. S\u00f3 Deus \u00e9 santo, mas n\u00f3s somos sua imagem e semelhan\u00e7a, por isso somos chamados \u00e0 santidade. Deus \u00e9 amor e quanto mais vivermos no amor, mais seremos semelhantes a Deus.<\/p>\n<p>A santidade \u00e9 sermos semelhantes a Deus, n\u00e3o tomando o Seu lugar, mas vivendo em todo lugar em sintonia com seu amor e sua bondade.<\/p>\n<p>A grande pergunta que n\u00f3s podemos fazer \u00e9 a seguinte: \u00e9 poss\u00edvel ser santo em S\u00e3o Paulo? A nossa cidade \u00e9 lugar da santidade de Deus? E mais ainda, o que \u00e9 ser santo em S\u00e3o Paulo?<\/p>\n<p>A nossa cidade cheia de t\u00e3o grandes desafios, contradi\u00e7\u00f5es e conflitos, \u00e9 espa\u00e7o favor\u00e1vel a viver na santidade. Muitas vezes temos introjetado que o santo, a santa s\u00e3o pessoas im\u00f3veis, est\u00e1ticas, caladas e que n\u00e3o se posicionam frente aos conflitos sociais, pol\u00edticos e de interesses. Os que vivem a santidade gostam do sil\u00eancio da ora\u00e7\u00e3o, mas n\u00e3o se calam diante das injusti\u00e7as e opress\u00f5es que atingem principalmente os mais fracos e fr\u00e1geis. Os santos n\u00e3o s\u00e3o super-homens e as santas n\u00e3o s\u00e3o super-mulheres, mas pessoas que na sua fragilidade confiam na for\u00e7a amorosa de Deus que \u00e9 o protetor e defensor dos pobres.<\/p>\n<p>A nossa cidade e em geral as cidades brasileiras s\u00e3o o retrato da enorme desigualdade que atinge a tantas pessoas, privando-as da sua humanidade, quando as impossibilita o trabalho, o alimento, a sa\u00fade, a educa\u00e7\u00e3o, a moradia, a dignidade e as possibilidades de ser livres e felizes.<\/p>\n<p>A santidade \u00e9 a gl\u00f3ria de Deus na vida de seus filhos e filhas. Santo Irineu nos ensina que &#8220;a gl\u00f3ria de Deus \u00e9 que seus filhos vivam&#8221;. Vivam e n\u00e3o sobrevivam em condi\u00e7\u00f5es humilhantes e indignas.<\/p>\n<p>A santidade \u00e9 situada, \u00e9 datada, n\u00e3o \u00e9 um processo alienante e abstrato, tanto que para ser declarado santo a vida da pessoa \u00e9 examinada em todas as circunst\u00e2ncias de seus atos, escritos, palavras, atitudes, buscando entender como enfrentou as dificuldades e conflitos de seu tempo e como conviveu com seus contempor\u00e2neos a fidelidade no seguimento de sua f\u00e9.<\/p>\n<p>Os santos e santas s\u00e3o pessoas marcadas pelo seu tempo e que souberam perceber o apelo de Deus pelo discernimento de busc\u00e1-lo e am\u00e1-lo acima de tudo, n\u00e3o tendo medo de assumir e viver o esc\u00e2ndalo da cruz, das persegui\u00e7\u00f5es e do mart\u00edrio.<\/p>\n<p>Os santos n\u00e3o s\u00e3o privilegiados que podiam ficar sem comida e n\u00e3o sentir fome, serem alvejados sem se ferir ou sentir dor, sofrer sem sofrimento. Os santos e santas s\u00e3o pessoas humanas, sujeitas \u00e0 solid\u00e3o, cansa\u00e7o, l\u00e1grimas. Muitos foram prisioneiros, torturados, massacrados, assassinados. Muitos foram exilados, expulsos de suas cidades e tratados com extrema crueldade, mas se mantiveram firmes nas suas op\u00e7\u00f5es e fi\u00e9is adoradores ao Deus de Jesus, sem se render aos \u00eddolos que surgem em todas as \u00e9pocas favorecendo a idolatria e o pecado do ego\u00edsmo e do oportunismo.<\/p>\n<p>A santidade n\u00e3o \u00e9 a busca do sofrimento, n\u00e3o \u00e9 exerc\u00edcio de masoquismo, \u00e9 a felicidade de quem ama e vence o medo e, com fidelidade, assume as conseq\u00fc\u00eancias do seu amor.<\/p>\n<p>Amar traz conseq\u00fc\u00eancias, n\u00e3o \u00e9 poss\u00edvel amar e n\u00e3o se transformar e colocar sua vida em risco ou em vulnerabilidade. O amor nos fortalece e fragiliza, nos santifica.<\/p>\n<p>Os santos e santas s\u00e3o sinais para n\u00f3s de que o que Deus pede \u00e9 poss\u00edvel, \u00e9 para nos animar de que pessoas fr\u00e1geis como n\u00f3s foram capazes de superar os desafios e viver com fidelidade at\u00e9 o fim.<\/p>\n<p>S\u00e3o oper\u00e1rios, desempregados, doentes, vi\u00favas, idosos, aposentados e pensionistas de ontem e hoje, m\u00e3es e pais que n\u00e3o t\u00eam como alimentar seus filhos e filhas, jovens afundados nas dificuldades, mas que, com f\u00e9, se organizam e se unem para construir o Reino de Deus. Viver como irm\u00e3os e irm\u00e3s que podem chamar a Deus de Pai para juntos poder repartir o p\u00e3o.<\/p>\n<p>Neste dia de todos os santos somos todos respons\u00e1veis em promover a santidade de Deus em nossa cidade, principalmente defendendo os fracos, fr\u00e1geis, os exclu\u00eddos e marginalizados, promovendo a santidade da inclus\u00e3o e tirando da cruz os crucificados de nosso tempo.<\/p>\n<p>Santos e santas de todos os tempos, rogai por n\u00f3s!<br \/>\nS\u00e3o Martinho de Lima, protetor do povo da rua.<br \/>\nSanta Maria Eufr\u00e1sia, protetora das mulheres pobres, marginalizadas e presas.<br \/>\nS\u00e3o Jo\u00e3o Eudes, defensor e protetor das mulheres prostitu\u00eddas.<br \/>\nS\u00e3o Maximiliano Kolbe, preso e condenado a morte de sede e fome.<br \/>\nS\u00e3o Pedro Nolasco, defensor e protetor dos prisioneiros.<br \/>\nS\u00e3o Tom\u00e1s Morus, m\u00e1rtir da verdade e dignidade humana.<br \/>\nSanta Edith Stein, m\u00e1rtir do povo perseguido e fiel a sua f\u00e9.<br \/>\nSanta Josefina Bakita, roubada de seu povo, escravizada e amorosa com as crian\u00e7as.<br \/>\nD. Oscar Romero, assassinado no altar por defender os pobres e perseguidos.<br \/>\nSanto Dias da Silva, oper\u00e1rio morto pela pol\u00edcia durante greve em S\u00e3o Paulo.<br \/>\nSanta Catarina de Sena, analfabeta, doutora da Igreja, defensora e protetora dos doentes e encarcerados.<br \/>\nEnfim, tantos irm\u00e3os e irm\u00e3s nosso que fizeram de suas vidas a verdade das palavras do Senhor Jesus: &#8220;Ningu\u00e9m tem maior amor do que aquele que d\u00e1 a vida por seus irm\u00e3os&#8221;.<\/p>\n<p>Jesus hoje est\u00e1 nos pres\u00eddios, nas favelas, nos corti\u00e7os, nas ruas, embaixo dos viadutos, nos hospitais, nos asilos, na exclus\u00e3o, no esquecimento, agredido e evitado de novo a nos dizer: &#8220;Tudo o que fizestes a um destes pequeninos, foi a mim que o fizestes&#8221;.<\/p>\n<p>Todos os santos \u00e9 a santidade de todos n\u00f3s, para que todos tenham vida e a tenham plenamente.<\/p>\n<p><em>Pe. J\u00falio Lancellotti<\/em><\/p>\n<div id=\"themify_builder_content-488\" data-postid=\"488\" class=\"themify_builder_content themify_builder_content-488 themify_builder themify_builder_front\">\n\t<\/div>\n<!-- \/themify_builder_content -->","protected":false},"excerpt":{"rendered":"<p>Primeiro de novembro \u00e9 o dia de todos os Santos. Celebrar todos os santos \u00e9 celebrar a santidade de Deus que manifesta-se nos seus filhos e filhas. S\u00f3 Deus \u00e9 santo, mas n\u00f3s somos sua imagem e semelhan\u00e7a, por isso somos chamados \u00e0 santidade. Deus \u00e9 amor e quanto mais vivermos no amor, mais seremos [&hellip;]<\/p>\n","protected":false},"author":4,"featured_media":0,"comment_status":"open","ping_status":"open","sticky":false,"template":"","format":"standard","meta":{"ngg_post_thumbnail":0,"footnotes":""},"categories":[4],"tags":[3200],"yoast_head":"<!-- This site is optimized with the Yoast SEO plugin v23.5 - https:\/\/yoast.com\/wordpress\/plugins\/seo\/ -->\n<title>Todos os Santos - O Arcanjo no ar<\/title>\n<meta name=\"robots\" content=\"index, follow, max-snippet:-1, max-image-preview:large, max-video-preview:-1\" \/>\n<link rel=\"canonical\" href=\"https:\/\/www.oarcanjo.net\/site\/todos-os-santos\/\" \/>\n<meta property=\"og:locale\" content=\"pt_BR\" \/>\n<meta property=\"og:type\" content=\"article\" \/>\n<meta property=\"og:title\" content=\"Todos os Santos - O Arcanjo no ar\" \/>\n<meta property=\"og:description\" content=\"Primeiro de novembro \u00e9 o dia de todos os Santos. Celebrar todos os santos \u00e9 celebrar a santidade de Deus que manifesta-se nos seus filhos e filhas. S\u00f3 Deus \u00e9 santo, mas n\u00f3s somos sua imagem e semelhan\u00e7a, por isso somos chamados \u00e0 santidade. Deus \u00e9 amor e quanto mais vivermos no amor, mais seremos [&hellip;]\" \/>\n<meta property=\"og:url\" content=\"https:\/\/www.oarcanjo.net\/site\/todos-os-santos\/\" \/>\n<meta property=\"og:site_name\" content=\"O Arcanjo no ar\" \/>\n<meta property=\"article:publisher\" content=\"https:\/\/www.facebook.com\/OArcanjoNoAr\/\" \/>\n<meta property=\"article:published_time\" content=\"2008-11-01T13:10:44+00:00\" \/>\n<meta property=\"article:modified_time\" content=\"2008-11-02T16:28:08+00:00\" \/>\n<meta property=\"og:image\" content=\"https:\/\/www.oarcanjo.net\/site\/wp-content\/uploads\/logo-o-arcanjo-no-ar-facebook.png\" \/>\n\t<meta property=\"og:image:width\" content=\"300\" \/>\n\t<meta property=\"og:image:height\" content=\"300\" \/>\n\t<meta property=\"og:image:type\" content=\"image\/png\" \/>\n<meta name=\"author\" content=\"julio\" \/>\n<meta name=\"twitter:card\" content=\"summary_large_image\" \/>\n<meta name=\"twitter:label1\" content=\"Escrito por\" \/>\n\t<meta name=\"twitter:data1\" content=\"julio\" \/>\n\t<meta name=\"twitter:label2\" content=\"Est. tempo de leitura\" \/>\n\t<meta name=\"twitter:data2\" content=\"5 minutos\" \/>\n<script type=\"application\/ld+json\" class=\"yoast-schema-graph\">{\"@context\":\"https:\/\/schema.org\",\"@graph\":[{\"@type\":\"Article\",\"@id\":\"https:\/\/www.oarcanjo.net\/site\/todos-os-santos\/#article\",\"isPartOf\":{\"@id\":\"https:\/\/www.oarcanjo.net\/site\/todos-os-santos\/\"},\"author\":{\"name\":\"julio\",\"@id\":\"https:\/\/www.oarcanjo.net\/site\/#\/schema\/person\/d78ea01c648c91e29c364b516767079e\"},\"headline\":\"Todos os Santos\",\"datePublished\":\"2008-11-01T13:10:44+00:00\",\"dateModified\":\"2008-11-02T16:28:08+00:00\",\"mainEntityOfPage\":{\"@id\":\"https:\/\/www.oarcanjo.net\/site\/todos-os-santos\/\"},\"wordCount\":1013,\"commentCount\":1,\"publisher\":{\"@id\":\"https:\/\/www.oarcanjo.net\/site\/#organization\"},\"keywords\":[\"Voz do Arcanjo\"],\"articleSection\":[\"Blog\"],\"inLanguage\":\"pt-BR\",\"potentialAction\":[{\"@type\":\"CommentAction\",\"name\":\"Comment\",\"target\":[\"https:\/\/www.oarcanjo.net\/site\/todos-os-santos\/#respond\"]}]},{\"@type\":\"WebPage\",\"@id\":\"https:\/\/www.oarcanjo.net\/site\/todos-os-santos\/\",\"url\":\"https:\/\/www.oarcanjo.net\/site\/todos-os-santos\/\",\"name\":\"Todos os Santos - O Arcanjo no ar\",\"isPartOf\":{\"@id\":\"https:\/\/www.oarcanjo.net\/site\/#website\"},\"datePublished\":\"2008-11-01T13:10:44+00:00\",\"dateModified\":\"2008-11-02T16:28:08+00:00\",\"breadcrumb\":{\"@id\":\"https:\/\/www.oarcanjo.net\/site\/todos-os-santos\/#breadcrumb\"},\"inLanguage\":\"pt-BR\",\"potentialAction\":[{\"@type\":\"ReadAction\",\"target\":[\"https:\/\/www.oarcanjo.net\/site\/todos-os-santos\/\"]}]},{\"@type\":\"BreadcrumbList\",\"@id\":\"https:\/\/www.oarcanjo.net\/site\/todos-os-santos\/#breadcrumb\",\"itemListElement\":[{\"@type\":\"ListItem\",\"position\":1,\"name\":\"In\u00edcio\",\"item\":\"https:\/\/www.oarcanjo.net\/site\/\"},{\"@type\":\"ListItem\",\"position\":2,\"name\":\"Todos os Santos\"}]},{\"@type\":\"WebSite\",\"@id\":\"https:\/\/www.oarcanjo.net\/site\/#website\",\"url\":\"https:\/\/www.oarcanjo.net\/site\/\",\"name\":\"O Arcanjo no ar\",\"description\":\"Site da Par\u00f3quia S\u00e3o Miguel Arcanjo (Arquidiocese de SP)\",\"publisher\":{\"@id\":\"https:\/\/www.oarcanjo.net\/site\/#organization\"},\"potentialAction\":[{\"@type\":\"SearchAction\",\"target\":{\"@type\":\"EntryPoint\",\"urlTemplate\":\"https:\/\/www.oarcanjo.net\/site\/?s={search_term_string}\"},\"query-input\":{\"@type\":\"PropertyValueSpecification\",\"valueRequired\":true,\"valueName\":\"search_term_string\"}}],\"inLanguage\":\"pt-BR\"},{\"@type\":\"Organization\",\"@id\":\"https:\/\/www.oarcanjo.net\/site\/#organization\",\"name\":\"Par\u00f3quia S\u00e3o Miguel Arcanjo\",\"url\":\"https:\/\/www.oarcanjo.net\/site\/\",\"logo\":{\"@type\":\"ImageObject\",\"inLanguage\":\"pt-BR\",\"@id\":\"https:\/\/www.oarcanjo.net\/site\/#\/schema\/logo\/image\/\",\"url\":\"https:\/\/www.oarcanjo.net\/site\/wp-content\/uploads\/LogoOArcanjo.png\",\"contentUrl\":\"https:\/\/www.oarcanjo.net\/site\/wp-content\/uploads\/LogoOArcanjo.png\",\"width\":319,\"height\":99,\"caption\":\"Par\u00f3quia S\u00e3o Miguel Arcanjo\"},\"image\":{\"@id\":\"https:\/\/www.oarcanjo.net\/site\/#\/schema\/logo\/image\/\"},\"sameAs\":[\"https:\/\/www.facebook.com\/OArcanjoNoAr\/\"]},{\"@type\":\"Person\",\"@id\":\"https:\/\/www.oarcanjo.net\/site\/#\/schema\/person\/d78ea01c648c91e29c364b516767079e\",\"name\":\"julio\",\"sameAs\":[\"http:\/\/www.oarcanjo.net\"]}]}<\/script>\n<!-- \/ Yoast SEO plugin. -->","yoast_head_json":{"title":"Todos os Santos - O Arcanjo no ar","robots":{"index":"index","follow":"follow","max-snippet":"max-snippet:-1","max-image-preview":"max-image-preview:large","max-video-preview":"max-video-preview:-1"},"canonical":"https:\/\/www.oarcanjo.net\/site\/todos-os-santos\/","og_locale":"pt_BR","og_type":"article","og_title":"Todos os Santos - O Arcanjo no ar","og_description":"Primeiro de novembro \u00e9 o dia de todos os Santos. Celebrar todos os santos \u00e9 celebrar a santidade de Deus que manifesta-se nos seus filhos e filhas. S\u00f3 Deus \u00e9 santo, mas n\u00f3s somos sua imagem e semelhan\u00e7a, por isso somos chamados \u00e0 santidade. Deus \u00e9 amor e quanto mais vivermos no amor, mais seremos [&hellip;]","og_url":"https:\/\/www.oarcanjo.net\/site\/todos-os-santos\/","og_site_name":"O Arcanjo no ar","article_publisher":"https:\/\/www.facebook.com\/OArcanjoNoAr\/","article_published_time":"2008-11-01T13:10:44+00:00","article_modified_time":"2008-11-02T16:28:08+00:00","og_image":[{"width":300,"height":300,"url":"https:\/\/www.oarcanjo.net\/site\/wp-content\/uploads\/logo-o-arcanjo-no-ar-facebook.png","type":"image\/png"}],"author":"julio","twitter_card":"summary_large_image","twitter_misc":{"Escrito por":"julio","Est. tempo de leitura":"5 minutos"},"schema":{"@context":"https:\/\/schema.org","@graph":[{"@type":"Article","@id":"https:\/\/www.oarcanjo.net\/site\/todos-os-santos\/#article","isPartOf":{"@id":"https:\/\/www.oarcanjo.net\/site\/todos-os-santos\/"},"author":{"name":"julio","@id":"https:\/\/www.oarcanjo.net\/site\/#\/schema\/person\/d78ea01c648c91e29c364b516767079e"},"headline":"Todos os Santos","datePublished":"2008-11-01T13:10:44+00:00","dateModified":"2008-11-02T16:28:08+00:00","mainEntityOfPage":{"@id":"https:\/\/www.oarcanjo.net\/site\/todos-os-santos\/"},"wordCount":1013,"commentCount":1,"publisher":{"@id":"https:\/\/www.oarcanjo.net\/site\/#organization"},"keywords":["Voz do Arcanjo"],"articleSection":["Blog"],"inLanguage":"pt-BR","potentialAction":[{"@type":"CommentAction","name":"Comment","target":["https:\/\/www.oarcanjo.net\/site\/todos-os-santos\/#respond"]}]},{"@type":"WebPage","@id":"https:\/\/www.oarcanjo.net\/site\/todos-os-santos\/","url":"https:\/\/www.oarcanjo.net\/site\/todos-os-santos\/","name":"Todos os Santos - O Arcanjo no ar","isPartOf":{"@id":"https:\/\/www.oarcanjo.net\/site\/#website"},"datePublished":"2008-11-01T13:10:44+00:00","dateModified":"2008-11-02T16:28:08+00:00","breadcrumb":{"@id":"https:\/\/www.oarcanjo.net\/site\/todos-os-santos\/#breadcrumb"},"inLanguage":"pt-BR","potentialAction":[{"@type":"ReadAction","target":["https:\/\/www.oarcanjo.net\/site\/todos-os-santos\/"]}]},{"@type":"BreadcrumbList","@id":"https:\/\/www.oarcanjo.net\/site\/todos-os-santos\/#breadcrumb","itemListElement":[{"@type":"ListItem","position":1,"name":"In\u00edcio","item":"https:\/\/www.oarcanjo.net\/site\/"},{"@type":"ListItem","position":2,"name":"Todos os Santos"}]},{"@type":"WebSite","@id":"https:\/\/www.oarcanjo.net\/site\/#website","url":"https:\/\/www.oarcanjo.net\/site\/","name":"O Arcanjo no ar","description":"Site da Par\u00f3quia S\u00e3o Miguel Arcanjo (Arquidiocese de SP)","publisher":{"@id":"https:\/\/www.oarcanjo.net\/site\/#organization"},"potentialAction":[{"@type":"SearchAction","target":{"@type":"EntryPoint","urlTemplate":"https:\/\/www.oarcanjo.net\/site\/?s={search_term_string}"},"query-input":{"@type":"PropertyValueSpecification","valueRequired":true,"valueName":"search_term_string"}}],"inLanguage":"pt-BR"},{"@type":"Organization","@id":"https:\/\/www.oarcanjo.net\/site\/#organization","name":"Par\u00f3quia S\u00e3o Miguel Arcanjo","url":"https:\/\/www.oarcanjo.net\/site\/","logo":{"@type":"ImageObject","inLanguage":"pt-BR","@id":"https:\/\/www.oarcanjo.net\/site\/#\/schema\/logo\/image\/","url":"https:\/\/www.oarcanjo.net\/site\/wp-content\/uploads\/LogoOArcanjo.png","contentUrl":"https:\/\/www.oarcanjo.net\/site\/wp-content\/uploads\/LogoOArcanjo.png","width":319,"height":99,"caption":"Par\u00f3quia S\u00e3o Miguel Arcanjo"},"image":{"@id":"https:\/\/www.oarcanjo.net\/site\/#\/schema\/logo\/image\/"},"sameAs":["https:\/\/www.facebook.com\/OArcanjoNoAr\/"]},{"@type":"Person","@id":"https:\/\/www.oarcanjo.net\/site\/#\/schema\/person\/d78ea01c648c91e29c364b516767079e","name":"julio","sameAs":["http:\/\/www.oarcanjo.net"]}]}},"publishpress_future_action":{"enabled":false,"date":"2026-05-08 02:21:47","action":"category","newStatus":"draft","terms":[],"taxonomy":"category"},"publishpress_future_workflow_manual_trigger":{"enabledWorkflows":[]},"_links":{"self":[{"href":"https:\/\/www.oarcanjo.net\/site\/wp-json\/wp\/v2\/posts\/488"}],"collection":[{"href":"https:\/\/www.oarcanjo.net\/site\/wp-json\/wp\/v2\/posts"}],"about":[{"href":"https:\/\/www.oarcanjo.net\/site\/wp-json\/wp\/v2\/types\/post"}],"author":[{"embeddable":true,"href":"https:\/\/www.oarcanjo.net\/site\/wp-json\/wp\/v2\/users\/4"}],"replies":[{"embeddable":true,"href":"https:\/\/www.oarcanjo.net\/site\/wp-json\/wp\/v2\/comments?post=488"}],"version-history":[{"count":0,"href":"https:\/\/www.oarcanjo.net\/site\/wp-json\/wp\/v2\/posts\/488\/revisions"}],"wp:attachment":[{"href":"https:\/\/www.oarcanjo.net\/site\/wp-json\/wp\/v2\/media?parent=488"}],"wp:term":[{"taxonomy":"category","embeddable":true,"href":"https:\/\/www.oarcanjo.net\/site\/wp-json\/wp\/v2\/categories?post=488"},{"taxonomy":"post_tag","embeddable":true,"href":"https:\/\/www.oarcanjo.net\/site\/wp-json\/wp\/v2\/tags?post=488"}],"curies":[{"name":"wp","href":"https:\/\/api.w.org\/{rel}","templated":true}]}}