
{"id":4884,"date":"2009-08-26T13:30:52","date_gmt":"2009-08-26T16:30:52","guid":{"rendered":"http:\/\/www.oarcanjo.net\/site\/?p=4884"},"modified":"2009-09-03T10:58:09","modified_gmt":"2009-09-03T13:58:09","slug":"d-helder-d-luciano","status":"publish","type":"post","link":"https:\/\/www.oarcanjo.net\/site\/d-helder-d-luciano\/","title":{"rendered":"D. Helder, D. Luciano"},"content":{"rendered":"<p>Neste 27 de agosto fazemos mem\u00f3ria dos 10 anos do falecimento de D. Helder Camara e 3 anos do falecimento de D. Luciano Mendes de Almeida.<\/p>\n<p>Dois arcebispos eminentes, dois crist\u00e3os convictos, dois seres humanos que dignificam a humanidade pela grandeza e humildade no servi\u00e7o aos pobres e pequenos. Bispos dos esquecidos, viveram pobres a servi\u00e7o dos pobres!<\/p>\n<p>Quem conviveu com eles teve o privil\u00e9gio de conhecer a beleza do Amor e da miseric\u00f3rdia de DEUS.<\/p>\n<div id=\"attachment_4891\" style=\"width: 360px\" class=\"wp-caption alignnone\"><img loading=\"lazy\" decoding=\"async\" aria-describedby=\"caption-attachment-4891\" class=\"size-full wp-image-4891\" title=\"D. Luciano Mendes de Almeida\" src=\"http:\/\/www.oarcanjo.net\/site\/wp-content\/uploads\/DLuciano-02-b1.JPG\" alt=\"D. Luciano Mendes de Almeida\" width=\"350\" height=\"311\" \/><p id=\"caption-attachment-4891\" class=\"wp-caption-text\">D. Luciano Mendes de Almeida<\/p><\/div>\n<div id=\"attachment_4892\" style=\"width: 360px\" class=\"wp-caption alignnone\"><img loading=\"lazy\" decoding=\"async\" aria-describedby=\"caption-attachment-4892\" class=\"size-full wp-image-4892\" title=\"D. Helder Camara\" src=\"http:\/\/www.oarcanjo.net\/site\/wp-content\/uploads\/DHelder-02-b.JPG\" alt=\"D. Helder Camara\" width=\"350\" height=\"239\" srcset=\"https:\/\/www.oarcanjo.net\/site\/wp-content\/uploads\/DHelder-02-b.JPG 350w, https:\/\/www.oarcanjo.net\/site\/wp-content\/uploads\/DHelder-02-b-300x204.jpg 300w\" sizes=\"(max-width: 350px) 100vw, 350px\" \/><p id=\"caption-attachment-4892\" class=\"wp-caption-text\">D. Helder Camara<\/p><\/div>\n<p>Celebrar a mem\u00f3ria de t\u00e3o grandes seres humanos, ornados pela simplicidade, profecia e verdade \u00e9 comprometer-se no discipulado mission\u00e1rio do Senhor JESUS.<\/p>\n<p>Saudades \u00e9 o que sentimos, que falta nos fazem, como \u00e9 bom recordar de suas vidas e pricipalmente ter presente a for\u00e7a prof\u00e9tica de suas palavras, com for\u00e7a e ternura de quem confia e nunca perde a esperan\u00e7a.<\/p>\n<p>Sem d\u00favida os dois eminentes arcebispos, amigos e irm\u00e3os dos fracos e exclu\u00eddos santificaram-se na alegria e na dor de servirem sem limites.<\/p>\n<p>D. Helder, D. Luciano, orem por n\u00f3s, nos ajudem a sermos sempre fi\u00e9is ao SENHOR JESUS!<\/p>\n<hr \/>\n<p>A Regi\u00e3o Bel\u00e9m celebrou missa em mem\u00f3ria de D. Luciano na quinta-feira, 27 de agosto, na igreja Cristo Rei, no Tatuap\u00e9. A cerim\u00f4nia foi presidida pelo bispo regional D. Pedro Luiz Stringhini. Veja a homilia:<\/p>\n<p><video style=\"width: 100%; height: auto; aspect-ratio: 480\/334; border: none; overflow: hidden;\" controls>\n                <source src=\"mms:\/\/mms.bizmedia.com.br\/bizmedia\/HomiliaDPedro20090827-final.wmv\" type=\"video\/x-ms-wmv\">\n                <source src=\"mms:\/\/mms.bizmedia.com.br\/bizmedia\/HomiliaDPedro20090827-final.wmv\" type=\"video\/wmv\">\n                Your browser does not support the video tag.\n            <\/video><\/p>\n<div id=\"themify_builder_content-4884\" data-postid=\"4884\" class=\"themify_builder_content themify_builder_content-4884 themify_builder themify_builder_front\">\n\t<\/div>\n<!-- \/themify_builder_content -->","protected":false},"excerpt":{"rendered":"<p>Neste 27 de agosto fazemos mem\u00f3ria dos 10 anos do falecimento de D. Helder Camara e 3 anos do falecimento de D. Luciano Mendes de Almeida. Dois arcebispos eminentes, dois crist\u00e3os convictos, dois seres humanos que dignificam a humanidade pela grandeza e humildade no servi\u00e7o aos pobres e pequenos. Bispos dos esquecidos, viveram pobres a [&hellip;]<\/p>\n","protected":false},"author":4,"featured_media":0,"comment_status":"open","ping_status":"open","sticky":false,"template":"","format":"standard","meta":{"ngg_post_thumbnail":0,"footnotes":""},"categories":[4,192,1027,475,280],"tags":[356,915],"yoast_head":"<!-- This site is optimized with the Yoast SEO plugin v23.5 - https:\/\/yoast.com\/wordpress\/plugins\/seo\/ -->\n<title>D. Helder, D. Luciano - O Arcanjo no ar<\/title>\n<meta name=\"robots\" content=\"index, follow, max-snippet:-1, max-image-preview:large, max-video-preview:-1\" \/>\n<link rel=\"canonical\" href=\"https:\/\/www.oarcanjo.net\/site\/d-helder-d-luciano\/\" \/>\n<meta property=\"og:locale\" content=\"pt_BR\" \/>\n<meta property=\"og:type\" content=\"article\" \/>\n<meta property=\"og:title\" content=\"D. Helder, D. Luciano - O Arcanjo no ar\" \/>\n<meta property=\"og:description\" content=\"Neste 27 de agosto fazemos mem\u00f3ria dos 10 anos do falecimento de D. Helder Camara e 3 anos do falecimento de D. Luciano Mendes de Almeida. Dois arcebispos eminentes, dois crist\u00e3os convictos, dois seres humanos que dignificam a humanidade pela grandeza e humildade no servi\u00e7o aos pobres e pequenos. Bispos dos esquecidos, viveram pobres a [&hellip;]\" \/>\n<meta property=\"og:url\" content=\"https:\/\/www.oarcanjo.net\/site\/d-helder-d-luciano\/\" \/>\n<meta property=\"og:site_name\" content=\"O Arcanjo no ar\" \/>\n<meta property=\"article:publisher\" content=\"https:\/\/www.facebook.com\/OArcanjoNoAr\/\" \/>\n<meta property=\"article:published_time\" content=\"2009-08-26T16:30:52+00:00\" \/>\n<meta property=\"article:modified_time\" content=\"2009-09-03T13:58:09+00:00\" \/>\n<meta property=\"og:image\" content=\"http:\/\/www.oarcanjo.net\/site\/wp-content\/uploads\/DLuciano-02-b1.JPG\" \/>\n<meta name=\"author\" content=\"julio\" \/>\n<meta name=\"twitter:card\" content=\"summary_large_image\" \/>\n<meta name=\"twitter:label1\" content=\"Escrito por\" \/>\n\t<meta name=\"twitter:data1\" content=\"julio\" \/>\n\t<meta name=\"twitter:label2\" content=\"Est. tempo de leitura\" \/>\n\t<meta name=\"twitter:data2\" content=\"1 minuto\" \/>\n<script type=\"application\/ld+json\" class=\"yoast-schema-graph\">{\"@context\":\"https:\/\/schema.org\",\"@graph\":[{\"@type\":\"Article\",\"@id\":\"https:\/\/www.oarcanjo.net\/site\/d-helder-d-luciano\/#article\",\"isPartOf\":{\"@id\":\"https:\/\/www.oarcanjo.net\/site\/d-helder-d-luciano\/\"},\"author\":{\"name\":\"julio\",\"@id\":\"https:\/\/www.oarcanjo.net\/site\/#\/schema\/person\/d78ea01c648c91e29c364b516767079e\"},\"headline\":\"D. Helder, D. Luciano\",\"datePublished\":\"2009-08-26T16:30:52+00:00\",\"dateModified\":\"2009-09-03T13:58:09+00:00\",\"mainEntityOfPage\":{\"@id\":\"https:\/\/www.oarcanjo.net\/site\/d-helder-d-luciano\/\"},\"wordCount\":264,\"commentCount\":1,\"publisher\":{\"@id\":\"https:\/\/www.oarcanjo.net\/site\/#organization\"},\"image\":{\"@id\":\"https:\/\/www.oarcanjo.net\/site\/d-helder-d-luciano\/#primaryimage\"},\"thumbnailUrl\":\"http:\/\/www.oarcanjo.net\/site\/wp-content\/uploads\/DLuciano-02-b1.JPG\",\"keywords\":[\"D. Helder Camara\",\"D. Luciano Mendes de Almeida\"],\"articleSection\":[\"Blog\",\"D. Helder C\u00e2mara\",\"D. Luciano Mendes de Almeida\",\"Homilias\",\"V\u00eddeos\"],\"inLanguage\":\"pt-BR\",\"potentialAction\":[{\"@type\":\"CommentAction\",\"name\":\"Comment\",\"target\":[\"https:\/\/www.oarcanjo.net\/site\/d-helder-d-luciano\/#respond\"]}]},{\"@type\":\"WebPage\",\"@id\":\"https:\/\/www.oarcanjo.net\/site\/d-helder-d-luciano\/\",\"url\":\"https:\/\/www.oarcanjo.net\/site\/d-helder-d-luciano\/\",\"name\":\"D. Helder, D. Luciano - O Arcanjo no ar\",\"isPartOf\":{\"@id\":\"https:\/\/www.oarcanjo.net\/site\/#website\"},\"primaryImageOfPage\":{\"@id\":\"https:\/\/www.oarcanjo.net\/site\/d-helder-d-luciano\/#primaryimage\"},\"image\":{\"@id\":\"https:\/\/www.oarcanjo.net\/site\/d-helder-d-luciano\/#primaryimage\"},\"thumbnailUrl\":\"http:\/\/www.oarcanjo.net\/site\/wp-content\/uploads\/DLuciano-02-b1.JPG\",\"datePublished\":\"2009-08-26T16:30:52+00:00\",\"dateModified\":\"2009-09-03T13:58:09+00:00\",\"breadcrumb\":{\"@id\":\"https:\/\/www.oarcanjo.net\/site\/d-helder-d-luciano\/#breadcrumb\"},\"inLanguage\":\"pt-BR\",\"potentialAction\":[{\"@type\":\"ReadAction\",\"target\":[\"https:\/\/www.oarcanjo.net\/site\/d-helder-d-luciano\/\"]}]},{\"@type\":\"ImageObject\",\"inLanguage\":\"pt-BR\",\"@id\":\"https:\/\/www.oarcanjo.net\/site\/d-helder-d-luciano\/#primaryimage\",\"url\":\"https:\/\/www.oarcanjo.net\/site\/wp-content\/uploads\/DLuciano-02-b.JPG\",\"contentUrl\":\"https:\/\/www.oarcanjo.net\/site\/wp-content\/uploads\/DLuciano-02-b.JPG\",\"width\":\"350\",\"height\":\"348\",\"caption\":\"D. Luciano Mendes de Almeida\"},{\"@type\":\"BreadcrumbList\",\"@id\":\"https:\/\/www.oarcanjo.net\/site\/d-helder-d-luciano\/#breadcrumb\",\"itemListElement\":[{\"@type\":\"ListItem\",\"position\":1,\"name\":\"In\u00edcio\",\"item\":\"https:\/\/www.oarcanjo.net\/site\/\"},{\"@type\":\"ListItem\",\"position\":2,\"name\":\"D. Helder, D. Luciano\"}]},{\"@type\":\"WebSite\",\"@id\":\"https:\/\/www.oarcanjo.net\/site\/#website\",\"url\":\"https:\/\/www.oarcanjo.net\/site\/\",\"name\":\"O Arcanjo no ar\",\"description\":\"Site da Par\u00f3quia S\u00e3o Miguel Arcanjo (Arquidiocese de SP)\",\"publisher\":{\"@id\":\"https:\/\/www.oarcanjo.net\/site\/#organization\"},\"potentialAction\":[{\"@type\":\"SearchAction\",\"target\":{\"@type\":\"EntryPoint\",\"urlTemplate\":\"https:\/\/www.oarcanjo.net\/site\/?s={search_term_string}\"},\"query-input\":{\"@type\":\"PropertyValueSpecification\",\"valueRequired\":true,\"valueName\":\"search_term_string\"}}],\"inLanguage\":\"pt-BR\"},{\"@type\":\"Organization\",\"@id\":\"https:\/\/www.oarcanjo.net\/site\/#organization\",\"name\":\"Par\u00f3quia S\u00e3o Miguel Arcanjo\",\"url\":\"https:\/\/www.oarcanjo.net\/site\/\",\"logo\":{\"@type\":\"ImageObject\",\"inLanguage\":\"pt-BR\",\"@id\":\"https:\/\/www.oarcanjo.net\/site\/#\/schema\/logo\/image\/\",\"url\":\"https:\/\/www.oarcanjo.net\/site\/wp-content\/uploads\/LogoOArcanjo.png\",\"contentUrl\":\"https:\/\/www.oarcanjo.net\/site\/wp-content\/uploads\/LogoOArcanjo.png\",\"width\":319,\"height\":99,\"caption\":\"Par\u00f3quia S\u00e3o Miguel Arcanjo\"},\"image\":{\"@id\":\"https:\/\/www.oarcanjo.net\/site\/#\/schema\/logo\/image\/\"},\"sameAs\":[\"https:\/\/www.facebook.com\/OArcanjoNoAr\/\"]},{\"@type\":\"Person\",\"@id\":\"https:\/\/www.oarcanjo.net\/site\/#\/schema\/person\/d78ea01c648c91e29c364b516767079e\",\"name\":\"julio\",\"sameAs\":[\"http:\/\/www.oarcanjo.net\"]}]}<\/script>\n<!-- \/ Yoast SEO plugin. -->","yoast_head_json":{"title":"D. Helder, D. Luciano - O Arcanjo no ar","robots":{"index":"index","follow":"follow","max-snippet":"max-snippet:-1","max-image-preview":"max-image-preview:large","max-video-preview":"max-video-preview:-1"},"canonical":"https:\/\/www.oarcanjo.net\/site\/d-helder-d-luciano\/","og_locale":"pt_BR","og_type":"article","og_title":"D. Helder, D. Luciano - O Arcanjo no ar","og_description":"Neste 27 de agosto fazemos mem\u00f3ria dos 10 anos do falecimento de D. Helder Camara e 3 anos do falecimento de D. Luciano Mendes de Almeida. Dois arcebispos eminentes, dois crist\u00e3os convictos, dois seres humanos que dignificam a humanidade pela grandeza e humildade no servi\u00e7o aos pobres e pequenos. Bispos dos esquecidos, viveram pobres a [&hellip;]","og_url":"https:\/\/www.oarcanjo.net\/site\/d-helder-d-luciano\/","og_site_name":"O Arcanjo no ar","article_publisher":"https:\/\/www.facebook.com\/OArcanjoNoAr\/","article_published_time":"2009-08-26T16:30:52+00:00","article_modified_time":"2009-09-03T13:58:09+00:00","og_image":[{"url":"http:\/\/www.oarcanjo.net\/site\/wp-content\/uploads\/DLuciano-02-b1.JPG"}],"author":"julio","twitter_card":"summary_large_image","twitter_misc":{"Escrito por":"julio","Est. tempo de leitura":"1 minuto"},"schema":{"@context":"https:\/\/schema.org","@graph":[{"@type":"Article","@id":"https:\/\/www.oarcanjo.net\/site\/d-helder-d-luciano\/#article","isPartOf":{"@id":"https:\/\/www.oarcanjo.net\/site\/d-helder-d-luciano\/"},"author":{"name":"julio","@id":"https:\/\/www.oarcanjo.net\/site\/#\/schema\/person\/d78ea01c648c91e29c364b516767079e"},"headline":"D. Helder, D. Luciano","datePublished":"2009-08-26T16:30:52+00:00","dateModified":"2009-09-03T13:58:09+00:00","mainEntityOfPage":{"@id":"https:\/\/www.oarcanjo.net\/site\/d-helder-d-luciano\/"},"wordCount":264,"commentCount":1,"publisher":{"@id":"https:\/\/www.oarcanjo.net\/site\/#organization"},"image":{"@id":"https:\/\/www.oarcanjo.net\/site\/d-helder-d-luciano\/#primaryimage"},"thumbnailUrl":"http:\/\/www.oarcanjo.net\/site\/wp-content\/uploads\/DLuciano-02-b1.JPG","keywords":["D. Helder Camara","D. Luciano Mendes de Almeida"],"articleSection":["Blog","D. Helder C\u00e2mara","D. Luciano Mendes de Almeida","Homilias","V\u00eddeos"],"inLanguage":"pt-BR","potentialAction":[{"@type":"CommentAction","name":"Comment","target":["https:\/\/www.oarcanjo.net\/site\/d-helder-d-luciano\/#respond"]}]},{"@type":"WebPage","@id":"https:\/\/www.oarcanjo.net\/site\/d-helder-d-luciano\/","url":"https:\/\/www.oarcanjo.net\/site\/d-helder-d-luciano\/","name":"D. Helder, D. Luciano - O Arcanjo no ar","isPartOf":{"@id":"https:\/\/www.oarcanjo.net\/site\/#website"},"primaryImageOfPage":{"@id":"https:\/\/www.oarcanjo.net\/site\/d-helder-d-luciano\/#primaryimage"},"image":{"@id":"https:\/\/www.oarcanjo.net\/site\/d-helder-d-luciano\/#primaryimage"},"thumbnailUrl":"http:\/\/www.oarcanjo.net\/site\/wp-content\/uploads\/DLuciano-02-b1.JPG","datePublished":"2009-08-26T16:30:52+00:00","dateModified":"2009-09-03T13:58:09+00:00","breadcrumb":{"@id":"https:\/\/www.oarcanjo.net\/site\/d-helder-d-luciano\/#breadcrumb"},"inLanguage":"pt-BR","potentialAction":[{"@type":"ReadAction","target":["https:\/\/www.oarcanjo.net\/site\/d-helder-d-luciano\/"]}]},{"@type":"ImageObject","inLanguage":"pt-BR","@id":"https:\/\/www.oarcanjo.net\/site\/d-helder-d-luciano\/#primaryimage","url":"https:\/\/www.oarcanjo.net\/site\/wp-content\/uploads\/DLuciano-02-b.JPG","contentUrl":"https:\/\/www.oarcanjo.net\/site\/wp-content\/uploads\/DLuciano-02-b.JPG","width":"350","height":"348","caption":"D. Luciano Mendes de Almeida"},{"@type":"BreadcrumbList","@id":"https:\/\/www.oarcanjo.net\/site\/d-helder-d-luciano\/#breadcrumb","itemListElement":[{"@type":"ListItem","position":1,"name":"In\u00edcio","item":"https:\/\/www.oarcanjo.net\/site\/"},{"@type":"ListItem","position":2,"name":"D. Helder, D. Luciano"}]},{"@type":"WebSite","@id":"https:\/\/www.oarcanjo.net\/site\/#website","url":"https:\/\/www.oarcanjo.net\/site\/","name":"O Arcanjo no ar","description":"Site da Par\u00f3quia S\u00e3o Miguel Arcanjo (Arquidiocese de SP)","publisher":{"@id":"https:\/\/www.oarcanjo.net\/site\/#organization"},"potentialAction":[{"@type":"SearchAction","target":{"@type":"EntryPoint","urlTemplate":"https:\/\/www.oarcanjo.net\/site\/?s={search_term_string}"},"query-input":{"@type":"PropertyValueSpecification","valueRequired":true,"valueName":"search_term_string"}}],"inLanguage":"pt-BR"},{"@type":"Organization","@id":"https:\/\/www.oarcanjo.net\/site\/#organization","name":"Par\u00f3quia S\u00e3o Miguel Arcanjo","url":"https:\/\/www.oarcanjo.net\/site\/","logo":{"@type":"ImageObject","inLanguage":"pt-BR","@id":"https:\/\/www.oarcanjo.net\/site\/#\/schema\/logo\/image\/","url":"https:\/\/www.oarcanjo.net\/site\/wp-content\/uploads\/LogoOArcanjo.png","contentUrl":"https:\/\/www.oarcanjo.net\/site\/wp-content\/uploads\/LogoOArcanjo.png","width":319,"height":99,"caption":"Par\u00f3quia S\u00e3o Miguel Arcanjo"},"image":{"@id":"https:\/\/www.oarcanjo.net\/site\/#\/schema\/logo\/image\/"},"sameAs":["https:\/\/www.facebook.com\/OArcanjoNoAr\/"]},{"@type":"Person","@id":"https:\/\/www.oarcanjo.net\/site\/#\/schema\/person\/d78ea01c648c91e29c364b516767079e","name":"julio","sameAs":["http:\/\/www.oarcanjo.net"]}]}},"publishpress_future_action":{"enabled":false,"date":"2026-05-09 00:11:30","action":"category","newStatus":"draft","terms":[],"taxonomy":"category"},"publishpress_future_workflow_manual_trigger":{"enabledWorkflows":[]},"_links":{"self":[{"href":"https:\/\/www.oarcanjo.net\/site\/wp-json\/wp\/v2\/posts\/4884"}],"collection":[{"href":"https:\/\/www.oarcanjo.net\/site\/wp-json\/wp\/v2\/posts"}],"about":[{"href":"https:\/\/www.oarcanjo.net\/site\/wp-json\/wp\/v2\/types\/post"}],"author":[{"embeddable":true,"href":"https:\/\/www.oarcanjo.net\/site\/wp-json\/wp\/v2\/users\/4"}],"replies":[{"embeddable":true,"href":"https:\/\/www.oarcanjo.net\/site\/wp-json\/wp\/v2\/comments?post=4884"}],"version-history":[{"count":0,"href":"https:\/\/www.oarcanjo.net\/site\/wp-json\/wp\/v2\/posts\/4884\/revisions"}],"wp:attachment":[{"href":"https:\/\/www.oarcanjo.net\/site\/wp-json\/wp\/v2\/media?parent=4884"}],"wp:term":[{"taxonomy":"category","embeddable":true,"href":"https:\/\/www.oarcanjo.net\/site\/wp-json\/wp\/v2\/categories?post=4884"},{"taxonomy":"post_tag","embeddable":true,"href":"https:\/\/www.oarcanjo.net\/site\/wp-json\/wp\/v2\/tags?post=4884"}],"curies":[{"name":"wp","href":"https:\/\/api.w.org\/{rel}","templated":true}]}}