
{"id":48899,"date":"2014-10-09T21:27:26","date_gmt":"2014-10-10T00:27:26","guid":{"rendered":"http:\/\/www.oarcanjo.net\/site\/?p=48899"},"modified":"2014-10-10T10:51:04","modified_gmt":"2014-10-10T13:51:04","slug":"roteiro-didatico-sobre-a-exortacao-apostolica-a-alegria-do-evangelho","status":"publish","type":"post","link":"https:\/\/www.oarcanjo.net\/site\/roteiro-didatico-sobre-a-exortacao-apostolica-a-alegria-do-evangelho\/","title":{"rendered":"Roteiro did\u00e1tico sobre a exorta\u00e7\u00e3o apost\u00f3lica &#8220;A Alegria do Evangelho&#8221;"},"content":{"rendered":"<p>Na exorta\u00e7\u00e3o apost\u00f3lica &#8220;A Alegria do Evangelho&#8221;, o Papa Francisco defende uma Igreja &#8220;em sa\u00edda&#8221;. Acompanhe o roteiro sobre o documento produzido pelo professor Afonso Murad:<\/p>\n<p><strong>Parte 1<\/strong><\/p>\n<p><iframe loading=\"lazy\" style=\"border: 1px solid #CCC; border-width: 1px; margin-bottom: 5px; max-width: 100%;\" src=\"\/\/www.slideshare.net\/slideshow\/embed_code\/38063559?rel=0\" width=\"512\" height=\"421\" frameborder=\"0\" marginwidth=\"0\" marginheight=\"0\" scrolling=\"no\" allowfullscreen=\"allowfullscreen\"><\/iframe><\/p>\n<p><strong>Parte 2<\/strong><\/p>\n<p><iframe loading=\"lazy\" style=\"border: 1px solid #CCC; border-width: 1px; margin-bottom: 5px; max-width: 100%;\" src=\"\/\/www.slideshare.net\/slideshow\/embed_code\/38305129?rel=0\" width=\"512\" height=\"421\" frameborder=\"0\" marginwidth=\"0\" marginheight=\"0\" scrolling=\"no\" allowfullscreen=\"allowfullscreen\"><\/iframe><\/p>\n<div id=\"themify_builder_content-48899\" data-postid=\"48899\" class=\"themify_builder_content themify_builder_content-48899 themify_builder themify_builder_front\">\n\t<\/div>\n<!-- \/themify_builder_content -->","protected":false},"excerpt":{"rendered":"<p>Na exorta\u00e7\u00e3o apost\u00f3lica &#8220;A Alegria do Evangelho&#8221;, o Papa Francisco defende uma Igreja &#8220;em sa\u00edda&#8221;. Acompanhe o roteiro sobre o documento produzido pelo professor Afonso Murad: Parte 1 Parte 2<\/p>\n","protected":false},"author":5,"featured_media":52490,"comment_status":"open","ping_status":"open","sticky":false,"template":"","format":"standard","meta":{"ngg_post_thumbnail":0,"footnotes":""},"categories":[3,9],"tags":[2433],"yoast_head":"<!-- This site is optimized with the Yoast SEO plugin v23.5 - https:\/\/yoast.com\/wordpress\/plugins\/seo\/ -->\n<title>Roteiro did\u00e1tico sobre a exorta\u00e7\u00e3o apost\u00f3lica &quot;A Alegria do Evangelho&quot; - O Arcanjo no ar<\/title>\n<meta name=\"robots\" content=\"index, follow, max-snippet:-1, max-image-preview:large, max-video-preview:-1\" \/>\n<link rel=\"canonical\" href=\"https:\/\/www.oarcanjo.net\/site\/roteiro-didatico-sobre-a-exortacao-apostolica-a-alegria-do-evangelho\/\" \/>\n<meta property=\"og:locale\" content=\"pt_BR\" \/>\n<meta property=\"og:type\" content=\"article\" \/>\n<meta property=\"og:title\" content=\"Roteiro did\u00e1tico sobre a exorta\u00e7\u00e3o apost\u00f3lica &quot;A Alegria do Evangelho&quot; - O Arcanjo no ar\" \/>\n<meta property=\"og:description\" content=\"Na exorta\u00e7\u00e3o apost\u00f3lica &#8220;A Alegria do Evangelho&#8221;, o Papa Francisco defende uma Igreja &#8220;em sa\u00edda&#8221;. Acompanhe o roteiro sobre o documento produzido pelo professor Afonso Murad: Parte 1 Parte 2\" \/>\n<meta property=\"og:url\" content=\"https:\/\/www.oarcanjo.net\/site\/roteiro-didatico-sobre-a-exortacao-apostolica-a-alegria-do-evangelho\/\" \/>\n<meta property=\"og:site_name\" content=\"O Arcanjo no ar\" \/>\n<meta property=\"article:publisher\" content=\"https:\/\/www.facebook.com\/OArcanjoNoAr\/\" \/>\n<meta property=\"article:published_time\" content=\"2014-10-10T00:27:26+00:00\" \/>\n<meta property=\"article:modified_time\" content=\"2014-10-10T13:51:04+00:00\" \/>\n<meta property=\"og:image\" content=\"https:\/\/www.oarcanjo.net\/site\/wp-content\/uploads\/banner-papa-francisco-igreja-em-saida-out-2014.jpg\" \/>\n\t<meta property=\"og:image:width\" content=\"700\" \/>\n\t<meta property=\"og:image:height\" content=\"320\" \/>\n\t<meta property=\"og:image:type\" content=\"image\/jpeg\" \/>\n<meta name=\"author\" content=\"editor\" \/>\n<meta name=\"twitter:card\" content=\"summary_large_image\" \/>\n<meta name=\"twitter:label1\" content=\"Escrito por\" \/>\n\t<meta name=\"twitter:data1\" content=\"editor\" \/>\n<script type=\"application\/ld+json\" class=\"yoast-schema-graph\">{\"@context\":\"https:\/\/schema.org\",\"@graph\":[{\"@type\":\"Article\",\"@id\":\"https:\/\/www.oarcanjo.net\/site\/roteiro-didatico-sobre-a-exortacao-apostolica-a-alegria-do-evangelho\/#article\",\"isPartOf\":{\"@id\":\"https:\/\/www.oarcanjo.net\/site\/roteiro-didatico-sobre-a-exortacao-apostolica-a-alegria-do-evangelho\/\"},\"author\":{\"name\":\"editor\",\"@id\":\"https:\/\/www.oarcanjo.net\/site\/#\/schema\/person\/f7024d007863202483a31326673a0838\"},\"headline\":\"Roteiro did\u00e1tico sobre a exorta\u00e7\u00e3o apost\u00f3lica &#8220;A Alegria do Evangelho&#8221;\",\"datePublished\":\"2014-10-10T00:27:26+00:00\",\"dateModified\":\"2014-10-10T13:51:04+00:00\",\"mainEntityOfPage\":{\"@id\":\"https:\/\/www.oarcanjo.net\/site\/roteiro-didatico-sobre-a-exortacao-apostolica-a-alegria-do-evangelho\/\"},\"wordCount\":44,\"commentCount\":0,\"publisher\":{\"@id\":\"https:\/\/www.oarcanjo.net\/site\/#organization\"},\"image\":{\"@id\":\"https:\/\/www.oarcanjo.net\/site\/roteiro-didatico-sobre-a-exortacao-apostolica-a-alegria-do-evangelho\/#primaryimage\"},\"thumbnailUrl\":\"https:\/\/www.oarcanjo.net\/site\/wp-content\/uploads\/banner-papa-francisco-igreja-em-saida-out-2014.jpg\",\"keywords\":[\"Papa Francisco\"],\"articleSection\":[\"Destaques\",\"Reflex\u00f5es\"],\"inLanguage\":\"pt-BR\",\"potentialAction\":[{\"@type\":\"CommentAction\",\"name\":\"Comment\",\"target\":[\"https:\/\/www.oarcanjo.net\/site\/roteiro-didatico-sobre-a-exortacao-apostolica-a-alegria-do-evangelho\/#respond\"]}]},{\"@type\":\"WebPage\",\"@id\":\"https:\/\/www.oarcanjo.net\/site\/roteiro-didatico-sobre-a-exortacao-apostolica-a-alegria-do-evangelho\/\",\"url\":\"https:\/\/www.oarcanjo.net\/site\/roteiro-didatico-sobre-a-exortacao-apostolica-a-alegria-do-evangelho\/\",\"name\":\"Roteiro did\u00e1tico sobre a exorta\u00e7\u00e3o apost\u00f3lica \\\"A Alegria do Evangelho\\\" - O Arcanjo no ar\",\"isPartOf\":{\"@id\":\"https:\/\/www.oarcanjo.net\/site\/#website\"},\"primaryImageOfPage\":{\"@id\":\"https:\/\/www.oarcanjo.net\/site\/roteiro-didatico-sobre-a-exortacao-apostolica-a-alegria-do-evangelho\/#primaryimage\"},\"image\":{\"@id\":\"https:\/\/www.oarcanjo.net\/site\/roteiro-didatico-sobre-a-exortacao-apostolica-a-alegria-do-evangelho\/#primaryimage\"},\"thumbnailUrl\":\"https:\/\/www.oarcanjo.net\/site\/wp-content\/uploads\/banner-papa-francisco-igreja-em-saida-out-2014.jpg\",\"datePublished\":\"2014-10-10T00:27:26+00:00\",\"dateModified\":\"2014-10-10T13:51:04+00:00\",\"breadcrumb\":{\"@id\":\"https:\/\/www.oarcanjo.net\/site\/roteiro-didatico-sobre-a-exortacao-apostolica-a-alegria-do-evangelho\/#breadcrumb\"},\"inLanguage\":\"pt-BR\",\"potentialAction\":[{\"@type\":\"ReadAction\",\"target\":[\"https:\/\/www.oarcanjo.net\/site\/roteiro-didatico-sobre-a-exortacao-apostolica-a-alegria-do-evangelho\/\"]}]},{\"@type\":\"ImageObject\",\"inLanguage\":\"pt-BR\",\"@id\":\"https:\/\/www.oarcanjo.net\/site\/roteiro-didatico-sobre-a-exortacao-apostolica-a-alegria-do-evangelho\/#primaryimage\",\"url\":\"https:\/\/www.oarcanjo.net\/site\/wp-content\/uploads\/banner-papa-francisco-igreja-em-saida-out-2014.jpg\",\"contentUrl\":\"https:\/\/www.oarcanjo.net\/site\/wp-content\/uploads\/banner-papa-francisco-igreja-em-saida-out-2014.jpg\",\"width\":700,\"height\":320},{\"@type\":\"BreadcrumbList\",\"@id\":\"https:\/\/www.oarcanjo.net\/site\/roteiro-didatico-sobre-a-exortacao-apostolica-a-alegria-do-evangelho\/#breadcrumb\",\"itemListElement\":[{\"@type\":\"ListItem\",\"position\":1,\"name\":\"In\u00edcio\",\"item\":\"https:\/\/www.oarcanjo.net\/site\/\"},{\"@type\":\"ListItem\",\"position\":2,\"name\":\"Roteiro did\u00e1tico sobre a exorta\u00e7\u00e3o apost\u00f3lica &#8220;A Alegria do Evangelho&#8221;\"}]},{\"@type\":\"WebSite\",\"@id\":\"https:\/\/www.oarcanjo.net\/site\/#website\",\"url\":\"https:\/\/www.oarcanjo.net\/site\/\",\"name\":\"O Arcanjo no ar\",\"description\":\"Site da Par\u00f3quia S\u00e3o Miguel Arcanjo (Arquidiocese de SP)\",\"publisher\":{\"@id\":\"https:\/\/www.oarcanjo.net\/site\/#organization\"},\"potentialAction\":[{\"@type\":\"SearchAction\",\"target\":{\"@type\":\"EntryPoint\",\"urlTemplate\":\"https:\/\/www.oarcanjo.net\/site\/?s={search_term_string}\"},\"query-input\":{\"@type\":\"PropertyValueSpecification\",\"valueRequired\":true,\"valueName\":\"search_term_string\"}}],\"inLanguage\":\"pt-BR\"},{\"@type\":\"Organization\",\"@id\":\"https:\/\/www.oarcanjo.net\/site\/#organization\",\"name\":\"Par\u00f3quia S\u00e3o Miguel Arcanjo\",\"url\":\"https:\/\/www.oarcanjo.net\/site\/\",\"logo\":{\"@type\":\"ImageObject\",\"inLanguage\":\"pt-BR\",\"@id\":\"https:\/\/www.oarcanjo.net\/site\/#\/schema\/logo\/image\/\",\"url\":\"https:\/\/www.oarcanjo.net\/site\/wp-content\/uploads\/LogoOArcanjo.png\",\"contentUrl\":\"https:\/\/www.oarcanjo.net\/site\/wp-content\/uploads\/LogoOArcanjo.png\",\"width\":319,\"height\":99,\"caption\":\"Par\u00f3quia S\u00e3o Miguel Arcanjo\"},\"image\":{\"@id\":\"https:\/\/www.oarcanjo.net\/site\/#\/schema\/logo\/image\/\"},\"sameAs\":[\"https:\/\/www.facebook.com\/OArcanjoNoAr\/\"]},{\"@type\":\"Person\",\"@id\":\"https:\/\/www.oarcanjo.net\/site\/#\/schema\/person\/f7024d007863202483a31326673a0838\",\"name\":\"editor\",\"sameAs\":[\"http:\/\/www.oarcanjo.net\"]}]}<\/script>\n<!-- \/ Yoast SEO plugin. -->","yoast_head_json":{"title":"Roteiro did\u00e1tico sobre a exorta\u00e7\u00e3o apost\u00f3lica \"A Alegria do Evangelho\" - O Arcanjo no ar","robots":{"index":"index","follow":"follow","max-snippet":"max-snippet:-1","max-image-preview":"max-image-preview:large","max-video-preview":"max-video-preview:-1"},"canonical":"https:\/\/www.oarcanjo.net\/site\/roteiro-didatico-sobre-a-exortacao-apostolica-a-alegria-do-evangelho\/","og_locale":"pt_BR","og_type":"article","og_title":"Roteiro did\u00e1tico sobre a exorta\u00e7\u00e3o apost\u00f3lica \"A Alegria do Evangelho\" - O Arcanjo no ar","og_description":"Na exorta\u00e7\u00e3o apost\u00f3lica &#8220;A Alegria do Evangelho&#8221;, o Papa Francisco defende uma Igreja &#8220;em sa\u00edda&#8221;. Acompanhe o roteiro sobre o documento produzido pelo professor Afonso Murad: Parte 1 Parte 2","og_url":"https:\/\/www.oarcanjo.net\/site\/roteiro-didatico-sobre-a-exortacao-apostolica-a-alegria-do-evangelho\/","og_site_name":"O Arcanjo no ar","article_publisher":"https:\/\/www.facebook.com\/OArcanjoNoAr\/","article_published_time":"2014-10-10T00:27:26+00:00","article_modified_time":"2014-10-10T13:51:04+00:00","og_image":[{"width":700,"height":320,"url":"https:\/\/www.oarcanjo.net\/site\/wp-content\/uploads\/banner-papa-francisco-igreja-em-saida-out-2014.jpg","type":"image\/jpeg"}],"author":"editor","twitter_card":"summary_large_image","twitter_misc":{"Escrito por":"editor"},"schema":{"@context":"https:\/\/schema.org","@graph":[{"@type":"Article","@id":"https:\/\/www.oarcanjo.net\/site\/roteiro-didatico-sobre-a-exortacao-apostolica-a-alegria-do-evangelho\/#article","isPartOf":{"@id":"https:\/\/www.oarcanjo.net\/site\/roteiro-didatico-sobre-a-exortacao-apostolica-a-alegria-do-evangelho\/"},"author":{"name":"editor","@id":"https:\/\/www.oarcanjo.net\/site\/#\/schema\/person\/f7024d007863202483a31326673a0838"},"headline":"Roteiro did\u00e1tico sobre a exorta\u00e7\u00e3o apost\u00f3lica &#8220;A Alegria do Evangelho&#8221;","datePublished":"2014-10-10T00:27:26+00:00","dateModified":"2014-10-10T13:51:04+00:00","mainEntityOfPage":{"@id":"https:\/\/www.oarcanjo.net\/site\/roteiro-didatico-sobre-a-exortacao-apostolica-a-alegria-do-evangelho\/"},"wordCount":44,"commentCount":0,"publisher":{"@id":"https:\/\/www.oarcanjo.net\/site\/#organization"},"image":{"@id":"https:\/\/www.oarcanjo.net\/site\/roteiro-didatico-sobre-a-exortacao-apostolica-a-alegria-do-evangelho\/#primaryimage"},"thumbnailUrl":"https:\/\/www.oarcanjo.net\/site\/wp-content\/uploads\/banner-papa-francisco-igreja-em-saida-out-2014.jpg","keywords":["Papa Francisco"],"articleSection":["Destaques","Reflex\u00f5es"],"inLanguage":"pt-BR","potentialAction":[{"@type":"CommentAction","name":"Comment","target":["https:\/\/www.oarcanjo.net\/site\/roteiro-didatico-sobre-a-exortacao-apostolica-a-alegria-do-evangelho\/#respond"]}]},{"@type":"WebPage","@id":"https:\/\/www.oarcanjo.net\/site\/roteiro-didatico-sobre-a-exortacao-apostolica-a-alegria-do-evangelho\/","url":"https:\/\/www.oarcanjo.net\/site\/roteiro-didatico-sobre-a-exortacao-apostolica-a-alegria-do-evangelho\/","name":"Roteiro did\u00e1tico sobre a exorta\u00e7\u00e3o apost\u00f3lica \"A Alegria do Evangelho\" - O Arcanjo no ar","isPartOf":{"@id":"https:\/\/www.oarcanjo.net\/site\/#website"},"primaryImageOfPage":{"@id":"https:\/\/www.oarcanjo.net\/site\/roteiro-didatico-sobre-a-exortacao-apostolica-a-alegria-do-evangelho\/#primaryimage"},"image":{"@id":"https:\/\/www.oarcanjo.net\/site\/roteiro-didatico-sobre-a-exortacao-apostolica-a-alegria-do-evangelho\/#primaryimage"},"thumbnailUrl":"https:\/\/www.oarcanjo.net\/site\/wp-content\/uploads\/banner-papa-francisco-igreja-em-saida-out-2014.jpg","datePublished":"2014-10-10T00:27:26+00:00","dateModified":"2014-10-10T13:51:04+00:00","breadcrumb":{"@id":"https:\/\/www.oarcanjo.net\/site\/roteiro-didatico-sobre-a-exortacao-apostolica-a-alegria-do-evangelho\/#breadcrumb"},"inLanguage":"pt-BR","potentialAction":[{"@type":"ReadAction","target":["https:\/\/www.oarcanjo.net\/site\/roteiro-didatico-sobre-a-exortacao-apostolica-a-alegria-do-evangelho\/"]}]},{"@type":"ImageObject","inLanguage":"pt-BR","@id":"https:\/\/www.oarcanjo.net\/site\/roteiro-didatico-sobre-a-exortacao-apostolica-a-alegria-do-evangelho\/#primaryimage","url":"https:\/\/www.oarcanjo.net\/site\/wp-content\/uploads\/banner-papa-francisco-igreja-em-saida-out-2014.jpg","contentUrl":"https:\/\/www.oarcanjo.net\/site\/wp-content\/uploads\/banner-papa-francisco-igreja-em-saida-out-2014.jpg","width":700,"height":320},{"@type":"BreadcrumbList","@id":"https:\/\/www.oarcanjo.net\/site\/roteiro-didatico-sobre-a-exortacao-apostolica-a-alegria-do-evangelho\/#breadcrumb","itemListElement":[{"@type":"ListItem","position":1,"name":"In\u00edcio","item":"https:\/\/www.oarcanjo.net\/site\/"},{"@type":"ListItem","position":2,"name":"Roteiro did\u00e1tico sobre a exorta\u00e7\u00e3o apost\u00f3lica &#8220;A Alegria do Evangelho&#8221;"}]},{"@type":"WebSite","@id":"https:\/\/www.oarcanjo.net\/site\/#website","url":"https:\/\/www.oarcanjo.net\/site\/","name":"O Arcanjo no ar","description":"Site da Par\u00f3quia S\u00e3o Miguel Arcanjo (Arquidiocese de SP)","publisher":{"@id":"https:\/\/www.oarcanjo.net\/site\/#organization"},"potentialAction":[{"@type":"SearchAction","target":{"@type":"EntryPoint","urlTemplate":"https:\/\/www.oarcanjo.net\/site\/?s={search_term_string}"},"query-input":{"@type":"PropertyValueSpecification","valueRequired":true,"valueName":"search_term_string"}}],"inLanguage":"pt-BR"},{"@type":"Organization","@id":"https:\/\/www.oarcanjo.net\/site\/#organization","name":"Par\u00f3quia S\u00e3o Miguel Arcanjo","url":"https:\/\/www.oarcanjo.net\/site\/","logo":{"@type":"ImageObject","inLanguage":"pt-BR","@id":"https:\/\/www.oarcanjo.net\/site\/#\/schema\/logo\/image\/","url":"https:\/\/www.oarcanjo.net\/site\/wp-content\/uploads\/LogoOArcanjo.png","contentUrl":"https:\/\/www.oarcanjo.net\/site\/wp-content\/uploads\/LogoOArcanjo.png","width":319,"height":99,"caption":"Par\u00f3quia S\u00e3o Miguel Arcanjo"},"image":{"@id":"https:\/\/www.oarcanjo.net\/site\/#\/schema\/logo\/image\/"},"sameAs":["https:\/\/www.facebook.com\/OArcanjoNoAr\/"]},{"@type":"Person","@id":"https:\/\/www.oarcanjo.net\/site\/#\/schema\/person\/f7024d007863202483a31326673a0838","name":"editor","sameAs":["http:\/\/www.oarcanjo.net"]}]}},"publishpress_future_action":{"enabled":false,"date":"2026-05-08 20:15:59","action":"category","newStatus":"draft","terms":[],"taxonomy":"category"},"publishpress_future_workflow_manual_trigger":{"enabledWorkflows":[]},"_links":{"self":[{"href":"https:\/\/www.oarcanjo.net\/site\/wp-json\/wp\/v2\/posts\/48899"}],"collection":[{"href":"https:\/\/www.oarcanjo.net\/site\/wp-json\/wp\/v2\/posts"}],"about":[{"href":"https:\/\/www.oarcanjo.net\/site\/wp-json\/wp\/v2\/types\/post"}],"author":[{"embeddable":true,"href":"https:\/\/www.oarcanjo.net\/site\/wp-json\/wp\/v2\/users\/5"}],"replies":[{"embeddable":true,"href":"https:\/\/www.oarcanjo.net\/site\/wp-json\/wp\/v2\/comments?post=48899"}],"version-history":[{"count":0,"href":"https:\/\/www.oarcanjo.net\/site\/wp-json\/wp\/v2\/posts\/48899\/revisions"}],"wp:featuredmedia":[{"embeddable":true,"href":"https:\/\/www.oarcanjo.net\/site\/wp-json\/wp\/v2\/media\/52490"}],"wp:attachment":[{"href":"https:\/\/www.oarcanjo.net\/site\/wp-json\/wp\/v2\/media?parent=48899"}],"wp:term":[{"taxonomy":"category","embeddable":true,"href":"https:\/\/www.oarcanjo.net\/site\/wp-json\/wp\/v2\/categories?post=48899"},{"taxonomy":"post_tag","embeddable":true,"href":"https:\/\/www.oarcanjo.net\/site\/wp-json\/wp\/v2\/tags?post=48899"}],"curies":[{"name":"wp","href":"https:\/\/api.w.org\/{rel}","templated":true}]}}